{"id":257708,"date":"2026-04-30T14:59:53","date_gmt":"2026-04-30T17:59:53","guid":{"rendered":"https:\/\/www.manaus.am.gov.br\/semcom\/prefeitura-gmm-ocorrencia-centro\/"},"modified":"2026-04-30T15:01:00","modified_gmt":"2026-04-30T18:01:00","slug":"prefeitura-gmm-ocorrencia-centro","status":"publish","type":"post","link":"https:\/\/www.manaus.am.gov.br\/semcom\/prefeitura-gmm-ocorrencia-centro\/","title":{"rendered":"Guarda Municipal atende ocorr\u00eancia com crian\u00e7a perdida e det\u00e9m indiv\u00edduo no centro de Manaus"},"content":{"rendered":"\n<p>A Prefeitura de Manaus, por meio da Secretaria Municipal de Seguran\u00e7a P\u00fablica e Defesa Social (Semseg), informa que, na manh\u00e3 desta quinta-feira, 30\/4, a Guarda Municipal de Manaus (GMM) atendeu duas ocorr\u00eancias no Centro, zona Sul da capital.<\/p>\n\n\n\n<p>O primeiro caso envolveu uma crian\u00e7a desacompanhada em transporte coletivo, que foi localizada pelas equipes do motopatrulhamento e encaminhada com seguran\u00e7a ao respons\u00e1vel. Segundo o guarda municipal Alexandre Braga, a atua\u00e7\u00e3o exigiu rapidez e aten\u00e7\u00e3o das equipes.&nbsp;<\/p>\n\n\n\n<p>\u201cRealizamos um trabalho \u00e1gil de identifica\u00e7\u00e3o e abordagem dos coletivos, garantindo a seguran\u00e7a da crian\u00e7a at\u00e9 o reencontro com o respons\u00e1vel\u201d, destacou.<\/p>\n\n\n\n<p>Na mesma manh\u00e3, durante patrulhamento preventivo na \u00e1rea central, um indiv\u00edduo foi detido e conduzido \u00e0 delegacia para os procedimentos cab\u00edveis ap\u00f3s tentativa de roubo em um estabelecimento comercial.<\/p>\n\n\n\n<p>De acordo com o guarda municipal Kevin Azevedo, a presen\u00e7a das equipes refor\u00e7a a seguran\u00e7a na regi\u00e3o. \u201cO patrulhamento preventivo tem sido essencial para coibir ocorr\u00eancias e aumentar a sensa\u00e7\u00e3o de seguran\u00e7a da popula\u00e7\u00e3o no Centro\u201d, afirmou.<\/p>\n\n\n\n<p>A Prefeitura de Manaus refor\u00e7a que as a\u00e7\u00f5es de patrulhamento seguem intensificadas, com foco na prote\u00e7\u00e3o da popula\u00e7\u00e3o e no fortalecimento da seguran\u00e7a na capital.<\/p>\n\n\n\n<p>&#8212; &#8212; &#8212;<\/p>\n\n\n\n<p><strong>Texto e foto<\/strong>&nbsp;\u2013 Divulga\u00e7\u00e3o\/Semseg<\/p>\n","protected":false},"excerpt":{"rendered":"","protected":false},"author":23,"featured_media":257710,"comment_status":"closed","ping_status":"closed","sticky":false,"template":"","format":"standard","meta":{"footnotes":""},"categories":[9850],"tags":[414,20611,20612,2072,77,20613,349],"acf":[],"yoast_head":"<!-- This site is optimized with the Yoast SEO plugin v23.0 - https:\/\/yoast.com\/wordpress\/plugins\/seo\/ -->\n<title>Guarda Municipal atende ocorr\u00eancia com crian\u00e7a perdida e det\u00e9m indiv\u00edduo no centro de Manaus<\/title>\n<meta name=\"description\" content=\"A Prefeitura de Manaus, por meio da Secretaria Municipal de Seguran\u00e7a P\u00fablica e Defesa Social (Semseg), informa que, na manh\u00e3 desta quinta-feira, 30\/4, a Guarda Municipal de Manaus (GMM) atendeu duas ocorr\u00eancias no Centro, zona Sul da capital.\" \/>\n<meta name=\"robots\" content=\"index, follow, max-snippet:-1, max-image-preview:large, max-video-preview:-1\" \/>\n<link rel=\"canonical\" href=\"https:\/\/www.manaus.am.gov.br\/semcom\/prefeitura-gmm-ocorrencia-centro\/\" \/>\n<meta property=\"og:locale\" content=\"pt_BR\" \/>\n<meta property=\"og:type\" content=\"article\" \/>\n<meta property=\"og:title\" content=\"Guarda Municipal atende ocorr\u00eancia com crian\u00e7a perdida e det\u00e9m indiv\u00edduo no centro de Manaus\" \/>\n<meta property=\"og:description\" content=\"A Prefeitura de Manaus, por meio da Secretaria Municipal de Seguran\u00e7a P\u00fablica e Defesa Social (Semseg), informa que, na manh\u00e3 desta quinta-feira, 30\/4, a Guarda Municipal de Manaus (GMM) atendeu duas ocorr\u00eancias no Centro, zona Sul da capital.\" \/>\n<meta property=\"og:url\" content=\"https:\/\/www.manaus.am.gov.br\/semcom\/prefeitura-gmm-ocorrencia-centro\/\" \/>\n<meta property=\"og:site_name\" content=\"SEMCOM\" \/>\n<meta property=\"article:published_time\" content=\"2026-04-30T17:59:53+00:00\" \/>\n<meta property=\"article:modified_time\" content=\"2026-04-30T18:01:00+00:00\" \/>\n<meta property=\"og:image\" content=\"https:\/\/www.manaus.am.gov.br\/semcom\/wp-content\/uploads\/sites\/5\/2026\/04\/WhatsApp-Image-2026-04-30-at-13.51.56.jpeg\" \/>\n\t<meta property=\"og:image:width\" content=\"1200\" \/>\n\t<meta property=\"og:image:height\" content=\"1600\" \/>\n\t<meta property=\"og:image:type\" content=\"image\/jpeg\" \/>\n<meta name=\"author\" content=\"Adriana Costa\" \/>\n<meta name=\"twitter:card\" content=\"summary_large_image\" \/>\n<meta name=\"twitter:label1\" content=\"Written by\" \/>\n\t<meta name=\"twitter:data1\" content=\"Adriana Costa\" \/>\n\t<meta name=\"twitter:label2\" content=\"Est. reading time\" \/>\n\t<meta name=\"twitter:data2\" content=\"2 minutos\" \/>\n<script type=\"application\/ld+json\" class=\"yoast-schema-graph\">{\"@context\":\"https:\/\/schema.org\",\"@graph\":[{\"@type\":\"WebPage\",\"@id\":\"https:\/\/www.manaus.am.gov.br\/semcom\/prefeitura-gmm-ocorrencia-centro\/\",\"url\":\"https:\/\/www.manaus.am.gov.br\/semcom\/prefeitura-gmm-ocorrencia-centro\/\",\"name\":\"Guarda Municipal atende ocorr\u00eancia com crian\u00e7a perdida e det\u00e9m indiv\u00edduo no centro de Manaus\",\"isPartOf\":{\"@id\":\"https:\/\/www.manaus.am.gov.br\/semcom\/#website\"},\"primaryImageOfPage\":{\"@id\":\"https:\/\/www.manaus.am.gov.br\/semcom\/prefeitura-gmm-ocorrencia-centro\/#primaryimage\"},\"image\":{\"@id\":\"https:\/\/www.manaus.am.gov.br\/semcom\/prefeitura-gmm-ocorrencia-centro\/#primaryimage\"},\"thumbnailUrl\":\"https:\/\/www.manaus.am.gov.br\/semcom\/wp-content\/uploads\/sites\/5\/2026\/04\/WhatsApp-Image-2026-04-30-at-13.51.56.jpeg\",\"datePublished\":\"2026-04-30T17:59:53+00:00\",\"dateModified\":\"2026-04-30T18:01:00+00:00\",\"author\":{\"@id\":\"https:\/\/www.manaus.am.gov.br\/semcom\/#\/schema\/person\/4e49f4e267757a06ca072ec61b2b9968\"},\"description\":\"A Prefeitura de Manaus, por meio da Secretaria Municipal de Seguran\u00e7a P\u00fablica e Defesa Social (Semseg), informa que, na manh\u00e3 desta quinta-feira, 30\/4, a Guarda Municipal de Manaus (GMM) atendeu duas ocorr\u00eancias no Centro, zona Sul da capital.\",\"inLanguage\":\"pt-BR\",\"potentialAction\":[{\"@type\":\"ReadAction\",\"target\":[\"https:\/\/www.manaus.am.gov.br\/semcom\/prefeitura-gmm-ocorrencia-centro\/\"]}]},{\"@type\":\"ImageObject\",\"inLanguage\":\"pt-BR\",\"@id\":\"https:\/\/www.manaus.am.gov.br\/semcom\/prefeitura-gmm-ocorrencia-centro\/#primaryimage\",\"url\":\"https:\/\/www.manaus.am.gov.br\/semcom\/wp-content\/uploads\/sites\/5\/2026\/04\/WhatsApp-Image-2026-04-30-at-13.51.56.jpeg\",\"contentUrl\":\"https:\/\/www.manaus.am.gov.br\/semcom\/wp-content\/uploads\/sites\/5\/2026\/04\/WhatsApp-Image-2026-04-30-at-13.51.56.jpeg\",\"width\":1200,\"height\":1600,\"caption\":\"#paratodosverem - Viatura da Guarda Municipal de Manaus estacionada no Centro\"},{\"@type\":\"WebSite\",\"@id\":\"https:\/\/www.manaus.am.gov.br\/semcom\/#website\",\"url\":\"https:\/\/www.manaus.am.gov.br\/semcom\/\",\"name\":\"SEMCOM\",\"description\":\"Secretaria Municipal de Comunica\u00e7\u00e3o\",\"potentialAction\":[{\"@type\":\"SearchAction\",\"target\":{\"@type\":\"EntryPoint\",\"urlTemplate\":\"https:\/\/www.manaus.am.gov.br\/semcom\/?s={search_term_string}\"},\"query-input\":\"required name=search_term_string\"}],\"inLanguage\":\"pt-BR\"},{\"@type\":\"Person\",\"@id\":\"https:\/\/www.manaus.am.gov.br\/semcom\/#\/schema\/person\/4e49f4e267757a06ca072ec61b2b9968\",\"name\":\"Adriana Costa\",\"image\":{\"@type\":\"ImageObject\",\"inLanguage\":\"pt-BR\",\"@id\":\"https:\/\/www.manaus.am.gov.br\/semcom\/#\/schema\/person\/image\/\",\"url\":\"https:\/\/secure.gravatar.com\/avatar\/576258617ef7194f718179e766d57bd4?s=96&d=mm&r=g\",\"contentUrl\":\"https:\/\/secure.gravatar.com\/avatar\/576258617ef7194f718179e766d57bd4?s=96&d=mm&r=g\",\"caption\":\"Adriana Costa\"}}]}<\/script>\n<!-- \/ Yoast SEO plugin. -->","yoast_head_json":{"title":"Guarda Municipal atende ocorr\u00eancia com crian\u00e7a perdida e det\u00e9m indiv\u00edduo no centro de Manaus","description":"A Prefeitura de Manaus, por meio da Secretaria Municipal de Seguran\u00e7a P\u00fablica e Defesa Social (Semseg), informa que, na manh\u00e3 desta quinta-feira, 30\/4, a Guarda Municipal de Manaus (GMM) atendeu duas ocorr\u00eancias no Centro, zona Sul da capital.","robots":{"index":"index","follow":"follow","max-snippet":"max-snippet:-1","max-image-preview":"max-image-preview:large","max-video-preview":"max-video-preview:-1"},"canonical":"https:\/\/www.manaus.am.gov.br\/semcom\/prefeitura-gmm-ocorrencia-centro\/","og_locale":"pt_BR","og_type":"article","og_title":"Guarda Municipal atende ocorr\u00eancia com crian\u00e7a perdida e det\u00e9m indiv\u00edduo no centro de Manaus","og_description":"A Prefeitura de Manaus, por meio da Secretaria Municipal de Seguran\u00e7a P\u00fablica e Defesa Social (Semseg), informa que, na manh\u00e3 desta quinta-feira, 30\/4, a Guarda Municipal de Manaus (GMM) atendeu duas ocorr\u00eancias no Centro, zona Sul da capital.","og_url":"https:\/\/www.manaus.am.gov.br\/semcom\/prefeitura-gmm-ocorrencia-centro\/","og_site_name":"SEMCOM","article_published_time":"2026-04-30T17:59:53+00:00","article_modified_time":"2026-04-30T18:01:00+00:00","og_image":[{"width":1200,"height":1600,"url":"https:\/\/www.manaus.am.gov.br\/semcom\/wp-content\/uploads\/sites\/5\/2026\/04\/WhatsApp-Image-2026-04-30-at-13.51.56.jpeg","type":"image\/jpeg"}],"author":"Adriana Costa","twitter_card":"summary_large_image","twitter_misc":{"Written by":"Adriana Costa","Est. reading time":"2 minutos"},"schema":{"@context":"https:\/\/schema.org","@graph":[{"@type":"WebPage","@id":"https:\/\/www.manaus.am.gov.br\/semcom\/prefeitura-gmm-ocorrencia-centro\/","url":"https:\/\/www.manaus.am.gov.br\/semcom\/prefeitura-gmm-ocorrencia-centro\/","name":"Guarda Municipal atende ocorr\u00eancia com crian\u00e7a perdida e det\u00e9m indiv\u00edduo no centro de Manaus","isPartOf":{"@id":"https:\/\/www.manaus.am.gov.br\/semcom\/#website"},"primaryImageOfPage":{"@id":"https:\/\/www.manaus.am.gov.br\/semcom\/prefeitura-gmm-ocorrencia-centro\/#primaryimage"},"image":{"@id":"https:\/\/www.manaus.am.gov.br\/semcom\/prefeitura-gmm-ocorrencia-centro\/#primaryimage"},"thumbnailUrl":"https:\/\/www.manaus.am.gov.br\/semcom\/wp-content\/uploads\/sites\/5\/2026\/04\/WhatsApp-Image-2026-04-30-at-13.51.56.jpeg","datePublished":"2026-04-30T17:59:53+00:00","dateModified":"2026-04-30T18:01:00+00:00","author":{"@id":"https:\/\/www.manaus.am.gov.br\/semcom\/#\/schema\/person\/4e49f4e267757a06ca072ec61b2b9968"},"description":"A Prefeitura de Manaus, por meio da Secretaria Municipal de Seguran\u00e7a P\u00fablica e Defesa Social (Semseg), informa que, na manh\u00e3 desta quinta-feira, 30\/4, a Guarda Municipal de Manaus (GMM) atendeu duas ocorr\u00eancias no Centro, zona Sul da capital.","inLanguage":"pt-BR","potentialAction":[{"@type":"ReadAction","target":["https:\/\/www.manaus.am.gov.br\/semcom\/prefeitura-gmm-ocorrencia-centro\/"]}]},{"@type":"ImageObject","inLanguage":"pt-BR","@id":"https:\/\/www.manaus.am.gov.br\/semcom\/prefeitura-gmm-ocorrencia-centro\/#primaryimage","url":"https:\/\/www.manaus.am.gov.br\/semcom\/wp-content\/uploads\/sites\/5\/2026\/04\/WhatsApp-Image-2026-04-30-at-13.51.56.jpeg","contentUrl":"https:\/\/www.manaus.am.gov.br\/semcom\/wp-content\/uploads\/sites\/5\/2026\/04\/WhatsApp-Image-2026-04-30-at-13.51.56.jpeg","width":1200,"height":1600,"caption":"#paratodosverem - Viatura da Guarda Municipal de Manaus estacionada no Centro"},{"@type":"WebSite","@id":"https:\/\/www.manaus.am.gov.br\/semcom\/#website","url":"https:\/\/www.manaus.am.gov.br\/semcom\/","name":"SEMCOM","description":"Secretaria Municipal de Comunica\u00e7\u00e3o","potentialAction":[{"@type":"SearchAction","target":{"@type":"EntryPoint","urlTemplate":"https:\/\/www.manaus.am.gov.br\/semcom\/?s={search_term_string}"},"query-input":"required name=search_term_string"}],"inLanguage":"pt-BR"},{"@type":"Person","@id":"https:\/\/www.manaus.am.gov.br\/semcom\/#\/schema\/person\/4e49f4e267757a06ca072ec61b2b9968","name":"Adriana Costa","image":{"@type":"ImageObject","inLanguage":"pt-BR","@id":"https:\/\/www.manaus.am.gov.br\/semcom\/#\/schema\/person\/image\/","url":"https:\/\/secure.gravatar.com\/avatar\/576258617ef7194f718179e766d57bd4?s=96&d=mm&r=g","contentUrl":"https:\/\/secure.gravatar.com\/avatar\/576258617ef7194f718179e766d57bd4?s=96&d=mm&r=g","caption":"Adriana Costa"}}]}},"_links":{"self":[{"href":"https:\/\/www.manaus.am.gov.br\/semcom\/wp-json\/wp\/v2\/posts\/257708"}],"collection":[{"href":"https:\/\/www.manaus.am.gov.br\/semcom\/wp-json\/wp\/v2\/posts"}],"about":[{"href":"https:\/\/www.manaus.am.gov.br\/semcom\/wp-json\/wp\/v2\/types\/post"}],"author":[{"embeddable":true,"href":"https:\/\/www.manaus.am.gov.br\/semcom\/wp-json\/wp\/v2\/users\/23"}],"replies":[{"embeddable":true,"href":"https:\/\/www.manaus.am.gov.br\/semcom\/wp-json\/wp\/v2\/comments?post=257708"}],"version-history":[{"count":1,"href":"https:\/\/www.manaus.am.gov.br\/semcom\/wp-json\/wp\/v2\/posts\/257708\/revisions"}],"predecessor-version":[{"id":257709,"href":"https:\/\/www.manaus.am.gov.br\/semcom\/wp-json\/wp\/v2\/posts\/257708\/revisions\/257709"}],"wp:featuredmedia":[{"embeddable":true,"href":"https:\/\/www.manaus.am.gov.br\/semcom\/wp-json\/wp\/v2\/media\/257710"}],"wp:attachment":[{"href":"https:\/\/www.manaus.am.gov.br\/semcom\/wp-json\/wp\/v2\/media?parent=257708"}],"wp:term":[{"taxonomy":"category","embeddable":true,"href":"https:\/\/www.manaus.am.gov.br\/semcom\/wp-json\/wp\/v2\/categories?post=257708"},{"taxonomy":"post_tag","embeddable":true,"href":"https:\/\/www.manaus.am.gov.br\/semcom\/wp-json\/wp\/v2\/tags?post=257708"}],"curies":[{"name":"wp","href":"https:\/\/api.w.org\/{rel}","templated":true}]}}