{"id":257700,"date":"2026-04-30T13:39:38","date_gmt":"2026-04-30T16:39:38","guid":{"rendered":"https:\/\/www.manaus.am.gov.br\/semcom\/previdencia-audiencia-balanco\/"},"modified":"2026-04-30T13:39:40","modified_gmt":"2026-04-30T16:39:40","slug":"previdencia-audiencia-balanco","status":"publish","type":"post","link":"https:\/\/www.manaus.am.gov.br\/semcom\/previdencia-audiencia-balanco\/","title":{"rendered":"Manausprev refor\u00e7a transpar\u00eancia e apresenta resultados em audi\u00eancia p\u00fablica"},"content":{"rendered":"\n<p>Com foco na transpar\u00eancia e no fortalecimento do di\u00e1logo com a sociedade, a Prefeitura de Manaus, por meio da Manaus Previd\u00eancia, realizou, na quarta-feira, 29\/4, uma audi\u00eancia p\u00fablica para apresentar as principais a\u00e7\u00f5es e resultados da autarquia ao longo de 2025.<\/p>\n\n\n\n<p>Aberto ao p\u00fablico, o encontro ocorreu em formato h\u00edbrido: presencialmente, no audit\u00f3rio Isabel Victoria de Mattos Pereira do Carmo Ribeiro, na sede da prefeitura, no bairro Compensa, zona Oeste, e com transmiss\u00e3o ao vivo pelo canal oficial da Prefeitura de Manaus, no YouTube.<\/p>\n\n\n\n<p>Durante a audi\u00eancia, foram apresentados dados e indicadores que integram o relat\u00f3rio de governan\u00e7a da Manausprev. Entre os destaques estiveram o balan\u00e7o das aposentadorias e pens\u00f5es concedidas, os programas e projetos desenvolvidos, o desempenho da carteira de investimentos e a situa\u00e7\u00e3o atuarial do regime previdenci\u00e1rio.<\/p>\n\n\n\n<p>O p\u00fablico tamb\u00e9m p\u00f4de conhecer os avan\u00e7os institucionais que consolidam a Manausprev como refer\u00eancia nacional em gest\u00e3o previdenci\u00e1ria, evidenciando o compromisso com a efici\u00eancia, a seguran\u00e7a dos recursos e a sustentabilidade do sistema.<\/p>\n\n\n\n<p>O gerente de Previd\u00eancia da autarquia, Caio Andrade, destacou a relev\u00e2ncia da iniciativa para a sociedade. \u201cEssa a\u00e7\u00e3o tem grande import\u00e2ncia para a comunidade, para a cidade de Manaus e, principalmente, para os servidores p\u00fablicos municipais. A Manaus Previd\u00eancia tem a transpar\u00eancia como um valor institucional. Mais do que cumprir uma obriga\u00e7\u00e3o legal, estamos promovendo seguran\u00e7a aos nossos benefici\u00e1rios e segurados, ao demonstrar que os recursos previdenci\u00e1rios est\u00e3o sendo bem geridos\u201d, destacou.<\/p>\n\n\n\n<p>A \u00edntegra da audi\u00eancia p\u00fablica est\u00e1 dispon\u00edvel no canal do YouTube da Prefeitura de Manaus.<\/p>\n\n\n\n<p>&#8212; &#8212; &#8212;<\/p>\n\n\n\n<p><strong>Texto<\/strong> &#8211; Renata Felix \/ Manaus Previd\u00eancia<\/p>\n\n\n\n<p><strong>Foto<\/strong> \u2013 Valdo Le\u00e3o \/ Semcom<\/p>\n\n\n\n<p><strong>Dispon\u00edveis em<\/strong> &#8211;\u00a0<a href=\"https:\/\/flic.kr\/s\/aHBqjCSo3q\" target=\"_blank\" rel=\"noreferrer noopener\">https:\/\/flic.kr\/s\/aHBqjCSo3q<\/a><\/p>\n","protected":false},"excerpt":{"rendered":"","protected":false},"author":23,"featured_media":257701,"comment_status":"closed","ping_status":"closed","sticky":false,"template":"","format":"standard","meta":{"footnotes":""},"categories":[520],"tags":[2691,668,11495,228,77,11100],"acf":[],"yoast_head":"<!-- This site is optimized with the Yoast SEO plugin v23.0 - https:\/\/yoast.com\/wordpress\/plugins\/seo\/ -->\n<title>Manausprev refor\u00e7a transpar\u00eancia e apresenta resultados em audi\u00eancia p\u00fablica<\/title>\n<meta name=\"description\" content=\"Com foco na transpar\u00eancia e no fortalecimento do di\u00e1logo com a sociedade, a Prefeitura de Manaus, por meio da Manaus Previd\u00eancia, realizou, na quarta-feira, 29\/4, uma audi\u00eancia p\u00fablica para apresentar as principais a\u00e7\u00f5es e resultados da autarquia ao longo de 2025.\" \/>\n<meta name=\"robots\" content=\"index, follow, max-snippet:-1, max-image-preview:large, max-video-preview:-1\" \/>\n<link rel=\"canonical\" href=\"https:\/\/www.manaus.am.gov.br\/semcom\/previdencia-audiencia-balanco\/\" \/>\n<meta property=\"og:locale\" content=\"pt_BR\" \/>\n<meta property=\"og:type\" content=\"article\" \/>\n<meta property=\"og:title\" content=\"Manausprev refor\u00e7a transpar\u00eancia e apresenta resultados em audi\u00eancia p\u00fablica\" \/>\n<meta property=\"og:description\" content=\"Com foco na transpar\u00eancia e no fortalecimento do di\u00e1logo com a sociedade, a Prefeitura de Manaus, por meio da Manaus Previd\u00eancia, realizou, na quarta-feira, 29\/4, uma audi\u00eancia p\u00fablica para apresentar as principais a\u00e7\u00f5es e resultados da autarquia ao longo de 2025.\" \/>\n<meta property=\"og:url\" content=\"https:\/\/www.manaus.am.gov.br\/semcom\/previdencia-audiencia-balanco\/\" \/>\n<meta property=\"og:site_name\" content=\"SEMCOM\" \/>\n<meta property=\"article:published_time\" content=\"2026-04-30T16:39:38+00:00\" \/>\n<meta property=\"article:modified_time\" content=\"2026-04-30T16:39:40+00:00\" \/>\n<meta property=\"og:image\" content=\"https:\/\/www.manaus.am.gov.br\/semcom\/wp-content\/uploads\/sites\/5\/2026\/04\/55238999793_1a6444d0c4_c.jpg\" \/>\n\t<meta property=\"og:image:width\" content=\"799\" \/>\n\t<meta property=\"og:image:height\" content=\"533\" \/>\n\t<meta property=\"og:image:type\" content=\"image\/jpeg\" \/>\n<meta name=\"author\" content=\"Adriana Costa\" \/>\n<meta name=\"twitter:card\" content=\"summary_large_image\" \/>\n<meta name=\"twitter:label1\" content=\"Written by\" \/>\n\t<meta name=\"twitter:data1\" content=\"Adriana Costa\" \/>\n\t<meta name=\"twitter:label2\" content=\"Est. reading time\" \/>\n\t<meta name=\"twitter:data2\" content=\"2 minutos\" \/>\n<script type=\"application\/ld+json\" class=\"yoast-schema-graph\">{\"@context\":\"https:\/\/schema.org\",\"@graph\":[{\"@type\":\"WebPage\",\"@id\":\"https:\/\/www.manaus.am.gov.br\/semcom\/previdencia-audiencia-balanco\/\",\"url\":\"https:\/\/www.manaus.am.gov.br\/semcom\/previdencia-audiencia-balanco\/\",\"name\":\"Manausprev refor\u00e7a transpar\u00eancia e apresenta resultados em audi\u00eancia p\u00fablica\",\"isPartOf\":{\"@id\":\"https:\/\/www.manaus.am.gov.br\/semcom\/#website\"},\"primaryImageOfPage\":{\"@id\":\"https:\/\/www.manaus.am.gov.br\/semcom\/previdencia-audiencia-balanco\/#primaryimage\"},\"image\":{\"@id\":\"https:\/\/www.manaus.am.gov.br\/semcom\/previdencia-audiencia-balanco\/#primaryimage\"},\"thumbnailUrl\":\"https:\/\/www.manaus.am.gov.br\/semcom\/wp-content\/uploads\/sites\/5\/2026\/04\/55238999793_1a6444d0c4_c.jpg\",\"datePublished\":\"2026-04-30T16:39:38+00:00\",\"dateModified\":\"2026-04-30T16:39:40+00:00\",\"author\":{\"@id\":\"https:\/\/www.manaus.am.gov.br\/semcom\/#\/schema\/person\/4e49f4e267757a06ca072ec61b2b9968\"},\"description\":\"Com foco na transpar\u00eancia e no fortalecimento do di\u00e1logo com a sociedade, a Prefeitura de Manaus, por meio da Manaus Previd\u00eancia, realizou, na quarta-feira, 29\/4, uma audi\u00eancia p\u00fablica para apresentar as principais a\u00e7\u00f5es e resultados da autarquia ao longo de 2025.\",\"inLanguage\":\"pt-BR\",\"potentialAction\":[{\"@type\":\"ReadAction\",\"target\":[\"https:\/\/www.manaus.am.gov.br\/semcom\/previdencia-audiencia-balanco\/\"]}]},{\"@type\":\"ImageObject\",\"inLanguage\":\"pt-BR\",\"@id\":\"https:\/\/www.manaus.am.gov.br\/semcom\/previdencia-audiencia-balanco\/#primaryimage\",\"url\":\"https:\/\/www.manaus.am.gov.br\/semcom\/wp-content\/uploads\/sites\/5\/2026\/04\/55238999793_1a6444d0c4_c.jpg\",\"contentUrl\":\"https:\/\/www.manaus.am.gov.br\/semcom\/wp-content\/uploads\/sites\/5\/2026\/04\/55238999793_1a6444d0c4_c.jpg\",\"width\":799,\"height\":533,\"caption\":\"#paratodosverem - Audit\u00f3rio da Prefeitura de Manaus com audi\u00eancia p\u00fablica para presta\u00e7\u00e3o de contas da Manausprev\"},{\"@type\":\"WebSite\",\"@id\":\"https:\/\/www.manaus.am.gov.br\/semcom\/#website\",\"url\":\"https:\/\/www.manaus.am.gov.br\/semcom\/\",\"name\":\"SEMCOM\",\"description\":\"Secretaria Municipal de Comunica\u00e7\u00e3o\",\"potentialAction\":[{\"@type\":\"SearchAction\",\"target\":{\"@type\":\"EntryPoint\",\"urlTemplate\":\"https:\/\/www.manaus.am.gov.br\/semcom\/?s={search_term_string}\"},\"query-input\":\"required name=search_term_string\"}],\"inLanguage\":\"pt-BR\"},{\"@type\":\"Person\",\"@id\":\"https:\/\/www.manaus.am.gov.br\/semcom\/#\/schema\/person\/4e49f4e267757a06ca072ec61b2b9968\",\"name\":\"Adriana Costa\",\"image\":{\"@type\":\"ImageObject\",\"inLanguage\":\"pt-BR\",\"@id\":\"https:\/\/www.manaus.am.gov.br\/semcom\/#\/schema\/person\/image\/\",\"url\":\"https:\/\/secure.gravatar.com\/avatar\/576258617ef7194f718179e766d57bd4?s=96&d=mm&r=g\",\"contentUrl\":\"https:\/\/secure.gravatar.com\/avatar\/576258617ef7194f718179e766d57bd4?s=96&d=mm&r=g\",\"caption\":\"Adriana Costa\"}}]}<\/script>\n<!-- \/ Yoast SEO plugin. -->","yoast_head_json":{"title":"Manausprev refor\u00e7a transpar\u00eancia e apresenta resultados em audi\u00eancia p\u00fablica","description":"Com foco na transpar\u00eancia e no fortalecimento do di\u00e1logo com a sociedade, a Prefeitura de Manaus, por meio da Manaus Previd\u00eancia, realizou, na quarta-feira, 29\/4, uma audi\u00eancia p\u00fablica para apresentar as principais a\u00e7\u00f5es e resultados da autarquia ao longo de 2025.","robots":{"index":"index","follow":"follow","max-snippet":"max-snippet:-1","max-image-preview":"max-image-preview:large","max-video-preview":"max-video-preview:-1"},"canonical":"https:\/\/www.manaus.am.gov.br\/semcom\/previdencia-audiencia-balanco\/","og_locale":"pt_BR","og_type":"article","og_title":"Manausprev refor\u00e7a transpar\u00eancia e apresenta resultados em audi\u00eancia p\u00fablica","og_description":"Com foco na transpar\u00eancia e no fortalecimento do di\u00e1logo com a sociedade, a Prefeitura de Manaus, por meio da Manaus Previd\u00eancia, realizou, na quarta-feira, 29\/4, uma audi\u00eancia p\u00fablica para apresentar as principais a\u00e7\u00f5es e resultados da autarquia ao longo de 2025.","og_url":"https:\/\/www.manaus.am.gov.br\/semcom\/previdencia-audiencia-balanco\/","og_site_name":"SEMCOM","article_published_time":"2026-04-30T16:39:38+00:00","article_modified_time":"2026-04-30T16:39:40+00:00","og_image":[{"width":799,"height":533,"url":"https:\/\/www.manaus.am.gov.br\/semcom\/wp-content\/uploads\/sites\/5\/2026\/04\/55238999793_1a6444d0c4_c.jpg","type":"image\/jpeg"}],"author":"Adriana Costa","twitter_card":"summary_large_image","twitter_misc":{"Written by":"Adriana Costa","Est. reading time":"2 minutos"},"schema":{"@context":"https:\/\/schema.org","@graph":[{"@type":"WebPage","@id":"https:\/\/www.manaus.am.gov.br\/semcom\/previdencia-audiencia-balanco\/","url":"https:\/\/www.manaus.am.gov.br\/semcom\/previdencia-audiencia-balanco\/","name":"Manausprev refor\u00e7a transpar\u00eancia e apresenta resultados em audi\u00eancia p\u00fablica","isPartOf":{"@id":"https:\/\/www.manaus.am.gov.br\/semcom\/#website"},"primaryImageOfPage":{"@id":"https:\/\/www.manaus.am.gov.br\/semcom\/previdencia-audiencia-balanco\/#primaryimage"},"image":{"@id":"https:\/\/www.manaus.am.gov.br\/semcom\/previdencia-audiencia-balanco\/#primaryimage"},"thumbnailUrl":"https:\/\/www.manaus.am.gov.br\/semcom\/wp-content\/uploads\/sites\/5\/2026\/04\/55238999793_1a6444d0c4_c.jpg","datePublished":"2026-04-30T16:39:38+00:00","dateModified":"2026-04-30T16:39:40+00:00","author":{"@id":"https:\/\/www.manaus.am.gov.br\/semcom\/#\/schema\/person\/4e49f4e267757a06ca072ec61b2b9968"},"description":"Com foco na transpar\u00eancia e no fortalecimento do di\u00e1logo com a sociedade, a Prefeitura de Manaus, por meio da Manaus Previd\u00eancia, realizou, na quarta-feira, 29\/4, uma audi\u00eancia p\u00fablica para apresentar as principais a\u00e7\u00f5es e resultados da autarquia ao longo de 2025.","inLanguage":"pt-BR","potentialAction":[{"@type":"ReadAction","target":["https:\/\/www.manaus.am.gov.br\/semcom\/previdencia-audiencia-balanco\/"]}]},{"@type":"ImageObject","inLanguage":"pt-BR","@id":"https:\/\/www.manaus.am.gov.br\/semcom\/previdencia-audiencia-balanco\/#primaryimage","url":"https:\/\/www.manaus.am.gov.br\/semcom\/wp-content\/uploads\/sites\/5\/2026\/04\/55238999793_1a6444d0c4_c.jpg","contentUrl":"https:\/\/www.manaus.am.gov.br\/semcom\/wp-content\/uploads\/sites\/5\/2026\/04\/55238999793_1a6444d0c4_c.jpg","width":799,"height":533,"caption":"#paratodosverem - Audit\u00f3rio da Prefeitura de Manaus com audi\u00eancia p\u00fablica para presta\u00e7\u00e3o de contas da Manausprev"},{"@type":"WebSite","@id":"https:\/\/www.manaus.am.gov.br\/semcom\/#website","url":"https:\/\/www.manaus.am.gov.br\/semcom\/","name":"SEMCOM","description":"Secretaria Municipal de Comunica\u00e7\u00e3o","potentialAction":[{"@type":"SearchAction","target":{"@type":"EntryPoint","urlTemplate":"https:\/\/www.manaus.am.gov.br\/semcom\/?s={search_term_string}"},"query-input":"required name=search_term_string"}],"inLanguage":"pt-BR"},{"@type":"Person","@id":"https:\/\/www.manaus.am.gov.br\/semcom\/#\/schema\/person\/4e49f4e267757a06ca072ec61b2b9968","name":"Adriana Costa","image":{"@type":"ImageObject","inLanguage":"pt-BR","@id":"https:\/\/www.manaus.am.gov.br\/semcom\/#\/schema\/person\/image\/","url":"https:\/\/secure.gravatar.com\/avatar\/576258617ef7194f718179e766d57bd4?s=96&d=mm&r=g","contentUrl":"https:\/\/secure.gravatar.com\/avatar\/576258617ef7194f718179e766d57bd4?s=96&d=mm&r=g","caption":"Adriana Costa"}}]}},"_links":{"self":[{"href":"https:\/\/www.manaus.am.gov.br\/semcom\/wp-json\/wp\/v2\/posts\/257700"}],"collection":[{"href":"https:\/\/www.manaus.am.gov.br\/semcom\/wp-json\/wp\/v2\/posts"}],"about":[{"href":"https:\/\/www.manaus.am.gov.br\/semcom\/wp-json\/wp\/v2\/types\/post"}],"author":[{"embeddable":true,"href":"https:\/\/www.manaus.am.gov.br\/semcom\/wp-json\/wp\/v2\/users\/23"}],"replies":[{"embeddable":true,"href":"https:\/\/www.manaus.am.gov.br\/semcom\/wp-json\/wp\/v2\/comments?post=257700"}],"version-history":[{"count":0,"href":"https:\/\/www.manaus.am.gov.br\/semcom\/wp-json\/wp\/v2\/posts\/257700\/revisions"}],"wp:featuredmedia":[{"embeddable":true,"href":"https:\/\/www.manaus.am.gov.br\/semcom\/wp-json\/wp\/v2\/media\/257701"}],"wp:attachment":[{"href":"https:\/\/www.manaus.am.gov.br\/semcom\/wp-json\/wp\/v2\/media?parent=257700"}],"wp:term":[{"taxonomy":"category","embeddable":true,"href":"https:\/\/www.manaus.am.gov.br\/semcom\/wp-json\/wp\/v2\/categories?post=257700"},{"taxonomy":"post_tag","embeddable":true,"href":"https:\/\/www.manaus.am.gov.br\/semcom\/wp-json\/wp\/v2\/tags?post=257700"}],"curies":[{"name":"wp","href":"https:\/\/api.w.org\/{rel}","templated":true}]}}