{"id":257697,"date":"2026-04-30T10:58:47","date_gmt":"2026-04-30T13:58:47","guid":{"rendered":"https:\/\/www.manaus.am.gov.br\/semcom\/prefeitura-semad-pbpg_pbi\/"},"modified":"2026-04-30T10:58:49","modified_gmt":"2026-04-30T13:58:49","slug":"prefeitura-semad-pbpg_pbi","status":"publish","type":"post","link":"https:\/\/www.manaus.am.gov.br\/semcom\/prefeitura-semad-pbpg_pbi\/","title":{"rendered":"Prefeitura de Manaus divulga resultado geral dos programas Bolsa P\u00f3s-Gradua\u00e7\u00e3o e Bolsa Idiomas para 2026"},"content":{"rendered":"\n<p>A Prefeitura de Manaus, por meio da Escola de Servi\u00e7o P\u00fablico Municipal e Inclus\u00e3o Socioeducacional (Espi), \u00f3rg\u00e3o vinculado \u00e0 Secretaria Municipal de Administra\u00e7\u00e3o, Planejamento e Gest\u00e3o (Semad), divulga, a partir das 10h desta quinta-feira, 30\/4, nos portais oficiais dos programas Bolsa P\u00f3s-Gradua\u00e7\u00e3o (PBPG) e Bolsa Idiomas (PBI), o resultado geral e a homologa\u00e7\u00e3o dos processos seletivos para 2026.<\/p>\n\n\n\n<p>As listas poder\u00e3o ser consultadas nos &nbsp;links&nbsp;<a href=\"https:\/\/sgbp.manaus.am.gov.br\/\" target=\"_blank\" rel=\"noreferrer noopener\">https:\/\/sgbp.manaus.am.gov.br<\/a>&nbsp;e&nbsp;<a href=\"https:\/\/sgbi.manaus.am.gov.br\/\" target=\"_blank\" rel=\"noreferrer noopener\">https:\/\/sgbi.manaus.am.gov.br\/<\/a>. As rela\u00e7\u00f5es estar\u00e3o dispon\u00edveis no&nbsp;<a href=\"https:\/\/dom.manaus.am.gov.br\/\" target=\"_blank\" rel=\"noreferrer noopener\">Di\u00e1rio Oficial do Munic\u00edpio<\/a>&nbsp;(DOM) ap\u00f3s as 23h.<\/p>\n\n\n\n<p>Com a divulga\u00e7\u00e3o desta etapa, os candidatos aprovados garantem o acesso a bolsas de estudo que variam entre 50%, 75% e 100% de desconto em institui\u00e7\u00f5es particulares da capital.<\/p>\n\n\n\n<p>A amplia\u00e7\u00e3o das oportunidades educacionais \u00e9 uma prioridade da gest\u00e3o do prefeito Renato Junior, focada em preparar a popula\u00e7\u00e3o para os desafios do mercado de trabalho. Ao todo, os programas registraram 3.115 inscritos para o Bolsa P\u00f3s-Gradua\u00e7\u00e3o e 11.872 para o Bolsa Idiomas, concorrendo \u00e0s mais de 68 mil vagas ofertadas neste ciclo.<\/p>\n\n\n\n<p>Cronograma<\/p>\n\n\n\n<p>Para os candidatos do Programa Bolsa Idiomas, a Espi destaca datas importantes para o fechamento do certame: o resultado dos recursos ser\u00e1 divulgado no dia 15 de maio de 2026, enquanto o resultado definitivo ser\u00e1 publicado oficialmente no dia 15 de junho de 2026.<\/p>\n\n\n\n<p>A diretora-executiva da Espi refor\u00e7a que, ap\u00f3s a publica\u00e7\u00e3o do resultado final, o pr\u00f3ximo passo ser\u00e1 a efetiva\u00e7\u00e3o da matr\u00edcula, para garantir o benef\u00edcio.<\/p>\n\n\n\n<p>\u201c\u00c9 fundamental que os candidatos contemplados fiquem atentos aos prazos estabelecidos para a matr\u00edcula, pois essa \u00e9 a etapa que consolida o esfor\u00e7o de cada um em busca de novos conhecimentos. A qualifica\u00e7\u00e3o profissional n\u00e3o \u00e9 apenas um diferencial, mas uma ferramenta de transforma\u00e7\u00e3o social e econ\u00f4mica. Na gest\u00e3o do prefeito Renato Junior, trabalhamos para que esses cidad\u00e3os cheguem ao mercado de trabalho prontos para os desafios de uma carreira de sucesso\u201d, destaca a diretora-executiva da Espi, Sarrandra Mamede.<\/p>\n\n\n\n<p>&#8212; &#8212; &#8212;<\/p>\n\n\n\n<p><strong>Texto\u00a0<\/strong>\u2013 Vit\u00f3ria Viegas \/ Espi-Semad<\/p>\n\n\n\n<p><strong>Fotos\u00a0<\/strong>\u2013 Divulga\u00e7\u00e3o \/ Espi-Semad<\/p>\n","protected":false},"excerpt":{"rendered":"","protected":false},"author":23,"featured_media":257698,"comment_status":"closed","ping_status":"closed","sticky":false,"template":"","format":"standard","meta":{"footnotes":""},"categories":[1669],"tags":[3567,8438,77,838],"acf":[],"yoast_head":"<!-- This site is optimized with the Yoast SEO plugin v23.0 - https:\/\/yoast.com\/wordpress\/plugins\/seo\/ -->\n<title>Prefeitura de Manaus divulga resultado geral dos programas Bolsa P\u00f3s-Gradua\u00e7\u00e3o e Bolsa Idiomas para 2026<\/title>\n<meta name=\"description\" content=\"A Prefeitura de Manaus, por meio da Escola de Servi\u00e7o P\u00fablico Municipal e Inclus\u00e3o Socioeducacional (Espi), \u00f3rg\u00e3o vinculado \u00e0 Secretaria Municipal de Administra\u00e7\u00e3o, Planejamento e Gest\u00e3o (Semad), divulga, a partir das 10h desta quinta-feira, 30\/4, nos portais oficiais dos programas Bolsa P\u00f3s-Gradua\u00e7\u00e3o (PBPG) e Bolsa Idiomas (PBI), o resultado geral e a homologa\u00e7\u00e3o dos processos seletivos para 2026.\" \/>\n<meta name=\"robots\" content=\"index, follow, max-snippet:-1, max-image-preview:large, max-video-preview:-1\" \/>\n<link rel=\"canonical\" href=\"https:\/\/www.manaus.am.gov.br\/semcom\/prefeitura-semad-pbpg_pbi\/\" \/>\n<meta property=\"og:locale\" content=\"pt_BR\" \/>\n<meta property=\"og:type\" content=\"article\" \/>\n<meta property=\"og:title\" content=\"Prefeitura de Manaus divulga resultado geral dos programas Bolsa P\u00f3s-Gradua\u00e7\u00e3o e Bolsa Idiomas para 2026\" \/>\n<meta property=\"og:description\" content=\"A Prefeitura de Manaus, por meio da Escola de Servi\u00e7o P\u00fablico Municipal e Inclus\u00e3o Socioeducacional (Espi), \u00f3rg\u00e3o vinculado \u00e0 Secretaria Municipal de Administra\u00e7\u00e3o, Planejamento e Gest\u00e3o (Semad), divulga, a partir das 10h desta quinta-feira, 30\/4, nos portais oficiais dos programas Bolsa P\u00f3s-Gradua\u00e7\u00e3o (PBPG) e Bolsa Idiomas (PBI), o resultado geral e a homologa\u00e7\u00e3o dos processos seletivos para 2026.\" \/>\n<meta property=\"og:url\" content=\"https:\/\/www.manaus.am.gov.br\/semcom\/prefeitura-semad-pbpg_pbi\/\" \/>\n<meta property=\"og:site_name\" content=\"SEMCOM\" \/>\n<meta property=\"article:published_time\" content=\"2026-04-30T13:58:47+00:00\" \/>\n<meta property=\"article:modified_time\" content=\"2026-04-30T13:58:49+00:00\" \/>\n<meta property=\"og:image\" content=\"https:\/\/www.manaus.am.gov.br\/semcom\/wp-content\/uploads\/sites\/5\/2026\/04\/Resultado-Geral-PBI-e-PBPG-Fotos-Divulgacao-Semad-Espi-3.jpeg\" \/>\n\t<meta property=\"og:image:width\" content=\"960\" \/>\n\t<meta property=\"og:image:height\" content=\"1280\" \/>\n\t<meta property=\"og:image:type\" content=\"image\/jpeg\" \/>\n<meta name=\"author\" content=\"Adriana Costa\" \/>\n<meta name=\"twitter:card\" content=\"summary_large_image\" \/>\n<meta name=\"twitter:label1\" content=\"Written by\" \/>\n\t<meta name=\"twitter:data1\" content=\"Adriana Costa\" \/>\n\t<meta name=\"twitter:label2\" content=\"Est. reading time\" \/>\n\t<meta name=\"twitter:data2\" content=\"2 minutos\" \/>\n<script type=\"application\/ld+json\" class=\"yoast-schema-graph\">{\"@context\":\"https:\/\/schema.org\",\"@graph\":[{\"@type\":\"WebPage\",\"@id\":\"https:\/\/www.manaus.am.gov.br\/semcom\/prefeitura-semad-pbpg_pbi\/\",\"url\":\"https:\/\/www.manaus.am.gov.br\/semcom\/prefeitura-semad-pbpg_pbi\/\",\"name\":\"Prefeitura de Manaus divulga resultado geral dos programas Bolsa P\u00f3s-Gradua\u00e7\u00e3o e Bolsa Idiomas para 2026\",\"isPartOf\":{\"@id\":\"https:\/\/www.manaus.am.gov.br\/semcom\/#website\"},\"primaryImageOfPage\":{\"@id\":\"https:\/\/www.manaus.am.gov.br\/semcom\/prefeitura-semad-pbpg_pbi\/#primaryimage\"},\"image\":{\"@id\":\"https:\/\/www.manaus.am.gov.br\/semcom\/prefeitura-semad-pbpg_pbi\/#primaryimage\"},\"thumbnailUrl\":\"https:\/\/www.manaus.am.gov.br\/semcom\/wp-content\/uploads\/sites\/5\/2026\/04\/Resultado-Geral-PBI-e-PBPG-Fotos-Divulgacao-Semad-Espi-3.jpeg\",\"datePublished\":\"2026-04-30T13:58:47+00:00\",\"dateModified\":\"2026-04-30T13:58:49+00:00\",\"author\":{\"@id\":\"https:\/\/www.manaus.am.gov.br\/semcom\/#\/schema\/person\/4e49f4e267757a06ca072ec61b2b9968\"},\"description\":\"A Prefeitura de Manaus, por meio da Escola de Servi\u00e7o P\u00fablico Municipal e Inclus\u00e3o Socioeducacional (Espi), \u00f3rg\u00e3o vinculado \u00e0 Secretaria Municipal de Administra\u00e7\u00e3o, Planejamento e Gest\u00e3o (Semad), divulga, a partir das 10h desta quinta-feira, 30\/4, nos portais oficiais dos programas Bolsa P\u00f3s-Gradua\u00e7\u00e3o (PBPG) e Bolsa Idiomas (PBI), o resultado geral e a homologa\u00e7\u00e3o dos processos seletivos para 2026.\",\"inLanguage\":\"pt-BR\",\"potentialAction\":[{\"@type\":\"ReadAction\",\"target\":[\"https:\/\/www.manaus.am.gov.br\/semcom\/prefeitura-semad-pbpg_pbi\/\"]}]},{\"@type\":\"ImageObject\",\"inLanguage\":\"pt-BR\",\"@id\":\"https:\/\/www.manaus.am.gov.br\/semcom\/prefeitura-semad-pbpg_pbi\/#primaryimage\",\"url\":\"https:\/\/www.manaus.am.gov.br\/semcom\/wp-content\/uploads\/sites\/5\/2026\/04\/Resultado-Geral-PBI-e-PBPG-Fotos-Divulgacao-Semad-Espi-3.jpeg\",\"contentUrl\":\"https:\/\/www.manaus.am.gov.br\/semcom\/wp-content\/uploads\/sites\/5\/2026\/04\/Resultado-Geral-PBI-e-PBPG-Fotos-Divulgacao-Semad-Espi-3.jpeg\",\"width\":960,\"height\":1280,\"caption\":\"#paratodosverem - Atendimento a candidatos contemplados para para bolsas de estudo.\"},{\"@type\":\"WebSite\",\"@id\":\"https:\/\/www.manaus.am.gov.br\/semcom\/#website\",\"url\":\"https:\/\/www.manaus.am.gov.br\/semcom\/\",\"name\":\"SEMCOM\",\"description\":\"Secretaria Municipal de Comunica\u00e7\u00e3o\",\"potentialAction\":[{\"@type\":\"SearchAction\",\"target\":{\"@type\":\"EntryPoint\",\"urlTemplate\":\"https:\/\/www.manaus.am.gov.br\/semcom\/?s={search_term_string}\"},\"query-input\":\"required name=search_term_string\"}],\"inLanguage\":\"pt-BR\"},{\"@type\":\"Person\",\"@id\":\"https:\/\/www.manaus.am.gov.br\/semcom\/#\/schema\/person\/4e49f4e267757a06ca072ec61b2b9968\",\"name\":\"Adriana Costa\",\"image\":{\"@type\":\"ImageObject\",\"inLanguage\":\"pt-BR\",\"@id\":\"https:\/\/www.manaus.am.gov.br\/semcom\/#\/schema\/person\/image\/\",\"url\":\"https:\/\/secure.gravatar.com\/avatar\/576258617ef7194f718179e766d57bd4?s=96&d=mm&r=g\",\"contentUrl\":\"https:\/\/secure.gravatar.com\/avatar\/576258617ef7194f718179e766d57bd4?s=96&d=mm&r=g\",\"caption\":\"Adriana Costa\"}}]}<\/script>\n<!-- \/ Yoast SEO plugin. -->","yoast_head_json":{"title":"Prefeitura de Manaus divulga resultado geral dos programas Bolsa P\u00f3s-Gradua\u00e7\u00e3o e Bolsa Idiomas para 2026","description":"A Prefeitura de Manaus, por meio da Escola de Servi\u00e7o P\u00fablico Municipal e Inclus\u00e3o Socioeducacional (Espi), \u00f3rg\u00e3o vinculado \u00e0 Secretaria Municipal de Administra\u00e7\u00e3o, Planejamento e Gest\u00e3o (Semad), divulga, a partir das 10h desta quinta-feira, 30\/4, nos portais oficiais dos programas Bolsa P\u00f3s-Gradua\u00e7\u00e3o (PBPG) e Bolsa Idiomas (PBI), o resultado geral e a homologa\u00e7\u00e3o dos processos seletivos para 2026.","robots":{"index":"index","follow":"follow","max-snippet":"max-snippet:-1","max-image-preview":"max-image-preview:large","max-video-preview":"max-video-preview:-1"},"canonical":"https:\/\/www.manaus.am.gov.br\/semcom\/prefeitura-semad-pbpg_pbi\/","og_locale":"pt_BR","og_type":"article","og_title":"Prefeitura de Manaus divulga resultado geral dos programas Bolsa P\u00f3s-Gradua\u00e7\u00e3o e Bolsa Idiomas para 2026","og_description":"A Prefeitura de Manaus, por meio da Escola de Servi\u00e7o P\u00fablico Municipal e Inclus\u00e3o Socioeducacional (Espi), \u00f3rg\u00e3o vinculado \u00e0 Secretaria Municipal de Administra\u00e7\u00e3o, Planejamento e Gest\u00e3o (Semad), divulga, a partir das 10h desta quinta-feira, 30\/4, nos portais oficiais dos programas Bolsa P\u00f3s-Gradua\u00e7\u00e3o (PBPG) e Bolsa Idiomas (PBI), o resultado geral e a homologa\u00e7\u00e3o dos processos seletivos para 2026.","og_url":"https:\/\/www.manaus.am.gov.br\/semcom\/prefeitura-semad-pbpg_pbi\/","og_site_name":"SEMCOM","article_published_time":"2026-04-30T13:58:47+00:00","article_modified_time":"2026-04-30T13:58:49+00:00","og_image":[{"width":960,"height":1280,"url":"https:\/\/www.manaus.am.gov.br\/semcom\/wp-content\/uploads\/sites\/5\/2026\/04\/Resultado-Geral-PBI-e-PBPG-Fotos-Divulgacao-Semad-Espi-3.jpeg","type":"image\/jpeg"}],"author":"Adriana Costa","twitter_card":"summary_large_image","twitter_misc":{"Written by":"Adriana Costa","Est. reading time":"2 minutos"},"schema":{"@context":"https:\/\/schema.org","@graph":[{"@type":"WebPage","@id":"https:\/\/www.manaus.am.gov.br\/semcom\/prefeitura-semad-pbpg_pbi\/","url":"https:\/\/www.manaus.am.gov.br\/semcom\/prefeitura-semad-pbpg_pbi\/","name":"Prefeitura de Manaus divulga resultado geral dos programas Bolsa P\u00f3s-Gradua\u00e7\u00e3o e Bolsa Idiomas para 2026","isPartOf":{"@id":"https:\/\/www.manaus.am.gov.br\/semcom\/#website"},"primaryImageOfPage":{"@id":"https:\/\/www.manaus.am.gov.br\/semcom\/prefeitura-semad-pbpg_pbi\/#primaryimage"},"image":{"@id":"https:\/\/www.manaus.am.gov.br\/semcom\/prefeitura-semad-pbpg_pbi\/#primaryimage"},"thumbnailUrl":"https:\/\/www.manaus.am.gov.br\/semcom\/wp-content\/uploads\/sites\/5\/2026\/04\/Resultado-Geral-PBI-e-PBPG-Fotos-Divulgacao-Semad-Espi-3.jpeg","datePublished":"2026-04-30T13:58:47+00:00","dateModified":"2026-04-30T13:58:49+00:00","author":{"@id":"https:\/\/www.manaus.am.gov.br\/semcom\/#\/schema\/person\/4e49f4e267757a06ca072ec61b2b9968"},"description":"A Prefeitura de Manaus, por meio da Escola de Servi\u00e7o P\u00fablico Municipal e Inclus\u00e3o Socioeducacional (Espi), \u00f3rg\u00e3o vinculado \u00e0 Secretaria Municipal de Administra\u00e7\u00e3o, Planejamento e Gest\u00e3o (Semad), divulga, a partir das 10h desta quinta-feira, 30\/4, nos portais oficiais dos programas Bolsa P\u00f3s-Gradua\u00e7\u00e3o (PBPG) e Bolsa Idiomas (PBI), o resultado geral e a homologa\u00e7\u00e3o dos processos seletivos para 2026.","inLanguage":"pt-BR","potentialAction":[{"@type":"ReadAction","target":["https:\/\/www.manaus.am.gov.br\/semcom\/prefeitura-semad-pbpg_pbi\/"]}]},{"@type":"ImageObject","inLanguage":"pt-BR","@id":"https:\/\/www.manaus.am.gov.br\/semcom\/prefeitura-semad-pbpg_pbi\/#primaryimage","url":"https:\/\/www.manaus.am.gov.br\/semcom\/wp-content\/uploads\/sites\/5\/2026\/04\/Resultado-Geral-PBI-e-PBPG-Fotos-Divulgacao-Semad-Espi-3.jpeg","contentUrl":"https:\/\/www.manaus.am.gov.br\/semcom\/wp-content\/uploads\/sites\/5\/2026\/04\/Resultado-Geral-PBI-e-PBPG-Fotos-Divulgacao-Semad-Espi-3.jpeg","width":960,"height":1280,"caption":"#paratodosverem - Atendimento a candidatos contemplados para para bolsas de estudo."},{"@type":"WebSite","@id":"https:\/\/www.manaus.am.gov.br\/semcom\/#website","url":"https:\/\/www.manaus.am.gov.br\/semcom\/","name":"SEMCOM","description":"Secretaria Municipal de Comunica\u00e7\u00e3o","potentialAction":[{"@type":"SearchAction","target":{"@type":"EntryPoint","urlTemplate":"https:\/\/www.manaus.am.gov.br\/semcom\/?s={search_term_string}"},"query-input":"required name=search_term_string"}],"inLanguage":"pt-BR"},{"@type":"Person","@id":"https:\/\/www.manaus.am.gov.br\/semcom\/#\/schema\/person\/4e49f4e267757a06ca072ec61b2b9968","name":"Adriana Costa","image":{"@type":"ImageObject","inLanguage":"pt-BR","@id":"https:\/\/www.manaus.am.gov.br\/semcom\/#\/schema\/person\/image\/","url":"https:\/\/secure.gravatar.com\/avatar\/576258617ef7194f718179e766d57bd4?s=96&d=mm&r=g","contentUrl":"https:\/\/secure.gravatar.com\/avatar\/576258617ef7194f718179e766d57bd4?s=96&d=mm&r=g","caption":"Adriana Costa"}}]}},"_links":{"self":[{"href":"https:\/\/www.manaus.am.gov.br\/semcom\/wp-json\/wp\/v2\/posts\/257697"}],"collection":[{"href":"https:\/\/www.manaus.am.gov.br\/semcom\/wp-json\/wp\/v2\/posts"}],"about":[{"href":"https:\/\/www.manaus.am.gov.br\/semcom\/wp-json\/wp\/v2\/types\/post"}],"author":[{"embeddable":true,"href":"https:\/\/www.manaus.am.gov.br\/semcom\/wp-json\/wp\/v2\/users\/23"}],"replies":[{"embeddable":true,"href":"https:\/\/www.manaus.am.gov.br\/semcom\/wp-json\/wp\/v2\/comments?post=257697"}],"version-history":[{"count":0,"href":"https:\/\/www.manaus.am.gov.br\/semcom\/wp-json\/wp\/v2\/posts\/257697\/revisions"}],"wp:featuredmedia":[{"embeddable":true,"href":"https:\/\/www.manaus.am.gov.br\/semcom\/wp-json\/wp\/v2\/media\/257698"}],"wp:attachment":[{"href":"https:\/\/www.manaus.am.gov.br\/semcom\/wp-json\/wp\/v2\/media?parent=257697"}],"wp:term":[{"taxonomy":"category","embeddable":true,"href":"https:\/\/www.manaus.am.gov.br\/semcom\/wp-json\/wp\/v2\/categories?post=257697"},{"taxonomy":"post_tag","embeddable":true,"href":"https:\/\/www.manaus.am.gov.br\/semcom\/wp-json\/wp\/v2\/tags?post=257697"}],"curies":[{"name":"wp","href":"https:\/\/api.w.org\/{rel}","templated":true}]}}