{"id":257696,"date":"2026-04-29T21:14:35","date_gmt":"2026-04-30T00:14:35","guid":{"rendered":"https:\/\/www.manaus.am.gov.br\/semcom\/acoes-de-seguranca\/"},"modified":"2026-04-29T21:14:37","modified_gmt":"2026-04-30T00:14:37","slug":"acoes-de-seguranca","status":"publish","type":"post","link":"https:\/\/www.manaus.am.gov.br\/semcom\/acoes-de-seguranca\/","title":{"rendered":"Guarda Municipal realiza pris\u00f5es em ocorr\u00eancias distintas na capital e intensifica a\u00e7\u00f5es de seguran\u00e7a\u00a0"},"content":{"rendered":"\n<p>A Prefeitura de Manaus, por meio da Secretaria Municipal de Seguran\u00e7a P\u00fablica e Defesa Social (Semseg), informa que a Guarda Municipal de Manaus (GMM) realizou, em a\u00e7\u00f5es distintas nesta semana, duas pris\u00f5es, refor\u00e7ando a atua\u00e7\u00e3o integrada das equipes da Ronda Ostensiva Municipal (Romu) e da Guardi\u00e3 Maria da Penha (GMP) no combate \u00e0 criminalidade e na prote\u00e7\u00e3o da popula\u00e7\u00e3o.<\/p>\n\n\n\n<p>Na \u00faltima segunda-feira, 27\/4, a equipe da GMP efetuou a pris\u00e3o em flagrante de um indiv\u00edduo por descumprimento de medida protetiva, na resid\u00eancia da v\u00edtima. Ap\u00f3s den\u00fancia, os agentes se deslocaram ao local, onde constataram a presen\u00e7a do suspeito, que tentou fugir e se esconder, mas foi rapidamente interceptado pela equipe. Ele foi conduzido \u00e0 Delegacia Especializada em Crimes Contra a Mulher (DECCM), no bairro Parque 10 de Novembro.<\/p>\n\n\n\n<p>J\u00e1 na noite de ter\u00e7a-feira, 28\/4, a Romu realizou a pris\u00e3o de um indiv\u00edduo com mandado de pris\u00e3o em aberto, no bairro Novo Aleixo, zona Leste da capital. Durante patrulhamento preventivo nas proximidades do parque Gigantes da Floresta, tr\u00eas indiv\u00edduos em atitude suspeita foram identificados e, ao perceberem a viatura, tentaram fugir. Ap\u00f3s abordagem, foi constatado que um deles possu\u00eda pend\u00eancia judicial, sendo conduzido ao 14\u00ba Distrito Integrado de Pol\u00edcia (DIP).<\/p>\n\n\n\n<p>A Prefeitura de Manaus refor\u00e7a o compromisso com a seguran\u00e7a p\u00fablica, destacando a import\u00e2ncia da atua\u00e7\u00e3o integrada entre as equipes da Guarda Municipal no enfrentamento \u00e0 criminalidade, na prote\u00e7\u00e3o das mulheres e na promo\u00e7\u00e3o da ordem p\u00fablica na cidade.<\/p>\n\n\n\n<p><br>&#8212; &#8212; &#8212;<br><strong>Texto <\/strong>\u2013 La\u00eds Fernandes\/Semseg<\/p>\n","protected":false},"excerpt":{"rendered":"","protected":false},"author":68,"featured_media":238167,"comment_status":"closed","ping_status":"closed","sticky":false,"template":"","format":"standard","meta":{"footnotes":""},"categories":[59],"tags":[20606,20607,61,77,101,349],"acf":[],"yoast_head":"<!-- This site is optimized with the Yoast SEO plugin v23.0 - https:\/\/yoast.com\/wordpress\/plugins\/seo\/ -->\n<title>Guarda Municipal realiza pris\u00f5es distintas na capital<\/title>\n<meta name=\"description\" content=\"A Prefeitura de Manaus, informa que a Guarda Municipal de Manaus (GMM) realizou, em a\u00e7\u00f5es distintas nesta semana.\" \/>\n<meta name=\"robots\" content=\"index, follow, max-snippet:-1, max-image-preview:large, max-video-preview:-1\" \/>\n<link rel=\"canonical\" href=\"https:\/\/www.manaus.am.gov.br\/semcom\/acoes-de-seguranca\/\" \/>\n<meta property=\"og:locale\" content=\"pt_BR\" \/>\n<meta property=\"og:type\" content=\"article\" \/>\n<meta property=\"og:title\" content=\"Guarda Municipal realiza pris\u00f5es distintas na capital\" \/>\n<meta property=\"og:description\" content=\"A Prefeitura de Manaus, informa que a Guarda Municipal de Manaus (GMM) realizou, em a\u00e7\u00f5es distintas nesta semana.\" \/>\n<meta property=\"og:url\" content=\"https:\/\/www.manaus.am.gov.br\/semcom\/acoes-de-seguranca\/\" \/>\n<meta property=\"og:site_name\" content=\"SEMCOM\" \/>\n<meta property=\"article:published_time\" content=\"2026-04-30T00:14:35+00:00\" \/>\n<meta property=\"article:modified_time\" content=\"2026-04-30T00:14:37+00:00\" \/>\n<meta property=\"og:image\" content=\"https:\/\/www.manaus.am.gov.br\/semcom\/wp-content\/uploads\/sites\/5\/2025\/04\/BANNER-NOTA.png\" \/>\n\t<meta property=\"og:image:width\" content=\"900\" \/>\n\t<meta property=\"og:image:height\" content=\"509\" \/>\n\t<meta property=\"og:image:type\" content=\"image\/png\" \/>\n<meta name=\"author\" content=\"bvalente\" \/>\n<meta name=\"twitter:card\" content=\"summary_large_image\" \/>\n<meta name=\"twitter:label1\" content=\"Written by\" \/>\n\t<meta name=\"twitter:data1\" content=\"bvalente\" \/>\n\t<meta name=\"twitter:label2\" content=\"Est. reading time\" \/>\n\t<meta name=\"twitter:data2\" content=\"2 minutos\" \/>\n<script type=\"application\/ld+json\" class=\"yoast-schema-graph\">{\"@context\":\"https:\/\/schema.org\",\"@graph\":[{\"@type\":\"WebPage\",\"@id\":\"https:\/\/www.manaus.am.gov.br\/semcom\/acoes-de-seguranca\/\",\"url\":\"https:\/\/www.manaus.am.gov.br\/semcom\/acoes-de-seguranca\/\",\"name\":\"Guarda Municipal realiza pris\u00f5es distintas na capital\",\"isPartOf\":{\"@id\":\"https:\/\/www.manaus.am.gov.br\/semcom\/#website\"},\"primaryImageOfPage\":{\"@id\":\"https:\/\/www.manaus.am.gov.br\/semcom\/acoes-de-seguranca\/#primaryimage\"},\"image\":{\"@id\":\"https:\/\/www.manaus.am.gov.br\/semcom\/acoes-de-seguranca\/#primaryimage\"},\"thumbnailUrl\":\"https:\/\/www.manaus.am.gov.br\/semcom\/wp-content\/uploads\/sites\/5\/2025\/04\/BANNER-NOTA.png\",\"datePublished\":\"2026-04-30T00:14:35+00:00\",\"dateModified\":\"2026-04-30T00:14:37+00:00\",\"author\":{\"@id\":\"https:\/\/www.manaus.am.gov.br\/semcom\/#\/schema\/person\/466a0e03ae4b6062809046bd560ac955\"},\"description\":\"A Prefeitura de Manaus, informa que a Guarda Municipal de Manaus (GMM) realizou, em a\u00e7\u00f5es distintas nesta semana.\",\"inLanguage\":\"pt-BR\",\"potentialAction\":[{\"@type\":\"ReadAction\",\"target\":[\"https:\/\/www.manaus.am.gov.br\/semcom\/acoes-de-seguranca\/\"]}]},{\"@type\":\"ImageObject\",\"inLanguage\":\"pt-BR\",\"@id\":\"https:\/\/www.manaus.am.gov.br\/semcom\/acoes-de-seguranca\/#primaryimage\",\"url\":\"https:\/\/www.manaus.am.gov.br\/semcom\/wp-content\/uploads\/sites\/5\/2025\/04\/BANNER-NOTA.png\",\"contentUrl\":\"https:\/\/www.manaus.am.gov.br\/semcom\/wp-content\/uploads\/sites\/5\/2025\/04\/BANNER-NOTA.png\",\"width\":900,\"height\":509,\"caption\":\"37 ocorr\u00eancias ap\u00f3s fortes chuvas\"},{\"@type\":\"WebSite\",\"@id\":\"https:\/\/www.manaus.am.gov.br\/semcom\/#website\",\"url\":\"https:\/\/www.manaus.am.gov.br\/semcom\/\",\"name\":\"SEMCOM\",\"description\":\"Secretaria Municipal de Comunica\u00e7\u00e3o\",\"potentialAction\":[{\"@type\":\"SearchAction\",\"target\":{\"@type\":\"EntryPoint\",\"urlTemplate\":\"https:\/\/www.manaus.am.gov.br\/semcom\/?s={search_term_string}\"},\"query-input\":\"required name=search_term_string\"}],\"inLanguage\":\"pt-BR\"},{\"@type\":\"Person\",\"@id\":\"https:\/\/www.manaus.am.gov.br\/semcom\/#\/schema\/person\/466a0e03ae4b6062809046bd560ac955\",\"name\":\"bvalente\",\"image\":{\"@type\":\"ImageObject\",\"inLanguage\":\"pt-BR\",\"@id\":\"https:\/\/www.manaus.am.gov.br\/semcom\/#\/schema\/person\/image\/\",\"url\":\"https:\/\/secure.gravatar.com\/avatar\/3e69bc2b014bdad41adfec3a39de07d2?s=96&d=mm&r=g\",\"contentUrl\":\"https:\/\/secure.gravatar.com\/avatar\/3e69bc2b014bdad41adfec3a39de07d2?s=96&d=mm&r=g\",\"caption\":\"bvalente\"}}]}<\/script>\n<!-- \/ Yoast SEO plugin. -->","yoast_head_json":{"title":"Guarda Municipal realiza pris\u00f5es distintas na capital","description":"A Prefeitura de Manaus, informa que a Guarda Municipal de Manaus (GMM) realizou, em a\u00e7\u00f5es distintas nesta semana.","robots":{"index":"index","follow":"follow","max-snippet":"max-snippet:-1","max-image-preview":"max-image-preview:large","max-video-preview":"max-video-preview:-1"},"canonical":"https:\/\/www.manaus.am.gov.br\/semcom\/acoes-de-seguranca\/","og_locale":"pt_BR","og_type":"article","og_title":"Guarda Municipal realiza pris\u00f5es distintas na capital","og_description":"A Prefeitura de Manaus, informa que a Guarda Municipal de Manaus (GMM) realizou, em a\u00e7\u00f5es distintas nesta semana.","og_url":"https:\/\/www.manaus.am.gov.br\/semcom\/acoes-de-seguranca\/","og_site_name":"SEMCOM","article_published_time":"2026-04-30T00:14:35+00:00","article_modified_time":"2026-04-30T00:14:37+00:00","og_image":[{"width":900,"height":509,"url":"https:\/\/www.manaus.am.gov.br\/semcom\/wp-content\/uploads\/sites\/5\/2025\/04\/BANNER-NOTA.png","type":"image\/png"}],"author":"bvalente","twitter_card":"summary_large_image","twitter_misc":{"Written by":"bvalente","Est. reading time":"2 minutos"},"schema":{"@context":"https:\/\/schema.org","@graph":[{"@type":"WebPage","@id":"https:\/\/www.manaus.am.gov.br\/semcom\/acoes-de-seguranca\/","url":"https:\/\/www.manaus.am.gov.br\/semcom\/acoes-de-seguranca\/","name":"Guarda Municipal realiza pris\u00f5es distintas na capital","isPartOf":{"@id":"https:\/\/www.manaus.am.gov.br\/semcom\/#website"},"primaryImageOfPage":{"@id":"https:\/\/www.manaus.am.gov.br\/semcom\/acoes-de-seguranca\/#primaryimage"},"image":{"@id":"https:\/\/www.manaus.am.gov.br\/semcom\/acoes-de-seguranca\/#primaryimage"},"thumbnailUrl":"https:\/\/www.manaus.am.gov.br\/semcom\/wp-content\/uploads\/sites\/5\/2025\/04\/BANNER-NOTA.png","datePublished":"2026-04-30T00:14:35+00:00","dateModified":"2026-04-30T00:14:37+00:00","author":{"@id":"https:\/\/www.manaus.am.gov.br\/semcom\/#\/schema\/person\/466a0e03ae4b6062809046bd560ac955"},"description":"A Prefeitura de Manaus, informa que a Guarda Municipal de Manaus (GMM) realizou, em a\u00e7\u00f5es distintas nesta semana.","inLanguage":"pt-BR","potentialAction":[{"@type":"ReadAction","target":["https:\/\/www.manaus.am.gov.br\/semcom\/acoes-de-seguranca\/"]}]},{"@type":"ImageObject","inLanguage":"pt-BR","@id":"https:\/\/www.manaus.am.gov.br\/semcom\/acoes-de-seguranca\/#primaryimage","url":"https:\/\/www.manaus.am.gov.br\/semcom\/wp-content\/uploads\/sites\/5\/2025\/04\/BANNER-NOTA.png","contentUrl":"https:\/\/www.manaus.am.gov.br\/semcom\/wp-content\/uploads\/sites\/5\/2025\/04\/BANNER-NOTA.png","width":900,"height":509,"caption":"37 ocorr\u00eancias ap\u00f3s fortes chuvas"},{"@type":"WebSite","@id":"https:\/\/www.manaus.am.gov.br\/semcom\/#website","url":"https:\/\/www.manaus.am.gov.br\/semcom\/","name":"SEMCOM","description":"Secretaria Municipal de Comunica\u00e7\u00e3o","potentialAction":[{"@type":"SearchAction","target":{"@type":"EntryPoint","urlTemplate":"https:\/\/www.manaus.am.gov.br\/semcom\/?s={search_term_string}"},"query-input":"required name=search_term_string"}],"inLanguage":"pt-BR"},{"@type":"Person","@id":"https:\/\/www.manaus.am.gov.br\/semcom\/#\/schema\/person\/466a0e03ae4b6062809046bd560ac955","name":"bvalente","image":{"@type":"ImageObject","inLanguage":"pt-BR","@id":"https:\/\/www.manaus.am.gov.br\/semcom\/#\/schema\/person\/image\/","url":"https:\/\/secure.gravatar.com\/avatar\/3e69bc2b014bdad41adfec3a39de07d2?s=96&d=mm&r=g","contentUrl":"https:\/\/secure.gravatar.com\/avatar\/3e69bc2b014bdad41adfec3a39de07d2?s=96&d=mm&r=g","caption":"bvalente"}}]}},"_links":{"self":[{"href":"https:\/\/www.manaus.am.gov.br\/semcom\/wp-json\/wp\/v2\/posts\/257696"}],"collection":[{"href":"https:\/\/www.manaus.am.gov.br\/semcom\/wp-json\/wp\/v2\/posts"}],"about":[{"href":"https:\/\/www.manaus.am.gov.br\/semcom\/wp-json\/wp\/v2\/types\/post"}],"author":[{"embeddable":true,"href":"https:\/\/www.manaus.am.gov.br\/semcom\/wp-json\/wp\/v2\/users\/68"}],"replies":[{"embeddable":true,"href":"https:\/\/www.manaus.am.gov.br\/semcom\/wp-json\/wp\/v2\/comments?post=257696"}],"version-history":[{"count":0,"href":"https:\/\/www.manaus.am.gov.br\/semcom\/wp-json\/wp\/v2\/posts\/257696\/revisions"}],"wp:featuredmedia":[{"embeddable":true,"href":"https:\/\/www.manaus.am.gov.br\/semcom\/wp-json\/wp\/v2\/media\/238167"}],"wp:attachment":[{"href":"https:\/\/www.manaus.am.gov.br\/semcom\/wp-json\/wp\/v2\/media?parent=257696"}],"wp:term":[{"taxonomy":"category","embeddable":true,"href":"https:\/\/www.manaus.am.gov.br\/semcom\/wp-json\/wp\/v2\/categories?post=257696"},{"taxonomy":"post_tag","embeddable":true,"href":"https:\/\/www.manaus.am.gov.br\/semcom\/wp-json\/wp\/v2\/tags?post=257696"}],"curies":[{"name":"wp","href":"https:\/\/api.w.org\/{rel}","templated":true}]}}