{"id":257694,"date":"2026-04-29T19:45:01","date_gmt":"2026-04-29T22:45:01","guid":{"rendered":"https:\/\/www.manaus.am.gov.br\/semcom\/concurso-publico-da-semmas-e-cgm\/"},"modified":"2026-04-29T19:45:03","modified_gmt":"2026-04-29T22:45:03","slug":"concurso-publico-da-semmas-e-cgm","status":"publish","type":"post","link":"https:\/\/www.manaus.am.gov.br\/semcom\/concurso-publico-da-semmas-e-cgm\/","title":{"rendered":"Prefeitura de Manaus divulga resultado final do concurso p\u00fablico da Semmas e CGM"},"content":{"rendered":"\n<p>A Prefeitura de Manaus oficializou a divulga\u00e7\u00e3o do resultado final dos concursos p\u00fablicos da Secretaria Municipal de Meio Ambiente e Sustentabilidade (Semmas) e da Controladoria-Geral do Munic\u00edpio (CGM). A publica\u00e7\u00e3o, realizada na edi\u00e7\u00e3o n\u00ba 6300 do Di\u00e1rio Oficial do Munic\u00edpio (DOM), de 28 de abril, marca a conclus\u00e3o das etapas de avalia\u00e7\u00e3o e define a classifica\u00e7\u00e3o definitiva dos candidatos.<\/p>\n\n\n\n<p>Ao todo, os certames ofertaram 65 vagas imediatas, al\u00e9m da forma\u00e7\u00e3o de cadastro de reserva para cargos de n\u00edveis m\u00e9dio e superior. As oportunidades foram distribu\u00eddas da seguinte forma: Semmas com 30 vagas para cargos como Analista Municipal (em especialidades de Geografia, Qu\u00edmica, Geologia e Engenharias Ambiental, Civil e Florestal) e T\u00e9cnicos; e CGM com 35 vagas, incluindo o cargo de Auditor de Controle Interno (\u00e1reas de Finan\u00e7as, Contabilidade, Engenharia e Tecnologia da Informa\u00e7\u00e3o) e Assistente de Controle Interno (n\u00edvel m\u00e9dio).<\/p>\n\n\n\n<p>\u201cA Prefeitura de Manaus, na gest\u00e3o do prefeito Renato Junior, valoriza os servidores. Com a realiza\u00e7\u00e3o de concursos p\u00fablicos, temos um corpo t\u00e9cnico que chega para somar na oferta de servi\u00e7os \u00e0 popula\u00e7\u00e3o e, no caso da Semmas, no controle ambiental para o desenvolvimento com sustentabilidade e maior qualidade de vida\u201d, afirmou o titular da Semmas, Fransu\u00e1 Matos.<\/p>\n\n\n\n<p>Com a divulga\u00e7\u00e3o do resultado final, a pr\u00f3xima fase \u00e9 a homologa\u00e7\u00e3o dos concursos pela administra\u00e7\u00e3o municipal. Ap\u00f3s esse ato, a prefeitura estar\u00e1 autorizada a iniciar a convoca\u00e7\u00e3o, nomea\u00e7\u00e3o e posse dos novos servidores, seguindo a ordem de classifica\u00e7\u00e3o e a necessidade de cada \u00f3rg\u00e3o.<\/p>\n\n\n\n<p>O titular da Secretaria Municipal de Administra\u00e7\u00e3o e Gest\u00e3o (Semad), Heliatan Botelho, destacou que a realiza\u00e7\u00e3o de concursos p\u00fablicos \u00e9 estrat\u00e9gica para o fortalecimento do quadro t\u00e9cnico da prefeitura.<\/p>\n\n\n\n<p>&#8220;Ainda neste ano, a Semad conduz um novo concurso, com mais de 500 vagas destinadas \u00e0 Guarda Municipal de Manaus. Al\u00e9m disso, o munic\u00edpio prev\u00ea novos certames que ser\u00e3o divulgados em breve, buscando, assim, fortalecer a estrutura e manter a excel\u00eancia na presta\u00e7\u00e3o de servi\u00e7os \u00e0 popula\u00e7\u00e3o\u201d, enfatizou Botelho.<\/p>\n\n\n\n<p><strong>Estat\u00edsticas do Certame<\/strong><\/p>\n\n\n\n<p>As provas, organizadas pelo Instituto Consulplan, atra\u00edram milhares de inscritos. O concurso da CGM, o primeiro da hist\u00f3ria do \u00f3rg\u00e3o, contou com mais de 16 mil candidatos. J\u00e1 para os cargos de n\u00edvel superior da Semmas, foram registrados cerca de 1,6 mil inscritos.<\/p>\n\n\n\n<p>\u201cEsse momento \u00e9 um divisor de \u00e1guas para o Controle Interno da Prefeitura de Manaus. H\u00e1 muito tempo a CGM vem se preparando para esse concurso e sua homologa\u00e7\u00e3o garantir\u00e1 a continuidade do processo para chamamento dos novos servidores que compor\u00e3o os quadros da CGM\u201d, pontuou o controlador-geral do munic\u00edpio, Arnaldo Flores.<\/p>\n\n\n\n<p>Os candidatos podem consultar as listas completas de aprovados e a pontua\u00e7\u00e3o final detalhada no portal oficial da banca organizadora ou no site da Prefeitura de Manaus.<\/p>\n\n\n\n<p>&#8212; &#8212; &#8212;<br><strong>Texto &#8211;<\/strong> Taianna Castro\/Semmas e Oliveira Junior\/CGM<br><strong>Foto &#8211; <\/strong>Arquivo \/ Semcom<\/p>\n","protected":false},"excerpt":{"rendered":"","protected":false},"author":68,"featured_media":257695,"comment_status":"closed","ping_status":"closed","sticky":false,"template":"","format":"standard","meta":{"footnotes":""},"categories":[6746],"tags":[4137,20604,77,20605,19],"acf":[],"yoast_head":"<!-- This site is optimized with the Yoast SEO plugin v23.0 - https:\/\/yoast.com\/wordpress\/plugins\/seo\/ -->\n<title>PMM divulga resultado do concurso p\u00fablico da Semmas e CGM<\/title>\n<meta name=\"description\" content=\"A Prefeitura de Manaus oficializou a divulga\u00e7\u00e3o do resultado final dos concursos p\u00fablicos da Semmas e da Controladoria-Geral do Munic\u00edpio.\" \/>\n<meta name=\"robots\" content=\"index, follow, max-snippet:-1, max-image-preview:large, max-video-preview:-1\" \/>\n<link rel=\"canonical\" href=\"https:\/\/www.manaus.am.gov.br\/semcom\/concurso-publico-da-semmas-e-cgm\/\" \/>\n<meta property=\"og:locale\" content=\"pt_BR\" \/>\n<meta property=\"og:type\" content=\"article\" \/>\n<meta property=\"og:title\" content=\"PMM divulga resultado do concurso p\u00fablico da Semmas e CGM\" \/>\n<meta property=\"og:description\" content=\"A Prefeitura de Manaus oficializou a divulga\u00e7\u00e3o do resultado final dos concursos p\u00fablicos da Semmas e da Controladoria-Geral do Munic\u00edpio.\" \/>\n<meta property=\"og:url\" content=\"https:\/\/www.manaus.am.gov.br\/semcom\/concurso-publico-da-semmas-e-cgm\/\" \/>\n<meta property=\"og:site_name\" content=\"SEMCOM\" \/>\n<meta property=\"article:published_time\" content=\"2026-04-29T22:45:01+00:00\" \/>\n<meta property=\"article:modified_time\" content=\"2026-04-29T22:45:03+00:00\" \/>\n<meta property=\"og:image\" content=\"https:\/\/www.manaus.am.gov.br\/semcom\/wp-content\/uploads\/sites\/5\/2026\/04\/WhatsApp-Image-2026-04-29-at-18.38.00.jpeg\" \/>\n\t<meta property=\"og:image:width\" content=\"799\" \/>\n\t<meta property=\"og:image:height\" content=\"533\" \/>\n\t<meta property=\"og:image:type\" content=\"image\/jpeg\" \/>\n<meta name=\"author\" content=\"bvalente\" \/>\n<meta name=\"twitter:card\" content=\"summary_large_image\" \/>\n<meta name=\"twitter:label1\" content=\"Written by\" \/>\n\t<meta name=\"twitter:data1\" content=\"bvalente\" \/>\n\t<meta name=\"twitter:label2\" content=\"Est. reading time\" \/>\n\t<meta name=\"twitter:data2\" content=\"3 minutos\" \/>\n<script type=\"application\/ld+json\" class=\"yoast-schema-graph\">{\"@context\":\"https:\/\/schema.org\",\"@graph\":[{\"@type\":\"WebPage\",\"@id\":\"https:\/\/www.manaus.am.gov.br\/semcom\/concurso-publico-da-semmas-e-cgm\/\",\"url\":\"https:\/\/www.manaus.am.gov.br\/semcom\/concurso-publico-da-semmas-e-cgm\/\",\"name\":\"PMM divulga resultado do concurso p\u00fablico da Semmas e CGM\",\"isPartOf\":{\"@id\":\"https:\/\/www.manaus.am.gov.br\/semcom\/#website\"},\"primaryImageOfPage\":{\"@id\":\"https:\/\/www.manaus.am.gov.br\/semcom\/concurso-publico-da-semmas-e-cgm\/#primaryimage\"},\"image\":{\"@id\":\"https:\/\/www.manaus.am.gov.br\/semcom\/concurso-publico-da-semmas-e-cgm\/#primaryimage\"},\"thumbnailUrl\":\"https:\/\/www.manaus.am.gov.br\/semcom\/wp-content\/uploads\/sites\/5\/2026\/04\/WhatsApp-Image-2026-04-29-at-18.38.00.jpeg\",\"datePublished\":\"2026-04-29T22:45:01+00:00\",\"dateModified\":\"2026-04-29T22:45:03+00:00\",\"author\":{\"@id\":\"https:\/\/www.manaus.am.gov.br\/semcom\/#\/schema\/person\/466a0e03ae4b6062809046bd560ac955\"},\"description\":\"A Prefeitura de Manaus oficializou a divulga\u00e7\u00e3o do resultado final dos concursos p\u00fablicos da Semmas e da Controladoria-Geral do Munic\u00edpio.\",\"inLanguage\":\"pt-BR\",\"potentialAction\":[{\"@type\":\"ReadAction\",\"target\":[\"https:\/\/www.manaus.am.gov.br\/semcom\/concurso-publico-da-semmas-e-cgm\/\"]}]},{\"@type\":\"ImageObject\",\"inLanguage\":\"pt-BR\",\"@id\":\"https:\/\/www.manaus.am.gov.br\/semcom\/concurso-publico-da-semmas-e-cgm\/#primaryimage\",\"url\":\"https:\/\/www.manaus.am.gov.br\/semcom\/wp-content\/uploads\/sites\/5\/2026\/04\/WhatsApp-Image-2026-04-29-at-18.38.00.jpeg\",\"contentUrl\":\"https:\/\/www.manaus.am.gov.br\/semcom\/wp-content\/uploads\/sites\/5\/2026\/04\/WhatsApp-Image-2026-04-29-at-18.38.00.jpeg\",\"width\":799,\"height\":533,\"caption\":\"#paratodosverem \u2013 Popula\u00e7\u00e3o em frente a unidade de ensino para realiza\u00e7\u00e3o de concurso p\u00fablico\"},{\"@type\":\"WebSite\",\"@id\":\"https:\/\/www.manaus.am.gov.br\/semcom\/#website\",\"url\":\"https:\/\/www.manaus.am.gov.br\/semcom\/\",\"name\":\"SEMCOM\",\"description\":\"Secretaria Municipal de Comunica\u00e7\u00e3o\",\"potentialAction\":[{\"@type\":\"SearchAction\",\"target\":{\"@type\":\"EntryPoint\",\"urlTemplate\":\"https:\/\/www.manaus.am.gov.br\/semcom\/?s={search_term_string}\"},\"query-input\":\"required name=search_term_string\"}],\"inLanguage\":\"pt-BR\"},{\"@type\":\"Person\",\"@id\":\"https:\/\/www.manaus.am.gov.br\/semcom\/#\/schema\/person\/466a0e03ae4b6062809046bd560ac955\",\"name\":\"bvalente\",\"image\":{\"@type\":\"ImageObject\",\"inLanguage\":\"pt-BR\",\"@id\":\"https:\/\/www.manaus.am.gov.br\/semcom\/#\/schema\/person\/image\/\",\"url\":\"https:\/\/secure.gravatar.com\/avatar\/3e69bc2b014bdad41adfec3a39de07d2?s=96&d=mm&r=g\",\"contentUrl\":\"https:\/\/secure.gravatar.com\/avatar\/3e69bc2b014bdad41adfec3a39de07d2?s=96&d=mm&r=g\",\"caption\":\"bvalente\"}}]}<\/script>\n<!-- \/ Yoast SEO plugin. -->","yoast_head_json":{"title":"PMM divulga resultado do concurso p\u00fablico da Semmas e CGM","description":"A Prefeitura de Manaus oficializou a divulga\u00e7\u00e3o do resultado final dos concursos p\u00fablicos da Semmas e da Controladoria-Geral do Munic\u00edpio.","robots":{"index":"index","follow":"follow","max-snippet":"max-snippet:-1","max-image-preview":"max-image-preview:large","max-video-preview":"max-video-preview:-1"},"canonical":"https:\/\/www.manaus.am.gov.br\/semcom\/concurso-publico-da-semmas-e-cgm\/","og_locale":"pt_BR","og_type":"article","og_title":"PMM divulga resultado do concurso p\u00fablico da Semmas e CGM","og_description":"A Prefeitura de Manaus oficializou a divulga\u00e7\u00e3o do resultado final dos concursos p\u00fablicos da Semmas e da Controladoria-Geral do Munic\u00edpio.","og_url":"https:\/\/www.manaus.am.gov.br\/semcom\/concurso-publico-da-semmas-e-cgm\/","og_site_name":"SEMCOM","article_published_time":"2026-04-29T22:45:01+00:00","article_modified_time":"2026-04-29T22:45:03+00:00","og_image":[{"width":799,"height":533,"url":"https:\/\/www.manaus.am.gov.br\/semcom\/wp-content\/uploads\/sites\/5\/2026\/04\/WhatsApp-Image-2026-04-29-at-18.38.00.jpeg","type":"image\/jpeg"}],"author":"bvalente","twitter_card":"summary_large_image","twitter_misc":{"Written by":"bvalente","Est. reading time":"3 minutos"},"schema":{"@context":"https:\/\/schema.org","@graph":[{"@type":"WebPage","@id":"https:\/\/www.manaus.am.gov.br\/semcom\/concurso-publico-da-semmas-e-cgm\/","url":"https:\/\/www.manaus.am.gov.br\/semcom\/concurso-publico-da-semmas-e-cgm\/","name":"PMM divulga resultado do concurso p\u00fablico da Semmas e CGM","isPartOf":{"@id":"https:\/\/www.manaus.am.gov.br\/semcom\/#website"},"primaryImageOfPage":{"@id":"https:\/\/www.manaus.am.gov.br\/semcom\/concurso-publico-da-semmas-e-cgm\/#primaryimage"},"image":{"@id":"https:\/\/www.manaus.am.gov.br\/semcom\/concurso-publico-da-semmas-e-cgm\/#primaryimage"},"thumbnailUrl":"https:\/\/www.manaus.am.gov.br\/semcom\/wp-content\/uploads\/sites\/5\/2026\/04\/WhatsApp-Image-2026-04-29-at-18.38.00.jpeg","datePublished":"2026-04-29T22:45:01+00:00","dateModified":"2026-04-29T22:45:03+00:00","author":{"@id":"https:\/\/www.manaus.am.gov.br\/semcom\/#\/schema\/person\/466a0e03ae4b6062809046bd560ac955"},"description":"A Prefeitura de Manaus oficializou a divulga\u00e7\u00e3o do resultado final dos concursos p\u00fablicos da Semmas e da Controladoria-Geral do Munic\u00edpio.","inLanguage":"pt-BR","potentialAction":[{"@type":"ReadAction","target":["https:\/\/www.manaus.am.gov.br\/semcom\/concurso-publico-da-semmas-e-cgm\/"]}]},{"@type":"ImageObject","inLanguage":"pt-BR","@id":"https:\/\/www.manaus.am.gov.br\/semcom\/concurso-publico-da-semmas-e-cgm\/#primaryimage","url":"https:\/\/www.manaus.am.gov.br\/semcom\/wp-content\/uploads\/sites\/5\/2026\/04\/WhatsApp-Image-2026-04-29-at-18.38.00.jpeg","contentUrl":"https:\/\/www.manaus.am.gov.br\/semcom\/wp-content\/uploads\/sites\/5\/2026\/04\/WhatsApp-Image-2026-04-29-at-18.38.00.jpeg","width":799,"height":533,"caption":"#paratodosverem \u2013 Popula\u00e7\u00e3o em frente a unidade de ensino para realiza\u00e7\u00e3o de concurso p\u00fablico"},{"@type":"WebSite","@id":"https:\/\/www.manaus.am.gov.br\/semcom\/#website","url":"https:\/\/www.manaus.am.gov.br\/semcom\/","name":"SEMCOM","description":"Secretaria Municipal de Comunica\u00e7\u00e3o","potentialAction":[{"@type":"SearchAction","target":{"@type":"EntryPoint","urlTemplate":"https:\/\/www.manaus.am.gov.br\/semcom\/?s={search_term_string}"},"query-input":"required name=search_term_string"}],"inLanguage":"pt-BR"},{"@type":"Person","@id":"https:\/\/www.manaus.am.gov.br\/semcom\/#\/schema\/person\/466a0e03ae4b6062809046bd560ac955","name":"bvalente","image":{"@type":"ImageObject","inLanguage":"pt-BR","@id":"https:\/\/www.manaus.am.gov.br\/semcom\/#\/schema\/person\/image\/","url":"https:\/\/secure.gravatar.com\/avatar\/3e69bc2b014bdad41adfec3a39de07d2?s=96&d=mm&r=g","contentUrl":"https:\/\/secure.gravatar.com\/avatar\/3e69bc2b014bdad41adfec3a39de07d2?s=96&d=mm&r=g","caption":"bvalente"}}]}},"_links":{"self":[{"href":"https:\/\/www.manaus.am.gov.br\/semcom\/wp-json\/wp\/v2\/posts\/257694"}],"collection":[{"href":"https:\/\/www.manaus.am.gov.br\/semcom\/wp-json\/wp\/v2\/posts"}],"about":[{"href":"https:\/\/www.manaus.am.gov.br\/semcom\/wp-json\/wp\/v2\/types\/post"}],"author":[{"embeddable":true,"href":"https:\/\/www.manaus.am.gov.br\/semcom\/wp-json\/wp\/v2\/users\/68"}],"replies":[{"embeddable":true,"href":"https:\/\/www.manaus.am.gov.br\/semcom\/wp-json\/wp\/v2\/comments?post=257694"}],"version-history":[{"count":0,"href":"https:\/\/www.manaus.am.gov.br\/semcom\/wp-json\/wp\/v2\/posts\/257694\/revisions"}],"wp:featuredmedia":[{"embeddable":true,"href":"https:\/\/www.manaus.am.gov.br\/semcom\/wp-json\/wp\/v2\/media\/257695"}],"wp:attachment":[{"href":"https:\/\/www.manaus.am.gov.br\/semcom\/wp-json\/wp\/v2\/media?parent=257694"}],"wp:term":[{"taxonomy":"category","embeddable":true,"href":"https:\/\/www.manaus.am.gov.br\/semcom\/wp-json\/wp\/v2\/categories?post=257694"},{"taxonomy":"post_tag","embeddable":true,"href":"https:\/\/www.manaus.am.gov.br\/semcom\/wp-json\/wp\/v2\/tags?post=257694"}],"curies":[{"name":"wp","href":"https:\/\/api.w.org\/{rel}","templated":true}]}}