{"id":257686,"date":"2026-04-29T16:47:01","date_gmt":"2026-04-29T20:47:01","guid":{"rendered":"https:\/\/www.manaus.am.gov.br\/semcom\/sinalizacao-viaria-diferentes-zonas\/"},"modified":"2026-04-29T16:47:01","modified_gmt":"2026-04-29T20:47:01","slug":"sinalizacao-viaria-diferentes-zonas","status":"publish","type":"post","link":"https:\/\/www.manaus.am.gov.br\/semcom\/sinalizacao-viaria-diferentes-zonas\/","title":{"rendered":"Prefeitura de Manaus amplia sinaliza\u00e7\u00e3o vi\u00e1ria em diferentes zonas e refor\u00e7a seguran\u00e7a no tr\u00e2nsito\u00a0"},"content":{"rendered":"\n<p>A Prefeitura de Manaus, por meio do Instituto Municipal de Mobilidade Urbana (IMMU), ampliou as a\u00e7\u00f5es de sinaliza\u00e7\u00e3o vi\u00e1ria em diferentes regi\u00f5es da cidade, com foco na seguran\u00e7a dos pedestres e no ordenamento do tr\u00e2nsito. As interven\u00e7\u00f5es incluem faixas de travessia, lombadas, legendas \u201cPare\u201d, linhas de reten\u00e7\u00e3o, canaliza\u00e7\u00f5es e placas verticais, aplicadas conforme crit\u00e9rios t\u00e9cnicos em \u00e1reas de maior circula\u00e7\u00e3o e risco.<\/p>\n\n\n\n<p>Na zona Leste, o bairro Jorge Teixeira, uma das \u00e1reas com maior fluxo de pedestres e ve\u00edculos, recebeu nova sinaliza\u00e7\u00e3o com implanta\u00e7\u00e3o de faixas de pedestres na avenida Tapaj\u00f3s e nos cruzamentos com as ruas 6, 15 de Agosto e proximidades de unidades escolares, como o Centro Municipal de Educa\u00e7\u00e3o Infantil (Cmei) Professora Cacilda Pinto de Lima. Tamb\u00e9m foram aplicadas ondula\u00e7\u00f5es transversais ao longo da via para redu\u00e7\u00e3o de velocidade, al\u00e9m de refor\u00e7o na rotat\u00f3ria do Fuxico, com marcas de canaliza\u00e7\u00e3o e \u201cd\u00ea a prefer\u00eancia\u201d. Interven\u00e7\u00f5es na avenida Hil\u00e1rio Gurj\u00e3o, nas ruas das Cam\u00e9lias, Girass\u00f3is e Rosas, refor\u00e7am a seguran\u00e7a em \u00e1reas comerciais e de grande circula\u00e7\u00e3o.<\/p>\n\n\n\n<p>Na zona Norte, bairros como Cidade Nova, Novo Aleixo, Nova Cidade e Cidade de Deus receberam um pacote robusto de melhorias. Foram implantadas faixas de pedestres em vias estrat\u00e9gicas como as avenidas Francisco Queiroz e Jos\u00e9 Rom\u00e3o, al\u00e9m de sinaliza\u00e7\u00e3o em frente a escolas, como na travessa Guaraciaba e rua Tucanos. A pedido da popula\u00e7\u00e3o, o IMMU instalou lombadas em ruas residenciais, como a rua 189, rua 74 e travessa Carira. Toda a extens\u00e3o da avenida Timbiras tamb\u00e9m foi contemplada com legendas \u201cPare\u201d, refor\u00e7ando a prioridade e reduzindo conflitos nos cruzamentos.<\/p>\n\n\n\n<p>Na zona Oeste, o bairro Alvorada recebeu refor\u00e7o na sinaliza\u00e7\u00e3o horizontal com aplica\u00e7\u00e3o de legendas \u201cPare\u201d em cruzamentos estrat\u00e9gicos, como nas ruas Bela Vista, Loris Cordovil e avenidas adjacentes. As interven\u00e7\u00f5es visam garantir maior visibilidade das regras de prioridade e reduzir riscos em \u00e1reas de tr\u00e1fego intenso e movimenta\u00e7\u00e3o comercial.<\/p>\n\n\n\n<figure class=\"wp-block-image size-large\"><img loading=\"lazy\" decoding=\"async\" width=\"1024\" height=\"768\" src=\"https:\/\/www.manaus.am.gov.br\/semcom\/wp-content\/uploads\/sites\/5\/2026\/04\/Prefeitura-de-Manaus-amplia-sinalizacao-viaria-em-diferentes-zonas-e-reforca-seguranca-no-transito-6-1024x768.jpeg\" alt=\"\" class=\"wp-image-257687\" srcset=\"https:\/\/www.manaus.am.gov.br\/semcom\/wp-content\/uploads\/sites\/5\/2026\/04\/Prefeitura-de-Manaus-amplia-sinalizacao-viaria-em-diferentes-zonas-e-reforca-seguranca-no-transito-6-1024x768.jpeg 1024w, https:\/\/www.manaus.am.gov.br\/semcom\/wp-content\/uploads\/sites\/5\/2026\/04\/Prefeitura-de-Manaus-amplia-sinalizacao-viaria-em-diferentes-zonas-e-reforca-seguranca-no-transito-6-300x225.jpeg 300w, https:\/\/www.manaus.am.gov.br\/semcom\/wp-content\/uploads\/sites\/5\/2026\/04\/Prefeitura-de-Manaus-amplia-sinalizacao-viaria-em-diferentes-zonas-e-reforca-seguranca-no-transito-6-768x576.jpeg 768w, https:\/\/www.manaus.am.gov.br\/semcom\/wp-content\/uploads\/sites\/5\/2026\/04\/Prefeitura-de-Manaus-amplia-sinalizacao-viaria-em-diferentes-zonas-e-reforca-seguranca-no-transito-6-1536x1152.jpeg 1536w, https:\/\/www.manaus.am.gov.br\/semcom\/wp-content\/uploads\/sites\/5\/2026\/04\/Prefeitura-de-Manaus-amplia-sinalizacao-viaria-em-diferentes-zonas-e-reforca-seguranca-no-transito-6.jpeg 1600w\" sizes=\"(max-width: 1024px) 100vw, 1024px\" \/><figcaption class=\"wp-element-caption\">#paratodosverem \u2013 Equipe do IMMU realizando a implanta\u00e7\u00e3o de sinaliza\u00e7\u00e3o vi\u00e1ria em rua de Manaus<\/figcaption><\/figure>\n\n\n\n<p>J\u00e1 na zona Centro-Sul, no bairro Parque 10 de Novembro, importante corredor vi\u00e1rio da cidade, o IMMU realizou a implanta\u00e7\u00e3o de faixas de pedestres e linhas duplas cont\u00ednuas no cruzamento das ruas Dom Jo\u00e3o e M\u00e1rcio Figueiredo, al\u00e9m da instala\u00e7\u00e3o de placas verticais de alerta. A medida busca disciplinar o fluxo de ve\u00edculos e garantir travessias mais seguras para pedestres em uma \u00e1rea de grande circula\u00e7\u00e3o.<\/p>\n\n\n\n<p>De acordo com o diretor de sinaliza\u00e7\u00e3o vi\u00e1ria do IMMU, Lucas Pimentel, as a\u00e7\u00f5es seguem planejamento t\u00e9cnico e priorizam a preserva\u00e7\u00e3o de vidas. \u201cNosso objetivo \u00e9 levar mais seguran\u00e7a para quem circula pela cidade. A sinaliza\u00e7\u00e3o orienta, organiza e protege. Quando bem aplicada e respeitada, ela reduz significativamente os riscos de acidentes e torna o tr\u00e2nsito mais humano\u201d, destacou.<\/p>\n\n\n\n<p>A prefeitura refor\u00e7a que, al\u00e9m das interven\u00e7\u00f5es estruturais, \u00e9 fundamental a conscientiza\u00e7\u00e3o de motoristas e pedestres. O respeito \u00e0 sinaliza\u00e7\u00e3o \u00e9 essencial para que as medidas tenham efetividade e contribuam para um tr\u00e2nsito mais seguro em Manaus.<br><br><\/p>\n\n\n\n<p>\u2014&#8211; \u2014- \u2014&#8211;<br><strong>Texto \u2013<\/strong> Marcelo Lima \/IMMU<br><strong>Fotos\u00a0 &#8211; <\/strong>Divulga\u00e7\u00e3o \/ IMMU<\/p>\n","protected":false},"excerpt":{"rendered":"","protected":false},"author":68,"featured_media":257688,"comment_status":"closed","ping_status":"closed","sticky":false,"template":"","format":"standard","meta":{"footnotes":""},"categories":[985],"tags":[20599,12,77,1243,20600],"acf":[],"yoast_head":"<!-- This site is optimized with the Yoast SEO plugin v23.0 - https:\/\/yoast.com\/wordpress\/plugins\/seo\/ -->\n<title>Prefeitura de Manaus amplia sinaliza\u00e7\u00e3o vi\u00e1ria em diferentes zonas<\/title>\n<meta name=\"description\" content=\"A Prefeitura, por meio do Instituto Municipal de Mobilidade Urbana (IMMU), ampliou as a\u00e7\u00f5es de sinaliza\u00e7\u00e3o vi\u00e1ria em diferentes regi\u00f5es.\" \/>\n<meta name=\"robots\" content=\"index, follow, max-snippet:-1, max-image-preview:large, max-video-preview:-1\" \/>\n<link rel=\"canonical\" href=\"https:\/\/www.manaus.am.gov.br\/semcom\/sinalizacao-viaria-diferentes-zonas\/\" \/>\n<meta property=\"og:locale\" content=\"pt_BR\" \/>\n<meta property=\"og:type\" content=\"article\" \/>\n<meta property=\"og:title\" content=\"Prefeitura de Manaus amplia sinaliza\u00e7\u00e3o vi\u00e1ria em diferentes zonas\" \/>\n<meta property=\"og:description\" content=\"A Prefeitura, por meio do Instituto Municipal de Mobilidade Urbana (IMMU), ampliou as a\u00e7\u00f5es de sinaliza\u00e7\u00e3o vi\u00e1ria em diferentes regi\u00f5es.\" \/>\n<meta property=\"og:url\" content=\"https:\/\/www.manaus.am.gov.br\/semcom\/sinalizacao-viaria-diferentes-zonas\/\" \/>\n<meta property=\"og:site_name\" content=\"SEMCOM\" \/>\n<meta property=\"article:published_time\" content=\"2026-04-29T20:47:01+00:00\" \/>\n<meta property=\"og:image\" content=\"https:\/\/www.manaus.am.gov.br\/semcom\/wp-content\/uploads\/sites\/5\/2026\/04\/Prefeitura-de-Manaus-amplia-sinalizacao-viaria-em-diferentes-zonas-e-reforca-seguranca-no-transito-5.jpeg\" \/>\n\t<meta property=\"og:image:width\" content=\"1600\" \/>\n\t<meta property=\"og:image:height\" content=\"1200\" \/>\n\t<meta property=\"og:image:type\" content=\"image\/jpeg\" \/>\n<meta name=\"author\" content=\"bvalente\" \/>\n<meta name=\"twitter:card\" content=\"summary_large_image\" \/>\n<meta name=\"twitter:label1\" content=\"Written by\" \/>\n\t<meta name=\"twitter:data1\" content=\"bvalente\" \/>\n\t<meta name=\"twitter:label2\" content=\"Est. reading time\" \/>\n\t<meta name=\"twitter:data2\" content=\"4 minutos\" \/>\n<script type=\"application\/ld+json\" class=\"yoast-schema-graph\">{\"@context\":\"https:\/\/schema.org\",\"@graph\":[{\"@type\":\"WebPage\",\"@id\":\"https:\/\/www.manaus.am.gov.br\/semcom\/sinalizacao-viaria-diferentes-zonas\/\",\"url\":\"https:\/\/www.manaus.am.gov.br\/semcom\/sinalizacao-viaria-diferentes-zonas\/\",\"name\":\"Prefeitura de Manaus amplia sinaliza\u00e7\u00e3o vi\u00e1ria em diferentes zonas\",\"isPartOf\":{\"@id\":\"https:\/\/www.manaus.am.gov.br\/semcom\/#website\"},\"primaryImageOfPage\":{\"@id\":\"https:\/\/www.manaus.am.gov.br\/semcom\/sinalizacao-viaria-diferentes-zonas\/#primaryimage\"},\"image\":{\"@id\":\"https:\/\/www.manaus.am.gov.br\/semcom\/sinalizacao-viaria-diferentes-zonas\/#primaryimage\"},\"thumbnailUrl\":\"https:\/\/www.manaus.am.gov.br\/semcom\/wp-content\/uploads\/sites\/5\/2026\/04\/Prefeitura-de-Manaus-amplia-sinalizacao-viaria-em-diferentes-zonas-e-reforca-seguranca-no-transito-5.jpeg\",\"datePublished\":\"2026-04-29T20:47:01+00:00\",\"dateModified\":\"2026-04-29T20:47:01+00:00\",\"author\":{\"@id\":\"https:\/\/www.manaus.am.gov.br\/semcom\/#\/schema\/person\/466a0e03ae4b6062809046bd560ac955\"},\"description\":\"A Prefeitura, por meio do Instituto Municipal de Mobilidade Urbana (IMMU), ampliou as a\u00e7\u00f5es de sinaliza\u00e7\u00e3o vi\u00e1ria em diferentes regi\u00f5es.\",\"inLanguage\":\"pt-BR\",\"potentialAction\":[{\"@type\":\"ReadAction\",\"target\":[\"https:\/\/www.manaus.am.gov.br\/semcom\/sinalizacao-viaria-diferentes-zonas\/\"]}]},{\"@type\":\"ImageObject\",\"inLanguage\":\"pt-BR\",\"@id\":\"https:\/\/www.manaus.am.gov.br\/semcom\/sinalizacao-viaria-diferentes-zonas\/#primaryimage\",\"url\":\"https:\/\/www.manaus.am.gov.br\/semcom\/wp-content\/uploads\/sites\/5\/2026\/04\/Prefeitura-de-Manaus-amplia-sinalizacao-viaria-em-diferentes-zonas-e-reforca-seguranca-no-transito-5.jpeg\",\"contentUrl\":\"https:\/\/www.manaus.am.gov.br\/semcom\/wp-content\/uploads\/sites\/5\/2026\/04\/Prefeitura-de-Manaus-amplia-sinalizacao-viaria-em-diferentes-zonas-e-reforca-seguranca-no-transito-5.jpeg\",\"width\":1600,\"height\":1200,\"caption\":\"#paratodosverem \u2013 Nova faixa de pedestre implantada pelo IMMU\"},{\"@type\":\"WebSite\",\"@id\":\"https:\/\/www.manaus.am.gov.br\/semcom\/#website\",\"url\":\"https:\/\/www.manaus.am.gov.br\/semcom\/\",\"name\":\"SEMCOM\",\"description\":\"Secretaria Municipal de Comunica\u00e7\u00e3o\",\"potentialAction\":[{\"@type\":\"SearchAction\",\"target\":{\"@type\":\"EntryPoint\",\"urlTemplate\":\"https:\/\/www.manaus.am.gov.br\/semcom\/?s={search_term_string}\"},\"query-input\":\"required name=search_term_string\"}],\"inLanguage\":\"pt-BR\"},{\"@type\":\"Person\",\"@id\":\"https:\/\/www.manaus.am.gov.br\/semcom\/#\/schema\/person\/466a0e03ae4b6062809046bd560ac955\",\"name\":\"bvalente\",\"image\":{\"@type\":\"ImageObject\",\"inLanguage\":\"pt-BR\",\"@id\":\"https:\/\/www.manaus.am.gov.br\/semcom\/#\/schema\/person\/image\/\",\"url\":\"https:\/\/secure.gravatar.com\/avatar\/3e69bc2b014bdad41adfec3a39de07d2?s=96&d=mm&r=g\",\"contentUrl\":\"https:\/\/secure.gravatar.com\/avatar\/3e69bc2b014bdad41adfec3a39de07d2?s=96&d=mm&r=g\",\"caption\":\"bvalente\"}}]}<\/script>\n<!-- \/ Yoast SEO plugin. -->","yoast_head_json":{"title":"Prefeitura de Manaus amplia sinaliza\u00e7\u00e3o vi\u00e1ria em diferentes zonas","description":"A Prefeitura, por meio do Instituto Municipal de Mobilidade Urbana (IMMU), ampliou as a\u00e7\u00f5es de sinaliza\u00e7\u00e3o vi\u00e1ria em diferentes regi\u00f5es.","robots":{"index":"index","follow":"follow","max-snippet":"max-snippet:-1","max-image-preview":"max-image-preview:large","max-video-preview":"max-video-preview:-1"},"canonical":"https:\/\/www.manaus.am.gov.br\/semcom\/sinalizacao-viaria-diferentes-zonas\/","og_locale":"pt_BR","og_type":"article","og_title":"Prefeitura de Manaus amplia sinaliza\u00e7\u00e3o vi\u00e1ria em diferentes zonas","og_description":"A Prefeitura, por meio do Instituto Municipal de Mobilidade Urbana (IMMU), ampliou as a\u00e7\u00f5es de sinaliza\u00e7\u00e3o vi\u00e1ria em diferentes regi\u00f5es.","og_url":"https:\/\/www.manaus.am.gov.br\/semcom\/sinalizacao-viaria-diferentes-zonas\/","og_site_name":"SEMCOM","article_published_time":"2026-04-29T20:47:01+00:00","og_image":[{"width":1600,"height":1200,"url":"https:\/\/www.manaus.am.gov.br\/semcom\/wp-content\/uploads\/sites\/5\/2026\/04\/Prefeitura-de-Manaus-amplia-sinalizacao-viaria-em-diferentes-zonas-e-reforca-seguranca-no-transito-5.jpeg","type":"image\/jpeg"}],"author":"bvalente","twitter_card":"summary_large_image","twitter_misc":{"Written by":"bvalente","Est. reading time":"4 minutos"},"schema":{"@context":"https:\/\/schema.org","@graph":[{"@type":"WebPage","@id":"https:\/\/www.manaus.am.gov.br\/semcom\/sinalizacao-viaria-diferentes-zonas\/","url":"https:\/\/www.manaus.am.gov.br\/semcom\/sinalizacao-viaria-diferentes-zonas\/","name":"Prefeitura de Manaus amplia sinaliza\u00e7\u00e3o vi\u00e1ria em diferentes zonas","isPartOf":{"@id":"https:\/\/www.manaus.am.gov.br\/semcom\/#website"},"primaryImageOfPage":{"@id":"https:\/\/www.manaus.am.gov.br\/semcom\/sinalizacao-viaria-diferentes-zonas\/#primaryimage"},"image":{"@id":"https:\/\/www.manaus.am.gov.br\/semcom\/sinalizacao-viaria-diferentes-zonas\/#primaryimage"},"thumbnailUrl":"https:\/\/www.manaus.am.gov.br\/semcom\/wp-content\/uploads\/sites\/5\/2026\/04\/Prefeitura-de-Manaus-amplia-sinalizacao-viaria-em-diferentes-zonas-e-reforca-seguranca-no-transito-5.jpeg","datePublished":"2026-04-29T20:47:01+00:00","dateModified":"2026-04-29T20:47:01+00:00","author":{"@id":"https:\/\/www.manaus.am.gov.br\/semcom\/#\/schema\/person\/466a0e03ae4b6062809046bd560ac955"},"description":"A Prefeitura, por meio do Instituto Municipal de Mobilidade Urbana (IMMU), ampliou as a\u00e7\u00f5es de sinaliza\u00e7\u00e3o vi\u00e1ria em diferentes regi\u00f5es.","inLanguage":"pt-BR","potentialAction":[{"@type":"ReadAction","target":["https:\/\/www.manaus.am.gov.br\/semcom\/sinalizacao-viaria-diferentes-zonas\/"]}]},{"@type":"ImageObject","inLanguage":"pt-BR","@id":"https:\/\/www.manaus.am.gov.br\/semcom\/sinalizacao-viaria-diferentes-zonas\/#primaryimage","url":"https:\/\/www.manaus.am.gov.br\/semcom\/wp-content\/uploads\/sites\/5\/2026\/04\/Prefeitura-de-Manaus-amplia-sinalizacao-viaria-em-diferentes-zonas-e-reforca-seguranca-no-transito-5.jpeg","contentUrl":"https:\/\/www.manaus.am.gov.br\/semcom\/wp-content\/uploads\/sites\/5\/2026\/04\/Prefeitura-de-Manaus-amplia-sinalizacao-viaria-em-diferentes-zonas-e-reforca-seguranca-no-transito-5.jpeg","width":1600,"height":1200,"caption":"#paratodosverem \u2013 Nova faixa de pedestre implantada pelo IMMU"},{"@type":"WebSite","@id":"https:\/\/www.manaus.am.gov.br\/semcom\/#website","url":"https:\/\/www.manaus.am.gov.br\/semcom\/","name":"SEMCOM","description":"Secretaria Municipal de Comunica\u00e7\u00e3o","potentialAction":[{"@type":"SearchAction","target":{"@type":"EntryPoint","urlTemplate":"https:\/\/www.manaus.am.gov.br\/semcom\/?s={search_term_string}"},"query-input":"required name=search_term_string"}],"inLanguage":"pt-BR"},{"@type":"Person","@id":"https:\/\/www.manaus.am.gov.br\/semcom\/#\/schema\/person\/466a0e03ae4b6062809046bd560ac955","name":"bvalente","image":{"@type":"ImageObject","inLanguage":"pt-BR","@id":"https:\/\/www.manaus.am.gov.br\/semcom\/#\/schema\/person\/image\/","url":"https:\/\/secure.gravatar.com\/avatar\/3e69bc2b014bdad41adfec3a39de07d2?s=96&d=mm&r=g","contentUrl":"https:\/\/secure.gravatar.com\/avatar\/3e69bc2b014bdad41adfec3a39de07d2?s=96&d=mm&r=g","caption":"bvalente"}}]}},"_links":{"self":[{"href":"https:\/\/www.manaus.am.gov.br\/semcom\/wp-json\/wp\/v2\/posts\/257686"}],"collection":[{"href":"https:\/\/www.manaus.am.gov.br\/semcom\/wp-json\/wp\/v2\/posts"}],"about":[{"href":"https:\/\/www.manaus.am.gov.br\/semcom\/wp-json\/wp\/v2\/types\/post"}],"author":[{"embeddable":true,"href":"https:\/\/www.manaus.am.gov.br\/semcom\/wp-json\/wp\/v2\/users\/68"}],"replies":[{"embeddable":true,"href":"https:\/\/www.manaus.am.gov.br\/semcom\/wp-json\/wp\/v2\/comments?post=257686"}],"version-history":[{"count":1,"href":"https:\/\/www.manaus.am.gov.br\/semcom\/wp-json\/wp\/v2\/posts\/257686\/revisions"}],"predecessor-version":[{"id":257689,"href":"https:\/\/www.manaus.am.gov.br\/semcom\/wp-json\/wp\/v2\/posts\/257686\/revisions\/257689"}],"wp:featuredmedia":[{"embeddable":true,"href":"https:\/\/www.manaus.am.gov.br\/semcom\/wp-json\/wp\/v2\/media\/257688"}],"wp:attachment":[{"href":"https:\/\/www.manaus.am.gov.br\/semcom\/wp-json\/wp\/v2\/media?parent=257686"}],"wp:term":[{"taxonomy":"category","embeddable":true,"href":"https:\/\/www.manaus.am.gov.br\/semcom\/wp-json\/wp\/v2\/categories?post=257686"},{"taxonomy":"post_tag","embeddable":true,"href":"https:\/\/www.manaus.am.gov.br\/semcom\/wp-json\/wp\/v2\/tags?post=257686"}],"curies":[{"name":"wp","href":"https:\/\/api.w.org\/{rel}","templated":true}]}}