{"id":257682,"date":"2026-04-29T16:38:10","date_gmt":"2026-04-29T20:38:10","guid":{"rendered":"https:\/\/www.manaus.am.gov.br\/semcom\/recuperacao-viaria-zona-leste-2\/"},"modified":"2026-04-29T16:38:10","modified_gmt":"2026-04-29T20:38:10","slug":"recuperacao-viaria-zona-leste-2","status":"publish","type":"post","link":"https:\/\/www.manaus.am.gov.br\/semcom\/recuperacao-viaria-zona-leste-2\/","title":{"rendered":"Prefeitura de Manaus intensifica recupera\u00e7\u00e3o vi\u00e1ria na zona Leste e leva asfalto novo ao bairro S\u00e3o Jos\u00e9"},"content":{"rendered":"\n<p>A Prefeitura de Manaus, por meio da Secretaria Municipal de Infraestrutura (Seminf), segue avan\u00e7ando com o maior programa de recupera\u00e7\u00e3o vi\u00e1ria da capital e, nesta quarta-feira, 29\/4, levou servi\u00e7os de manuten\u00e7\u00e3o asf\u00e1ltica \u00e0 rua A, no bairro S\u00e3o Jos\u00e9 Oper\u00e1rio, zona Leste. A a\u00e7\u00e3o refor\u00e7a o compromisso da gest\u00e3o municipal com a mobilidade urbana e a melhoria da qualidade de vida da popula\u00e7\u00e3o.<\/p>\n\n\n\n<p>Com frentes de obras ativas em diferentes pontos da cidade, a zona Leste recebe aten\u00e7\u00e3o especial por sua alta densidade populacional e intensa circula\u00e7\u00e3o di\u00e1ria. As equipes atuam com aplica\u00e7\u00e3o de asfalto de qualidade, garantindo mais durabilidade e seguran\u00e7a para quem trafega pela via.<\/p>\n\n\n\n<p>O secret\u00e1rio de Infraestrutura, Madson Rodrigues, destacou que o trabalho vai al\u00e9m da recupera\u00e7\u00e3o de ruas, \u00e9 um investimento direto no cotidiano da popula\u00e7\u00e3o.<\/p>\n\n\n\n<p>\u201cA zona Leste tem um papel fundamental na din\u00e2mica da cidade e merece esse cuidado constante. O prefeito Renato Junior nos orienta a estar presentes, ouvindo as demandas e levando solu\u00e7\u00f5es. Cada rua recuperada representa mais dignidade, mais seguran\u00e7a e mais mobilidade para quem vive e trabalha aqui. \u00c9 isso que nos move todos os dias\u201d, afirmou o secret\u00e1rio.<\/p>\n\n\n\n<p>A manuten\u00e7\u00e3o asf\u00e1ltica integra um conjunto de a\u00e7\u00f5es cont\u00ednuas da Seminf para modernizar a infraestrutura urbana. Vias recuperadas reduzem riscos de acidentes, melhoram o fluxo de ve\u00edculos e garantem mais conforto para motoristas e pedestres, contribuindo diretamente para uma cidade mais organizada e eficiente.<\/p>\n\n\n\n<figure class=\"wp-block-image size-large\"><img loading=\"lazy\" decoding=\"async\" width=\"1024\" height=\"576\" src=\"https:\/\/www.manaus.am.gov.br\/semcom\/wp-content\/uploads\/sites\/5\/2026\/04\/WhatsApp-Image-2026-04-29-at-16.34.29-3-1024x576.jpeg\" alt=\"\" class=\"wp-image-257684\" srcset=\"https:\/\/www.manaus.am.gov.br\/semcom\/wp-content\/uploads\/sites\/5\/2026\/04\/WhatsApp-Image-2026-04-29-at-16.34.29-3-1024x576.jpeg 1024w, https:\/\/www.manaus.am.gov.br\/semcom\/wp-content\/uploads\/sites\/5\/2026\/04\/WhatsApp-Image-2026-04-29-at-16.34.29-3-300x169.jpeg 300w, https:\/\/www.manaus.am.gov.br\/semcom\/wp-content\/uploads\/sites\/5\/2026\/04\/WhatsApp-Image-2026-04-29-at-16.34.29-3-768x432.jpeg 768w, https:\/\/www.manaus.am.gov.br\/semcom\/wp-content\/uploads\/sites\/5\/2026\/04\/WhatsApp-Image-2026-04-29-at-16.34.29-3-1536x864.jpeg 1536w, https:\/\/www.manaus.am.gov.br\/semcom\/wp-content\/uploads\/sites\/5\/2026\/04\/WhatsApp-Image-2026-04-29-at-16.34.29-3.jpeg 1600w\" sizes=\"(max-width: 1024px) 100vw, 1024px\" \/><figcaption class=\"wp-element-caption\">#paratodosverem &#8211; Servi\u00e7o<\/figcaption><\/figure>\n\n\n\n<p>&#8212; &#8212; &#8212;<\/p>\n\n\n\n<p><strong>Texto<\/strong>&nbsp;&#8211; Rayana Coutinho\/Seminf<\/p>\n\n\n\n<p><strong>Fotos &#8211;<\/strong> Divulga\u00e7\u00e3o\/Seminf<\/p>\n","protected":false},"excerpt":{"rendered":"","protected":false},"author":39,"featured_media":257683,"comment_status":"closed","ping_status":"closed","sticky":false,"template":"","format":"standard","meta":{"footnotes":""},"categories":[90],"tags":[1209,128,77,1808,33],"acf":[],"yoast_head":"<!-- This site is optimized with the Yoast SEO plugin v23.0 - https:\/\/yoast.com\/wordpress\/plugins\/seo\/ -->\n<title>Prefeitura de Manaus intensifica recupera\u00e7\u00e3o vi\u00e1ria na zona Leste<\/title>\n<meta name=\"description\" content=\"Prefeitura de Manaus, por meio da Seminf, intensifica recupera\u00e7\u00e3o vi\u00e1ria na zona Leste e leva asfalto novo ao bairro S\u00e3o Jos\u00e9.\" \/>\n<meta name=\"robots\" content=\"index, follow, max-snippet:-1, max-image-preview:large, max-video-preview:-1\" \/>\n<link rel=\"canonical\" href=\"https:\/\/www.manaus.am.gov.br\/semcom\/recuperacao-viaria-zona-leste-2\/\" \/>\n<meta property=\"og:locale\" content=\"pt_BR\" \/>\n<meta property=\"og:type\" content=\"article\" \/>\n<meta property=\"og:title\" content=\"Prefeitura de Manaus intensifica recupera\u00e7\u00e3o vi\u00e1ria na zona Leste\" \/>\n<meta property=\"og:description\" content=\"Prefeitura de Manaus, por meio da Seminf, intensifica recupera\u00e7\u00e3o vi\u00e1ria na zona Leste e leva asfalto novo ao bairro S\u00e3o Jos\u00e9.\" \/>\n<meta property=\"og:url\" content=\"https:\/\/www.manaus.am.gov.br\/semcom\/recuperacao-viaria-zona-leste-2\/\" \/>\n<meta property=\"og:site_name\" content=\"SEMCOM\" \/>\n<meta property=\"article:published_time\" content=\"2026-04-29T20:38:10+00:00\" \/>\n<meta property=\"og:image\" content=\"https:\/\/www.manaus.am.gov.br\/semcom\/wp-content\/uploads\/sites\/5\/2026\/04\/WhatsApp-Image-2026-04-29-at-16.34.29-2.jpeg\" \/>\n\t<meta property=\"og:image:width\" content=\"1600\" \/>\n\t<meta property=\"og:image:height\" content=\"900\" \/>\n\t<meta property=\"og:image:type\" content=\"image\/jpeg\" \/>\n<meta name=\"author\" content=\"Bruna Greco\" \/>\n<meta name=\"twitter:card\" content=\"summary_large_image\" \/>\n<meta name=\"twitter:label1\" content=\"Written by\" \/>\n\t<meta name=\"twitter:data1\" content=\"Bruna Greco\" \/>\n\t<meta name=\"twitter:label2\" content=\"Est. reading time\" \/>\n\t<meta name=\"twitter:data2\" content=\"2 minutos\" \/>\n<script type=\"application\/ld+json\" class=\"yoast-schema-graph\">{\"@context\":\"https:\/\/schema.org\",\"@graph\":[{\"@type\":\"WebPage\",\"@id\":\"https:\/\/www.manaus.am.gov.br\/semcom\/recuperacao-viaria-zona-leste-2\/\",\"url\":\"https:\/\/www.manaus.am.gov.br\/semcom\/recuperacao-viaria-zona-leste-2\/\",\"name\":\"Prefeitura de Manaus intensifica recupera\u00e7\u00e3o vi\u00e1ria na zona Leste\",\"isPartOf\":{\"@id\":\"https:\/\/www.manaus.am.gov.br\/semcom\/#website\"},\"primaryImageOfPage\":{\"@id\":\"https:\/\/www.manaus.am.gov.br\/semcom\/recuperacao-viaria-zona-leste-2\/#primaryimage\"},\"image\":{\"@id\":\"https:\/\/www.manaus.am.gov.br\/semcom\/recuperacao-viaria-zona-leste-2\/#primaryimage\"},\"thumbnailUrl\":\"https:\/\/www.manaus.am.gov.br\/semcom\/wp-content\/uploads\/sites\/5\/2026\/04\/WhatsApp-Image-2026-04-29-at-16.34.29-2.jpeg\",\"datePublished\":\"2026-04-29T20:38:10+00:00\",\"dateModified\":\"2026-04-29T20:38:10+00:00\",\"author\":{\"@id\":\"https:\/\/www.manaus.am.gov.br\/semcom\/#\/schema\/person\/05d223aea2bf115f9883a6ff3683d81b\"},\"description\":\"Prefeitura de Manaus, por meio da Seminf, intensifica recupera\u00e7\u00e3o vi\u00e1ria na zona Leste e leva asfalto novo ao bairro S\u00e3o Jos\u00e9.\",\"inLanguage\":\"pt-BR\",\"potentialAction\":[{\"@type\":\"ReadAction\",\"target\":[\"https:\/\/www.manaus.am.gov.br\/semcom\/recuperacao-viaria-zona-leste-2\/\"]}]},{\"@type\":\"ImageObject\",\"inLanguage\":\"pt-BR\",\"@id\":\"https:\/\/www.manaus.am.gov.br\/semcom\/recuperacao-viaria-zona-leste-2\/#primaryimage\",\"url\":\"https:\/\/www.manaus.am.gov.br\/semcom\/wp-content\/uploads\/sites\/5\/2026\/04\/WhatsApp-Image-2026-04-29-at-16.34.29-2.jpeg\",\"contentUrl\":\"https:\/\/www.manaus.am.gov.br\/semcom\/wp-content\/uploads\/sites\/5\/2026\/04\/WhatsApp-Image-2026-04-29-at-16.34.29-2.jpeg\",\"width\":1600,\"height\":900,\"caption\":\"#paratodosverem - Equipe da Seminf realizando a aplica\u00e7\u00e3o de asfalto na rua A, no bairro S\u00e3o Jos\u00e9 Oper\u00e1rio\"},{\"@type\":\"WebSite\",\"@id\":\"https:\/\/www.manaus.am.gov.br\/semcom\/#website\",\"url\":\"https:\/\/www.manaus.am.gov.br\/semcom\/\",\"name\":\"SEMCOM\",\"description\":\"Secretaria Municipal de Comunica\u00e7\u00e3o\",\"potentialAction\":[{\"@type\":\"SearchAction\",\"target\":{\"@type\":\"EntryPoint\",\"urlTemplate\":\"https:\/\/www.manaus.am.gov.br\/semcom\/?s={search_term_string}\"},\"query-input\":\"required name=search_term_string\"}],\"inLanguage\":\"pt-BR\"},{\"@type\":\"Person\",\"@id\":\"https:\/\/www.manaus.am.gov.br\/semcom\/#\/schema\/person\/05d223aea2bf115f9883a6ff3683d81b\",\"name\":\"Bruna Greco\",\"image\":{\"@type\":\"ImageObject\",\"inLanguage\":\"pt-BR\",\"@id\":\"https:\/\/www.manaus.am.gov.br\/semcom\/#\/schema\/person\/image\/\",\"url\":\"https:\/\/secure.gravatar.com\/avatar\/9c877d1a6adc2a055330e5c09a8653ce?s=96&d=mm&r=g\",\"contentUrl\":\"https:\/\/secure.gravatar.com\/avatar\/9c877d1a6adc2a055330e5c09a8653ce?s=96&d=mm&r=g\",\"caption\":\"Bruna Greco\"}}]}<\/script>\n<!-- \/ Yoast SEO plugin. -->","yoast_head_json":{"title":"Prefeitura de Manaus intensifica recupera\u00e7\u00e3o vi\u00e1ria na zona Leste","description":"Prefeitura de Manaus, por meio da Seminf, intensifica recupera\u00e7\u00e3o vi\u00e1ria na zona Leste e leva asfalto novo ao bairro S\u00e3o Jos\u00e9.","robots":{"index":"index","follow":"follow","max-snippet":"max-snippet:-1","max-image-preview":"max-image-preview:large","max-video-preview":"max-video-preview:-1"},"canonical":"https:\/\/www.manaus.am.gov.br\/semcom\/recuperacao-viaria-zona-leste-2\/","og_locale":"pt_BR","og_type":"article","og_title":"Prefeitura de Manaus intensifica recupera\u00e7\u00e3o vi\u00e1ria na zona Leste","og_description":"Prefeitura de Manaus, por meio da Seminf, intensifica recupera\u00e7\u00e3o vi\u00e1ria na zona Leste e leva asfalto novo ao bairro S\u00e3o Jos\u00e9.","og_url":"https:\/\/www.manaus.am.gov.br\/semcom\/recuperacao-viaria-zona-leste-2\/","og_site_name":"SEMCOM","article_published_time":"2026-04-29T20:38:10+00:00","og_image":[{"width":1600,"height":900,"url":"https:\/\/www.manaus.am.gov.br\/semcom\/wp-content\/uploads\/sites\/5\/2026\/04\/WhatsApp-Image-2026-04-29-at-16.34.29-2.jpeg","type":"image\/jpeg"}],"author":"Bruna Greco","twitter_card":"summary_large_image","twitter_misc":{"Written by":"Bruna Greco","Est. reading time":"2 minutos"},"schema":{"@context":"https:\/\/schema.org","@graph":[{"@type":"WebPage","@id":"https:\/\/www.manaus.am.gov.br\/semcom\/recuperacao-viaria-zona-leste-2\/","url":"https:\/\/www.manaus.am.gov.br\/semcom\/recuperacao-viaria-zona-leste-2\/","name":"Prefeitura de Manaus intensifica recupera\u00e7\u00e3o vi\u00e1ria na zona Leste","isPartOf":{"@id":"https:\/\/www.manaus.am.gov.br\/semcom\/#website"},"primaryImageOfPage":{"@id":"https:\/\/www.manaus.am.gov.br\/semcom\/recuperacao-viaria-zona-leste-2\/#primaryimage"},"image":{"@id":"https:\/\/www.manaus.am.gov.br\/semcom\/recuperacao-viaria-zona-leste-2\/#primaryimage"},"thumbnailUrl":"https:\/\/www.manaus.am.gov.br\/semcom\/wp-content\/uploads\/sites\/5\/2026\/04\/WhatsApp-Image-2026-04-29-at-16.34.29-2.jpeg","datePublished":"2026-04-29T20:38:10+00:00","dateModified":"2026-04-29T20:38:10+00:00","author":{"@id":"https:\/\/www.manaus.am.gov.br\/semcom\/#\/schema\/person\/05d223aea2bf115f9883a6ff3683d81b"},"description":"Prefeitura de Manaus, por meio da Seminf, intensifica recupera\u00e7\u00e3o vi\u00e1ria na zona Leste e leva asfalto novo ao bairro S\u00e3o Jos\u00e9.","inLanguage":"pt-BR","potentialAction":[{"@type":"ReadAction","target":["https:\/\/www.manaus.am.gov.br\/semcom\/recuperacao-viaria-zona-leste-2\/"]}]},{"@type":"ImageObject","inLanguage":"pt-BR","@id":"https:\/\/www.manaus.am.gov.br\/semcom\/recuperacao-viaria-zona-leste-2\/#primaryimage","url":"https:\/\/www.manaus.am.gov.br\/semcom\/wp-content\/uploads\/sites\/5\/2026\/04\/WhatsApp-Image-2026-04-29-at-16.34.29-2.jpeg","contentUrl":"https:\/\/www.manaus.am.gov.br\/semcom\/wp-content\/uploads\/sites\/5\/2026\/04\/WhatsApp-Image-2026-04-29-at-16.34.29-2.jpeg","width":1600,"height":900,"caption":"#paratodosverem - Equipe da Seminf realizando a aplica\u00e7\u00e3o de asfalto na rua A, no bairro S\u00e3o Jos\u00e9 Oper\u00e1rio"},{"@type":"WebSite","@id":"https:\/\/www.manaus.am.gov.br\/semcom\/#website","url":"https:\/\/www.manaus.am.gov.br\/semcom\/","name":"SEMCOM","description":"Secretaria Municipal de Comunica\u00e7\u00e3o","potentialAction":[{"@type":"SearchAction","target":{"@type":"EntryPoint","urlTemplate":"https:\/\/www.manaus.am.gov.br\/semcom\/?s={search_term_string}"},"query-input":"required name=search_term_string"}],"inLanguage":"pt-BR"},{"@type":"Person","@id":"https:\/\/www.manaus.am.gov.br\/semcom\/#\/schema\/person\/05d223aea2bf115f9883a6ff3683d81b","name":"Bruna Greco","image":{"@type":"ImageObject","inLanguage":"pt-BR","@id":"https:\/\/www.manaus.am.gov.br\/semcom\/#\/schema\/person\/image\/","url":"https:\/\/secure.gravatar.com\/avatar\/9c877d1a6adc2a055330e5c09a8653ce?s=96&d=mm&r=g","contentUrl":"https:\/\/secure.gravatar.com\/avatar\/9c877d1a6adc2a055330e5c09a8653ce?s=96&d=mm&r=g","caption":"Bruna Greco"}}]}},"_links":{"self":[{"href":"https:\/\/www.manaus.am.gov.br\/semcom\/wp-json\/wp\/v2\/posts\/257682"}],"collection":[{"href":"https:\/\/www.manaus.am.gov.br\/semcom\/wp-json\/wp\/v2\/posts"}],"about":[{"href":"https:\/\/www.manaus.am.gov.br\/semcom\/wp-json\/wp\/v2\/types\/post"}],"author":[{"embeddable":true,"href":"https:\/\/www.manaus.am.gov.br\/semcom\/wp-json\/wp\/v2\/users\/39"}],"replies":[{"embeddable":true,"href":"https:\/\/www.manaus.am.gov.br\/semcom\/wp-json\/wp\/v2\/comments?post=257682"}],"version-history":[{"count":1,"href":"https:\/\/www.manaus.am.gov.br\/semcom\/wp-json\/wp\/v2\/posts\/257682\/revisions"}],"predecessor-version":[{"id":257685,"href":"https:\/\/www.manaus.am.gov.br\/semcom\/wp-json\/wp\/v2\/posts\/257682\/revisions\/257685"}],"wp:featuredmedia":[{"embeddable":true,"href":"https:\/\/www.manaus.am.gov.br\/semcom\/wp-json\/wp\/v2\/media\/257683"}],"wp:attachment":[{"href":"https:\/\/www.manaus.am.gov.br\/semcom\/wp-json\/wp\/v2\/media?parent=257682"}],"wp:term":[{"taxonomy":"category","embeddable":true,"href":"https:\/\/www.manaus.am.gov.br\/semcom\/wp-json\/wp\/v2\/categories?post=257682"},{"taxonomy":"post_tag","embeddable":true,"href":"https:\/\/www.manaus.am.gov.br\/semcom\/wp-json\/wp\/v2\/tags?post=257682"}],"curies":[{"name":"wp","href":"https:\/\/api.w.org\/{rel}","templated":true}]}}