{"id":257664,"date":"2026-04-29T16:00:26","date_gmt":"2026-04-29T19:00:26","guid":{"rendered":"https:\/\/www.manaus.am.gov.br\/semcom\/prefeitura-semsa-10acomus\/"},"modified":"2026-04-29T16:08:33","modified_gmt":"2026-04-29T19:08:33","slug":"prefeitura-semsa-10acomus","status":"publish","type":"post","link":"https:\/\/www.manaus.am.gov.br\/semcom\/prefeitura-semsa-10acomus\/","title":{"rendered":"Confer\u00eancia Municipal de Sa\u00fade de Manaus vai abordar tema \u2018Sa\u00fade, Democracia, Soberania e SUS\u2019"},"content":{"rendered":"\n<p>Durante a 4\u00aa Assembleia Geral Ordin\u00e1ria de 2026, realizada nesta quarta-feira, 29\/4, o Conselho Municipal de Sa\u00fade (CMS\/Manaus) homologou a aprova\u00e7\u00e3o do regimento e do regulamento da 10\u00aa Confer\u00eancia Municipal de Sa\u00fade (Comus).<\/p>\n\n\n\n<p>A assembleia ordin\u00e1ria, que acontece mensalmente no audit\u00f3rio do complexo de sa\u00fade Oeste, bairro da Paz, zona Oeste, reuniu conselheiros municipais representantes de gestores, trabalhadores e usu\u00e1rios do Sistema \u00danico de Sa\u00fade (SUS).<\/p>\n\n\n\n<p>O presidente do CMS\/Manaus, conselheiro Hellyngton Monteiro de Moura, explica que a 10\u00aa Comus vai ser realizada no per\u00edodo de 9 a 12 de junho de 2026, representando a etapa municipal da 18\u00aa Confer\u00eancia Nacional de Sa\u00fade (18\u00aa CNS), abordando o tema \u201cSa\u00fade, Democracia, Soberania e SUS: cuidar do povo \u00e9 cuidar do Brasil\u201d.<\/p>\n\n\n\n<p>A 10\u00aa Comus ter\u00e1 a participa\u00e7\u00e3o de 700 pessoas, entre representantes de gestores, trabalhadores e usu\u00e1rios do SUS, e tem como um dos objetivos a garantia da participa\u00e7\u00e3o popular na elabora\u00e7\u00e3o de propostas que atendam a necessidade da popula\u00e7\u00e3o e na defini\u00e7\u00e3o de diretrizes para subsidiar o planejamento de sa\u00fade nos pr\u00f3ximos quatro anos.<\/p>\n\n\n\n<p>\u201cA Confer\u00eancia Municipal de Sa\u00fade \u00e9 um espa\u00e7o democr\u00e1tico em que a popula\u00e7\u00e3o pode contribuir na elabora\u00e7\u00e3o de propostas para a melhoria da sa\u00fade no munic\u00edpio de Manaus. Tamb\u00e9m \u00e9 um momento importante para a gest\u00e3o da sa\u00fade, j\u00e1 que as propostas aprovadas ir\u00e3o nortear a gest\u00e3o do SUS nos pr\u00f3ximos quatro anos\u201d, destacou Hellyngton Moura.<\/p>\n\n\n\n<p>De acordo com a Resolu\u00e7\u00e3o n\u00ba 001, do CMS\/Manaus, publicada no Di\u00e1rio Oficial do Munic\u00edpio (DOM), de 16 de abril de 2026, que disp\u00f5e sobre o regimento e regulamento do evento, a 10\u00aa Comus ser\u00e1 precedida por seis pr\u00e9-confer\u00eancias distritais de sa\u00fade, que ser\u00e3o realizadas nas zonas urbanas de Manaus, e nas zonas rural fluvial e rural terrestre. A programa\u00e7\u00e3o vai iniciar no Distrito de Sa\u00fade (Disa) rural fluvial (13\/5); seguindo no Disa Leste (15\/5); no Disa Sul (19\/5); no Disa Oeste (21\/5); Disa Norte (25\/5); e no Disa rural terrestre (29\/5).<\/p>\n\n\n\n<p>\u201cPela primeira vez, o CMS\/Manaus vai realizar uma pr\u00e9-confer\u00eancia de sa\u00fade na zona rural fluvial, facilitando o acesso dos moradores das comunidades ribeirinhas. A paridade da participa\u00e7\u00e3o dos representantes dos segmentos do controle social no SUS ser\u00e1 mantida em cada pr\u00e9-confer\u00eancia, com 50% dos participantes de usu\u00e1rios, 25% de trabalhadores e 25% de representantes de gestores e prestadores de servi\u00e7os de sa\u00fade, o que ser\u00e1 seguido na 10\u00aa Comus\u201d, informou Hellyngton Moura.<\/p>\n\n\n\n<p>As pr\u00e9-confer\u00eancias v\u00e3o reunir mil participantes, incluindo cem membros da comiss\u00e3o organizadora.&nbsp; \u201cAs pr\u00e9-confer\u00eancias das zonas urbanas ter\u00e3o 200 participantes cada. Nas duas pr\u00e9-confer\u00eancias da zona rural, ser\u00e3o 60 participantes em cada uma\u201d, explicou o conselheiro.<\/p>\n\n\n\n<p>A programa\u00e7\u00e3o das pr\u00e9-confer\u00eancias vai envolver a apresenta\u00e7\u00e3o de um painel com o tema \u201cSa\u00fade, Democracia, Soberania e SUS: cuidar do povo \u00e9 cuidar do Brasil\u201d e mesas-redondas com as tem\u00e1ticas: Democracia, sa\u00fade como direito e soberania nacional; Financiamento adequado e suficiente para o SUS, com base na justi\u00e7a tribut\u00e1ria e na sustentabilidade fiscal e social; Os desafios para o SUS na agenda nacional da defesa da vida e da sa\u00fade: emerg\u00eancias clim\u00e1ticas e justi\u00e7a socioambiental; Modelo de aten\u00e7\u00e3o e gest\u00e3o, territ\u00f3rios integrados e cuidado integral.<\/p>\n\n\n\n<p>Na plen\u00e1ria final de cada pr\u00e9-confer\u00eancia, haver\u00e1 a aprova\u00e7\u00e3o de propostas que ser\u00e3o encaminhadas para discuss\u00e3o na 10\u00aa Comus e a elei\u00e7\u00e3o de delegados, titulares e suplentes, que ir\u00e3o participar da confer\u00eancia municipal, totalizando 456 delegados.<\/p>\n\n\n\n<p>&#8212; &#8212; &#8212;<\/p>\n\n\n\n<p><strong>Texto<\/strong> &#8211;&nbsp;Euriv\u00e2nia Gal\u00facio \/ Semsa<\/p>\n\n\n\n<p><strong>Fotos<\/strong> &#8211;&nbsp;Divulga\u00e7\u00e3o \/ Semsa<\/p>\n","protected":false},"excerpt":{"rendered":"","protected":false},"author":23,"featured_media":257665,"comment_status":"closed","ping_status":"closed","sticky":false,"template":"","format":"standard","meta":{"footnotes":""},"categories":[980],"tags":[7851,1578,160,77,20592,2028],"acf":[],"yoast_head":"<!-- This site is optimized with the Yoast SEO plugin v23.0 - https:\/\/yoast.com\/wordpress\/plugins\/seo\/ -->\n<title>Confer\u00eancia Municipal de Sa\u00fade de Manaus vai abordar tema \u2018Sa\u00fade, Democracia, Soberania e SUS\u2019<\/title>\n<meta name=\"description\" content=\"Durante a 4\u00aa Assembleia Geral Ordin\u00e1ria de 2026, realizada nesta quarta-feira, 29\/4, o Conselho Municipal de Sa\u00fade (CMS\/Manaus) homologou a aprova\u00e7\u00e3o do regimento e do regulamento da 10\u00aa Confer\u00eancia Municipal de Sa\u00fade (Comus).\" \/>\n<meta name=\"robots\" content=\"index, follow, max-snippet:-1, max-image-preview:large, max-video-preview:-1\" \/>\n<link rel=\"canonical\" href=\"https:\/\/www.manaus.am.gov.br\/semcom\/prefeitura-semsa-10acomus\/\" \/>\n<meta property=\"og:locale\" content=\"pt_BR\" \/>\n<meta property=\"og:type\" content=\"article\" \/>\n<meta property=\"og:title\" content=\"Confer\u00eancia Municipal de Sa\u00fade de Manaus vai abordar tema \u2018Sa\u00fade, Democracia, Soberania e SUS\u2019\" \/>\n<meta property=\"og:description\" content=\"Durante a 4\u00aa Assembleia Geral Ordin\u00e1ria de 2026, realizada nesta quarta-feira, 29\/4, o Conselho Municipal de Sa\u00fade (CMS\/Manaus) homologou a aprova\u00e7\u00e3o do regimento e do regulamento da 10\u00aa Confer\u00eancia Municipal de Sa\u00fade (Comus).\" \/>\n<meta property=\"og:url\" content=\"https:\/\/www.manaus.am.gov.br\/semcom\/prefeitura-semsa-10acomus\/\" \/>\n<meta property=\"og:site_name\" content=\"SEMCOM\" \/>\n<meta property=\"article:published_time\" content=\"2026-04-29T19:00:26+00:00\" \/>\n<meta property=\"article:modified_time\" content=\"2026-04-29T19:08:33+00:00\" \/>\n<meta property=\"og:image\" content=\"https:\/\/www.manaus.am.gov.br\/semcom\/wp-content\/uploads\/sites\/5\/2026\/04\/WhatsApp-Image-2026-04-29-at-14.57.31-1.jpeg\" \/>\n\t<meta property=\"og:image:width\" content=\"1600\" \/>\n\t<meta property=\"og:image:height\" content=\"763\" \/>\n\t<meta property=\"og:image:type\" content=\"image\/jpeg\" \/>\n<meta name=\"author\" content=\"Adriana Costa\" \/>\n<meta name=\"twitter:card\" content=\"summary_large_image\" \/>\n<meta name=\"twitter:label1\" content=\"Written by\" \/>\n\t<meta name=\"twitter:data1\" content=\"Adriana Costa\" \/>\n\t<meta name=\"twitter:label2\" content=\"Est. reading time\" \/>\n\t<meta name=\"twitter:data2\" content=\"4 minutos\" \/>\n<script type=\"application\/ld+json\" class=\"yoast-schema-graph\">{\"@context\":\"https:\/\/schema.org\",\"@graph\":[{\"@type\":\"WebPage\",\"@id\":\"https:\/\/www.manaus.am.gov.br\/semcom\/prefeitura-semsa-10acomus\/\",\"url\":\"https:\/\/www.manaus.am.gov.br\/semcom\/prefeitura-semsa-10acomus\/\",\"name\":\"Confer\u00eancia Municipal de Sa\u00fade de Manaus vai abordar tema \u2018Sa\u00fade, Democracia, Soberania e SUS\u2019\",\"isPartOf\":{\"@id\":\"https:\/\/www.manaus.am.gov.br\/semcom\/#website\"},\"primaryImageOfPage\":{\"@id\":\"https:\/\/www.manaus.am.gov.br\/semcom\/prefeitura-semsa-10acomus\/#primaryimage\"},\"image\":{\"@id\":\"https:\/\/www.manaus.am.gov.br\/semcom\/prefeitura-semsa-10acomus\/#primaryimage\"},\"thumbnailUrl\":\"https:\/\/www.manaus.am.gov.br\/semcom\/wp-content\/uploads\/sites\/5\/2026\/04\/WhatsApp-Image-2026-04-29-at-14.57.31-1.jpeg\",\"datePublished\":\"2026-04-29T19:00:26+00:00\",\"dateModified\":\"2026-04-29T19:08:33+00:00\",\"author\":{\"@id\":\"https:\/\/www.manaus.am.gov.br\/semcom\/#\/schema\/person\/4e49f4e267757a06ca072ec61b2b9968\"},\"description\":\"Durante a 4\u00aa Assembleia Geral Ordin\u00e1ria de 2026, realizada nesta quarta-feira, 29\/4, o Conselho Municipal de Sa\u00fade (CMS\/Manaus) homologou a aprova\u00e7\u00e3o do regimento e do regulamento da 10\u00aa Confer\u00eancia Municipal de Sa\u00fade (Comus).\",\"inLanguage\":\"pt-BR\",\"potentialAction\":[{\"@type\":\"ReadAction\",\"target\":[\"https:\/\/www.manaus.am.gov.br\/semcom\/prefeitura-semsa-10acomus\/\"]}]},{\"@type\":\"ImageObject\",\"inLanguage\":\"pt-BR\",\"@id\":\"https:\/\/www.manaus.am.gov.br\/semcom\/prefeitura-semsa-10acomus\/#primaryimage\",\"url\":\"https:\/\/www.manaus.am.gov.br\/semcom\/wp-content\/uploads\/sites\/5\/2026\/04\/WhatsApp-Image-2026-04-29-at-14.57.31-1.jpeg\",\"contentUrl\":\"https:\/\/www.manaus.am.gov.br\/semcom\/wp-content\/uploads\/sites\/5\/2026\/04\/WhatsApp-Image-2026-04-29-at-14.57.31-1.jpeg\",\"width\":1600,\"height\":763,\"caption\":\"#paratodosverem - Assembleia geral do Conselho Municipal de Sa\u00fade\"},{\"@type\":\"WebSite\",\"@id\":\"https:\/\/www.manaus.am.gov.br\/semcom\/#website\",\"url\":\"https:\/\/www.manaus.am.gov.br\/semcom\/\",\"name\":\"SEMCOM\",\"description\":\"Secretaria Municipal de Comunica\u00e7\u00e3o\",\"potentialAction\":[{\"@type\":\"SearchAction\",\"target\":{\"@type\":\"EntryPoint\",\"urlTemplate\":\"https:\/\/www.manaus.am.gov.br\/semcom\/?s={search_term_string}\"},\"query-input\":\"required name=search_term_string\"}],\"inLanguage\":\"pt-BR\"},{\"@type\":\"Person\",\"@id\":\"https:\/\/www.manaus.am.gov.br\/semcom\/#\/schema\/person\/4e49f4e267757a06ca072ec61b2b9968\",\"name\":\"Adriana Costa\",\"image\":{\"@type\":\"ImageObject\",\"inLanguage\":\"pt-BR\",\"@id\":\"https:\/\/www.manaus.am.gov.br\/semcom\/#\/schema\/person\/image\/\",\"url\":\"https:\/\/secure.gravatar.com\/avatar\/576258617ef7194f718179e766d57bd4?s=96&d=mm&r=g\",\"contentUrl\":\"https:\/\/secure.gravatar.com\/avatar\/576258617ef7194f718179e766d57bd4?s=96&d=mm&r=g\",\"caption\":\"Adriana Costa\"}}]}<\/script>\n<!-- \/ Yoast SEO plugin. -->","yoast_head_json":{"title":"Confer\u00eancia Municipal de Sa\u00fade de Manaus vai abordar tema \u2018Sa\u00fade, Democracia, Soberania e SUS\u2019","description":"Durante a 4\u00aa Assembleia Geral Ordin\u00e1ria de 2026, realizada nesta quarta-feira, 29\/4, o Conselho Municipal de Sa\u00fade (CMS\/Manaus) homologou a aprova\u00e7\u00e3o do regimento e do regulamento da 10\u00aa Confer\u00eancia Municipal de Sa\u00fade (Comus).","robots":{"index":"index","follow":"follow","max-snippet":"max-snippet:-1","max-image-preview":"max-image-preview:large","max-video-preview":"max-video-preview:-1"},"canonical":"https:\/\/www.manaus.am.gov.br\/semcom\/prefeitura-semsa-10acomus\/","og_locale":"pt_BR","og_type":"article","og_title":"Confer\u00eancia Municipal de Sa\u00fade de Manaus vai abordar tema \u2018Sa\u00fade, Democracia, Soberania e SUS\u2019","og_description":"Durante a 4\u00aa Assembleia Geral Ordin\u00e1ria de 2026, realizada nesta quarta-feira, 29\/4, o Conselho Municipal de Sa\u00fade (CMS\/Manaus) homologou a aprova\u00e7\u00e3o do regimento e do regulamento da 10\u00aa Confer\u00eancia Municipal de Sa\u00fade (Comus).","og_url":"https:\/\/www.manaus.am.gov.br\/semcom\/prefeitura-semsa-10acomus\/","og_site_name":"SEMCOM","article_published_time":"2026-04-29T19:00:26+00:00","article_modified_time":"2026-04-29T19:08:33+00:00","og_image":[{"width":1600,"height":763,"url":"https:\/\/www.manaus.am.gov.br\/semcom\/wp-content\/uploads\/sites\/5\/2026\/04\/WhatsApp-Image-2026-04-29-at-14.57.31-1.jpeg","type":"image\/jpeg"}],"author":"Adriana Costa","twitter_card":"summary_large_image","twitter_misc":{"Written by":"Adriana Costa","Est. reading time":"4 minutos"},"schema":{"@context":"https:\/\/schema.org","@graph":[{"@type":"WebPage","@id":"https:\/\/www.manaus.am.gov.br\/semcom\/prefeitura-semsa-10acomus\/","url":"https:\/\/www.manaus.am.gov.br\/semcom\/prefeitura-semsa-10acomus\/","name":"Confer\u00eancia Municipal de Sa\u00fade de Manaus vai abordar tema \u2018Sa\u00fade, Democracia, Soberania e SUS\u2019","isPartOf":{"@id":"https:\/\/www.manaus.am.gov.br\/semcom\/#website"},"primaryImageOfPage":{"@id":"https:\/\/www.manaus.am.gov.br\/semcom\/prefeitura-semsa-10acomus\/#primaryimage"},"image":{"@id":"https:\/\/www.manaus.am.gov.br\/semcom\/prefeitura-semsa-10acomus\/#primaryimage"},"thumbnailUrl":"https:\/\/www.manaus.am.gov.br\/semcom\/wp-content\/uploads\/sites\/5\/2026\/04\/WhatsApp-Image-2026-04-29-at-14.57.31-1.jpeg","datePublished":"2026-04-29T19:00:26+00:00","dateModified":"2026-04-29T19:08:33+00:00","author":{"@id":"https:\/\/www.manaus.am.gov.br\/semcom\/#\/schema\/person\/4e49f4e267757a06ca072ec61b2b9968"},"description":"Durante a 4\u00aa Assembleia Geral Ordin\u00e1ria de 2026, realizada nesta quarta-feira, 29\/4, o Conselho Municipal de Sa\u00fade (CMS\/Manaus) homologou a aprova\u00e7\u00e3o do regimento e do regulamento da 10\u00aa Confer\u00eancia Municipal de Sa\u00fade (Comus).","inLanguage":"pt-BR","potentialAction":[{"@type":"ReadAction","target":["https:\/\/www.manaus.am.gov.br\/semcom\/prefeitura-semsa-10acomus\/"]}]},{"@type":"ImageObject","inLanguage":"pt-BR","@id":"https:\/\/www.manaus.am.gov.br\/semcom\/prefeitura-semsa-10acomus\/#primaryimage","url":"https:\/\/www.manaus.am.gov.br\/semcom\/wp-content\/uploads\/sites\/5\/2026\/04\/WhatsApp-Image-2026-04-29-at-14.57.31-1.jpeg","contentUrl":"https:\/\/www.manaus.am.gov.br\/semcom\/wp-content\/uploads\/sites\/5\/2026\/04\/WhatsApp-Image-2026-04-29-at-14.57.31-1.jpeg","width":1600,"height":763,"caption":"#paratodosverem - Assembleia geral do Conselho Municipal de Sa\u00fade"},{"@type":"WebSite","@id":"https:\/\/www.manaus.am.gov.br\/semcom\/#website","url":"https:\/\/www.manaus.am.gov.br\/semcom\/","name":"SEMCOM","description":"Secretaria Municipal de Comunica\u00e7\u00e3o","potentialAction":[{"@type":"SearchAction","target":{"@type":"EntryPoint","urlTemplate":"https:\/\/www.manaus.am.gov.br\/semcom\/?s={search_term_string}"},"query-input":"required name=search_term_string"}],"inLanguage":"pt-BR"},{"@type":"Person","@id":"https:\/\/www.manaus.am.gov.br\/semcom\/#\/schema\/person\/4e49f4e267757a06ca072ec61b2b9968","name":"Adriana Costa","image":{"@type":"ImageObject","inLanguage":"pt-BR","@id":"https:\/\/www.manaus.am.gov.br\/semcom\/#\/schema\/person\/image\/","url":"https:\/\/secure.gravatar.com\/avatar\/576258617ef7194f718179e766d57bd4?s=96&d=mm&r=g","contentUrl":"https:\/\/secure.gravatar.com\/avatar\/576258617ef7194f718179e766d57bd4?s=96&d=mm&r=g","caption":"Adriana Costa"}}]}},"_links":{"self":[{"href":"https:\/\/www.manaus.am.gov.br\/semcom\/wp-json\/wp\/v2\/posts\/257664"}],"collection":[{"href":"https:\/\/www.manaus.am.gov.br\/semcom\/wp-json\/wp\/v2\/posts"}],"about":[{"href":"https:\/\/www.manaus.am.gov.br\/semcom\/wp-json\/wp\/v2\/types\/post"}],"author":[{"embeddable":true,"href":"https:\/\/www.manaus.am.gov.br\/semcom\/wp-json\/wp\/v2\/users\/23"}],"replies":[{"embeddable":true,"href":"https:\/\/www.manaus.am.gov.br\/semcom\/wp-json\/wp\/v2\/comments?post=257664"}],"version-history":[{"count":1,"href":"https:\/\/www.manaus.am.gov.br\/semcom\/wp-json\/wp\/v2\/posts\/257664\/revisions"}],"predecessor-version":[{"id":257668,"href":"https:\/\/www.manaus.am.gov.br\/semcom\/wp-json\/wp\/v2\/posts\/257664\/revisions\/257668"}],"wp:featuredmedia":[{"embeddable":true,"href":"https:\/\/www.manaus.am.gov.br\/semcom\/wp-json\/wp\/v2\/media\/257665"}],"wp:attachment":[{"href":"https:\/\/www.manaus.am.gov.br\/semcom\/wp-json\/wp\/v2\/media?parent=257664"}],"wp:term":[{"taxonomy":"category","embeddable":true,"href":"https:\/\/www.manaus.am.gov.br\/semcom\/wp-json\/wp\/v2\/categories?post=257664"},{"taxonomy":"post_tag","embeddable":true,"href":"https:\/\/www.manaus.am.gov.br\/semcom\/wp-json\/wp\/v2\/tags?post=257664"}],"curies":[{"name":"wp","href":"https:\/\/api.w.org\/{rel}","templated":true}]}}