{"id":257660,"date":"2026-04-29T14:56:59","date_gmt":"2026-04-29T18:56:59","guid":{"rendered":"https:\/\/www.manaus.am.gov.br\/semcom\/lista-selecionados-minicurso-semtepi\/"},"modified":"2026-04-29T16:00:48","modified_gmt":"2026-04-29T19:00:48","slug":"lista-selecionados-minicurso-semtepi","status":"publish","type":"post","link":"https:\/\/www.manaus.am.gov.br\/semcom\/lista-selecionados-minicurso-semtepi\/","title":{"rendered":"Prefeitura de Manaus divulga lista de selecionados para minicurso \u2018Elabora\u00e7\u00e3o Curricular + Treinamento para Entrevistas de Emprego\u2019"},"content":{"rendered":"\n<p>A <a href=\"https:\/\/www.manaus.am.gov.br\/\">Prefeitura de Manaus<\/a>, por meio da <a href=\"https:\/\/www.instagram.com\/semtepimanaus\/\">Secretaria Municipal do Trabalho, Empreendedorismo e Inova\u00e7\u00e3o<\/a> (Semtepi), em parceria com a Innovatech, divulgou, nesta quarta-feira, 29\/4, a lista de selecionados para o minicurso \u201cElabora\u00e7\u00e3o Curricular + Treinamento para Entrevistas de Emprego\u201d. A capacita\u00e7\u00e3o ser\u00e1 realizada nos dias 4, 5 e 6\/5, das 8h30 \u00e0s 11h30, na sede da Innovatech, localizada na avenida Floriano Peixoto, n\u00ba 394, bairro Centro, zona Sul da capital.<\/p>\n\n\n\n<p>Contemplando 15 selecionados para cada dia, o minicurso \u00e9 voltado para jovens em busca do primeiro emprego, pessoas desempregadas ou em transi\u00e7\u00e3o de carreira, profissionais que desejam aprimorar sua apresenta\u00e7\u00e3o profissional e estudantes da Educa\u00e7\u00e3o de Jovens e Adultos (EJA) ou de cursos profissionalizantes.<\/p>\n\n\n\n<p>O secret\u00e1rio da Semtepi, Alonso Oliveira, destacou a import\u00e2ncia da iniciativa para ampliar as oportunidades de inser\u00e7\u00e3o no mercado de trabalho. &#8220;No mercado atual, destacar-se em um processo seletivo exige preparo e estrat\u00e9gia. Por isso, essa capacita\u00e7\u00e3o foi desenvolvida para orientar os participantes de forma objetiva, oferecendo conhecimentos essenciais para fortalecer a imagem profissional e ampliar as possibilidades de inser\u00e7\u00e3o no mercado de trabalho&#8221;, afirmou.<\/p>\n\n\n\n<p>Os candidatos devem estar cientes das diretrizes de vestimenta estabelecidas pelo \u00f3rg\u00e3o, as quais incluem a proibi\u00e7\u00e3o de bermudas, shorts, minissaias, camisetas regatas e chinelos durante a entrada.<\/p>\n\n\n\n<p><strong>Confira a lista de selecionados:&nbsp;<a href=\"https:\/\/www.manaus.am.gov.br\/wp-content\/uploads\/2026\/04\/LISTA-DE-SELECIONADOS-04.05.2026.pdf\" target=\"_blank\" rel=\"noreferrer noopener\">Dia 4\/5<\/a>,&nbsp;<a href=\"https:\/\/www.manaus.am.gov.br\/wp-content\/uploads\/2026\/04\/LISTA-DE-SELECIONADOS-05.05.2026-1.pdf\" target=\"_blank\" rel=\"noreferrer noopener\">Dia 5\/5<\/a>&nbsp;e&nbsp;<a href=\"https:\/\/www.manaus.am.gov.br\/wp-content\/uploads\/2026\/04\/LISTA-DE-SELECIONADOS-06.05.2026-1.pdf\" target=\"_blank\" rel=\"noreferrer noopener\">Dia 6\/5<\/a><\/strong><\/p>\n\n\n\n<figure class=\"wp-block-image size-large\"><img loading=\"lazy\" decoding=\"async\" width=\"1024\" height=\"768\" src=\"https:\/\/www.manaus.am.gov.br\/semcom\/wp-content\/uploads\/sites\/5\/2026\/04\/Capacitacao-2-1-1024x768.jpeg\" alt=\"\" class=\"wp-image-257662\" srcset=\"https:\/\/www.manaus.am.gov.br\/semcom\/wp-content\/uploads\/sites\/5\/2026\/04\/Capacitacao-2-1-1024x768.jpeg 1024w, https:\/\/www.manaus.am.gov.br\/semcom\/wp-content\/uploads\/sites\/5\/2026\/04\/Capacitacao-2-1-300x225.jpeg 300w, https:\/\/www.manaus.am.gov.br\/semcom\/wp-content\/uploads\/sites\/5\/2026\/04\/Capacitacao-2-1-768x576.jpeg 768w, https:\/\/www.manaus.am.gov.br\/semcom\/wp-content\/uploads\/sites\/5\/2026\/04\/Capacitacao-2-1-1536x1152.jpeg 1536w, https:\/\/www.manaus.am.gov.br\/semcom\/wp-content\/uploads\/sites\/5\/2026\/04\/Capacitacao-2-1-2048x1536.jpeg 2048w\" sizes=\"(max-width: 1024px) 100vw, 1024px\" \/><figcaption class=\"wp-element-caption\">#paratodosverem &#8211; Curso<\/figcaption><\/figure>\n\n\n\n<p>&#8212; &#8212; &#8212;<\/p>\n\n\n\n<p><strong>Texto e fotos \u2013 <\/strong>Divulga\u00e7\u00e3o\/Semtepi<\/p>\n","protected":false},"excerpt":{"rendered":"","protected":false},"author":39,"featured_media":257661,"comment_status":"closed","ping_status":"closed","sticky":false,"template":"","format":"standard","meta":{"footnotes":""},"categories":[40],"tags":[190,1488,20591,77,22],"acf":[],"yoast_head":"<!-- This site is optimized with the Yoast SEO plugin v23.0 - https:\/\/yoast.com\/wordpress\/plugins\/seo\/ -->\n<title>Lista de selecionados para minicurso \u2018Elabora\u00e7\u00e3o Curricular + Treinamento para Entrevistas de Emprego\u2019<\/title>\n<meta name=\"description\" content=\"Prefeitura de Manaus divulga lista de selecionados para minicurso \u2018Elabora\u00e7\u00e3o Curricular + Treinamento para Entrevistas de Emprego\u2019.\" \/>\n<meta name=\"robots\" content=\"index, follow, max-snippet:-1, max-image-preview:large, max-video-preview:-1\" \/>\n<link rel=\"canonical\" href=\"https:\/\/www.manaus.am.gov.br\/semcom\/lista-selecionados-minicurso-semtepi\/\" \/>\n<meta property=\"og:locale\" content=\"pt_BR\" \/>\n<meta property=\"og:type\" content=\"article\" \/>\n<meta property=\"og:title\" content=\"Lista de selecionados para minicurso \u2018Elabora\u00e7\u00e3o Curricular + Treinamento para Entrevistas de Emprego\u2019\" \/>\n<meta property=\"og:description\" content=\"Prefeitura de Manaus divulga lista de selecionados para minicurso \u2018Elabora\u00e7\u00e3o Curricular + Treinamento para Entrevistas de Emprego\u2019.\" \/>\n<meta property=\"og:url\" content=\"https:\/\/www.manaus.am.gov.br\/semcom\/lista-selecionados-minicurso-semtepi\/\" \/>\n<meta property=\"og:site_name\" content=\"SEMCOM\" \/>\n<meta property=\"article:published_time\" content=\"2026-04-29T18:56:59+00:00\" \/>\n<meta property=\"article:modified_time\" content=\"2026-04-29T19:00:48+00:00\" \/>\n<meta property=\"og:image\" content=\"https:\/\/www.manaus.am.gov.br\/semcom\/wp-content\/uploads\/sites\/5\/2026\/04\/Capacitacao-1-2.jpeg\" \/>\n\t<meta property=\"og:image:width\" content=\"4032\" \/>\n\t<meta property=\"og:image:height\" content=\"3024\" \/>\n\t<meta property=\"og:image:type\" content=\"image\/jpeg\" \/>\n<meta name=\"author\" content=\"Bruna Greco\" \/>\n<meta name=\"twitter:card\" content=\"summary_large_image\" \/>\n<meta name=\"twitter:label1\" content=\"Written by\" \/>\n\t<meta name=\"twitter:data1\" content=\"Bruna Greco\" \/>\n\t<meta name=\"twitter:label2\" content=\"Est. reading time\" \/>\n\t<meta name=\"twitter:data2\" content=\"2 minutos\" \/>\n<script type=\"application\/ld+json\" class=\"yoast-schema-graph\">{\"@context\":\"https:\/\/schema.org\",\"@graph\":[{\"@type\":\"WebPage\",\"@id\":\"https:\/\/www.manaus.am.gov.br\/semcom\/lista-selecionados-minicurso-semtepi\/\",\"url\":\"https:\/\/www.manaus.am.gov.br\/semcom\/lista-selecionados-minicurso-semtepi\/\",\"name\":\"Lista de selecionados para minicurso \u2018Elabora\u00e7\u00e3o Curricular + Treinamento para Entrevistas de Emprego\u2019\",\"isPartOf\":{\"@id\":\"https:\/\/www.manaus.am.gov.br\/semcom\/#website\"},\"primaryImageOfPage\":{\"@id\":\"https:\/\/www.manaus.am.gov.br\/semcom\/lista-selecionados-minicurso-semtepi\/#primaryimage\"},\"image\":{\"@id\":\"https:\/\/www.manaus.am.gov.br\/semcom\/lista-selecionados-minicurso-semtepi\/#primaryimage\"},\"thumbnailUrl\":\"https:\/\/www.manaus.am.gov.br\/semcom\/wp-content\/uploads\/sites\/5\/2026\/04\/Capacitacao-1-2.jpeg\",\"datePublished\":\"2026-04-29T18:56:59+00:00\",\"dateModified\":\"2026-04-29T19:00:48+00:00\",\"author\":{\"@id\":\"https:\/\/www.manaus.am.gov.br\/semcom\/#\/schema\/person\/05d223aea2bf115f9883a6ff3683d81b\"},\"description\":\"Prefeitura de Manaus divulga lista de selecionados para minicurso \u2018Elabora\u00e7\u00e3o Curricular + Treinamento para Entrevistas de Emprego\u2019.\",\"inLanguage\":\"pt-BR\",\"potentialAction\":[{\"@type\":\"ReadAction\",\"target\":[\"https:\/\/www.manaus.am.gov.br\/semcom\/lista-selecionados-minicurso-semtepi\/\"]}]},{\"@type\":\"ImageObject\",\"inLanguage\":\"pt-BR\",\"@id\":\"https:\/\/www.manaus.am.gov.br\/semcom\/lista-selecionados-minicurso-semtepi\/#primaryimage\",\"url\":\"https:\/\/www.manaus.am.gov.br\/semcom\/wp-content\/uploads\/sites\/5\/2026\/04\/Capacitacao-1-2.jpeg\",\"contentUrl\":\"https:\/\/www.manaus.am.gov.br\/semcom\/wp-content\/uploads\/sites\/5\/2026\/04\/Capacitacao-1-2.jpeg\",\"width\":4032,\"height\":3024,\"caption\":\"#paratodosverem - Candidatos selecionados participando de curso de capacita\u00e7\u00e3o promovido pela Semtepi\"},{\"@type\":\"WebSite\",\"@id\":\"https:\/\/www.manaus.am.gov.br\/semcom\/#website\",\"url\":\"https:\/\/www.manaus.am.gov.br\/semcom\/\",\"name\":\"SEMCOM\",\"description\":\"Secretaria Municipal de Comunica\u00e7\u00e3o\",\"potentialAction\":[{\"@type\":\"SearchAction\",\"target\":{\"@type\":\"EntryPoint\",\"urlTemplate\":\"https:\/\/www.manaus.am.gov.br\/semcom\/?s={search_term_string}\"},\"query-input\":\"required name=search_term_string\"}],\"inLanguage\":\"pt-BR\"},{\"@type\":\"Person\",\"@id\":\"https:\/\/www.manaus.am.gov.br\/semcom\/#\/schema\/person\/05d223aea2bf115f9883a6ff3683d81b\",\"name\":\"Bruna Greco\",\"image\":{\"@type\":\"ImageObject\",\"inLanguage\":\"pt-BR\",\"@id\":\"https:\/\/www.manaus.am.gov.br\/semcom\/#\/schema\/person\/image\/\",\"url\":\"https:\/\/secure.gravatar.com\/avatar\/9c877d1a6adc2a055330e5c09a8653ce?s=96&d=mm&r=g\",\"contentUrl\":\"https:\/\/secure.gravatar.com\/avatar\/9c877d1a6adc2a055330e5c09a8653ce?s=96&d=mm&r=g\",\"caption\":\"Bruna Greco\"}}]}<\/script>\n<!-- \/ Yoast SEO plugin. -->","yoast_head_json":{"title":"Lista de selecionados para minicurso \u2018Elabora\u00e7\u00e3o Curricular + Treinamento para Entrevistas de Emprego\u2019","description":"Prefeitura de Manaus divulga lista de selecionados para minicurso \u2018Elabora\u00e7\u00e3o Curricular + Treinamento para Entrevistas de Emprego\u2019.","robots":{"index":"index","follow":"follow","max-snippet":"max-snippet:-1","max-image-preview":"max-image-preview:large","max-video-preview":"max-video-preview:-1"},"canonical":"https:\/\/www.manaus.am.gov.br\/semcom\/lista-selecionados-minicurso-semtepi\/","og_locale":"pt_BR","og_type":"article","og_title":"Lista de selecionados para minicurso \u2018Elabora\u00e7\u00e3o Curricular + Treinamento para Entrevistas de Emprego\u2019","og_description":"Prefeitura de Manaus divulga lista de selecionados para minicurso \u2018Elabora\u00e7\u00e3o Curricular + Treinamento para Entrevistas de Emprego\u2019.","og_url":"https:\/\/www.manaus.am.gov.br\/semcom\/lista-selecionados-minicurso-semtepi\/","og_site_name":"SEMCOM","article_published_time":"2026-04-29T18:56:59+00:00","article_modified_time":"2026-04-29T19:00:48+00:00","og_image":[{"width":4032,"height":3024,"url":"https:\/\/www.manaus.am.gov.br\/semcom\/wp-content\/uploads\/sites\/5\/2026\/04\/Capacitacao-1-2.jpeg","type":"image\/jpeg"}],"author":"Bruna Greco","twitter_card":"summary_large_image","twitter_misc":{"Written by":"Bruna Greco","Est. reading time":"2 minutos"},"schema":{"@context":"https:\/\/schema.org","@graph":[{"@type":"WebPage","@id":"https:\/\/www.manaus.am.gov.br\/semcom\/lista-selecionados-minicurso-semtepi\/","url":"https:\/\/www.manaus.am.gov.br\/semcom\/lista-selecionados-minicurso-semtepi\/","name":"Lista de selecionados para minicurso \u2018Elabora\u00e7\u00e3o Curricular + Treinamento para Entrevistas de Emprego\u2019","isPartOf":{"@id":"https:\/\/www.manaus.am.gov.br\/semcom\/#website"},"primaryImageOfPage":{"@id":"https:\/\/www.manaus.am.gov.br\/semcom\/lista-selecionados-minicurso-semtepi\/#primaryimage"},"image":{"@id":"https:\/\/www.manaus.am.gov.br\/semcom\/lista-selecionados-minicurso-semtepi\/#primaryimage"},"thumbnailUrl":"https:\/\/www.manaus.am.gov.br\/semcom\/wp-content\/uploads\/sites\/5\/2026\/04\/Capacitacao-1-2.jpeg","datePublished":"2026-04-29T18:56:59+00:00","dateModified":"2026-04-29T19:00:48+00:00","author":{"@id":"https:\/\/www.manaus.am.gov.br\/semcom\/#\/schema\/person\/05d223aea2bf115f9883a6ff3683d81b"},"description":"Prefeitura de Manaus divulga lista de selecionados para minicurso \u2018Elabora\u00e7\u00e3o Curricular + Treinamento para Entrevistas de Emprego\u2019.","inLanguage":"pt-BR","potentialAction":[{"@type":"ReadAction","target":["https:\/\/www.manaus.am.gov.br\/semcom\/lista-selecionados-minicurso-semtepi\/"]}]},{"@type":"ImageObject","inLanguage":"pt-BR","@id":"https:\/\/www.manaus.am.gov.br\/semcom\/lista-selecionados-minicurso-semtepi\/#primaryimage","url":"https:\/\/www.manaus.am.gov.br\/semcom\/wp-content\/uploads\/sites\/5\/2026\/04\/Capacitacao-1-2.jpeg","contentUrl":"https:\/\/www.manaus.am.gov.br\/semcom\/wp-content\/uploads\/sites\/5\/2026\/04\/Capacitacao-1-2.jpeg","width":4032,"height":3024,"caption":"#paratodosverem - Candidatos selecionados participando de curso de capacita\u00e7\u00e3o promovido pela Semtepi"},{"@type":"WebSite","@id":"https:\/\/www.manaus.am.gov.br\/semcom\/#website","url":"https:\/\/www.manaus.am.gov.br\/semcom\/","name":"SEMCOM","description":"Secretaria Municipal de Comunica\u00e7\u00e3o","potentialAction":[{"@type":"SearchAction","target":{"@type":"EntryPoint","urlTemplate":"https:\/\/www.manaus.am.gov.br\/semcom\/?s={search_term_string}"},"query-input":"required name=search_term_string"}],"inLanguage":"pt-BR"},{"@type":"Person","@id":"https:\/\/www.manaus.am.gov.br\/semcom\/#\/schema\/person\/05d223aea2bf115f9883a6ff3683d81b","name":"Bruna Greco","image":{"@type":"ImageObject","inLanguage":"pt-BR","@id":"https:\/\/www.manaus.am.gov.br\/semcom\/#\/schema\/person\/image\/","url":"https:\/\/secure.gravatar.com\/avatar\/9c877d1a6adc2a055330e5c09a8653ce?s=96&d=mm&r=g","contentUrl":"https:\/\/secure.gravatar.com\/avatar\/9c877d1a6adc2a055330e5c09a8653ce?s=96&d=mm&r=g","caption":"Bruna Greco"}}]}},"_links":{"self":[{"href":"https:\/\/www.manaus.am.gov.br\/semcom\/wp-json\/wp\/v2\/posts\/257660"}],"collection":[{"href":"https:\/\/www.manaus.am.gov.br\/semcom\/wp-json\/wp\/v2\/posts"}],"about":[{"href":"https:\/\/www.manaus.am.gov.br\/semcom\/wp-json\/wp\/v2\/types\/post"}],"author":[{"embeddable":true,"href":"https:\/\/www.manaus.am.gov.br\/semcom\/wp-json\/wp\/v2\/users\/39"}],"replies":[{"embeddable":true,"href":"https:\/\/www.manaus.am.gov.br\/semcom\/wp-json\/wp\/v2\/comments?post=257660"}],"version-history":[{"count":3,"href":"https:\/\/www.manaus.am.gov.br\/semcom\/wp-json\/wp\/v2\/posts\/257660\/revisions"}],"predecessor-version":[{"id":257667,"href":"https:\/\/www.manaus.am.gov.br\/semcom\/wp-json\/wp\/v2\/posts\/257660\/revisions\/257667"}],"wp:featuredmedia":[{"embeddable":true,"href":"https:\/\/www.manaus.am.gov.br\/semcom\/wp-json\/wp\/v2\/media\/257661"}],"wp:attachment":[{"href":"https:\/\/www.manaus.am.gov.br\/semcom\/wp-json\/wp\/v2\/media?parent=257660"}],"wp:term":[{"taxonomy":"category","embeddable":true,"href":"https:\/\/www.manaus.am.gov.br\/semcom\/wp-json\/wp\/v2\/categories?post=257660"},{"taxonomy":"post_tag","embeddable":true,"href":"https:\/\/www.manaus.am.gov.br\/semcom\/wp-json\/wp\/v2\/tags?post=257660"}],"curies":[{"name":"wp","href":"https:\/\/api.w.org\/{rel}","templated":true}]}}