{"id":257651,"date":"2026-04-29T14:41:27","date_gmt":"2026-04-29T18:41:27","guid":{"rendered":"https:\/\/www.manaus.am.gov.br\/semcom\/operacao-fiscalizacao-zona-leste\/"},"modified":"2026-04-29T15:48:56","modified_gmt":"2026-04-29T18:48:56","slug":"operacao-de-fiscalizacao-zona-leste","status":"publish","type":"post","link":"https:\/\/www.manaus.am.gov.br\/semcom\/operacao-de-fiscalizacao-zona-leste\/","title":{"rendered":"Prefeitura realiza opera\u00e7\u00e3o de fiscaliza\u00e7\u00e3o na zona Leste de Manaus com 12 autua\u00e7\u00f5es por irregularidades no tr\u00e2nsito"},"content":{"rendered":"\n<p>Com intuito de ordenar o tr\u00e2nsito na zona Leste da capital, a <a href=\"https:\/\/www.manaus.am.gov.br\/\">Prefeitura de Manaus<\/a>, por meio do <a href=\"https:\/\/www.instagram.com\/immu_manaus\/\">Instituto Municipal de Mobilidade Urbana<\/a> (IMMU), realizou, nesta quarta-feira, 29\/4, mais uma opera\u00e7\u00e3o de fiscaliza\u00e7\u00e3o no local, por se tratar de uma \u00e1rea de grande concentra\u00e7\u00e3o de ve\u00edculos e pessoas. Desta vez, a opera\u00e7\u00e3o ocorreu na avenida Brigadeiro Hil\u00e1rio Gurj\u00e3o, no bairro Jorge Teixeira, e resultou em 12 autua\u00e7\u00f5es por irregularidades de tr\u00e2nsito.\u00a0<\/p>\n\n\n\n<p>Os agentes de tr\u00e2nsito do IMMU percorreram a via e orientaram os motoristas quanto ao ordenamento do fluxo de ve\u00edculos no local. Foram verificados ve\u00edculos parados em fila dupla e outros estacionados de forma irregular, comprometendo o tr\u00e2nsito.<\/p>\n\n\n\n<p>\u201cNosso foco principal \u00e9 ordenar o espa\u00e7o p\u00fablico e garantir a fluidez da via. A presen\u00e7a constante dos agentes inibe as irregularidades e proporciona mais seguran\u00e7a para pedestres e motoristas que circulam nessa \u00e1rea de intenso com\u00e9rcio\u201d, disse o diretor de Opera\u00e7\u00f5es de Tr\u00e2nsito do IMMU, Stanley Ventilari.<\/p>\n\n\n\n<p>As opera\u00e7\u00f5es de tr\u00e2nsito acontecem de forma recorrente e v\u00eam obtendo \u00eaxito no sentido de orientar motoristas sobre a import\u00e2ncia de respeitar o espa\u00e7o p\u00fablico destinado ao estacionamento de ve\u00edculos.<\/p>\n\n\n\n<p>Para informa\u00e7\u00f5es, d\u00favidas e den\u00fancias quanto ao tr\u00e2nsito na cidade, a Prefeitura de Manaus disponibiliza o Disque Tr\u00e2nsito: 0800 092 1188.<\/p>\n\n\n\n<figure class=\"wp-block-image size-large\"><img loading=\"lazy\" decoding=\"async\" width=\"1024\" height=\"819\" src=\"https:\/\/www.manaus.am.gov.br\/semcom\/wp-content\/uploads\/sites\/5\/2026\/04\/Operacao-2-2-1024x819.jpeg\" alt=\"\" class=\"wp-image-257653\" srcset=\"https:\/\/www.manaus.am.gov.br\/semcom\/wp-content\/uploads\/sites\/5\/2026\/04\/Operacao-2-2-1024x819.jpeg 1024w, https:\/\/www.manaus.am.gov.br\/semcom\/wp-content\/uploads\/sites\/5\/2026\/04\/Operacao-2-2-300x240.jpeg 300w, https:\/\/www.manaus.am.gov.br\/semcom\/wp-content\/uploads\/sites\/5\/2026\/04\/Operacao-2-2-768x614.jpeg 768w, https:\/\/www.manaus.am.gov.br\/semcom\/wp-content\/uploads\/sites\/5\/2026\/04\/Operacao-2-2.jpeg 1170w\" sizes=\"(max-width: 1024px) 100vw, 1024px\" \/><figcaption class=\"wp-element-caption\">#paratodosverem &#8211; A\u00e7\u00e3o vi\u00e1ria<\/figcaption><\/figure>\n\n\n\n<p>&#8212; &#8212; &#8212;<\/p>\n\n\n\n<p><strong>Texto &#8211;<\/strong>&nbsp;\u00c1lisson Castro\/IMMU<\/p>\n\n\n\n<p><strong>Fotos &#8211;<\/strong> &nbsp;Kamile Brand\u00e3o\/IMMU<\/p>\n","protected":false},"excerpt":{"rendered":"","protected":false},"author":39,"featured_media":257652,"comment_status":"closed","ping_status":"closed","sticky":false,"template":"","format":"standard","meta":{"footnotes":""},"categories":[72],"tags":[20589,12,20590,2743,77,108],"acf":[],"yoast_head":"<!-- This site is optimized with the Yoast SEO plugin v23.0 - https:\/\/yoast.com\/wordpress\/plugins\/seo\/ -->\n<title>Prefeitura realiza opera\u00e7\u00e3o de fiscaliza\u00e7\u00e3o na zona Leste<\/title>\n<meta name=\"description\" content=\"Prefeitura realiza opera\u00e7\u00e3o de fiscaliza\u00e7\u00e3o na zona Leste de Manaus com 12 autua\u00e7\u00f5es por irregularidades no tr\u00e2nsito.\" \/>\n<meta name=\"robots\" content=\"index, follow, max-snippet:-1, max-image-preview:large, max-video-preview:-1\" \/>\n<link rel=\"canonical\" href=\"https:\/\/www.manaus.am.gov.br\/semcom\/operacao-de-fiscalizacao-zona-leste\/\" \/>\n<meta property=\"og:locale\" content=\"pt_BR\" \/>\n<meta property=\"og:type\" content=\"article\" \/>\n<meta property=\"og:title\" content=\"Prefeitura realiza opera\u00e7\u00e3o de fiscaliza\u00e7\u00e3o na zona Leste\" \/>\n<meta property=\"og:description\" content=\"Prefeitura realiza opera\u00e7\u00e3o de fiscaliza\u00e7\u00e3o na zona Leste de Manaus com 12 autua\u00e7\u00f5es por irregularidades no tr\u00e2nsito.\" \/>\n<meta property=\"og:url\" content=\"https:\/\/www.manaus.am.gov.br\/semcom\/operacao-de-fiscalizacao-zona-leste\/\" \/>\n<meta property=\"og:site_name\" content=\"SEMCOM\" \/>\n<meta property=\"article:published_time\" content=\"2026-04-29T18:41:27+00:00\" \/>\n<meta property=\"article:modified_time\" content=\"2026-04-29T18:48:56+00:00\" \/>\n<meta property=\"og:image\" content=\"https:\/\/www.manaus.am.gov.br\/semcom\/wp-content\/uploads\/sites\/5\/2026\/04\/Operacao-1.jpeg\" \/>\n\t<meta property=\"og:image:width\" content=\"1115\" \/>\n\t<meta property=\"og:image:height\" content=\"892\" \/>\n\t<meta property=\"og:image:type\" content=\"image\/jpeg\" \/>\n<meta name=\"author\" content=\"Bruna Greco\" \/>\n<meta name=\"twitter:card\" content=\"summary_large_image\" \/>\n<meta name=\"twitter:label1\" content=\"Written by\" \/>\n\t<meta name=\"twitter:data1\" content=\"Bruna Greco\" \/>\n\t<meta name=\"twitter:label2\" content=\"Est. reading time\" \/>\n\t<meta name=\"twitter:data2\" content=\"2 minutos\" \/>\n<script type=\"application\/ld+json\" class=\"yoast-schema-graph\">{\"@context\":\"https:\/\/schema.org\",\"@graph\":[{\"@type\":\"WebPage\",\"@id\":\"https:\/\/www.manaus.am.gov.br\/semcom\/operacao-de-fiscalizacao-zona-leste\/\",\"url\":\"https:\/\/www.manaus.am.gov.br\/semcom\/operacao-de-fiscalizacao-zona-leste\/\",\"name\":\"Prefeitura realiza opera\u00e7\u00e3o de fiscaliza\u00e7\u00e3o na zona Leste\",\"isPartOf\":{\"@id\":\"https:\/\/www.manaus.am.gov.br\/semcom\/#website\"},\"primaryImageOfPage\":{\"@id\":\"https:\/\/www.manaus.am.gov.br\/semcom\/operacao-de-fiscalizacao-zona-leste\/#primaryimage\"},\"image\":{\"@id\":\"https:\/\/www.manaus.am.gov.br\/semcom\/operacao-de-fiscalizacao-zona-leste\/#primaryimage\"},\"thumbnailUrl\":\"https:\/\/www.manaus.am.gov.br\/semcom\/wp-content\/uploads\/sites\/5\/2026\/04\/Operacao-1.jpeg\",\"datePublished\":\"2026-04-29T18:41:27+00:00\",\"dateModified\":\"2026-04-29T18:48:56+00:00\",\"author\":{\"@id\":\"https:\/\/www.manaus.am.gov.br\/semcom\/#\/schema\/person\/05d223aea2bf115f9883a6ff3683d81b\"},\"description\":\"Prefeitura realiza opera\u00e7\u00e3o de fiscaliza\u00e7\u00e3o na zona Leste de Manaus com 12 autua\u00e7\u00f5es por irregularidades no tr\u00e2nsito.\",\"inLanguage\":\"pt-BR\",\"potentialAction\":[{\"@type\":\"ReadAction\",\"target\":[\"https:\/\/www.manaus.am.gov.br\/semcom\/operacao-de-fiscalizacao-zona-leste\/\"]}]},{\"@type\":\"ImageObject\",\"inLanguage\":\"pt-BR\",\"@id\":\"https:\/\/www.manaus.am.gov.br\/semcom\/operacao-de-fiscalizacao-zona-leste\/#primaryimage\",\"url\":\"https:\/\/www.manaus.am.gov.br\/semcom\/wp-content\/uploads\/sites\/5\/2026\/04\/Operacao-1.jpeg\",\"contentUrl\":\"https:\/\/www.manaus.am.gov.br\/semcom\/wp-content\/uploads\/sites\/5\/2026\/04\/Operacao-1.jpeg\",\"width\":1115,\"height\":892,\"caption\":\"#paratodosverem - Agente de tr\u00e2nsito do IMMU realizando fiscaliza\u00e7\u00e3o durante opera\u00e7\u00e3o na avenida Brigadeiro Hil\u00e1rio Gurj\u00e3o, no bairro Jorge Teixeira\"},{\"@type\":\"WebSite\",\"@id\":\"https:\/\/www.manaus.am.gov.br\/semcom\/#website\",\"url\":\"https:\/\/www.manaus.am.gov.br\/semcom\/\",\"name\":\"SEMCOM\",\"description\":\"Secretaria Municipal de Comunica\u00e7\u00e3o\",\"potentialAction\":[{\"@type\":\"SearchAction\",\"target\":{\"@type\":\"EntryPoint\",\"urlTemplate\":\"https:\/\/www.manaus.am.gov.br\/semcom\/?s={search_term_string}\"},\"query-input\":\"required name=search_term_string\"}],\"inLanguage\":\"pt-BR\"},{\"@type\":\"Person\",\"@id\":\"https:\/\/www.manaus.am.gov.br\/semcom\/#\/schema\/person\/05d223aea2bf115f9883a6ff3683d81b\",\"name\":\"Bruna Greco\",\"image\":{\"@type\":\"ImageObject\",\"inLanguage\":\"pt-BR\",\"@id\":\"https:\/\/www.manaus.am.gov.br\/semcom\/#\/schema\/person\/image\/\",\"url\":\"https:\/\/secure.gravatar.com\/avatar\/9c877d1a6adc2a055330e5c09a8653ce?s=96&d=mm&r=g\",\"contentUrl\":\"https:\/\/secure.gravatar.com\/avatar\/9c877d1a6adc2a055330e5c09a8653ce?s=96&d=mm&r=g\",\"caption\":\"Bruna Greco\"}}]}<\/script>\n<!-- \/ Yoast SEO plugin. -->","yoast_head_json":{"title":"Prefeitura realiza opera\u00e7\u00e3o de fiscaliza\u00e7\u00e3o na zona Leste","description":"Prefeitura realiza opera\u00e7\u00e3o de fiscaliza\u00e7\u00e3o na zona Leste de Manaus com 12 autua\u00e7\u00f5es por irregularidades no tr\u00e2nsito.","robots":{"index":"index","follow":"follow","max-snippet":"max-snippet:-1","max-image-preview":"max-image-preview:large","max-video-preview":"max-video-preview:-1"},"canonical":"https:\/\/www.manaus.am.gov.br\/semcom\/operacao-de-fiscalizacao-zona-leste\/","og_locale":"pt_BR","og_type":"article","og_title":"Prefeitura realiza opera\u00e7\u00e3o de fiscaliza\u00e7\u00e3o na zona Leste","og_description":"Prefeitura realiza opera\u00e7\u00e3o de fiscaliza\u00e7\u00e3o na zona Leste de Manaus com 12 autua\u00e7\u00f5es por irregularidades no tr\u00e2nsito.","og_url":"https:\/\/www.manaus.am.gov.br\/semcom\/operacao-de-fiscalizacao-zona-leste\/","og_site_name":"SEMCOM","article_published_time":"2026-04-29T18:41:27+00:00","article_modified_time":"2026-04-29T18:48:56+00:00","og_image":[{"width":1115,"height":892,"url":"https:\/\/www.manaus.am.gov.br\/semcom\/wp-content\/uploads\/sites\/5\/2026\/04\/Operacao-1.jpeg","type":"image\/jpeg"}],"author":"Bruna Greco","twitter_card":"summary_large_image","twitter_misc":{"Written by":"Bruna Greco","Est. reading time":"2 minutos"},"schema":{"@context":"https:\/\/schema.org","@graph":[{"@type":"WebPage","@id":"https:\/\/www.manaus.am.gov.br\/semcom\/operacao-de-fiscalizacao-zona-leste\/","url":"https:\/\/www.manaus.am.gov.br\/semcom\/operacao-de-fiscalizacao-zona-leste\/","name":"Prefeitura realiza opera\u00e7\u00e3o de fiscaliza\u00e7\u00e3o na zona Leste","isPartOf":{"@id":"https:\/\/www.manaus.am.gov.br\/semcom\/#website"},"primaryImageOfPage":{"@id":"https:\/\/www.manaus.am.gov.br\/semcom\/operacao-de-fiscalizacao-zona-leste\/#primaryimage"},"image":{"@id":"https:\/\/www.manaus.am.gov.br\/semcom\/operacao-de-fiscalizacao-zona-leste\/#primaryimage"},"thumbnailUrl":"https:\/\/www.manaus.am.gov.br\/semcom\/wp-content\/uploads\/sites\/5\/2026\/04\/Operacao-1.jpeg","datePublished":"2026-04-29T18:41:27+00:00","dateModified":"2026-04-29T18:48:56+00:00","author":{"@id":"https:\/\/www.manaus.am.gov.br\/semcom\/#\/schema\/person\/05d223aea2bf115f9883a6ff3683d81b"},"description":"Prefeitura realiza opera\u00e7\u00e3o de fiscaliza\u00e7\u00e3o na zona Leste de Manaus com 12 autua\u00e7\u00f5es por irregularidades no tr\u00e2nsito.","inLanguage":"pt-BR","potentialAction":[{"@type":"ReadAction","target":["https:\/\/www.manaus.am.gov.br\/semcom\/operacao-de-fiscalizacao-zona-leste\/"]}]},{"@type":"ImageObject","inLanguage":"pt-BR","@id":"https:\/\/www.manaus.am.gov.br\/semcom\/operacao-de-fiscalizacao-zona-leste\/#primaryimage","url":"https:\/\/www.manaus.am.gov.br\/semcom\/wp-content\/uploads\/sites\/5\/2026\/04\/Operacao-1.jpeg","contentUrl":"https:\/\/www.manaus.am.gov.br\/semcom\/wp-content\/uploads\/sites\/5\/2026\/04\/Operacao-1.jpeg","width":1115,"height":892,"caption":"#paratodosverem - Agente de tr\u00e2nsito do IMMU realizando fiscaliza\u00e7\u00e3o durante opera\u00e7\u00e3o na avenida Brigadeiro Hil\u00e1rio Gurj\u00e3o, no bairro Jorge Teixeira"},{"@type":"WebSite","@id":"https:\/\/www.manaus.am.gov.br\/semcom\/#website","url":"https:\/\/www.manaus.am.gov.br\/semcom\/","name":"SEMCOM","description":"Secretaria Municipal de Comunica\u00e7\u00e3o","potentialAction":[{"@type":"SearchAction","target":{"@type":"EntryPoint","urlTemplate":"https:\/\/www.manaus.am.gov.br\/semcom\/?s={search_term_string}"},"query-input":"required name=search_term_string"}],"inLanguage":"pt-BR"},{"@type":"Person","@id":"https:\/\/www.manaus.am.gov.br\/semcom\/#\/schema\/person\/05d223aea2bf115f9883a6ff3683d81b","name":"Bruna Greco","image":{"@type":"ImageObject","inLanguage":"pt-BR","@id":"https:\/\/www.manaus.am.gov.br\/semcom\/#\/schema\/person\/image\/","url":"https:\/\/secure.gravatar.com\/avatar\/9c877d1a6adc2a055330e5c09a8653ce?s=96&d=mm&r=g","contentUrl":"https:\/\/secure.gravatar.com\/avatar\/9c877d1a6adc2a055330e5c09a8653ce?s=96&d=mm&r=g","caption":"Bruna Greco"}}]}},"_links":{"self":[{"href":"https:\/\/www.manaus.am.gov.br\/semcom\/wp-json\/wp\/v2\/posts\/257651"}],"collection":[{"href":"https:\/\/www.manaus.am.gov.br\/semcom\/wp-json\/wp\/v2\/posts"}],"about":[{"href":"https:\/\/www.manaus.am.gov.br\/semcom\/wp-json\/wp\/v2\/types\/post"}],"author":[{"embeddable":true,"href":"https:\/\/www.manaus.am.gov.br\/semcom\/wp-json\/wp\/v2\/users\/39"}],"replies":[{"embeddable":true,"href":"https:\/\/www.manaus.am.gov.br\/semcom\/wp-json\/wp\/v2\/comments?post=257651"}],"version-history":[{"count":3,"href":"https:\/\/www.manaus.am.gov.br\/semcom\/wp-json\/wp\/v2\/posts\/257651\/revisions"}],"predecessor-version":[{"id":257659,"href":"https:\/\/www.manaus.am.gov.br\/semcom\/wp-json\/wp\/v2\/posts\/257651\/revisions\/257659"}],"wp:featuredmedia":[{"embeddable":true,"href":"https:\/\/www.manaus.am.gov.br\/semcom\/wp-json\/wp\/v2\/media\/257652"}],"wp:attachment":[{"href":"https:\/\/www.manaus.am.gov.br\/semcom\/wp-json\/wp\/v2\/media?parent=257651"}],"wp:term":[{"taxonomy":"category","embeddable":true,"href":"https:\/\/www.manaus.am.gov.br\/semcom\/wp-json\/wp\/v2\/categories?post=257651"},{"taxonomy":"post_tag","embeddable":true,"href":"https:\/\/www.manaus.am.gov.br\/semcom\/wp-json\/wp\/v2\/tags?post=257651"}],"curies":[{"name":"wp","href":"https:\/\/api.w.org\/{rel}","templated":true}]}}