{"id":257640,"date":"2026-04-29T13:59:05","date_gmt":"2026-04-29T17:59:05","guid":{"rendered":"https:\/\/www.manaus.am.gov.br\/semcom\/programacao-festa-do-trabalhador\/"},"modified":"2026-04-29T15:04:00","modified_gmt":"2026-04-29T18:04:00","slug":"programacao-festa-do-trabalhador","status":"publish","type":"post","link":"https:\/\/www.manaus.am.gov.br\/semcom\/programacao-festa-do-trabalhador\/","title":{"rendered":"Prefeitura de Manaus divulga programa\u00e7\u00e3o da \u2018Festa do Trabalhador\u2019"},"content":{"rendered":"\n<p>A <a href=\"https:\/\/www.manaus.am.gov.br\/\">Prefeitura de Manaus<\/a>, por meio da <a href=\"https:\/\/www.instagram.com\/semtepimanaus\/\">Secretaria Municipal do Trabalho, Empreendedorismo e Inova\u00e7\u00e3o<\/a> (Semtepi), divulga, nesta quarta-feira, 29\/4, a programa\u00e7\u00e3o oficial da tradicional \u201cFesta do Trabalhador\u201d, que ser\u00e1 realizada\u00a0nesta sexta-feira, 1\u00ba\/5, em dois espa\u00e7os do complexo tur\u00edstico Ponta Negra: a Casa de Praia Zezinho Corr\u00eaa e o anfiteatro da Ponta Negra.<\/p>\n\n\n\n<p>A celebra\u00e7\u00e3o \u00e9 uma homenagem aos trabalhadores manauaras e contar\u00e1 com apresenta\u00e7\u00f5es musicais, aul\u00f5es de dan\u00e7a e atra\u00e7\u00f5es culturais, proporcionando lazer, entretenimento e valoriza\u00e7\u00e3o da classe trabalhadora.<\/p>\n\n\n\n<p>O secret\u00e1rio da Semtepi, Alonso Oliveira, destacou a import\u00e2ncia da programa\u00e7\u00e3o para reconhecer o esfor\u00e7o di\u00e1rio dos trabalhadores da capital. \u201cEssa \u00e9 uma festa pensada com muito carinho para homenagear os trabalhadores e suas fam\u00edlias, oferecendo um momento de lazer, cultura e integra\u00e7\u00e3o. Preparamos uma programa\u00e7\u00e3o diversificada, com atra\u00e7\u00f5es para todos os gostos, em um dos principais cart\u00f5es-postais da cidade\u201d, afirmou.<\/p>\n\n\n\n<p>Durante a programa\u00e7\u00e3o, o cal\u00e7ad\u00e3o recuado da Ponta Negra vai receber a Feira Gastron\u00f4mica do Trabalhador, que ser\u00e1 realizada no per\u00edodo de 29\/4 a 3\/5, beneficiando mais de 30 empreendedores, que levar\u00e3o variados sabores da culin\u00e1ria t\u00edpica amazonense.<\/p>\n\n\n\n<p><strong>PROGRAMA\u00c7\u00c3O<\/strong><\/p>\n\n\n\n<p><strong>Casa de Praia Zezinho Corr\u00eaa<\/strong><\/p>\n\n\n\n<p><strong>16h \u00e0s 17h<\/strong>&nbsp;\u2013 1\u00ba Aul\u00e3o de dan\u00e7a com professor Matheus<\/p>\n\n\n\n<p><strong>17h \u00e0s 17h30<\/strong>&nbsp;\u2013 Mix de m\u00fasicas (intervalo)<\/p>\n\n\n\n<p><strong>17h30 \u00e0s 18h30<\/strong>&nbsp;\u2013 2\u00ba Aul\u00e3o de dan\u00e7a com professor Gabriel<\/p>\n\n\n\n<p><strong>18h20<\/strong>&nbsp;\u2013 Mix de m\u00fasicas (intervalo)<\/p>\n\n\n\n<p><strong>21h \u00e0s 22h<\/strong>&nbsp;\u2013 3\u00ba Aul\u00e3o de dan\u00e7a com professor F\u00e9lix<\/p>\n\n\n\n<p><strong>Anfiteatro da Ponta Negra<\/strong><\/p>\n\n\n\n<p><strong>17h \u00e0s 18h<\/strong>&nbsp;\u2013 DJ Jhon<\/p>\n\n\n\n<p><strong>18h \u00e0s 19h30<\/strong>&nbsp;\u2013 Chora Cachorro (Brega Rock)<\/p>\n\n\n\n<p><strong>19h30 \u00e0s 20h<\/strong>&nbsp;\u2013 DJ Jhon<\/p>\n\n\n\n<p><strong>20h \u00e0s 21h30<\/strong>&nbsp;\u2013 Mikael (Pagode)<\/p>\n\n\n\n<p><strong>21h30 \u00e0s 22h30<\/strong>&nbsp;\u2013 DJ Jhon<\/p>\n\n\n\n<p><strong>22h30 \u00e0s 23h30<\/strong>&nbsp;\u2013 Forr\u00f3 Brizado<\/p>\n\n\n\n<figure class=\"wp-block-image size-large\"><img loading=\"lazy\" decoding=\"async\" width=\"1024\" height=\"682\" src=\"https:\/\/www.manaus.am.gov.br\/semcom\/wp-content\/uploads\/sites\/5\/2026\/04\/Comemoracao-2-1024x682.jpeg\" alt=\"\" class=\"wp-image-257641\" srcset=\"https:\/\/www.manaus.am.gov.br\/semcom\/wp-content\/uploads\/sites\/5\/2026\/04\/Comemoracao-2-1024x682.jpeg 1024w, https:\/\/www.manaus.am.gov.br\/semcom\/wp-content\/uploads\/sites\/5\/2026\/04\/Comemoracao-2-300x200.jpeg 300w, https:\/\/www.manaus.am.gov.br\/semcom\/wp-content\/uploads\/sites\/5\/2026\/04\/Comemoracao-2-768x512.jpeg 768w, https:\/\/www.manaus.am.gov.br\/semcom\/wp-content\/uploads\/sites\/5\/2026\/04\/Comemoracao-2-1536x1023.jpeg 1536w, https:\/\/www.manaus.am.gov.br\/semcom\/wp-content\/uploads\/sites\/5\/2026\/04\/Comemoracao-2.jpeg 1600w\" sizes=\"(max-width: 1024px) 100vw, 1024px\" \/><figcaption class=\"wp-element-caption\">#paratodosverem &#8211; Atra\u00e7\u00e3o musical<\/figcaption><\/figure>\n\n\n\n<p><strong>&#8212; &#8212; &#8212;<\/strong><\/p>\n\n\n\n<p><strong>Texto \u2013&nbsp;<\/strong>Fabiane Monteiro\/Semtepi<\/p>\n\n\n\n<p><strong>Fotos \u2013&nbsp;<\/strong>Divulga\u00e7\u00e3o\/Arquivo Semtepi<\/p>\n","protected":false},"excerpt":{"rendered":"","protected":false},"author":39,"featured_media":257642,"comment_status":"closed","ping_status":"closed","sticky":false,"template":"","format":"standard","meta":{"footnotes":""},"categories":[4097],"tags":[20584,1219,14635,77,1001,22],"acf":[],"yoast_head":"<!-- This site is optimized with the Yoast SEO plugin v23.0 - https:\/\/yoast.com\/wordpress\/plugins\/seo\/ -->\n<title>Prefeitura divulga programa\u00e7\u00e3o da Festa do Trabalhador<\/title>\n<meta name=\"description\" content=\"Prefeitura de Manaus, por meio da Semtepi, divulga programa\u00e7\u00e3o da \u2018Festa do Trabalhador\u2019 que acontece nesta sexta-feira, 1\u00ba\/5.\" \/>\n<meta name=\"robots\" content=\"index, follow, max-snippet:-1, max-image-preview:large, max-video-preview:-1\" \/>\n<link rel=\"canonical\" href=\"https:\/\/www.manaus.am.gov.br\/semcom\/programacao-festa-do-trabalhador\/\" \/>\n<meta property=\"og:locale\" content=\"pt_BR\" \/>\n<meta property=\"og:type\" content=\"article\" \/>\n<meta property=\"og:title\" content=\"Prefeitura divulga programa\u00e7\u00e3o da Festa do Trabalhador\" \/>\n<meta property=\"og:description\" content=\"Prefeitura de Manaus, por meio da Semtepi, divulga programa\u00e7\u00e3o da \u2018Festa do Trabalhador\u2019 que acontece nesta sexta-feira, 1\u00ba\/5.\" \/>\n<meta property=\"og:url\" content=\"https:\/\/www.manaus.am.gov.br\/semcom\/programacao-festa-do-trabalhador\/\" \/>\n<meta property=\"og:site_name\" content=\"SEMCOM\" \/>\n<meta property=\"article:published_time\" content=\"2026-04-29T17:59:05+00:00\" \/>\n<meta property=\"article:modified_time\" content=\"2026-04-29T18:04:00+00:00\" \/>\n<meta property=\"og:image\" content=\"https:\/\/www.manaus.am.gov.br\/semcom\/wp-content\/uploads\/sites\/5\/2026\/04\/Comemoracao-1.jpeg\" \/>\n\t<meta property=\"og:image:width\" content=\"1600\" \/>\n\t<meta property=\"og:image:height\" content=\"1066\" \/>\n\t<meta property=\"og:image:type\" content=\"image\/jpeg\" \/>\n<meta name=\"author\" content=\"Bruna Greco\" \/>\n<meta name=\"twitter:card\" content=\"summary_large_image\" \/>\n<meta name=\"twitter:label1\" content=\"Written by\" \/>\n\t<meta name=\"twitter:data1\" content=\"Bruna Greco\" \/>\n\t<meta name=\"twitter:label2\" content=\"Est. reading time\" \/>\n\t<meta name=\"twitter:data2\" content=\"2 minutos\" \/>\n<script type=\"application\/ld+json\" class=\"yoast-schema-graph\">{\"@context\":\"https:\/\/schema.org\",\"@graph\":[{\"@type\":\"WebPage\",\"@id\":\"https:\/\/www.manaus.am.gov.br\/semcom\/programacao-festa-do-trabalhador\/\",\"url\":\"https:\/\/www.manaus.am.gov.br\/semcom\/programacao-festa-do-trabalhador\/\",\"name\":\"Prefeitura divulga programa\u00e7\u00e3o da Festa do Trabalhador\",\"isPartOf\":{\"@id\":\"https:\/\/www.manaus.am.gov.br\/semcom\/#website\"},\"primaryImageOfPage\":{\"@id\":\"https:\/\/www.manaus.am.gov.br\/semcom\/programacao-festa-do-trabalhador\/#primaryimage\"},\"image\":{\"@id\":\"https:\/\/www.manaus.am.gov.br\/semcom\/programacao-festa-do-trabalhador\/#primaryimage\"},\"thumbnailUrl\":\"https:\/\/www.manaus.am.gov.br\/semcom\/wp-content\/uploads\/sites\/5\/2026\/04\/Comemoracao-1.jpeg\",\"datePublished\":\"2026-04-29T17:59:05+00:00\",\"dateModified\":\"2026-04-29T18:04:00+00:00\",\"author\":{\"@id\":\"https:\/\/www.manaus.am.gov.br\/semcom\/#\/schema\/person\/05d223aea2bf115f9883a6ff3683d81b\"},\"description\":\"Prefeitura de Manaus, por meio da Semtepi, divulga programa\u00e7\u00e3o da \u2018Festa do Trabalhador\u2019 que acontece nesta sexta-feira, 1\u00ba\/5.\",\"inLanguage\":\"pt-BR\",\"potentialAction\":[{\"@type\":\"ReadAction\",\"target\":[\"https:\/\/www.manaus.am.gov.br\/semcom\/programacao-festa-do-trabalhador\/\"]}]},{\"@type\":\"ImageObject\",\"inLanguage\":\"pt-BR\",\"@id\":\"https:\/\/www.manaus.am.gov.br\/semcom\/programacao-festa-do-trabalhador\/#primaryimage\",\"url\":\"https:\/\/www.manaus.am.gov.br\/semcom\/wp-content\/uploads\/sites\/5\/2026\/04\/Comemoracao-1.jpeg\",\"contentUrl\":\"https:\/\/www.manaus.am.gov.br\/semcom\/wp-content\/uploads\/sites\/5\/2026\/04\/Comemoracao-1.jpeg\",\"width\":1600,\"height\":1066,\"caption\":\"#paratodosverem - Comemora\u00e7\u00e3o da Festa do Trabalhador na Casa de Praia Zezinho Corr\u00eaa\"},{\"@type\":\"WebSite\",\"@id\":\"https:\/\/www.manaus.am.gov.br\/semcom\/#website\",\"url\":\"https:\/\/www.manaus.am.gov.br\/semcom\/\",\"name\":\"SEMCOM\",\"description\":\"Secretaria Municipal de Comunica\u00e7\u00e3o\",\"potentialAction\":[{\"@type\":\"SearchAction\",\"target\":{\"@type\":\"EntryPoint\",\"urlTemplate\":\"https:\/\/www.manaus.am.gov.br\/semcom\/?s={search_term_string}\"},\"query-input\":\"required name=search_term_string\"}],\"inLanguage\":\"pt-BR\"},{\"@type\":\"Person\",\"@id\":\"https:\/\/www.manaus.am.gov.br\/semcom\/#\/schema\/person\/05d223aea2bf115f9883a6ff3683d81b\",\"name\":\"Bruna Greco\",\"image\":{\"@type\":\"ImageObject\",\"inLanguage\":\"pt-BR\",\"@id\":\"https:\/\/www.manaus.am.gov.br\/semcom\/#\/schema\/person\/image\/\",\"url\":\"https:\/\/secure.gravatar.com\/avatar\/9c877d1a6adc2a055330e5c09a8653ce?s=96&d=mm&r=g\",\"contentUrl\":\"https:\/\/secure.gravatar.com\/avatar\/9c877d1a6adc2a055330e5c09a8653ce?s=96&d=mm&r=g\",\"caption\":\"Bruna Greco\"}}]}<\/script>\n<!-- \/ Yoast SEO plugin. -->","yoast_head_json":{"title":"Prefeitura divulga programa\u00e7\u00e3o da Festa do Trabalhador","description":"Prefeitura de Manaus, por meio da Semtepi, divulga programa\u00e7\u00e3o da \u2018Festa do Trabalhador\u2019 que acontece nesta sexta-feira, 1\u00ba\/5.","robots":{"index":"index","follow":"follow","max-snippet":"max-snippet:-1","max-image-preview":"max-image-preview:large","max-video-preview":"max-video-preview:-1"},"canonical":"https:\/\/www.manaus.am.gov.br\/semcom\/programacao-festa-do-trabalhador\/","og_locale":"pt_BR","og_type":"article","og_title":"Prefeitura divulga programa\u00e7\u00e3o da Festa do Trabalhador","og_description":"Prefeitura de Manaus, por meio da Semtepi, divulga programa\u00e7\u00e3o da \u2018Festa do Trabalhador\u2019 que acontece nesta sexta-feira, 1\u00ba\/5.","og_url":"https:\/\/www.manaus.am.gov.br\/semcom\/programacao-festa-do-trabalhador\/","og_site_name":"SEMCOM","article_published_time":"2026-04-29T17:59:05+00:00","article_modified_time":"2026-04-29T18:04:00+00:00","og_image":[{"width":1600,"height":1066,"url":"https:\/\/www.manaus.am.gov.br\/semcom\/wp-content\/uploads\/sites\/5\/2026\/04\/Comemoracao-1.jpeg","type":"image\/jpeg"}],"author":"Bruna Greco","twitter_card":"summary_large_image","twitter_misc":{"Written by":"Bruna Greco","Est. reading time":"2 minutos"},"schema":{"@context":"https:\/\/schema.org","@graph":[{"@type":"WebPage","@id":"https:\/\/www.manaus.am.gov.br\/semcom\/programacao-festa-do-trabalhador\/","url":"https:\/\/www.manaus.am.gov.br\/semcom\/programacao-festa-do-trabalhador\/","name":"Prefeitura divulga programa\u00e7\u00e3o da Festa do Trabalhador","isPartOf":{"@id":"https:\/\/www.manaus.am.gov.br\/semcom\/#website"},"primaryImageOfPage":{"@id":"https:\/\/www.manaus.am.gov.br\/semcom\/programacao-festa-do-trabalhador\/#primaryimage"},"image":{"@id":"https:\/\/www.manaus.am.gov.br\/semcom\/programacao-festa-do-trabalhador\/#primaryimage"},"thumbnailUrl":"https:\/\/www.manaus.am.gov.br\/semcom\/wp-content\/uploads\/sites\/5\/2026\/04\/Comemoracao-1.jpeg","datePublished":"2026-04-29T17:59:05+00:00","dateModified":"2026-04-29T18:04:00+00:00","author":{"@id":"https:\/\/www.manaus.am.gov.br\/semcom\/#\/schema\/person\/05d223aea2bf115f9883a6ff3683d81b"},"description":"Prefeitura de Manaus, por meio da Semtepi, divulga programa\u00e7\u00e3o da \u2018Festa do Trabalhador\u2019 que acontece nesta sexta-feira, 1\u00ba\/5.","inLanguage":"pt-BR","potentialAction":[{"@type":"ReadAction","target":["https:\/\/www.manaus.am.gov.br\/semcom\/programacao-festa-do-trabalhador\/"]}]},{"@type":"ImageObject","inLanguage":"pt-BR","@id":"https:\/\/www.manaus.am.gov.br\/semcom\/programacao-festa-do-trabalhador\/#primaryimage","url":"https:\/\/www.manaus.am.gov.br\/semcom\/wp-content\/uploads\/sites\/5\/2026\/04\/Comemoracao-1.jpeg","contentUrl":"https:\/\/www.manaus.am.gov.br\/semcom\/wp-content\/uploads\/sites\/5\/2026\/04\/Comemoracao-1.jpeg","width":1600,"height":1066,"caption":"#paratodosverem - Comemora\u00e7\u00e3o da Festa do Trabalhador na Casa de Praia Zezinho Corr\u00eaa"},{"@type":"WebSite","@id":"https:\/\/www.manaus.am.gov.br\/semcom\/#website","url":"https:\/\/www.manaus.am.gov.br\/semcom\/","name":"SEMCOM","description":"Secretaria Municipal de Comunica\u00e7\u00e3o","potentialAction":[{"@type":"SearchAction","target":{"@type":"EntryPoint","urlTemplate":"https:\/\/www.manaus.am.gov.br\/semcom\/?s={search_term_string}"},"query-input":"required name=search_term_string"}],"inLanguage":"pt-BR"},{"@type":"Person","@id":"https:\/\/www.manaus.am.gov.br\/semcom\/#\/schema\/person\/05d223aea2bf115f9883a6ff3683d81b","name":"Bruna Greco","image":{"@type":"ImageObject","inLanguage":"pt-BR","@id":"https:\/\/www.manaus.am.gov.br\/semcom\/#\/schema\/person\/image\/","url":"https:\/\/secure.gravatar.com\/avatar\/9c877d1a6adc2a055330e5c09a8653ce?s=96&d=mm&r=g","contentUrl":"https:\/\/secure.gravatar.com\/avatar\/9c877d1a6adc2a055330e5c09a8653ce?s=96&d=mm&r=g","caption":"Bruna Greco"}}]}},"_links":{"self":[{"href":"https:\/\/www.manaus.am.gov.br\/semcom\/wp-json\/wp\/v2\/posts\/257640"}],"collection":[{"href":"https:\/\/www.manaus.am.gov.br\/semcom\/wp-json\/wp\/v2\/posts"}],"about":[{"href":"https:\/\/www.manaus.am.gov.br\/semcom\/wp-json\/wp\/v2\/types\/post"}],"author":[{"embeddable":true,"href":"https:\/\/www.manaus.am.gov.br\/semcom\/wp-json\/wp\/v2\/users\/39"}],"replies":[{"embeddable":true,"href":"https:\/\/www.manaus.am.gov.br\/semcom\/wp-json\/wp\/v2\/comments?post=257640"}],"version-history":[{"count":3,"href":"https:\/\/www.manaus.am.gov.br\/semcom\/wp-json\/wp\/v2\/posts\/257640\/revisions"}],"predecessor-version":[{"id":257645,"href":"https:\/\/www.manaus.am.gov.br\/semcom\/wp-json\/wp\/v2\/posts\/257640\/revisions\/257645"}],"wp:featuredmedia":[{"embeddable":true,"href":"https:\/\/www.manaus.am.gov.br\/semcom\/wp-json\/wp\/v2\/media\/257642"}],"wp:attachment":[{"href":"https:\/\/www.manaus.am.gov.br\/semcom\/wp-json\/wp\/v2\/media?parent=257640"}],"wp:term":[{"taxonomy":"category","embeddable":true,"href":"https:\/\/www.manaus.am.gov.br\/semcom\/wp-json\/wp\/v2\/categories?post=257640"},{"taxonomy":"post_tag","embeddable":true,"href":"https:\/\/www.manaus.am.gov.br\/semcom\/wp-json\/wp\/v2\/tags?post=257640"}],"curies":[{"name":"wp","href":"https:\/\/api.w.org\/{rel}","templated":true}]}}