{"id":257637,"date":"2026-04-29T14:46:58","date_gmt":"2026-04-29T17:46:58","guid":{"rendered":"https:\/\/www.manaus.am.gov.br\/semcom\/prefeitura-semasc-creas-passeiocultural\/"},"modified":"2026-04-29T14:51:18","modified_gmt":"2026-04-29T17:51:18","slug":"prefeitura-semasc-creas-passeiocultural","status":"publish","type":"post","link":"https:\/\/www.manaus.am.gov.br\/semcom\/prefeitura-semasc-creas-passeiocultural\/","title":{"rendered":"Prefeitura de Manaus promove passeio cultural com adolescentes atendidos pelo Creas Centro-Oeste"},"content":{"rendered":"\n<p>A <a href=\"https:\/\/www.manaus.am.gov.br\/\">Prefeitura de Manaus<\/a>, por meio da <a href=\"https:\/\/www.instagram.com\/semasc_manaus\/\">Secretaria Municipal da Mulher, Assist\u00eancia Social e Cidadania<\/a> (Semasc), promoveu, nesta quarta-feira, 29\/4, um passeio ao Centro Cultural Casar\u00e3o de Ideias (CCCI), localizado no centro da capital, com adolescentes em situa\u00e7\u00e3o de medidas protetivas atendidos pelo Centro de Refer\u00eancia Especializado de Assist\u00eancia Social (Creas) Centro-Oeste. A iniciativa tem como objetivo garantir dignidade, bem-estar e acesso ao lazer aos atendidos.<br><br>Os Creas ofertam atendimentos socioassistenciais especializados a adolescentes em cumprimento de medidas socioeducativas em meio aberto, como Liberdade Assistida (LA) e Presta\u00e7\u00e3o de Servi\u00e7os \u00e0 Comunidade (PSC).<br><br>O secret\u00e1rio da Semasc, Wanderson Costa, destacou o trabalho cont\u00ednuo desenvolvido pelos Creas junto \u00e0s fam\u00edlias e indiv\u00edduos com direitos violados, com foco no acolhimento, orienta\u00e7\u00e3o e reconstru\u00e7\u00e3o das viv\u00eancias da popula\u00e7\u00e3o em situa\u00e7\u00e3o de vulnerabilidade social.<br><br>\u201cNosso compromisso \u00e9 garantir que esses adolescentes tenham acesso n\u00e3o apenas aos servi\u00e7os socioassistenciais, mas tamb\u00e9m a experi\u00eancias que ampliem horizontes e fortale\u00e7am sua autoestima. A cultura tem um papel transformador, e iniciativas como essa contribuem diretamente para a constru\u00e7\u00e3o de novos caminhos, com mais oportunidades e dignidade. O prefeito Renato J\u00fanior, com sua hist\u00f3ria de vida, tem sensibilidade com as causas sociais e nos orienta a atuar com esse mesmo olhar em todos os atendimentos\u201d, destacou Costa.<br><br>Rec\u00e9m-inaugurado, o novo espa\u00e7o do Casar\u00e3o de Ideias atua na promo\u00e7\u00e3o da cultura, al\u00e9m da defesa e conserva\u00e7\u00e3o do patrim\u00f4nio hist\u00f3rico e art\u00edstico. A coordenadora do Creas Centro-Oeste, Katia Batista, ressaltou que a visita proporciona aprendizado e amplia\u00e7\u00e3o do repert\u00f3rio cultural dos adolescentes.<br><br>\u201cHoje, estamos visitando, junto com os adolescentes da medida socioeducativa que est\u00e3o em cumprimento de Presta\u00e7\u00e3o de Servi\u00e7os \u00e0 Comunidade, este espa\u00e7o para que eles possam conhec\u00ea-lo. O objetivo do passeio n\u00e3o \u00e9 apenas apresentar o local, mas tamb\u00e9m agregar valor cultural e aproxim\u00e1-los dos espa\u00e7os que temos na nossa capital\u201d, afirmou.<br><br>Com cinco unidades distribu\u00eddas em todas as zonas da cidade, os Creas realizam atendimentos com foco no acolhimento, sigilo, fortalecimento de v\u00ednculos e prote\u00e7\u00e3o social.<br><br>Dessa forma, a Prefeitura de Manaus refor\u00e7a as a\u00e7\u00f5es de prote\u00e7\u00e3o social voltadas \u00e0 popula\u00e7\u00e3o que mais precisa na capital amazonense. <\/p>\n\n\n\n<p>&#8212; &#8212; &#8212;<br><strong>Texto<\/strong> &#8211; Lucas Batista \/ Semasc<br><strong>Foto<\/strong> &#8211; Diego Lima \/ Semasc<br><\/p>\n","protected":false},"excerpt":{"rendered":"","protected":false},"author":23,"featured_media":257638,"comment_status":"closed","ping_status":"closed","sticky":false,"template":"","format":"standard","meta":{"footnotes":""},"categories":[1147],"tags":[2579,20582,20583,77,153],"acf":[],"yoast_head":"<!-- This site is optimized with the Yoast SEO plugin v23.0 - https:\/\/yoast.com\/wordpress\/plugins\/seo\/ -->\n<title>Passeio cultural com adolescentes pelo Creas Centro-Oeste<\/title>\n<meta name=\"description\" content=\"A Prefeitura de Manaus, por meio da Secretaria Municipal da Mulher, Assist\u00eancia Social e Cidadania (Semasc), promoveu, nesta quarta-feira, 29\/4, um passeio ao Centro Cultural Casar\u00e3o de Ideias (CCCI),\" \/>\n<meta name=\"robots\" content=\"index, follow, max-snippet:-1, max-image-preview:large, max-video-preview:-1\" \/>\n<link rel=\"canonical\" href=\"https:\/\/www.manaus.am.gov.br\/semcom\/prefeitura-semasc-creas-passeiocultural\/\" \/>\n<meta property=\"og:locale\" content=\"pt_BR\" \/>\n<meta property=\"og:type\" content=\"article\" \/>\n<meta property=\"og:title\" content=\"Passeio cultural com adolescentes pelo Creas Centro-Oeste\" \/>\n<meta property=\"og:description\" content=\"A Prefeitura de Manaus, por meio da Secretaria Municipal da Mulher, Assist\u00eancia Social e Cidadania (Semasc), promoveu, nesta quarta-feira, 29\/4, um passeio ao Centro Cultural Casar\u00e3o de Ideias (CCCI),\" \/>\n<meta property=\"og:url\" content=\"https:\/\/www.manaus.am.gov.br\/semcom\/prefeitura-semasc-creas-passeiocultural\/\" \/>\n<meta property=\"og:site_name\" content=\"SEMCOM\" \/>\n<meta property=\"article:published_time\" content=\"2026-04-29T17:46:58+00:00\" \/>\n<meta property=\"article:modified_time\" content=\"2026-04-29T17:51:18+00:00\" \/>\n<meta property=\"og:image\" content=\"https:\/\/www.manaus.am.gov.br\/semcom\/wp-content\/uploads\/sites\/5\/2026\/04\/WhatsApp-Image-2026-04-29-at-13.40.25.jpeg\" \/>\n\t<meta property=\"og:image:width\" content=\"2560\" \/>\n\t<meta property=\"og:image:height\" content=\"1706\" \/>\n\t<meta property=\"og:image:type\" content=\"image\/jpeg\" \/>\n<meta name=\"author\" content=\"Adriana Costa\" \/>\n<meta name=\"twitter:card\" content=\"summary_large_image\" \/>\n<meta name=\"twitter:label1\" content=\"Written by\" \/>\n\t<meta name=\"twitter:data1\" content=\"Adriana Costa\" \/>\n\t<meta name=\"twitter:label2\" content=\"Est. reading time\" \/>\n\t<meta name=\"twitter:data2\" content=\"3 minutos\" \/>\n<script type=\"application\/ld+json\" class=\"yoast-schema-graph\">{\"@context\":\"https:\/\/schema.org\",\"@graph\":[{\"@type\":\"WebPage\",\"@id\":\"https:\/\/www.manaus.am.gov.br\/semcom\/prefeitura-semasc-creas-passeiocultural\/\",\"url\":\"https:\/\/www.manaus.am.gov.br\/semcom\/prefeitura-semasc-creas-passeiocultural\/\",\"name\":\"Passeio cultural com adolescentes pelo Creas Centro-Oeste\",\"isPartOf\":{\"@id\":\"https:\/\/www.manaus.am.gov.br\/semcom\/#website\"},\"primaryImageOfPage\":{\"@id\":\"https:\/\/www.manaus.am.gov.br\/semcom\/prefeitura-semasc-creas-passeiocultural\/#primaryimage\"},\"image\":{\"@id\":\"https:\/\/www.manaus.am.gov.br\/semcom\/prefeitura-semasc-creas-passeiocultural\/#primaryimage\"},\"thumbnailUrl\":\"https:\/\/www.manaus.am.gov.br\/semcom\/wp-content\/uploads\/sites\/5\/2026\/04\/WhatsApp-Image-2026-04-29-at-13.40.25.jpeg\",\"datePublished\":\"2026-04-29T17:46:58+00:00\",\"dateModified\":\"2026-04-29T17:51:18+00:00\",\"author\":{\"@id\":\"https:\/\/www.manaus.am.gov.br\/semcom\/#\/schema\/person\/4e49f4e267757a06ca072ec61b2b9968\"},\"description\":\"A Prefeitura de Manaus, por meio da Secretaria Municipal da Mulher, Assist\u00eancia Social e Cidadania (Semasc), promoveu, nesta quarta-feira, 29\/4, um passeio ao Centro Cultural Casar\u00e3o de Ideias (CCCI),\",\"inLanguage\":\"pt-BR\",\"potentialAction\":[{\"@type\":\"ReadAction\",\"target\":[\"https:\/\/www.manaus.am.gov.br\/semcom\/prefeitura-semasc-creas-passeiocultural\/\"]}]},{\"@type\":\"ImageObject\",\"inLanguage\":\"pt-BR\",\"@id\":\"https:\/\/www.manaus.am.gov.br\/semcom\/prefeitura-semasc-creas-passeiocultural\/#primaryimage\",\"url\":\"https:\/\/www.manaus.am.gov.br\/semcom\/wp-content\/uploads\/sites\/5\/2026\/04\/WhatsApp-Image-2026-04-29-at-13.40.25.jpeg\",\"contentUrl\":\"https:\/\/www.manaus.am.gov.br\/semcom\/wp-content\/uploads\/sites\/5\/2026\/04\/WhatsApp-Image-2026-04-29-at-13.40.25.jpeg\",\"width\":2560,\"height\":1706,\"caption\":\"#paratodosverem - Imagem mostra jovem, de costas, diante de prateleira com livros\"},{\"@type\":\"WebSite\",\"@id\":\"https:\/\/www.manaus.am.gov.br\/semcom\/#website\",\"url\":\"https:\/\/www.manaus.am.gov.br\/semcom\/\",\"name\":\"SEMCOM\",\"description\":\"Secretaria Municipal de Comunica\u00e7\u00e3o\",\"potentialAction\":[{\"@type\":\"SearchAction\",\"target\":{\"@type\":\"EntryPoint\",\"urlTemplate\":\"https:\/\/www.manaus.am.gov.br\/semcom\/?s={search_term_string}\"},\"query-input\":\"required name=search_term_string\"}],\"inLanguage\":\"pt-BR\"},{\"@type\":\"Person\",\"@id\":\"https:\/\/www.manaus.am.gov.br\/semcom\/#\/schema\/person\/4e49f4e267757a06ca072ec61b2b9968\",\"name\":\"Adriana Costa\",\"image\":{\"@type\":\"ImageObject\",\"inLanguage\":\"pt-BR\",\"@id\":\"https:\/\/www.manaus.am.gov.br\/semcom\/#\/schema\/person\/image\/\",\"url\":\"https:\/\/secure.gravatar.com\/avatar\/576258617ef7194f718179e766d57bd4?s=96&d=mm&r=g\",\"contentUrl\":\"https:\/\/secure.gravatar.com\/avatar\/576258617ef7194f718179e766d57bd4?s=96&d=mm&r=g\",\"caption\":\"Adriana Costa\"}}]}<\/script>\n<!-- \/ Yoast SEO plugin. -->","yoast_head_json":{"title":"Passeio cultural com adolescentes pelo Creas Centro-Oeste","description":"A Prefeitura de Manaus, por meio da Secretaria Municipal da Mulher, Assist\u00eancia Social e Cidadania (Semasc), promoveu, nesta quarta-feira, 29\/4, um passeio ao Centro Cultural Casar\u00e3o de Ideias (CCCI),","robots":{"index":"index","follow":"follow","max-snippet":"max-snippet:-1","max-image-preview":"max-image-preview:large","max-video-preview":"max-video-preview:-1"},"canonical":"https:\/\/www.manaus.am.gov.br\/semcom\/prefeitura-semasc-creas-passeiocultural\/","og_locale":"pt_BR","og_type":"article","og_title":"Passeio cultural com adolescentes pelo Creas Centro-Oeste","og_description":"A Prefeitura de Manaus, por meio da Secretaria Municipal da Mulher, Assist\u00eancia Social e Cidadania (Semasc), promoveu, nesta quarta-feira, 29\/4, um passeio ao Centro Cultural Casar\u00e3o de Ideias (CCCI),","og_url":"https:\/\/www.manaus.am.gov.br\/semcom\/prefeitura-semasc-creas-passeiocultural\/","og_site_name":"SEMCOM","article_published_time":"2026-04-29T17:46:58+00:00","article_modified_time":"2026-04-29T17:51:18+00:00","og_image":[{"width":2560,"height":1706,"url":"https:\/\/www.manaus.am.gov.br\/semcom\/wp-content\/uploads\/sites\/5\/2026\/04\/WhatsApp-Image-2026-04-29-at-13.40.25.jpeg","type":"image\/jpeg"}],"author":"Adriana Costa","twitter_card":"summary_large_image","twitter_misc":{"Written by":"Adriana Costa","Est. reading time":"3 minutos"},"schema":{"@context":"https:\/\/schema.org","@graph":[{"@type":"WebPage","@id":"https:\/\/www.manaus.am.gov.br\/semcom\/prefeitura-semasc-creas-passeiocultural\/","url":"https:\/\/www.manaus.am.gov.br\/semcom\/prefeitura-semasc-creas-passeiocultural\/","name":"Passeio cultural com adolescentes pelo Creas Centro-Oeste","isPartOf":{"@id":"https:\/\/www.manaus.am.gov.br\/semcom\/#website"},"primaryImageOfPage":{"@id":"https:\/\/www.manaus.am.gov.br\/semcom\/prefeitura-semasc-creas-passeiocultural\/#primaryimage"},"image":{"@id":"https:\/\/www.manaus.am.gov.br\/semcom\/prefeitura-semasc-creas-passeiocultural\/#primaryimage"},"thumbnailUrl":"https:\/\/www.manaus.am.gov.br\/semcom\/wp-content\/uploads\/sites\/5\/2026\/04\/WhatsApp-Image-2026-04-29-at-13.40.25.jpeg","datePublished":"2026-04-29T17:46:58+00:00","dateModified":"2026-04-29T17:51:18+00:00","author":{"@id":"https:\/\/www.manaus.am.gov.br\/semcom\/#\/schema\/person\/4e49f4e267757a06ca072ec61b2b9968"},"description":"A Prefeitura de Manaus, por meio da Secretaria Municipal da Mulher, Assist\u00eancia Social e Cidadania (Semasc), promoveu, nesta quarta-feira, 29\/4, um passeio ao Centro Cultural Casar\u00e3o de Ideias (CCCI),","inLanguage":"pt-BR","potentialAction":[{"@type":"ReadAction","target":["https:\/\/www.manaus.am.gov.br\/semcom\/prefeitura-semasc-creas-passeiocultural\/"]}]},{"@type":"ImageObject","inLanguage":"pt-BR","@id":"https:\/\/www.manaus.am.gov.br\/semcom\/prefeitura-semasc-creas-passeiocultural\/#primaryimage","url":"https:\/\/www.manaus.am.gov.br\/semcom\/wp-content\/uploads\/sites\/5\/2026\/04\/WhatsApp-Image-2026-04-29-at-13.40.25.jpeg","contentUrl":"https:\/\/www.manaus.am.gov.br\/semcom\/wp-content\/uploads\/sites\/5\/2026\/04\/WhatsApp-Image-2026-04-29-at-13.40.25.jpeg","width":2560,"height":1706,"caption":"#paratodosverem - Imagem mostra jovem, de costas, diante de prateleira com livros"},{"@type":"WebSite","@id":"https:\/\/www.manaus.am.gov.br\/semcom\/#website","url":"https:\/\/www.manaus.am.gov.br\/semcom\/","name":"SEMCOM","description":"Secretaria Municipal de Comunica\u00e7\u00e3o","potentialAction":[{"@type":"SearchAction","target":{"@type":"EntryPoint","urlTemplate":"https:\/\/www.manaus.am.gov.br\/semcom\/?s={search_term_string}"},"query-input":"required name=search_term_string"}],"inLanguage":"pt-BR"},{"@type":"Person","@id":"https:\/\/www.manaus.am.gov.br\/semcom\/#\/schema\/person\/4e49f4e267757a06ca072ec61b2b9968","name":"Adriana Costa","image":{"@type":"ImageObject","inLanguage":"pt-BR","@id":"https:\/\/www.manaus.am.gov.br\/semcom\/#\/schema\/person\/image\/","url":"https:\/\/secure.gravatar.com\/avatar\/576258617ef7194f718179e766d57bd4?s=96&d=mm&r=g","contentUrl":"https:\/\/secure.gravatar.com\/avatar\/576258617ef7194f718179e766d57bd4?s=96&d=mm&r=g","caption":"Adriana Costa"}}]}},"_links":{"self":[{"href":"https:\/\/www.manaus.am.gov.br\/semcom\/wp-json\/wp\/v2\/posts\/257637"}],"collection":[{"href":"https:\/\/www.manaus.am.gov.br\/semcom\/wp-json\/wp\/v2\/posts"}],"about":[{"href":"https:\/\/www.manaus.am.gov.br\/semcom\/wp-json\/wp\/v2\/types\/post"}],"author":[{"embeddable":true,"href":"https:\/\/www.manaus.am.gov.br\/semcom\/wp-json\/wp\/v2\/users\/23"}],"replies":[{"embeddable":true,"href":"https:\/\/www.manaus.am.gov.br\/semcom\/wp-json\/wp\/v2\/comments?post=257637"}],"version-history":[{"count":1,"href":"https:\/\/www.manaus.am.gov.br\/semcom\/wp-json\/wp\/v2\/posts\/257637\/revisions"}],"predecessor-version":[{"id":257639,"href":"https:\/\/www.manaus.am.gov.br\/semcom\/wp-json\/wp\/v2\/posts\/257637\/revisions\/257639"}],"wp:featuredmedia":[{"embeddable":true,"href":"https:\/\/www.manaus.am.gov.br\/semcom\/wp-json\/wp\/v2\/media\/257638"}],"wp:attachment":[{"href":"https:\/\/www.manaus.am.gov.br\/semcom\/wp-json\/wp\/v2\/media?parent=257637"}],"wp:term":[{"taxonomy":"category","embeddable":true,"href":"https:\/\/www.manaus.am.gov.br\/semcom\/wp-json\/wp\/v2\/categories?post=257637"},{"taxonomy":"post_tag","embeddable":true,"href":"https:\/\/www.manaus.am.gov.br\/semcom\/wp-json\/wp\/v2\/tags?post=257637"}],"curies":[{"name":"wp","href":"https:\/\/api.w.org\/{rel}","templated":true}]}}