{"id":257620,"date":"2026-04-29T11:46:47","date_gmt":"2026-04-29T14:46:47","guid":{"rendered":"https:\/\/www.manaus.am.gov.br\/semcom\/prefeitura-semseg-prf-seguranca\/"},"modified":"2026-04-29T13:47:02","modified_gmt":"2026-04-29T16:47:02","slug":"prefeitura-semseg-prf-seguranca","status":"publish","type":"post","link":"https:\/\/www.manaus.am.gov.br\/semcom\/prefeitura-semseg-prf-seguranca\/","title":{"rendered":"Prefeitura de Manaus refor\u00e7a integra\u00e7\u00e3o com Pol\u00edcia Rodovi\u00e1ria para fortalecimento da seguran\u00e7a p\u00fablica"},"content":{"rendered":"\n<p>A <a href=\"https:\/\/www.manaus.am.gov.br\/\">Prefeitura de Manaus<\/a>, por meio da <a href=\"https:\/\/www.instagram.com\/semsegmanaus\/\">Secretaria Municipal de Seguran\u00e7a P\u00fablica e Defesa Social<\/a> (Semseg), participou, na ter\u00e7a-feira, 28\/4, por meio da <a href=\"https:\/\/www.instagram.com\/gmm_manaus\/\">Guarda Municipal de Manaus<\/a> (GMM), da reuni\u00e3o com a Pol\u00edcia Rodovi\u00e1ria Federal (PRF) para a apresenta\u00e7\u00e3o das funcionalidades do sistema Alerta, no <a href=\"https:\/\/www.instagram.com\/ccc.manaus\/\">Centro de Coopera\u00e7\u00e3o da Cidade<\/a> (CCC), na zona Centro-Sul da capital.<\/p>\n\n\n\n<p>A ferramenta, vinculada a um Acordo de Coopera\u00e7\u00e3o T\u00e9cnica (ACT), permite o compartilhamento de dados entre as institui\u00e7\u00f5es, contribuindo para o fortalecimento das a\u00e7\u00f5es integradas de seguran\u00e7a p\u00fablica e vi\u00e1ria no munic\u00edpio.<\/p>\n\n\n\n<p>O acordo tem como finalidade estabelecer a atua\u00e7\u00e3o coordenada entre os \u00f3rg\u00e3os, com foco na fiscaliza\u00e7\u00e3o, preven\u00e7\u00e3o e resposta operacional, respeitando as compet\u00eancias legais de cada institui\u00e7\u00e3o. A coopera\u00e7\u00e3o prev\u00ea o uso compartilhado de sistemas, plataformas e ferramentas tecnol\u00f3gicas, possibilitando maior agilidade no atendimento de ocorr\u00eancias, an\u00e1lise de dados e planejamento estrat\u00e9gico.<\/p>\n\n\n\n<p>A parceria tamb\u00e9m contempla a realiza\u00e7\u00e3o de opera\u00e7\u00f5es conjuntas, capacita\u00e7\u00f5es t\u00e9cnicas, apoio log\u00edstico e integra\u00e7\u00e3o dos canais de comunica\u00e7\u00e3o, ampliando a efici\u00eancia das atividades desenvolvidas em benef\u00edcio da ordem p\u00fablica e da prote\u00e7\u00e3o da popula\u00e7\u00e3o.<\/p>\n\n\n\n<p>Durante o encontro, foi destacado ainda o interc\u00e2mbio de conhecimentos entre as institui\u00e7\u00f5es, fortalecendo as a\u00e7\u00f5es de preven\u00e7\u00e3o e repress\u00e3o de infra\u00e7\u00f5es penais no Estado do Amazonas. A iniciativa contribui para o desenvolvimento do Sistema \u00danico de Seguran\u00e7a P\u00fablica (Susp) e est\u00e1 alinhada \u00e0 Pol\u00edtica Nacional de Seguran\u00e7a P\u00fablica e Defesa Social (PNSPDS) e ao Plano Nacional de Redu\u00e7\u00e3o de Mortes e Les\u00f5es no Tr\u00e2nsito (Pnatrans).<\/p>\n\n\n\n<p>Segundo a comandante da GMM, Francilene Bezerra, a integra\u00e7\u00e3o entre os \u00f3rg\u00e3os representa um avan\u00e7o significativo nas estrat\u00e9gias de seguran\u00e7a.&nbsp;\u201cEssa parceria fortalece nossa atua\u00e7\u00e3o nas ruas, permitindo respostas mais r\u00e1pidas e eficientes. A troca de informa\u00e7\u00f5es e o uso de tecnologia s\u00e3o fundamentais para ampliar a preven\u00e7\u00e3o e garantir mais seguran\u00e7a \u00e0 popula\u00e7\u00e3o\u201d, destacou.&nbsp;<\/p>\n\n\n\n<p>A Prefeitura de Manaus segue investindo na moderniza\u00e7\u00e3o e na atua\u00e7\u00e3o integrada das for\u00e7as de seguran\u00e7a, consolidando o uso da tecnologia como aliada na prote\u00e7\u00e3o da sociedade.<\/p>\n\n\n\n<p>&#8212; &#8212; &#8212;<\/p>\n\n\n\n<p><strong>Texto <\/strong>\u2013 La\u00eds Fernandes\/Semseg&nbsp;<\/p>\n","protected":false},"excerpt":{"rendered":"","protected":false},"author":23,"featured_media":257621,"comment_status":"closed","ping_status":"closed","sticky":false,"template":"","format":"standard","meta":{"footnotes":""},"categories":[594],"tags":[11177,1511,20580,77,7995,349],"acf":[],"yoast_head":"<!-- This site is optimized with the Yoast SEO plugin v23.0 - https:\/\/yoast.com\/wordpress\/plugins\/seo\/ -->\n<title>Prefeitura de Manaus refor\u00e7a integra\u00e7\u00e3o com Pol\u00edcia Rodovi\u00e1ria para fortalecimento da seguran\u00e7a p\u00fablica<\/title>\n<meta name=\"description\" content=\"A Prefeitura de Manaus, por meio da Secretaria Municipal de Seguran\u00e7a P\u00fablica e Defesa Social (Semseg), participou, na ter\u00e7a-feira, 28\/4, por meio da Guarda Municipal de Manaus (GMM), da reuni\u00e3o com a Pol\u00edcia Rodovi\u00e1ria Federal (PRF) para a apresenta\u00e7\u00e3o das funcionalidades do sistema Alerta, no Centro de Coopera\u00e7\u00e3o da Cidade (CCC), na zona Centro-Sul da capital.\" \/>\n<meta name=\"robots\" content=\"index, follow, max-snippet:-1, max-image-preview:large, max-video-preview:-1\" \/>\n<link rel=\"canonical\" href=\"https:\/\/www.manaus.am.gov.br\/semcom\/prefeitura-semseg-prf-seguranca\/\" \/>\n<meta property=\"og:locale\" content=\"pt_BR\" \/>\n<meta property=\"og:type\" content=\"article\" \/>\n<meta property=\"og:title\" content=\"Prefeitura de Manaus refor\u00e7a integra\u00e7\u00e3o com Pol\u00edcia Rodovi\u00e1ria para fortalecimento da seguran\u00e7a p\u00fablica\" \/>\n<meta property=\"og:description\" content=\"A Prefeitura de Manaus, por meio da Secretaria Municipal de Seguran\u00e7a P\u00fablica e Defesa Social (Semseg), participou, na ter\u00e7a-feira, 28\/4, por meio da Guarda Municipal de Manaus (GMM), da reuni\u00e3o com a Pol\u00edcia Rodovi\u00e1ria Federal (PRF) para a apresenta\u00e7\u00e3o das funcionalidades do sistema Alerta, no Centro de Coopera\u00e7\u00e3o da Cidade (CCC), na zona Centro-Sul da capital.\" \/>\n<meta property=\"og:url\" content=\"https:\/\/www.manaus.am.gov.br\/semcom\/prefeitura-semseg-prf-seguranca\/\" \/>\n<meta property=\"og:site_name\" content=\"SEMCOM\" \/>\n<meta property=\"article:published_time\" content=\"2026-04-29T14:46:47+00:00\" \/>\n<meta property=\"article:modified_time\" content=\"2026-04-29T16:47:02+00:00\" \/>\n<meta property=\"og:image\" content=\"https:\/\/www.manaus.am.gov.br\/semcom\/wp-content\/uploads\/sites\/5\/2026\/04\/WhatsApp-Image-2026-04-29-at-10.40.58-1.jpeg\" \/>\n\t<meta property=\"og:image:width\" content=\"2560\" \/>\n\t<meta property=\"og:image:height\" content=\"1706\" \/>\n\t<meta property=\"og:image:type\" content=\"image\/jpeg\" \/>\n<meta name=\"author\" content=\"Adriana Costa\" \/>\n<meta name=\"twitter:card\" content=\"summary_large_image\" \/>\n<meta name=\"twitter:label1\" content=\"Written by\" \/>\n\t<meta name=\"twitter:data1\" content=\"Adriana Costa\" \/>\n\t<meta name=\"twitter:label2\" content=\"Est. reading time\" \/>\n\t<meta name=\"twitter:data2\" content=\"3 minutos\" \/>\n<script type=\"application\/ld+json\" class=\"yoast-schema-graph\">{\"@context\":\"https:\/\/schema.org\",\"@graph\":[{\"@type\":\"WebPage\",\"@id\":\"https:\/\/www.manaus.am.gov.br\/semcom\/prefeitura-semseg-prf-seguranca\/\",\"url\":\"https:\/\/www.manaus.am.gov.br\/semcom\/prefeitura-semseg-prf-seguranca\/\",\"name\":\"Prefeitura de Manaus refor\u00e7a integra\u00e7\u00e3o com Pol\u00edcia Rodovi\u00e1ria para fortalecimento da seguran\u00e7a p\u00fablica\",\"isPartOf\":{\"@id\":\"https:\/\/www.manaus.am.gov.br\/semcom\/#website\"},\"primaryImageOfPage\":{\"@id\":\"https:\/\/www.manaus.am.gov.br\/semcom\/prefeitura-semseg-prf-seguranca\/#primaryimage\"},\"image\":{\"@id\":\"https:\/\/www.manaus.am.gov.br\/semcom\/prefeitura-semseg-prf-seguranca\/#primaryimage\"},\"thumbnailUrl\":\"https:\/\/www.manaus.am.gov.br\/semcom\/wp-content\/uploads\/sites\/5\/2026\/04\/WhatsApp-Image-2026-04-29-at-10.40.58-1.jpeg\",\"datePublished\":\"2026-04-29T14:46:47+00:00\",\"dateModified\":\"2026-04-29T16:47:02+00:00\",\"author\":{\"@id\":\"https:\/\/www.manaus.am.gov.br\/semcom\/#\/schema\/person\/4e49f4e267757a06ca072ec61b2b9968\"},\"description\":\"A Prefeitura de Manaus, por meio da Secretaria Municipal de Seguran\u00e7a P\u00fablica e Defesa Social (Semseg), participou, na ter\u00e7a-feira, 28\/4, por meio da Guarda Municipal de Manaus (GMM), da reuni\u00e3o com a Pol\u00edcia Rodovi\u00e1ria Federal (PRF) para a apresenta\u00e7\u00e3o das funcionalidades do sistema Alerta, no Centro de Coopera\u00e7\u00e3o da Cidade (CCC), na zona Centro-Sul da capital.\",\"inLanguage\":\"pt-BR\",\"potentialAction\":[{\"@type\":\"ReadAction\",\"target\":[\"https:\/\/www.manaus.am.gov.br\/semcom\/prefeitura-semseg-prf-seguranca\/\"]}]},{\"@type\":\"ImageObject\",\"inLanguage\":\"pt-BR\",\"@id\":\"https:\/\/www.manaus.am.gov.br\/semcom\/prefeitura-semseg-prf-seguranca\/#primaryimage\",\"url\":\"https:\/\/www.manaus.am.gov.br\/semcom\/wp-content\/uploads\/sites\/5\/2026\/04\/WhatsApp-Image-2026-04-29-at-10.40.58-1.jpeg\",\"contentUrl\":\"https:\/\/www.manaus.am.gov.br\/semcom\/wp-content\/uploads\/sites\/5\/2026\/04\/WhatsApp-Image-2026-04-29-at-10.40.58-1.jpeg\",\"width\":2560,\"height\":1706,\"caption\":\"#paratodosverem - Audit\u00f3rio com representantes da Semseg e da Pol\u00edcia Rodovi\u00e1ria Federal; ao fundo, guardas municipais\"},{\"@type\":\"WebSite\",\"@id\":\"https:\/\/www.manaus.am.gov.br\/semcom\/#website\",\"url\":\"https:\/\/www.manaus.am.gov.br\/semcom\/\",\"name\":\"SEMCOM\",\"description\":\"Secretaria Municipal de Comunica\u00e7\u00e3o\",\"potentialAction\":[{\"@type\":\"SearchAction\",\"target\":{\"@type\":\"EntryPoint\",\"urlTemplate\":\"https:\/\/www.manaus.am.gov.br\/semcom\/?s={search_term_string}\"},\"query-input\":\"required name=search_term_string\"}],\"inLanguage\":\"pt-BR\"},{\"@type\":\"Person\",\"@id\":\"https:\/\/www.manaus.am.gov.br\/semcom\/#\/schema\/person\/4e49f4e267757a06ca072ec61b2b9968\",\"name\":\"Adriana Costa\",\"image\":{\"@type\":\"ImageObject\",\"inLanguage\":\"pt-BR\",\"@id\":\"https:\/\/www.manaus.am.gov.br\/semcom\/#\/schema\/person\/image\/\",\"url\":\"https:\/\/secure.gravatar.com\/avatar\/576258617ef7194f718179e766d57bd4?s=96&d=mm&r=g\",\"contentUrl\":\"https:\/\/secure.gravatar.com\/avatar\/576258617ef7194f718179e766d57bd4?s=96&d=mm&r=g\",\"caption\":\"Adriana Costa\"}}]}<\/script>\n<!-- \/ Yoast SEO plugin. -->","yoast_head_json":{"title":"Prefeitura de Manaus refor\u00e7a integra\u00e7\u00e3o com Pol\u00edcia Rodovi\u00e1ria para fortalecimento da seguran\u00e7a p\u00fablica","description":"A Prefeitura de Manaus, por meio da Secretaria Municipal de Seguran\u00e7a P\u00fablica e Defesa Social (Semseg), participou, na ter\u00e7a-feira, 28\/4, por meio da Guarda Municipal de Manaus (GMM), da reuni\u00e3o com a Pol\u00edcia Rodovi\u00e1ria Federal (PRF) para a apresenta\u00e7\u00e3o das funcionalidades do sistema Alerta, no Centro de Coopera\u00e7\u00e3o da Cidade (CCC), na zona Centro-Sul da capital.","robots":{"index":"index","follow":"follow","max-snippet":"max-snippet:-1","max-image-preview":"max-image-preview:large","max-video-preview":"max-video-preview:-1"},"canonical":"https:\/\/www.manaus.am.gov.br\/semcom\/prefeitura-semseg-prf-seguranca\/","og_locale":"pt_BR","og_type":"article","og_title":"Prefeitura de Manaus refor\u00e7a integra\u00e7\u00e3o com Pol\u00edcia Rodovi\u00e1ria para fortalecimento da seguran\u00e7a p\u00fablica","og_description":"A Prefeitura de Manaus, por meio da Secretaria Municipal de Seguran\u00e7a P\u00fablica e Defesa Social (Semseg), participou, na ter\u00e7a-feira, 28\/4, por meio da Guarda Municipal de Manaus (GMM), da reuni\u00e3o com a Pol\u00edcia Rodovi\u00e1ria Federal (PRF) para a apresenta\u00e7\u00e3o das funcionalidades do sistema Alerta, no Centro de Coopera\u00e7\u00e3o da Cidade (CCC), na zona Centro-Sul da capital.","og_url":"https:\/\/www.manaus.am.gov.br\/semcom\/prefeitura-semseg-prf-seguranca\/","og_site_name":"SEMCOM","article_published_time":"2026-04-29T14:46:47+00:00","article_modified_time":"2026-04-29T16:47:02+00:00","og_image":[{"width":2560,"height":1706,"url":"https:\/\/www.manaus.am.gov.br\/semcom\/wp-content\/uploads\/sites\/5\/2026\/04\/WhatsApp-Image-2026-04-29-at-10.40.58-1.jpeg","type":"image\/jpeg"}],"author":"Adriana Costa","twitter_card":"summary_large_image","twitter_misc":{"Written by":"Adriana Costa","Est. reading time":"3 minutos"},"schema":{"@context":"https:\/\/schema.org","@graph":[{"@type":"WebPage","@id":"https:\/\/www.manaus.am.gov.br\/semcom\/prefeitura-semseg-prf-seguranca\/","url":"https:\/\/www.manaus.am.gov.br\/semcom\/prefeitura-semseg-prf-seguranca\/","name":"Prefeitura de Manaus refor\u00e7a integra\u00e7\u00e3o com Pol\u00edcia Rodovi\u00e1ria para fortalecimento da seguran\u00e7a p\u00fablica","isPartOf":{"@id":"https:\/\/www.manaus.am.gov.br\/semcom\/#website"},"primaryImageOfPage":{"@id":"https:\/\/www.manaus.am.gov.br\/semcom\/prefeitura-semseg-prf-seguranca\/#primaryimage"},"image":{"@id":"https:\/\/www.manaus.am.gov.br\/semcom\/prefeitura-semseg-prf-seguranca\/#primaryimage"},"thumbnailUrl":"https:\/\/www.manaus.am.gov.br\/semcom\/wp-content\/uploads\/sites\/5\/2026\/04\/WhatsApp-Image-2026-04-29-at-10.40.58-1.jpeg","datePublished":"2026-04-29T14:46:47+00:00","dateModified":"2026-04-29T16:47:02+00:00","author":{"@id":"https:\/\/www.manaus.am.gov.br\/semcom\/#\/schema\/person\/4e49f4e267757a06ca072ec61b2b9968"},"description":"A Prefeitura de Manaus, por meio da Secretaria Municipal de Seguran\u00e7a P\u00fablica e Defesa Social (Semseg), participou, na ter\u00e7a-feira, 28\/4, por meio da Guarda Municipal de Manaus (GMM), da reuni\u00e3o com a Pol\u00edcia Rodovi\u00e1ria Federal (PRF) para a apresenta\u00e7\u00e3o das funcionalidades do sistema Alerta, no Centro de Coopera\u00e7\u00e3o da Cidade (CCC), na zona Centro-Sul da capital.","inLanguage":"pt-BR","potentialAction":[{"@type":"ReadAction","target":["https:\/\/www.manaus.am.gov.br\/semcom\/prefeitura-semseg-prf-seguranca\/"]}]},{"@type":"ImageObject","inLanguage":"pt-BR","@id":"https:\/\/www.manaus.am.gov.br\/semcom\/prefeitura-semseg-prf-seguranca\/#primaryimage","url":"https:\/\/www.manaus.am.gov.br\/semcom\/wp-content\/uploads\/sites\/5\/2026\/04\/WhatsApp-Image-2026-04-29-at-10.40.58-1.jpeg","contentUrl":"https:\/\/www.manaus.am.gov.br\/semcom\/wp-content\/uploads\/sites\/5\/2026\/04\/WhatsApp-Image-2026-04-29-at-10.40.58-1.jpeg","width":2560,"height":1706,"caption":"#paratodosverem - Audit\u00f3rio com representantes da Semseg e da Pol\u00edcia Rodovi\u00e1ria Federal; ao fundo, guardas municipais"},{"@type":"WebSite","@id":"https:\/\/www.manaus.am.gov.br\/semcom\/#website","url":"https:\/\/www.manaus.am.gov.br\/semcom\/","name":"SEMCOM","description":"Secretaria Municipal de Comunica\u00e7\u00e3o","potentialAction":[{"@type":"SearchAction","target":{"@type":"EntryPoint","urlTemplate":"https:\/\/www.manaus.am.gov.br\/semcom\/?s={search_term_string}"},"query-input":"required name=search_term_string"}],"inLanguage":"pt-BR"},{"@type":"Person","@id":"https:\/\/www.manaus.am.gov.br\/semcom\/#\/schema\/person\/4e49f4e267757a06ca072ec61b2b9968","name":"Adriana Costa","image":{"@type":"ImageObject","inLanguage":"pt-BR","@id":"https:\/\/www.manaus.am.gov.br\/semcom\/#\/schema\/person\/image\/","url":"https:\/\/secure.gravatar.com\/avatar\/576258617ef7194f718179e766d57bd4?s=96&d=mm&r=g","contentUrl":"https:\/\/secure.gravatar.com\/avatar\/576258617ef7194f718179e766d57bd4?s=96&d=mm&r=g","caption":"Adriana Costa"}}]}},"_links":{"self":[{"href":"https:\/\/www.manaus.am.gov.br\/semcom\/wp-json\/wp\/v2\/posts\/257620"}],"collection":[{"href":"https:\/\/www.manaus.am.gov.br\/semcom\/wp-json\/wp\/v2\/posts"}],"about":[{"href":"https:\/\/www.manaus.am.gov.br\/semcom\/wp-json\/wp\/v2\/types\/post"}],"author":[{"embeddable":true,"href":"https:\/\/www.manaus.am.gov.br\/semcom\/wp-json\/wp\/v2\/users\/23"}],"replies":[{"embeddable":true,"href":"https:\/\/www.manaus.am.gov.br\/semcom\/wp-json\/wp\/v2\/comments?post=257620"}],"version-history":[{"count":1,"href":"https:\/\/www.manaus.am.gov.br\/semcom\/wp-json\/wp\/v2\/posts\/257620\/revisions"}],"predecessor-version":[{"id":257634,"href":"https:\/\/www.manaus.am.gov.br\/semcom\/wp-json\/wp\/v2\/posts\/257620\/revisions\/257634"}],"wp:featuredmedia":[{"embeddable":true,"href":"https:\/\/www.manaus.am.gov.br\/semcom\/wp-json\/wp\/v2\/media\/257621"}],"wp:attachment":[{"href":"https:\/\/www.manaus.am.gov.br\/semcom\/wp-json\/wp\/v2\/media?parent=257620"}],"wp:term":[{"taxonomy":"category","embeddable":true,"href":"https:\/\/www.manaus.am.gov.br\/semcom\/wp-json\/wp\/v2\/categories?post=257620"},{"taxonomy":"post_tag","embeddable":true,"href":"https:\/\/www.manaus.am.gov.br\/semcom\/wp-json\/wp\/v2\/tags?post=257620"}],"curies":[{"name":"wp","href":"https:\/\/api.w.org\/{rel}","templated":true}]}}