{"id":257617,"date":"2026-04-28T23:06:03","date_gmt":"2026-04-29T02:06:03","guid":{"rendered":"https:\/\/www.manaus.am.gov.br\/semcom\/formacao-sobre-saude-mental\/"},"modified":"2026-04-28T23:06:04","modified_gmt":"2026-04-29T02:06:04","slug":"formacao-sobre-saude-mental","status":"publish","type":"post","link":"https:\/\/www.manaus.am.gov.br\/semcom\/formacao-sobre-saude-mental\/","title":{"rendered":"Prefeitura de Manaus realiza forma\u00e7\u00e3o sobre sa\u00fade mental para servidores da Guarda Municipal"},"content":{"rendered":"\n<p>A Prefeitura de Manaus, por meio da Secretaria Municipal de Seguran\u00e7a P\u00fablica e Defesa Social (Semseg), realizou, nos dias 27 e 28\/4, a forma\u00e7\u00e3o \u201cSa\u00fade Emocional com o Foco na Guarda&#8221; para agentes da Guarda Municipal de Manaus (GMM). A iniciativa, realizada na Casa Civil, zona Oeste, contou com a parceria da Universidade Luterana do Brasil (Ulbra).<\/p>\n\n\n\n<p>A capacita\u00e7\u00e3o contou com a participa\u00e7\u00e3o de professores e acad\u00eamicos do curso de Psicologia, promovendo momentos de troca de conhecimentos e orienta\u00e7\u00f5es pr\u00e1ticas voltadas ao bem-estar dos servidores.<\/p>\n\n\n\n<p>Durante a atividade, foram abordados temas relacionados \u00e0 sa\u00fade emocional no cotidiano profissional, especialmente no contexto das atividades desempenhadas pela GMM.<\/p>\n\n\n\n<p>Para o guarda municipal Lucas Alfaia, a tem\u00e1tica \u00e9 essencial para a atua\u00e7\u00e3o na seguran\u00e7a p\u00fablica.<\/p>\n\n\n\n<p>\u201cNo nosso dia a dia, lidamos diretamente com a popula\u00e7\u00e3o em diferentes turnos. Por isso, cuidar da sa\u00fade emocional \u00e9 fundamental. Antes de servir e proteger, precisamos estar bem internamente, preparados para agir com equil\u00edbrio, empatia e responsabilidade\u201d, afirmou.<\/p>\n\n\n\n<p>Segundo a coordenadora do curso de Psicologia da Ulbra Manaus, Eliz\u00e2ngela Mota, a iniciativa contribui para o fortalecimento do cuidado com os profissionais.<\/p>\n\n\n\n<p>\u201cForam dois dias de troca de conhecimentos, refor\u00e7ando a import\u00e2ncia da sa\u00fade mental no dia a dia, especialmente no contexto de trabalho da Guarda Municipal\u201d, destacou.<\/p>\n\n\n\n<p>A Prefeitura de Manaus refor\u00e7a o compromisso com a valoriza\u00e7\u00e3o dos servidores e a promo\u00e7\u00e3o de um ambiente de trabalho mais saud\u00e1vel e equilibrado.<\/p>\n\n\n\n<p>&#8212; &#8212; \u2013<br><strong>Texto<\/strong> &#8211; La\u00eds Fernandes\/ Semseg<br><strong>Fotos<\/strong> \u2013 Divulga\u00e7\u00e3o\/Semseg<\/p>\n","protected":false},"excerpt":{"rendered":"","protected":false},"author":68,"featured_media":257618,"comment_status":"closed","ping_status":"closed","sticky":false,"template":"","format":"standard","meta":{"footnotes":""},"categories":[1140],"tags":[20577,20578,77,349],"acf":[],"yoast_head":"<!-- This site is optimized with the Yoast SEO plugin v23.0 - https:\/\/yoast.com\/wordpress\/plugins\/seo\/ -->\n<title>Prefeitura de Manaus realiza forma\u00e7\u00e3o sobre sa\u00fade mental<\/title>\n<meta name=\"description\" content=\"A Prefeitura, por meio da Secretaria Municipal de Seguran\u00e7a P\u00fablica e Defesa Social, a forma\u00e7\u00e3o Sa\u00fade Emocional com o Foco na Guarda.\" \/>\n<meta name=\"robots\" content=\"index, follow, max-snippet:-1, max-image-preview:large, max-video-preview:-1\" \/>\n<link rel=\"canonical\" href=\"https:\/\/www.manaus.am.gov.br\/semcom\/formacao-sobre-saude-mental\/\" \/>\n<meta property=\"og:locale\" content=\"pt_BR\" \/>\n<meta property=\"og:type\" content=\"article\" \/>\n<meta property=\"og:title\" content=\"Prefeitura de Manaus realiza forma\u00e7\u00e3o sobre sa\u00fade mental\" \/>\n<meta property=\"og:description\" content=\"A Prefeitura, por meio da Secretaria Municipal de Seguran\u00e7a P\u00fablica e Defesa Social, a forma\u00e7\u00e3o Sa\u00fade Emocional com o Foco na Guarda.\" \/>\n<meta property=\"og:url\" content=\"https:\/\/www.manaus.am.gov.br\/semcom\/formacao-sobre-saude-mental\/\" \/>\n<meta property=\"og:site_name\" content=\"SEMCOM\" \/>\n<meta property=\"article:published_time\" content=\"2026-04-29T02:06:03+00:00\" \/>\n<meta property=\"article:modified_time\" content=\"2026-04-29T02:06:04+00:00\" \/>\n<meta property=\"og:image\" content=\"https:\/\/www.manaus.am.gov.br\/semcom\/wp-content\/uploads\/sites\/5\/2026\/04\/Palestra-1.jpg\" \/>\n\t<meta property=\"og:image:width\" content=\"1600\" \/>\n\t<meta property=\"og:image:height\" content=\"1200\" \/>\n\t<meta property=\"og:image:type\" content=\"image\/jpeg\" \/>\n<meta name=\"author\" content=\"bvalente\" \/>\n<meta name=\"twitter:card\" content=\"summary_large_image\" \/>\n<meta name=\"twitter:label1\" content=\"Written by\" \/>\n\t<meta name=\"twitter:data1\" content=\"bvalente\" \/>\n\t<meta name=\"twitter:label2\" content=\"Est. reading time\" \/>\n\t<meta name=\"twitter:data2\" content=\"2 minutos\" \/>\n<script type=\"application\/ld+json\" class=\"yoast-schema-graph\">{\"@context\":\"https:\/\/schema.org\",\"@graph\":[{\"@type\":\"WebPage\",\"@id\":\"https:\/\/www.manaus.am.gov.br\/semcom\/formacao-sobre-saude-mental\/\",\"url\":\"https:\/\/www.manaus.am.gov.br\/semcom\/formacao-sobre-saude-mental\/\",\"name\":\"Prefeitura de Manaus realiza forma\u00e7\u00e3o sobre sa\u00fade mental\",\"isPartOf\":{\"@id\":\"https:\/\/www.manaus.am.gov.br\/semcom\/#website\"},\"primaryImageOfPage\":{\"@id\":\"https:\/\/www.manaus.am.gov.br\/semcom\/formacao-sobre-saude-mental\/#primaryimage\"},\"image\":{\"@id\":\"https:\/\/www.manaus.am.gov.br\/semcom\/formacao-sobre-saude-mental\/#primaryimage\"},\"thumbnailUrl\":\"https:\/\/www.manaus.am.gov.br\/semcom\/wp-content\/uploads\/sites\/5\/2026\/04\/Palestra-1.jpg\",\"datePublished\":\"2026-04-29T02:06:03+00:00\",\"dateModified\":\"2026-04-29T02:06:04+00:00\",\"author\":{\"@id\":\"https:\/\/www.manaus.am.gov.br\/semcom\/#\/schema\/person\/466a0e03ae4b6062809046bd560ac955\"},\"description\":\"A Prefeitura, por meio da Secretaria Municipal de Seguran\u00e7a P\u00fablica e Defesa Social, a forma\u00e7\u00e3o Sa\u00fade Emocional com o Foco na Guarda.\",\"inLanguage\":\"pt-BR\",\"potentialAction\":[{\"@type\":\"ReadAction\",\"target\":[\"https:\/\/www.manaus.am.gov.br\/semcom\/formacao-sobre-saude-mental\/\"]}]},{\"@type\":\"ImageObject\",\"inLanguage\":\"pt-BR\",\"@id\":\"https:\/\/www.manaus.am.gov.br\/semcom\/formacao-sobre-saude-mental\/#primaryimage\",\"url\":\"https:\/\/www.manaus.am.gov.br\/semcom\/wp-content\/uploads\/sites\/5\/2026\/04\/Palestra-1.jpg\",\"contentUrl\":\"https:\/\/www.manaus.am.gov.br\/semcom\/wp-content\/uploads\/sites\/5\/2026\/04\/Palestra-1.jpg\",\"width\":1600,\"height\":1200,\"caption\":\"#paratodosverem - Agentes da Guarda Municipal durante forma\u00e7\u00e3o\"},{\"@type\":\"WebSite\",\"@id\":\"https:\/\/www.manaus.am.gov.br\/semcom\/#website\",\"url\":\"https:\/\/www.manaus.am.gov.br\/semcom\/\",\"name\":\"SEMCOM\",\"description\":\"Secretaria Municipal de Comunica\u00e7\u00e3o\",\"potentialAction\":[{\"@type\":\"SearchAction\",\"target\":{\"@type\":\"EntryPoint\",\"urlTemplate\":\"https:\/\/www.manaus.am.gov.br\/semcom\/?s={search_term_string}\"},\"query-input\":\"required name=search_term_string\"}],\"inLanguage\":\"pt-BR\"},{\"@type\":\"Person\",\"@id\":\"https:\/\/www.manaus.am.gov.br\/semcom\/#\/schema\/person\/466a0e03ae4b6062809046bd560ac955\",\"name\":\"bvalente\",\"image\":{\"@type\":\"ImageObject\",\"inLanguage\":\"pt-BR\",\"@id\":\"https:\/\/www.manaus.am.gov.br\/semcom\/#\/schema\/person\/image\/\",\"url\":\"https:\/\/secure.gravatar.com\/avatar\/3e69bc2b014bdad41adfec3a39de07d2?s=96&d=mm&r=g\",\"contentUrl\":\"https:\/\/secure.gravatar.com\/avatar\/3e69bc2b014bdad41adfec3a39de07d2?s=96&d=mm&r=g\",\"caption\":\"bvalente\"}}]}<\/script>\n<!-- \/ Yoast SEO plugin. -->","yoast_head_json":{"title":"Prefeitura de Manaus realiza forma\u00e7\u00e3o sobre sa\u00fade mental","description":"A Prefeitura, por meio da Secretaria Municipal de Seguran\u00e7a P\u00fablica e Defesa Social, a forma\u00e7\u00e3o Sa\u00fade Emocional com o Foco na Guarda.","robots":{"index":"index","follow":"follow","max-snippet":"max-snippet:-1","max-image-preview":"max-image-preview:large","max-video-preview":"max-video-preview:-1"},"canonical":"https:\/\/www.manaus.am.gov.br\/semcom\/formacao-sobre-saude-mental\/","og_locale":"pt_BR","og_type":"article","og_title":"Prefeitura de Manaus realiza forma\u00e7\u00e3o sobre sa\u00fade mental","og_description":"A Prefeitura, por meio da Secretaria Municipal de Seguran\u00e7a P\u00fablica e Defesa Social, a forma\u00e7\u00e3o Sa\u00fade Emocional com o Foco na Guarda.","og_url":"https:\/\/www.manaus.am.gov.br\/semcom\/formacao-sobre-saude-mental\/","og_site_name":"SEMCOM","article_published_time":"2026-04-29T02:06:03+00:00","article_modified_time":"2026-04-29T02:06:04+00:00","og_image":[{"width":1600,"height":1200,"url":"https:\/\/www.manaus.am.gov.br\/semcom\/wp-content\/uploads\/sites\/5\/2026\/04\/Palestra-1.jpg","type":"image\/jpeg"}],"author":"bvalente","twitter_card":"summary_large_image","twitter_misc":{"Written by":"bvalente","Est. reading time":"2 minutos"},"schema":{"@context":"https:\/\/schema.org","@graph":[{"@type":"WebPage","@id":"https:\/\/www.manaus.am.gov.br\/semcom\/formacao-sobre-saude-mental\/","url":"https:\/\/www.manaus.am.gov.br\/semcom\/formacao-sobre-saude-mental\/","name":"Prefeitura de Manaus realiza forma\u00e7\u00e3o sobre sa\u00fade mental","isPartOf":{"@id":"https:\/\/www.manaus.am.gov.br\/semcom\/#website"},"primaryImageOfPage":{"@id":"https:\/\/www.manaus.am.gov.br\/semcom\/formacao-sobre-saude-mental\/#primaryimage"},"image":{"@id":"https:\/\/www.manaus.am.gov.br\/semcom\/formacao-sobre-saude-mental\/#primaryimage"},"thumbnailUrl":"https:\/\/www.manaus.am.gov.br\/semcom\/wp-content\/uploads\/sites\/5\/2026\/04\/Palestra-1.jpg","datePublished":"2026-04-29T02:06:03+00:00","dateModified":"2026-04-29T02:06:04+00:00","author":{"@id":"https:\/\/www.manaus.am.gov.br\/semcom\/#\/schema\/person\/466a0e03ae4b6062809046bd560ac955"},"description":"A Prefeitura, por meio da Secretaria Municipal de Seguran\u00e7a P\u00fablica e Defesa Social, a forma\u00e7\u00e3o Sa\u00fade Emocional com o Foco na Guarda.","inLanguage":"pt-BR","potentialAction":[{"@type":"ReadAction","target":["https:\/\/www.manaus.am.gov.br\/semcom\/formacao-sobre-saude-mental\/"]}]},{"@type":"ImageObject","inLanguage":"pt-BR","@id":"https:\/\/www.manaus.am.gov.br\/semcom\/formacao-sobre-saude-mental\/#primaryimage","url":"https:\/\/www.manaus.am.gov.br\/semcom\/wp-content\/uploads\/sites\/5\/2026\/04\/Palestra-1.jpg","contentUrl":"https:\/\/www.manaus.am.gov.br\/semcom\/wp-content\/uploads\/sites\/5\/2026\/04\/Palestra-1.jpg","width":1600,"height":1200,"caption":"#paratodosverem - Agentes da Guarda Municipal durante forma\u00e7\u00e3o"},{"@type":"WebSite","@id":"https:\/\/www.manaus.am.gov.br\/semcom\/#website","url":"https:\/\/www.manaus.am.gov.br\/semcom\/","name":"SEMCOM","description":"Secretaria Municipal de Comunica\u00e7\u00e3o","potentialAction":[{"@type":"SearchAction","target":{"@type":"EntryPoint","urlTemplate":"https:\/\/www.manaus.am.gov.br\/semcom\/?s={search_term_string}"},"query-input":"required name=search_term_string"}],"inLanguage":"pt-BR"},{"@type":"Person","@id":"https:\/\/www.manaus.am.gov.br\/semcom\/#\/schema\/person\/466a0e03ae4b6062809046bd560ac955","name":"bvalente","image":{"@type":"ImageObject","inLanguage":"pt-BR","@id":"https:\/\/www.manaus.am.gov.br\/semcom\/#\/schema\/person\/image\/","url":"https:\/\/secure.gravatar.com\/avatar\/3e69bc2b014bdad41adfec3a39de07d2?s=96&d=mm&r=g","contentUrl":"https:\/\/secure.gravatar.com\/avatar\/3e69bc2b014bdad41adfec3a39de07d2?s=96&d=mm&r=g","caption":"bvalente"}}]}},"_links":{"self":[{"href":"https:\/\/www.manaus.am.gov.br\/semcom\/wp-json\/wp\/v2\/posts\/257617"}],"collection":[{"href":"https:\/\/www.manaus.am.gov.br\/semcom\/wp-json\/wp\/v2\/posts"}],"about":[{"href":"https:\/\/www.manaus.am.gov.br\/semcom\/wp-json\/wp\/v2\/types\/post"}],"author":[{"embeddable":true,"href":"https:\/\/www.manaus.am.gov.br\/semcom\/wp-json\/wp\/v2\/users\/68"}],"replies":[{"embeddable":true,"href":"https:\/\/www.manaus.am.gov.br\/semcom\/wp-json\/wp\/v2\/comments?post=257617"}],"version-history":[{"count":0,"href":"https:\/\/www.manaus.am.gov.br\/semcom\/wp-json\/wp\/v2\/posts\/257617\/revisions"}],"wp:featuredmedia":[{"embeddable":true,"href":"https:\/\/www.manaus.am.gov.br\/semcom\/wp-json\/wp\/v2\/media\/257618"}],"wp:attachment":[{"href":"https:\/\/www.manaus.am.gov.br\/semcom\/wp-json\/wp\/v2\/media?parent=257617"}],"wp:term":[{"taxonomy":"category","embeddable":true,"href":"https:\/\/www.manaus.am.gov.br\/semcom\/wp-json\/wp\/v2\/categories?post=257617"},{"taxonomy":"post_tag","embeddable":true,"href":"https:\/\/www.manaus.am.gov.br\/semcom\/wp-json\/wp\/v2\/tags?post=257617"}],"curies":[{"name":"wp","href":"https:\/\/api.w.org\/{rel}","templated":true}]}}