{"id":257615,"date":"2026-04-28T22:36:27","date_gmt":"2026-04-29T01:36:27","guid":{"rendered":"https:\/\/www.manaus.am.gov.br\/semcom\/novo-ponto-inclusao-digital\/"},"modified":"2026-04-28T22:36:29","modified_gmt":"2026-04-29T01:36:29","slug":"novo-ponto-inclusao-digital","status":"publish","type":"post","link":"https:\/\/www.manaus.am.gov.br\/semcom\/novo-ponto-inclusao-digital\/","title":{"rendered":"Escola da Prefeitura de Manaus na zona rural recebe novo ponto de inclus\u00e3o digital\u00a0"},"content":{"rendered":"\n<p>A escola municipal Professora Joana Vieira, da Prefeitura de Manaus,&nbsp; localizada na zona rural da capital amazonense, recebeu, nesta ter\u00e7a-feira, 28\/4, um novo ponto de inclus\u00e3o digital. A inaugura\u00e7\u00e3o do espa\u00e7o contou com a presen\u00e7a do ministro das Comunica\u00e7\u00f5es, Frederico de Siqueira Filho, e teve como foco a democratiza\u00e7\u00e3o tecnol\u00f3gica e a amplia\u00e7\u00e3o da conectividade nas escolas p\u00fablicas.<\/p>\n\n\n\n<p>Al\u00e9m da inaugura\u00e7\u00e3o, o ministro visitou duas institui\u00e7\u00f5es atendidas pelo programa Estrat\u00e9gia Nacional de Escolas Conectadas (Enec), iniciativa do governo federal em parceria com o Minist\u00e9rio da Educa\u00e7\u00e3o (MEC), que busca reduzir desigualdades educacionais, por meio do acesso \u00e0 internet de qualidade.<\/p>\n\n\n\n<p>O titular da Secretaria Municipal de Educa\u00e7\u00e3o (Semed), Arone Bentes, ressaltou que Manaus j\u00e1 avan\u00e7ou na \u00e1rea e lembrou que todas as unidades da rede municipal contam com acesso \u00e0 internet. Segundo ele, a pol\u00edtica nacional coincide com os investimentos realizados pela prefeitura. \u201cManaus tem feito a tarefa de casa. Hoje, 100% das escolas municipais est\u00e3o conectadas, e esse projeto fortalece o bom uso da internet no ensino e na aprendizagem\u201d, afirmou.<\/p>\n\n\n\n<p>Durante a agenda, o ministro Frederico de Siqueira Filho afirmou que o prop\u00f3sito do minist\u00e9rio \u00e9 cuidar das pessoas, promovendo cidadania e desenvolvimento. \u201cHoje, n\u00e3o existe mais inclus\u00e3o social sem inclus\u00e3o digital. Nosso prop\u00f3sito \u00e9 cuidar das pessoas e levar cidadania, desenvolvimento e conhecimento para alunos e para todos que buscam aprender cada vez mais\u201d, declarou.<\/p>\n\n\n\n<p>De acordo com a Semed, o pr\u00f3ximo passo \u00e9 ampliar a estrutura tecnol\u00f3gica das unidades escolares com novos equipamentos. \u201cN\u00e3o basta apenas levar internet. \u00c9 preciso tamb\u00e9m equipar as escolas com computadores e outros recursos para melhorar a prepara\u00e7\u00e3o pedag\u00f3gica de cada aluno\u201d, completou.<\/p>\n\n\n\n<p>A gestora da escola municipal Professora Joana Vieira, Enilziane Morais, avaliou a visita como hist\u00f3rica e ressaltou a import\u00e2ncia da conectividade para comunidades mais afastadas. Segundo ela, a escola vivia uma sensa\u00e7\u00e3o de isolamento, superada com a chegada da internet de alta qualidade. \u201cAqui \u00e9 uma \u00e1rea remota da zona rural e muitas vezes nos sent\u00edamos isolados. Hoje, temos uma internet de qualidade, que nos conecta ao mundo e fortalece a aprendizagem\u201d, destacou.<\/p>\n\n\n\n<p>Ela tamb\u00e9m observou que estudantes e moradores da comunidade utilizam a rede para estudos, trabalho e comunica\u00e7\u00e3o com familiares. \u201cAs crian\u00e7as e adolescentes vivem na era digital. Essa conex\u00e3o alavanca a aprendizagem e representa um marco hist\u00f3rico para todos n\u00f3s\u201d, disse.<\/p>\n\n\n\n<p>Moradora da comunidade, Suelen Silva, m\u00e3e do estudante, Guilherme Silva, 5, afirmou que a iniciativa beneficiar\u00e1 moradores e estudantes, especialmente devido \u00e0s dificuldades de acesso da regi\u00e3o. \u201cAntes, era muito dif\u00edcil. Hoje, melhorou bastante. J\u00e1 conseguimos fazer cursos de portaria e administra\u00e7\u00e3o, por meio da internet. Isso ajuda muito a comunidade e vai levar a gente para o futuro\u201d, relatou.<\/p>\n\n\n\n<p><strong>Suporte&nbsp;<\/strong><\/p>\n\n\n\n<p>A escola tamb\u00e9m recebeu cinco novos computadores, que passam a integrar o laborat\u00f3rio de inform\u00e1tica da unidade, ampliando as possibilidades de ensino e aprendizagem dentro e fora da sala de aula, com os mesmos padr\u00f5es das escolas da zona urbana.<\/p>\n\n\n\n<p>Dados recentes da Enec apontam que os programas de conectividade executados pela Prefeitura de Manaus j\u00e1 alcan\u00e7aram \u00edndice de 78,2% das escolas com internet adequada \u00e0s demandas educacionais, percentual superior \u00e0 m\u00e9dia nacional, de 69,7% (dados de fevereiro de 2026). No comparativo regional, Manaus ocupa a segunda coloca\u00e7\u00e3o, atr\u00e1s apenas da regi\u00e3o Sul, com 80,9%.<\/p>\n\n\n\n<p>A Estrat\u00e9gia Nacional de Escolas Conectadas tem como objetivo universalizar a conectividade com fins pedag\u00f3gicos em todas as escolas p\u00fablicas de educa\u00e7\u00e3o b\u00e1sica do pa\u00eds, incluindo suporte \u00e0 aquisi\u00e7\u00e3o e moderniza\u00e7\u00e3o de equipamentos. Dentro da estrat\u00e9gia, o projeto \u201cAprender Conectado\u201d, executado pela Entidade Administradora da Conectividade de Escolas (Eace), prev\u00ea levar internet de alta velocidade a cerca de 40 mil escolas da rede p\u00fablica at\u00e9 o fim de 2026.<\/p>\n\n\n\n<p>\u2014- \u2014- \u2014&#8211;<br><strong>Texto &#8211; <\/strong>Alexandre Abreu\/ Semed<\/p>\n\n\n\n<p><strong>Fotos &#8211; <\/strong>Antonio Pereira\/Semcom<br><strong>Dispon\u00edveis em &#8211;<\/strong> <a href=\"https:\/\/flic.kr\/s\/aHBqjCSjuT\">https:\/\/flic.kr\/s\/aHBqjCSjuT<\/a>&nbsp;<\/p>\n","protected":false},"excerpt":{"rendered":"","protected":false},"author":68,"featured_media":257616,"comment_status":"closed","ping_status":"closed","sticky":false,"template":"","format":"standard","meta":{"footnotes":""},"categories":[1652],"tags":[463,20575,20576,77,62,5296],"acf":[],"yoast_head":"<!-- This site is optimized with the Yoast SEO plugin v23.0 - https:\/\/yoast.com\/wordpress\/plugins\/seo\/ -->\n<title>Escola da prefeitura recebe novo ponto de inclus\u00e3o digital<\/title>\n<meta name=\"description\" content=\"A escola municipal Professora Joana Vieira, localizada na zona rural da capital amazonense, recebeu um novo ponto de inclus\u00e3o digital.\" \/>\n<meta name=\"robots\" content=\"index, follow, max-snippet:-1, max-image-preview:large, max-video-preview:-1\" \/>\n<link rel=\"canonical\" href=\"https:\/\/www.manaus.am.gov.br\/semcom\/novo-ponto-inclusao-digital\/\" \/>\n<meta property=\"og:locale\" content=\"pt_BR\" \/>\n<meta property=\"og:type\" content=\"article\" \/>\n<meta property=\"og:title\" content=\"Escola da prefeitura recebe novo ponto de inclus\u00e3o digital\" \/>\n<meta property=\"og:description\" content=\"A escola municipal Professora Joana Vieira, localizada na zona rural da capital amazonense, recebeu um novo ponto de inclus\u00e3o digital.\" \/>\n<meta property=\"og:url\" content=\"https:\/\/www.manaus.am.gov.br\/semcom\/novo-ponto-inclusao-digital\/\" \/>\n<meta property=\"og:site_name\" content=\"SEMCOM\" \/>\n<meta property=\"article:published_time\" content=\"2026-04-29T01:36:27+00:00\" \/>\n<meta property=\"article:modified_time\" content=\"2026-04-29T01:36:29+00:00\" \/>\n<meta property=\"og:image\" content=\"https:\/\/www.manaus.am.gov.br\/semcom\/wp-content\/uploads\/sites\/5\/2026\/04\/55236017707_6a6dabbc7c_c.jpg\" \/>\n\t<meta property=\"og:image:width\" content=\"799\" \/>\n\t<meta property=\"og:image:height\" content=\"533\" \/>\n\t<meta property=\"og:image:type\" content=\"image\/jpeg\" \/>\n<meta name=\"author\" content=\"bvalente\" \/>\n<meta name=\"twitter:card\" content=\"summary_large_image\" \/>\n<meta name=\"twitter:label1\" content=\"Written by\" \/>\n\t<meta name=\"twitter:data1\" content=\"bvalente\" \/>\n\t<meta name=\"twitter:label2\" content=\"Est. reading time\" \/>\n\t<meta name=\"twitter:data2\" content=\"4 minutos\" \/>\n<script type=\"application\/ld+json\" class=\"yoast-schema-graph\">{\"@context\":\"https:\/\/schema.org\",\"@graph\":[{\"@type\":\"WebPage\",\"@id\":\"https:\/\/www.manaus.am.gov.br\/semcom\/novo-ponto-inclusao-digital\/\",\"url\":\"https:\/\/www.manaus.am.gov.br\/semcom\/novo-ponto-inclusao-digital\/\",\"name\":\"Escola da prefeitura recebe novo ponto de inclus\u00e3o digital\",\"isPartOf\":{\"@id\":\"https:\/\/www.manaus.am.gov.br\/semcom\/#website\"},\"primaryImageOfPage\":{\"@id\":\"https:\/\/www.manaus.am.gov.br\/semcom\/novo-ponto-inclusao-digital\/#primaryimage\"},\"image\":{\"@id\":\"https:\/\/www.manaus.am.gov.br\/semcom\/novo-ponto-inclusao-digital\/#primaryimage\"},\"thumbnailUrl\":\"https:\/\/www.manaus.am.gov.br\/semcom\/wp-content\/uploads\/sites\/5\/2026\/04\/55236017707_6a6dabbc7c_c.jpg\",\"datePublished\":\"2026-04-29T01:36:27+00:00\",\"dateModified\":\"2026-04-29T01:36:29+00:00\",\"author\":{\"@id\":\"https:\/\/www.manaus.am.gov.br\/semcom\/#\/schema\/person\/466a0e03ae4b6062809046bd560ac955\"},\"description\":\"A escola municipal Professora Joana Vieira, localizada na zona rural da capital amazonense, recebeu um novo ponto de inclus\u00e3o digital.\",\"inLanguage\":\"pt-BR\",\"potentialAction\":[{\"@type\":\"ReadAction\",\"target\":[\"https:\/\/www.manaus.am.gov.br\/semcom\/novo-ponto-inclusao-digital\/\"]}]},{\"@type\":\"ImageObject\",\"inLanguage\":\"pt-BR\",\"@id\":\"https:\/\/www.manaus.am.gov.br\/semcom\/novo-ponto-inclusao-digital\/#primaryimage\",\"url\":\"https:\/\/www.manaus.am.gov.br\/semcom\/wp-content\/uploads\/sites\/5\/2026\/04\/55236017707_6a6dabbc7c_c.jpg\",\"contentUrl\":\"https:\/\/www.manaus.am.gov.br\/semcom\/wp-content\/uploads\/sites\/5\/2026\/04\/55236017707_6a6dabbc7c_c.jpg\",\"width\":799,\"height\":533,\"caption\":\"#paratodosverem - Secret\u00e1rio da Semed, Arone Bentes, ministro das Comunica\u00e7\u00f5es, Frederico de Siqueira Filho, equipe da Semed e alunos durante inaugura\u00e7\u00e3o\"},{\"@type\":\"WebSite\",\"@id\":\"https:\/\/www.manaus.am.gov.br\/semcom\/#website\",\"url\":\"https:\/\/www.manaus.am.gov.br\/semcom\/\",\"name\":\"SEMCOM\",\"description\":\"Secretaria Municipal de Comunica\u00e7\u00e3o\",\"potentialAction\":[{\"@type\":\"SearchAction\",\"target\":{\"@type\":\"EntryPoint\",\"urlTemplate\":\"https:\/\/www.manaus.am.gov.br\/semcom\/?s={search_term_string}\"},\"query-input\":\"required name=search_term_string\"}],\"inLanguage\":\"pt-BR\"},{\"@type\":\"Person\",\"@id\":\"https:\/\/www.manaus.am.gov.br\/semcom\/#\/schema\/person\/466a0e03ae4b6062809046bd560ac955\",\"name\":\"bvalente\",\"image\":{\"@type\":\"ImageObject\",\"inLanguage\":\"pt-BR\",\"@id\":\"https:\/\/www.manaus.am.gov.br\/semcom\/#\/schema\/person\/image\/\",\"url\":\"https:\/\/secure.gravatar.com\/avatar\/3e69bc2b014bdad41adfec3a39de07d2?s=96&d=mm&r=g\",\"contentUrl\":\"https:\/\/secure.gravatar.com\/avatar\/3e69bc2b014bdad41adfec3a39de07d2?s=96&d=mm&r=g\",\"caption\":\"bvalente\"}}]}<\/script>\n<!-- \/ Yoast SEO plugin. -->","yoast_head_json":{"title":"Escola da prefeitura recebe novo ponto de inclus\u00e3o digital","description":"A escola municipal Professora Joana Vieira, localizada na zona rural da capital amazonense, recebeu um novo ponto de inclus\u00e3o digital.","robots":{"index":"index","follow":"follow","max-snippet":"max-snippet:-1","max-image-preview":"max-image-preview:large","max-video-preview":"max-video-preview:-1"},"canonical":"https:\/\/www.manaus.am.gov.br\/semcom\/novo-ponto-inclusao-digital\/","og_locale":"pt_BR","og_type":"article","og_title":"Escola da prefeitura recebe novo ponto de inclus\u00e3o digital","og_description":"A escola municipal Professora Joana Vieira, localizada na zona rural da capital amazonense, recebeu um novo ponto de inclus\u00e3o digital.","og_url":"https:\/\/www.manaus.am.gov.br\/semcom\/novo-ponto-inclusao-digital\/","og_site_name":"SEMCOM","article_published_time":"2026-04-29T01:36:27+00:00","article_modified_time":"2026-04-29T01:36:29+00:00","og_image":[{"width":799,"height":533,"url":"https:\/\/www.manaus.am.gov.br\/semcom\/wp-content\/uploads\/sites\/5\/2026\/04\/55236017707_6a6dabbc7c_c.jpg","type":"image\/jpeg"}],"author":"bvalente","twitter_card":"summary_large_image","twitter_misc":{"Written by":"bvalente","Est. reading time":"4 minutos"},"schema":{"@context":"https:\/\/schema.org","@graph":[{"@type":"WebPage","@id":"https:\/\/www.manaus.am.gov.br\/semcom\/novo-ponto-inclusao-digital\/","url":"https:\/\/www.manaus.am.gov.br\/semcom\/novo-ponto-inclusao-digital\/","name":"Escola da prefeitura recebe novo ponto de inclus\u00e3o digital","isPartOf":{"@id":"https:\/\/www.manaus.am.gov.br\/semcom\/#website"},"primaryImageOfPage":{"@id":"https:\/\/www.manaus.am.gov.br\/semcom\/novo-ponto-inclusao-digital\/#primaryimage"},"image":{"@id":"https:\/\/www.manaus.am.gov.br\/semcom\/novo-ponto-inclusao-digital\/#primaryimage"},"thumbnailUrl":"https:\/\/www.manaus.am.gov.br\/semcom\/wp-content\/uploads\/sites\/5\/2026\/04\/55236017707_6a6dabbc7c_c.jpg","datePublished":"2026-04-29T01:36:27+00:00","dateModified":"2026-04-29T01:36:29+00:00","author":{"@id":"https:\/\/www.manaus.am.gov.br\/semcom\/#\/schema\/person\/466a0e03ae4b6062809046bd560ac955"},"description":"A escola municipal Professora Joana Vieira, localizada na zona rural da capital amazonense, recebeu um novo ponto de inclus\u00e3o digital.","inLanguage":"pt-BR","potentialAction":[{"@type":"ReadAction","target":["https:\/\/www.manaus.am.gov.br\/semcom\/novo-ponto-inclusao-digital\/"]}]},{"@type":"ImageObject","inLanguage":"pt-BR","@id":"https:\/\/www.manaus.am.gov.br\/semcom\/novo-ponto-inclusao-digital\/#primaryimage","url":"https:\/\/www.manaus.am.gov.br\/semcom\/wp-content\/uploads\/sites\/5\/2026\/04\/55236017707_6a6dabbc7c_c.jpg","contentUrl":"https:\/\/www.manaus.am.gov.br\/semcom\/wp-content\/uploads\/sites\/5\/2026\/04\/55236017707_6a6dabbc7c_c.jpg","width":799,"height":533,"caption":"#paratodosverem - Secret\u00e1rio da Semed, Arone Bentes, ministro das Comunica\u00e7\u00f5es, Frederico de Siqueira Filho, equipe da Semed e alunos durante inaugura\u00e7\u00e3o"},{"@type":"WebSite","@id":"https:\/\/www.manaus.am.gov.br\/semcom\/#website","url":"https:\/\/www.manaus.am.gov.br\/semcom\/","name":"SEMCOM","description":"Secretaria Municipal de Comunica\u00e7\u00e3o","potentialAction":[{"@type":"SearchAction","target":{"@type":"EntryPoint","urlTemplate":"https:\/\/www.manaus.am.gov.br\/semcom\/?s={search_term_string}"},"query-input":"required name=search_term_string"}],"inLanguage":"pt-BR"},{"@type":"Person","@id":"https:\/\/www.manaus.am.gov.br\/semcom\/#\/schema\/person\/466a0e03ae4b6062809046bd560ac955","name":"bvalente","image":{"@type":"ImageObject","inLanguage":"pt-BR","@id":"https:\/\/www.manaus.am.gov.br\/semcom\/#\/schema\/person\/image\/","url":"https:\/\/secure.gravatar.com\/avatar\/3e69bc2b014bdad41adfec3a39de07d2?s=96&d=mm&r=g","contentUrl":"https:\/\/secure.gravatar.com\/avatar\/3e69bc2b014bdad41adfec3a39de07d2?s=96&d=mm&r=g","caption":"bvalente"}}]}},"_links":{"self":[{"href":"https:\/\/www.manaus.am.gov.br\/semcom\/wp-json\/wp\/v2\/posts\/257615"}],"collection":[{"href":"https:\/\/www.manaus.am.gov.br\/semcom\/wp-json\/wp\/v2\/posts"}],"about":[{"href":"https:\/\/www.manaus.am.gov.br\/semcom\/wp-json\/wp\/v2\/types\/post"}],"author":[{"embeddable":true,"href":"https:\/\/www.manaus.am.gov.br\/semcom\/wp-json\/wp\/v2\/users\/68"}],"replies":[{"embeddable":true,"href":"https:\/\/www.manaus.am.gov.br\/semcom\/wp-json\/wp\/v2\/comments?post=257615"}],"version-history":[{"count":0,"href":"https:\/\/www.manaus.am.gov.br\/semcom\/wp-json\/wp\/v2\/posts\/257615\/revisions"}],"wp:featuredmedia":[{"embeddable":true,"href":"https:\/\/www.manaus.am.gov.br\/semcom\/wp-json\/wp\/v2\/media\/257616"}],"wp:attachment":[{"href":"https:\/\/www.manaus.am.gov.br\/semcom\/wp-json\/wp\/v2\/media?parent=257615"}],"wp:term":[{"taxonomy":"category","embeddable":true,"href":"https:\/\/www.manaus.am.gov.br\/semcom\/wp-json\/wp\/v2\/categories?post=257615"},{"taxonomy":"post_tag","embeddable":true,"href":"https:\/\/www.manaus.am.gov.br\/semcom\/wp-json\/wp\/v2\/tags?post=257615"}],"curies":[{"name":"wp","href":"https:\/\/api.w.org\/{rel}","templated":true}]}}