{"id":257609,"date":"2026-04-28T17:47:50","date_gmt":"2026-04-28T21:47:50","guid":{"rendered":"https:\/\/www.manaus.am.gov.br\/semcom\/homenagem-45-recem-aposentados\/"},"modified":"2026-04-28T17:47:50","modified_gmt":"2026-04-28T21:47:50","slug":"homenagem-45-recem-aposentados","status":"publish","type":"post","link":"https:\/\/www.manaus.am.gov.br\/semcom\/homenagem-45-recem-aposentados\/","title":{"rendered":"Prefeitura de Manaus homenageia 45 servidores rec\u00e9m-aposentados e refor\u00e7a orienta\u00e7\u00f5es previdenci\u00e1rias"},"content":{"rendered":"\n<p>A Prefeitura de Manaus, por meio da Manaus Previd\u00eancia (Manausprev), realizou, nesta ter\u00e7a-feira, 28\/4, a segunda edi\u00e7\u00e3o de 2026 do programa \u201cFeliz Vida Nova\u201d, iniciativa voltada ao acolhimento e reconhecimento de servidores municipais rec\u00e9m-aposentados. Ao todo, 45 novos aposentados, que tiveram seus benef\u00edcios concedidos nos meses de janeiro, fevereiro e mar\u00e7o deste ano, participaram da programa\u00e7\u00e3o.<\/p>\n\n\n\n<p>Promovido na sede da autarquia, na avenida Constantino Nery, bairro Chapada, zona Centro-Sul, o evento teve como objetivo valorizar a trajet\u00f3ria desses servidores e oferecer informa\u00e7\u00f5es importantes para uma transi\u00e7\u00e3o mais segura e tranquila para a nova fase da vida.<\/p>\n\n\n\n<p>Durante a cerim\u00f4nia, os participantes receberam placas de homenagem pelos anos de dedica\u00e7\u00e3o ao servi\u00e7o p\u00fablico municipal. A programa\u00e7\u00e3o tamb\u00e9m contou com palestras e orienta\u00e7\u00f5es sobre legisla\u00e7\u00e3o previdenci\u00e1ria, incluindo regras relacionadas \u00e0 pens\u00e3o por morte e esclarecimento de d\u00favidas sobre benef\u00edcios e direitos previdenci\u00e1rios.<\/p>\n\n\n\n<p>A diretora de Previd\u00eancia da Manausprev, Ana Silvia Domingues, destacou que a iniciativa vai al\u00e9m da homenagem e representa um cuidado institucional com quem dedicou anos de trabalho ao munic\u00edpio.<\/p>\n\n\n\n<p>\u201cO programa Feliz Vida Nova foi pensado para acolher nossos servidores neste momento de mudan\u00e7a, oferecendo informa\u00e7\u00f5es importantes, seguran\u00e7a e reconhecimento por toda a contribui\u00e7\u00e3o prestada \u00e0 Prefeitura de Manaus. \u00c9 uma forma de demonstrar que eles continuam sendo parte importante da nossa hist\u00f3ria\u201d, afirmou.<\/p>\n\n\n\n<p>Para a rec\u00e9m-aposentada Samira dos Santos, a iniciativa representa o reconhecimento pelo trabalho prestado \u00e0 popula\u00e7\u00e3o manauara.<\/p>\n\n\n\n<p>\u201cEu estou realmente muito agradecida e at\u00e9 emocionada. Esse \u00e9 um momento especial nas nossas vidas, chegar \u00e0 aposentadoria. Estou muito grata a Deus, em primeiro lugar, e tamb\u00e9m \u00e0 Manaus Previd\u00eancia, por esse momento de homenagens, reconhecimento e valoriza\u00e7\u00e3o pelo nosso trabalho\u201d, concluiu Samira.<\/p>\n\n\n\n<figure class=\"wp-block-image size-large\"><img loading=\"lazy\" decoding=\"async\" width=\"1024\" height=\"682\" src=\"https:\/\/www.manaus.am.gov.br\/semcom\/wp-content\/uploads\/sites\/5\/2026\/04\/Homenagem-2-1024x682.jpeg\" alt=\"\" class=\"wp-image-257610\" srcset=\"https:\/\/www.manaus.am.gov.br\/semcom\/wp-content\/uploads\/sites\/5\/2026\/04\/Homenagem-2-1024x682.jpeg 1024w, https:\/\/www.manaus.am.gov.br\/semcom\/wp-content\/uploads\/sites\/5\/2026\/04\/Homenagem-2-300x200.jpeg 300w, https:\/\/www.manaus.am.gov.br\/semcom\/wp-content\/uploads\/sites\/5\/2026\/04\/Homenagem-2-768x512.jpeg 768w, https:\/\/www.manaus.am.gov.br\/semcom\/wp-content\/uploads\/sites\/5\/2026\/04\/Homenagem-2-1536x1023.jpeg 1536w, https:\/\/www.manaus.am.gov.br\/semcom\/wp-content\/uploads\/sites\/5\/2026\/04\/Homenagem-2.jpeg 1600w\" sizes=\"(max-width: 1024px) 100vw, 1024px\" \/><figcaption class=\"wp-element-caption\">#paratodosverem &#8211; Reconhecimento<\/figcaption><\/figure>\n\n\n\n<p>&#8212; &#8212; &#8212;<\/p>\n\n\n\n<p><strong>Texto<\/strong> \u2013 Renata Felix\/Manaus Previd\u00eancia<\/p>\n\n\n\n<p><strong>Fotos<\/strong> \u2013 Divulga\u00e7\u00e3o\/Manaus Previd\u00eancia<\/p>\n","protected":false},"excerpt":{"rendered":"","protected":false},"author":39,"featured_media":257611,"comment_status":"closed","ping_status":"closed","sticky":false,"template":"","format":"standard","meta":{"footnotes":""},"categories":[925],"tags":[20573,228,20574,77,1070],"acf":[],"yoast_head":"<!-- This site is optimized with the Yoast SEO plugin v23.0 - https:\/\/yoast.com\/wordpress\/plugins\/seo\/ -->\n<title>Prefeitura homenageia 45 servidores rec\u00e9m-aposentados<\/title>\n<meta name=\"description\" content=\"Prefeitura de Manaus, por meio da Manausprev, homenageia 45 servidores rec\u00e9m-aposentados e refor\u00e7a orienta\u00e7\u00f5es previdenci\u00e1rias.\" \/>\n<meta name=\"robots\" content=\"index, follow, max-snippet:-1, max-image-preview:large, max-video-preview:-1\" \/>\n<link rel=\"canonical\" href=\"https:\/\/www.manaus.am.gov.br\/semcom\/homenagem-45-recem-aposentados\/\" \/>\n<meta property=\"og:locale\" content=\"pt_BR\" \/>\n<meta property=\"og:type\" content=\"article\" \/>\n<meta property=\"og:title\" content=\"Prefeitura homenageia 45 servidores rec\u00e9m-aposentados\" \/>\n<meta property=\"og:description\" content=\"Prefeitura de Manaus, por meio da Manausprev, homenageia 45 servidores rec\u00e9m-aposentados e refor\u00e7a orienta\u00e7\u00f5es previdenci\u00e1rias.\" \/>\n<meta property=\"og:url\" content=\"https:\/\/www.manaus.am.gov.br\/semcom\/homenagem-45-recem-aposentados\/\" \/>\n<meta property=\"og:site_name\" content=\"SEMCOM\" \/>\n<meta property=\"article:published_time\" content=\"2026-04-28T21:47:50+00:00\" \/>\n<meta property=\"og:image\" content=\"https:\/\/www.manaus.am.gov.br\/semcom\/wp-content\/uploads\/sites\/5\/2026\/04\/Homenagem-1.jpeg\" \/>\n\t<meta property=\"og:image:width\" content=\"1600\" \/>\n\t<meta property=\"og:image:height\" content=\"1066\" \/>\n\t<meta property=\"og:image:type\" content=\"image\/jpeg\" \/>\n<meta name=\"author\" content=\"Bruna Greco\" \/>\n<meta name=\"twitter:card\" content=\"summary_large_image\" \/>\n<meta name=\"twitter:label1\" content=\"Written by\" \/>\n\t<meta name=\"twitter:data1\" content=\"Bruna Greco\" \/>\n\t<meta name=\"twitter:label2\" content=\"Est. reading time\" \/>\n\t<meta name=\"twitter:data2\" content=\"2 minutos\" \/>\n<script type=\"application\/ld+json\" class=\"yoast-schema-graph\">{\"@context\":\"https:\/\/schema.org\",\"@graph\":[{\"@type\":\"WebPage\",\"@id\":\"https:\/\/www.manaus.am.gov.br\/semcom\/homenagem-45-recem-aposentados\/\",\"url\":\"https:\/\/www.manaus.am.gov.br\/semcom\/homenagem-45-recem-aposentados\/\",\"name\":\"Prefeitura homenageia 45 servidores rec\u00e9m-aposentados\",\"isPartOf\":{\"@id\":\"https:\/\/www.manaus.am.gov.br\/semcom\/#website\"},\"primaryImageOfPage\":{\"@id\":\"https:\/\/www.manaus.am.gov.br\/semcom\/homenagem-45-recem-aposentados\/#primaryimage\"},\"image\":{\"@id\":\"https:\/\/www.manaus.am.gov.br\/semcom\/homenagem-45-recem-aposentados\/#primaryimage\"},\"thumbnailUrl\":\"https:\/\/www.manaus.am.gov.br\/semcom\/wp-content\/uploads\/sites\/5\/2026\/04\/Homenagem-1.jpeg\",\"datePublished\":\"2026-04-28T21:47:50+00:00\",\"dateModified\":\"2026-04-28T21:47:50+00:00\",\"author\":{\"@id\":\"https:\/\/www.manaus.am.gov.br\/semcom\/#\/schema\/person\/05d223aea2bf115f9883a6ff3683d81b\"},\"description\":\"Prefeitura de Manaus, por meio da Manausprev, homenageia 45 servidores rec\u00e9m-aposentados e refor\u00e7a orienta\u00e7\u00f5es previdenci\u00e1rias.\",\"inLanguage\":\"pt-BR\",\"potentialAction\":[{\"@type\":\"ReadAction\",\"target\":[\"https:\/\/www.manaus.am.gov.br\/semcom\/homenagem-45-recem-aposentados\/\"]}]},{\"@type\":\"ImageObject\",\"inLanguage\":\"pt-BR\",\"@id\":\"https:\/\/www.manaus.am.gov.br\/semcom\/homenagem-45-recem-aposentados\/#primaryimage\",\"url\":\"https:\/\/www.manaus.am.gov.br\/semcom\/wp-content\/uploads\/sites\/5\/2026\/04\/Homenagem-1.jpeg\",\"contentUrl\":\"https:\/\/www.manaus.am.gov.br\/semcom\/wp-content\/uploads\/sites\/5\/2026\/04\/Homenagem-1.jpeg\",\"width\":1600,\"height\":1066,\"caption\":\"#paratodosverem - Rec\u00e9m-aposentados da Manaus Previd\u00eancia participando de homenagem durante segunda edi\u00e7\u00e3o de 2026 do programa \u201cFeliz Vida Nova\u201d\"},{\"@type\":\"WebSite\",\"@id\":\"https:\/\/www.manaus.am.gov.br\/semcom\/#website\",\"url\":\"https:\/\/www.manaus.am.gov.br\/semcom\/\",\"name\":\"SEMCOM\",\"description\":\"Secretaria Municipal de Comunica\u00e7\u00e3o\",\"potentialAction\":[{\"@type\":\"SearchAction\",\"target\":{\"@type\":\"EntryPoint\",\"urlTemplate\":\"https:\/\/www.manaus.am.gov.br\/semcom\/?s={search_term_string}\"},\"query-input\":\"required name=search_term_string\"}],\"inLanguage\":\"pt-BR\"},{\"@type\":\"Person\",\"@id\":\"https:\/\/www.manaus.am.gov.br\/semcom\/#\/schema\/person\/05d223aea2bf115f9883a6ff3683d81b\",\"name\":\"Bruna Greco\",\"image\":{\"@type\":\"ImageObject\",\"inLanguage\":\"pt-BR\",\"@id\":\"https:\/\/www.manaus.am.gov.br\/semcom\/#\/schema\/person\/image\/\",\"url\":\"https:\/\/secure.gravatar.com\/avatar\/9c877d1a6adc2a055330e5c09a8653ce?s=96&d=mm&r=g\",\"contentUrl\":\"https:\/\/secure.gravatar.com\/avatar\/9c877d1a6adc2a055330e5c09a8653ce?s=96&d=mm&r=g\",\"caption\":\"Bruna Greco\"}}]}<\/script>\n<!-- \/ Yoast SEO plugin. -->","yoast_head_json":{"title":"Prefeitura homenageia 45 servidores rec\u00e9m-aposentados","description":"Prefeitura de Manaus, por meio da Manausprev, homenageia 45 servidores rec\u00e9m-aposentados e refor\u00e7a orienta\u00e7\u00f5es previdenci\u00e1rias.","robots":{"index":"index","follow":"follow","max-snippet":"max-snippet:-1","max-image-preview":"max-image-preview:large","max-video-preview":"max-video-preview:-1"},"canonical":"https:\/\/www.manaus.am.gov.br\/semcom\/homenagem-45-recem-aposentados\/","og_locale":"pt_BR","og_type":"article","og_title":"Prefeitura homenageia 45 servidores rec\u00e9m-aposentados","og_description":"Prefeitura de Manaus, por meio da Manausprev, homenageia 45 servidores rec\u00e9m-aposentados e refor\u00e7a orienta\u00e7\u00f5es previdenci\u00e1rias.","og_url":"https:\/\/www.manaus.am.gov.br\/semcom\/homenagem-45-recem-aposentados\/","og_site_name":"SEMCOM","article_published_time":"2026-04-28T21:47:50+00:00","og_image":[{"width":1600,"height":1066,"url":"https:\/\/www.manaus.am.gov.br\/semcom\/wp-content\/uploads\/sites\/5\/2026\/04\/Homenagem-1.jpeg","type":"image\/jpeg"}],"author":"Bruna Greco","twitter_card":"summary_large_image","twitter_misc":{"Written by":"Bruna Greco","Est. reading time":"2 minutos"},"schema":{"@context":"https:\/\/schema.org","@graph":[{"@type":"WebPage","@id":"https:\/\/www.manaus.am.gov.br\/semcom\/homenagem-45-recem-aposentados\/","url":"https:\/\/www.manaus.am.gov.br\/semcom\/homenagem-45-recem-aposentados\/","name":"Prefeitura homenageia 45 servidores rec\u00e9m-aposentados","isPartOf":{"@id":"https:\/\/www.manaus.am.gov.br\/semcom\/#website"},"primaryImageOfPage":{"@id":"https:\/\/www.manaus.am.gov.br\/semcom\/homenagem-45-recem-aposentados\/#primaryimage"},"image":{"@id":"https:\/\/www.manaus.am.gov.br\/semcom\/homenagem-45-recem-aposentados\/#primaryimage"},"thumbnailUrl":"https:\/\/www.manaus.am.gov.br\/semcom\/wp-content\/uploads\/sites\/5\/2026\/04\/Homenagem-1.jpeg","datePublished":"2026-04-28T21:47:50+00:00","dateModified":"2026-04-28T21:47:50+00:00","author":{"@id":"https:\/\/www.manaus.am.gov.br\/semcom\/#\/schema\/person\/05d223aea2bf115f9883a6ff3683d81b"},"description":"Prefeitura de Manaus, por meio da Manausprev, homenageia 45 servidores rec\u00e9m-aposentados e refor\u00e7a orienta\u00e7\u00f5es previdenci\u00e1rias.","inLanguage":"pt-BR","potentialAction":[{"@type":"ReadAction","target":["https:\/\/www.manaus.am.gov.br\/semcom\/homenagem-45-recem-aposentados\/"]}]},{"@type":"ImageObject","inLanguage":"pt-BR","@id":"https:\/\/www.manaus.am.gov.br\/semcom\/homenagem-45-recem-aposentados\/#primaryimage","url":"https:\/\/www.manaus.am.gov.br\/semcom\/wp-content\/uploads\/sites\/5\/2026\/04\/Homenagem-1.jpeg","contentUrl":"https:\/\/www.manaus.am.gov.br\/semcom\/wp-content\/uploads\/sites\/5\/2026\/04\/Homenagem-1.jpeg","width":1600,"height":1066,"caption":"#paratodosverem - Rec\u00e9m-aposentados da Manaus Previd\u00eancia participando de homenagem durante segunda edi\u00e7\u00e3o de 2026 do programa \u201cFeliz Vida Nova\u201d"},{"@type":"WebSite","@id":"https:\/\/www.manaus.am.gov.br\/semcom\/#website","url":"https:\/\/www.manaus.am.gov.br\/semcom\/","name":"SEMCOM","description":"Secretaria Municipal de Comunica\u00e7\u00e3o","potentialAction":[{"@type":"SearchAction","target":{"@type":"EntryPoint","urlTemplate":"https:\/\/www.manaus.am.gov.br\/semcom\/?s={search_term_string}"},"query-input":"required name=search_term_string"}],"inLanguage":"pt-BR"},{"@type":"Person","@id":"https:\/\/www.manaus.am.gov.br\/semcom\/#\/schema\/person\/05d223aea2bf115f9883a6ff3683d81b","name":"Bruna Greco","image":{"@type":"ImageObject","inLanguage":"pt-BR","@id":"https:\/\/www.manaus.am.gov.br\/semcom\/#\/schema\/person\/image\/","url":"https:\/\/secure.gravatar.com\/avatar\/9c877d1a6adc2a055330e5c09a8653ce?s=96&d=mm&r=g","contentUrl":"https:\/\/secure.gravatar.com\/avatar\/9c877d1a6adc2a055330e5c09a8653ce?s=96&d=mm&r=g","caption":"Bruna Greco"}}]}},"_links":{"self":[{"href":"https:\/\/www.manaus.am.gov.br\/semcom\/wp-json\/wp\/v2\/posts\/257609"}],"collection":[{"href":"https:\/\/www.manaus.am.gov.br\/semcom\/wp-json\/wp\/v2\/posts"}],"about":[{"href":"https:\/\/www.manaus.am.gov.br\/semcom\/wp-json\/wp\/v2\/types\/post"}],"author":[{"embeddable":true,"href":"https:\/\/www.manaus.am.gov.br\/semcom\/wp-json\/wp\/v2\/users\/39"}],"replies":[{"embeddable":true,"href":"https:\/\/www.manaus.am.gov.br\/semcom\/wp-json\/wp\/v2\/comments?post=257609"}],"version-history":[{"count":1,"href":"https:\/\/www.manaus.am.gov.br\/semcom\/wp-json\/wp\/v2\/posts\/257609\/revisions"}],"predecessor-version":[{"id":257612,"href":"https:\/\/www.manaus.am.gov.br\/semcom\/wp-json\/wp\/v2\/posts\/257609\/revisions\/257612"}],"wp:featuredmedia":[{"embeddable":true,"href":"https:\/\/www.manaus.am.gov.br\/semcom\/wp-json\/wp\/v2\/media\/257611"}],"wp:attachment":[{"href":"https:\/\/www.manaus.am.gov.br\/semcom\/wp-json\/wp\/v2\/media?parent=257609"}],"wp:term":[{"taxonomy":"category","embeddable":true,"href":"https:\/\/www.manaus.am.gov.br\/semcom\/wp-json\/wp\/v2\/categories?post=257609"},{"taxonomy":"post_tag","embeddable":true,"href":"https:\/\/www.manaus.am.gov.br\/semcom\/wp-json\/wp\/v2\/tags?post=257609"}],"curies":[{"name":"wp","href":"https:\/\/api.w.org\/{rel}","templated":true}]}}