{"id":257605,"date":"2026-04-28T17:27:21","date_gmt":"2026-04-28T21:27:21","guid":{"rendered":"https:\/\/www.manaus.am.gov.br\/semcom\/reuniao-bid-investimentos-semed\/"},"modified":"2026-04-28T17:27:21","modified_gmt":"2026-04-28T21:27:21","slug":"reuniao-bid-investimentos-semed","status":"publish","type":"post","link":"https:\/\/www.manaus.am.gov.br\/semcom\/reuniao-bid-investimentos-semed\/","title":{"rendered":"Prefeito Renato Junior discute com BID investimentos para ampliar rede municipal de educa\u00e7\u00e3o"},"content":{"rendered":"\n<p>O prefeito de Manaus, Renato Junior, acompanhado do titular da Secretaria Municipal de Educa\u00e7\u00e3o (Semed), Arone Bentes, se reuniu, nesta ter\u00e7a-feira, 28\/4, com representantes do Banco Interamericano de Desenvolvimento (BID) para tratar dos avan\u00e7os da segunda etapa do Programa de Expans\u00e3o e Melhoria Educacional da Rede Municipal de Manaus (Proemem II). O encontro ocorreu na Casa de Praia Zezinho Corr\u00eaa, no complexo tur\u00edstico Ponta Negra, zona Oeste, e teve como objetivo principal a manuten\u00e7\u00e3o da parceria para a amplia\u00e7\u00e3o da rede educacional, com a previs\u00e3o de 14 novas obras na capital.<\/p>\n\n\n\n<p>Durante a reuni\u00e3o, foram destacados os resultados significativos alcan\u00e7ados na primeira fase do programa, que permitiu a constru\u00e7\u00e3o e reforma de sete creches e nove Centros Integrados Municipais de Educa\u00e7\u00e3o (Cimes). Al\u00e9m do fortalecimento da infraestrutura, o financiamento viabilizou recursos para programas pedag\u00f3gicos de alfabetiza\u00e7\u00e3o, refor\u00e7o escolar, corre\u00e7\u00e3o de fluxo e combate ao absente\u00edsmo, colaborando diretamente na forma\u00e7\u00e3o de profissionais e no acompanhamento do desempenho dos alunos.<\/p>\n\n\n\n<p>Para o prefeito Renato Junior, a continuidade da parceria \u00e9 fundamental para elevar os indicadores educacionais da cidade.<\/p>\n\n\n\n<p>&#8220;O encontro foi bastante produtivo no sentido de buscarmos solu\u00e7\u00f5es para expans\u00e3o da rede municipal de ensino. A parceria com o BID j\u00e1 proporcionou resultados significativos, principalmente na melhoria da infraestrutura das escolas e de programas de alfabetiza\u00e7\u00e3o e refor\u00e7o escolar. Nosso objetivo \u00e9 continuar avan\u00e7ando nos indicadores educacionais e ter a parceria de uma institui\u00e7\u00e3o financeira como o BID \u00e9 sempre satisfat\u00f3rio&#8221;, afirmou o chefe do Executivo municipal.<\/p>\n\n\n\n<p>A segunda etapa do Proemem tem como meta aprofundar os avan\u00e7os conquistados e enfrentar os desafios educacionais com a expans\u00e3o da rede em todas as etapas de forma\u00e7\u00e3o. O secret\u00e1rio da Semed, Arone Bentes, ressaltou que os novos investimentos devem ser direcionados para as zonas Norte e Leste de Manaus.<\/p>\n\n\n\n<p>&#8220;O BID tem se revelado um importante parceiro da Prefeitura de Manaus em projetos educacionais. O financiamento que eles proporcionam \u00e0 cidade de Manaus tem realmente revolucionado, proporcionado constru\u00e7\u00f5es que s\u00e3o refer\u00eancia para a educa\u00e7\u00e3o na cidade de Manaus. O Proemem II vem para satisfazer obras em \u00e1reas necess\u00e1rias, como a zona Norte e zona Leste de Manaus, que precisam de novas creches, de novos espa\u00e7os para a educa\u00e7\u00e3o infantil. Esse financiamento vai chegar com certeza em boa hora e vai ser um importante marco para a cidade de Manaus na educa\u00e7\u00e3o&#8221;, destacou o secret\u00e1rio.<\/p>\n\n\n\n<p>A parceria entre a prefeitura e o BID tem resultado no crescimento das taxas de aprova\u00e7\u00e3o e na melhoria do desempenho em leitura e matem\u00e1tica, fatores que contribu\u00edram para a evolu\u00e7\u00e3o da rede municipal no \u00cdndice de Desenvolvimento da Educa\u00e7\u00e3o B\u00e1sica (Ideb) e na supera\u00e7\u00e3o de metas educacionais hist\u00f3ricas para o munic\u00edpio.<\/p>\n\n\n\n<p>Novas etapas para manuten\u00e7\u00e3o da parceria ser\u00e3o debatidas pelas equipes t\u00e9cnicas da Semed e do BID, at\u00e9 que a proposta final de financiamento seja consolidada.<\/p>\n\n\n\n<figure class=\"wp-block-image size-large\"><img loading=\"lazy\" decoding=\"async\" width=\"1024\" height=\"683\" src=\"https:\/\/www.manaus.am.gov.br\/semcom\/wp-content\/uploads\/sites\/5\/2026\/04\/WhatsApp-Image-2026-04-28-at-17.12.17-1024x683.jpeg\" alt=\"\" class=\"wp-image-257606\" srcset=\"https:\/\/www.manaus.am.gov.br\/semcom\/wp-content\/uploads\/sites\/5\/2026\/04\/WhatsApp-Image-2026-04-28-at-17.12.17-1024x683.jpeg 1024w, https:\/\/www.manaus.am.gov.br\/semcom\/wp-content\/uploads\/sites\/5\/2026\/04\/WhatsApp-Image-2026-04-28-at-17.12.17-300x200.jpeg 300w, https:\/\/www.manaus.am.gov.br\/semcom\/wp-content\/uploads\/sites\/5\/2026\/04\/WhatsApp-Image-2026-04-28-at-17.12.17-768x512.jpeg 768w, https:\/\/www.manaus.am.gov.br\/semcom\/wp-content\/uploads\/sites\/5\/2026\/04\/WhatsApp-Image-2026-04-28-at-17.12.17.jpeg 1280w\" sizes=\"(max-width: 1024px) 100vw, 1024px\" \/><figcaption class=\"wp-element-caption\">#paratodosverem &#8211; Dial\u00f3go<\/figcaption><\/figure>\n\n\n\n<p>&#8212; &#8212; &#8212;<\/p>\n\n\n\n<p><strong>Texto<\/strong> \u2013 Geraldo Farias\/Semcom<\/p>\n\n\n\n<p><strong>Fotos<\/strong> \u2013 Carlos Oliveira\/Semcom<\/p>\n","protected":false},"excerpt":{"rendered":"","protected":false},"author":39,"featured_media":257607,"comment_status":"closed","ping_status":"closed","sticky":false,"template":"","format":"standard","meta":{"footnotes":""},"categories":[1657],"tags":[20571,2144,20135,77,20572,62],"acf":[],"yoast_head":"<!-- This site is optimized with the Yoast SEO plugin v23.0 - https:\/\/yoast.com\/wordpress\/plugins\/seo\/ -->\n<title>Prefeito discute com BID investimentos para ampliar rede municipal de educa\u00e7\u00e3o<\/title>\n<meta name=\"description\" content=\"Prefeito de Manaus, Renato Junior, discute com BID investimentos para ampliar rede municipal de educa\u00e7\u00e3o, nesta ter\u00e7a-feira, 28\/4.\" \/>\n<meta name=\"robots\" content=\"index, follow, max-snippet:-1, max-image-preview:large, max-video-preview:-1\" \/>\n<link rel=\"canonical\" href=\"https:\/\/www.manaus.am.gov.br\/semcom\/reuniao-bid-investimentos-semed\/\" \/>\n<meta property=\"og:locale\" content=\"pt_BR\" \/>\n<meta property=\"og:type\" content=\"article\" \/>\n<meta property=\"og:title\" content=\"Prefeito discute com BID investimentos para ampliar rede municipal de educa\u00e7\u00e3o\" \/>\n<meta property=\"og:description\" content=\"Prefeito de Manaus, Renato Junior, discute com BID investimentos para ampliar rede municipal de educa\u00e7\u00e3o, nesta ter\u00e7a-feira, 28\/4.\" \/>\n<meta property=\"og:url\" content=\"https:\/\/www.manaus.am.gov.br\/semcom\/reuniao-bid-investimentos-semed\/\" \/>\n<meta property=\"og:site_name\" content=\"SEMCOM\" \/>\n<meta property=\"article:published_time\" content=\"2026-04-28T21:27:21+00:00\" \/>\n<meta property=\"og:image\" content=\"https:\/\/www.manaus.am.gov.br\/semcom\/wp-content\/uploads\/sites\/5\/2026\/04\/WhatsApp-Image-2026-04-28-at-17.12.18.jpeg\" \/>\n\t<meta property=\"og:image:width\" content=\"1280\" \/>\n\t<meta property=\"og:image:height\" content=\"854\" \/>\n\t<meta property=\"og:image:type\" content=\"image\/jpeg\" \/>\n<meta name=\"author\" content=\"Bruna Greco\" \/>\n<meta name=\"twitter:card\" content=\"summary_large_image\" \/>\n<meta name=\"twitter:label1\" content=\"Written by\" \/>\n\t<meta name=\"twitter:data1\" content=\"Bruna Greco\" \/>\n\t<meta name=\"twitter:label2\" content=\"Est. reading time\" \/>\n\t<meta name=\"twitter:data2\" content=\"4 minutos\" \/>\n<script type=\"application\/ld+json\" class=\"yoast-schema-graph\">{\"@context\":\"https:\/\/schema.org\",\"@graph\":[{\"@type\":\"WebPage\",\"@id\":\"https:\/\/www.manaus.am.gov.br\/semcom\/reuniao-bid-investimentos-semed\/\",\"url\":\"https:\/\/www.manaus.am.gov.br\/semcom\/reuniao-bid-investimentos-semed\/\",\"name\":\"Prefeito discute com BID investimentos para ampliar rede municipal de educa\u00e7\u00e3o\",\"isPartOf\":{\"@id\":\"https:\/\/www.manaus.am.gov.br\/semcom\/#website\"},\"primaryImageOfPage\":{\"@id\":\"https:\/\/www.manaus.am.gov.br\/semcom\/reuniao-bid-investimentos-semed\/#primaryimage\"},\"image\":{\"@id\":\"https:\/\/www.manaus.am.gov.br\/semcom\/reuniao-bid-investimentos-semed\/#primaryimage\"},\"thumbnailUrl\":\"https:\/\/www.manaus.am.gov.br\/semcom\/wp-content\/uploads\/sites\/5\/2026\/04\/WhatsApp-Image-2026-04-28-at-17.12.18.jpeg\",\"datePublished\":\"2026-04-28T21:27:21+00:00\",\"dateModified\":\"2026-04-28T21:27:21+00:00\",\"author\":{\"@id\":\"https:\/\/www.manaus.am.gov.br\/semcom\/#\/schema\/person\/05d223aea2bf115f9883a6ff3683d81b\"},\"description\":\"Prefeito de Manaus, Renato Junior, discute com BID investimentos para ampliar rede municipal de educa\u00e7\u00e3o, nesta ter\u00e7a-feira, 28\/4.\",\"inLanguage\":\"pt-BR\",\"potentialAction\":[{\"@type\":\"ReadAction\",\"target\":[\"https:\/\/www.manaus.am.gov.br\/semcom\/reuniao-bid-investimentos-semed\/\"]}]},{\"@type\":\"ImageObject\",\"inLanguage\":\"pt-BR\",\"@id\":\"https:\/\/www.manaus.am.gov.br\/semcom\/reuniao-bid-investimentos-semed\/#primaryimage\",\"url\":\"https:\/\/www.manaus.am.gov.br\/semcom\/wp-content\/uploads\/sites\/5\/2026\/04\/WhatsApp-Image-2026-04-28-at-17.12.18.jpeg\",\"contentUrl\":\"https:\/\/www.manaus.am.gov.br\/semcom\/wp-content\/uploads\/sites\/5\/2026\/04\/WhatsApp-Image-2026-04-28-at-17.12.18.jpeg\",\"width\":1280,\"height\":854,\"caption\":\"#paratodosverem - Prefeito de Manaus, Renato Junior, acompanhado do titular da Semed, Arone Bentes, e equipe, e dos representantes do BID durante reuni\u00e3o\"},{\"@type\":\"WebSite\",\"@id\":\"https:\/\/www.manaus.am.gov.br\/semcom\/#website\",\"url\":\"https:\/\/www.manaus.am.gov.br\/semcom\/\",\"name\":\"SEMCOM\",\"description\":\"Secretaria Municipal de Comunica\u00e7\u00e3o\",\"potentialAction\":[{\"@type\":\"SearchAction\",\"target\":{\"@type\":\"EntryPoint\",\"urlTemplate\":\"https:\/\/www.manaus.am.gov.br\/semcom\/?s={search_term_string}\"},\"query-input\":\"required name=search_term_string\"}],\"inLanguage\":\"pt-BR\"},{\"@type\":\"Person\",\"@id\":\"https:\/\/www.manaus.am.gov.br\/semcom\/#\/schema\/person\/05d223aea2bf115f9883a6ff3683d81b\",\"name\":\"Bruna Greco\",\"image\":{\"@type\":\"ImageObject\",\"inLanguage\":\"pt-BR\",\"@id\":\"https:\/\/www.manaus.am.gov.br\/semcom\/#\/schema\/person\/image\/\",\"url\":\"https:\/\/secure.gravatar.com\/avatar\/9c877d1a6adc2a055330e5c09a8653ce?s=96&d=mm&r=g\",\"contentUrl\":\"https:\/\/secure.gravatar.com\/avatar\/9c877d1a6adc2a055330e5c09a8653ce?s=96&d=mm&r=g\",\"caption\":\"Bruna Greco\"}}]}<\/script>\n<!-- \/ Yoast SEO plugin. -->","yoast_head_json":{"title":"Prefeito discute com BID investimentos para ampliar rede municipal de educa\u00e7\u00e3o","description":"Prefeito de Manaus, Renato Junior, discute com BID investimentos para ampliar rede municipal de educa\u00e7\u00e3o, nesta ter\u00e7a-feira, 28\/4.","robots":{"index":"index","follow":"follow","max-snippet":"max-snippet:-1","max-image-preview":"max-image-preview:large","max-video-preview":"max-video-preview:-1"},"canonical":"https:\/\/www.manaus.am.gov.br\/semcom\/reuniao-bid-investimentos-semed\/","og_locale":"pt_BR","og_type":"article","og_title":"Prefeito discute com BID investimentos para ampliar rede municipal de educa\u00e7\u00e3o","og_description":"Prefeito de Manaus, Renato Junior, discute com BID investimentos para ampliar rede municipal de educa\u00e7\u00e3o, nesta ter\u00e7a-feira, 28\/4.","og_url":"https:\/\/www.manaus.am.gov.br\/semcom\/reuniao-bid-investimentos-semed\/","og_site_name":"SEMCOM","article_published_time":"2026-04-28T21:27:21+00:00","og_image":[{"width":1280,"height":854,"url":"https:\/\/www.manaus.am.gov.br\/semcom\/wp-content\/uploads\/sites\/5\/2026\/04\/WhatsApp-Image-2026-04-28-at-17.12.18.jpeg","type":"image\/jpeg"}],"author":"Bruna Greco","twitter_card":"summary_large_image","twitter_misc":{"Written by":"Bruna Greco","Est. reading time":"4 minutos"},"schema":{"@context":"https:\/\/schema.org","@graph":[{"@type":"WebPage","@id":"https:\/\/www.manaus.am.gov.br\/semcom\/reuniao-bid-investimentos-semed\/","url":"https:\/\/www.manaus.am.gov.br\/semcom\/reuniao-bid-investimentos-semed\/","name":"Prefeito discute com BID investimentos para ampliar rede municipal de educa\u00e7\u00e3o","isPartOf":{"@id":"https:\/\/www.manaus.am.gov.br\/semcom\/#website"},"primaryImageOfPage":{"@id":"https:\/\/www.manaus.am.gov.br\/semcom\/reuniao-bid-investimentos-semed\/#primaryimage"},"image":{"@id":"https:\/\/www.manaus.am.gov.br\/semcom\/reuniao-bid-investimentos-semed\/#primaryimage"},"thumbnailUrl":"https:\/\/www.manaus.am.gov.br\/semcom\/wp-content\/uploads\/sites\/5\/2026\/04\/WhatsApp-Image-2026-04-28-at-17.12.18.jpeg","datePublished":"2026-04-28T21:27:21+00:00","dateModified":"2026-04-28T21:27:21+00:00","author":{"@id":"https:\/\/www.manaus.am.gov.br\/semcom\/#\/schema\/person\/05d223aea2bf115f9883a6ff3683d81b"},"description":"Prefeito de Manaus, Renato Junior, discute com BID investimentos para ampliar rede municipal de educa\u00e7\u00e3o, nesta ter\u00e7a-feira, 28\/4.","inLanguage":"pt-BR","potentialAction":[{"@type":"ReadAction","target":["https:\/\/www.manaus.am.gov.br\/semcom\/reuniao-bid-investimentos-semed\/"]}]},{"@type":"ImageObject","inLanguage":"pt-BR","@id":"https:\/\/www.manaus.am.gov.br\/semcom\/reuniao-bid-investimentos-semed\/#primaryimage","url":"https:\/\/www.manaus.am.gov.br\/semcom\/wp-content\/uploads\/sites\/5\/2026\/04\/WhatsApp-Image-2026-04-28-at-17.12.18.jpeg","contentUrl":"https:\/\/www.manaus.am.gov.br\/semcom\/wp-content\/uploads\/sites\/5\/2026\/04\/WhatsApp-Image-2026-04-28-at-17.12.18.jpeg","width":1280,"height":854,"caption":"#paratodosverem - Prefeito de Manaus, Renato Junior, acompanhado do titular da Semed, Arone Bentes, e equipe, e dos representantes do BID durante reuni\u00e3o"},{"@type":"WebSite","@id":"https:\/\/www.manaus.am.gov.br\/semcom\/#website","url":"https:\/\/www.manaus.am.gov.br\/semcom\/","name":"SEMCOM","description":"Secretaria Municipal de Comunica\u00e7\u00e3o","potentialAction":[{"@type":"SearchAction","target":{"@type":"EntryPoint","urlTemplate":"https:\/\/www.manaus.am.gov.br\/semcom\/?s={search_term_string}"},"query-input":"required name=search_term_string"}],"inLanguage":"pt-BR"},{"@type":"Person","@id":"https:\/\/www.manaus.am.gov.br\/semcom\/#\/schema\/person\/05d223aea2bf115f9883a6ff3683d81b","name":"Bruna Greco","image":{"@type":"ImageObject","inLanguage":"pt-BR","@id":"https:\/\/www.manaus.am.gov.br\/semcom\/#\/schema\/person\/image\/","url":"https:\/\/secure.gravatar.com\/avatar\/9c877d1a6adc2a055330e5c09a8653ce?s=96&d=mm&r=g","contentUrl":"https:\/\/secure.gravatar.com\/avatar\/9c877d1a6adc2a055330e5c09a8653ce?s=96&d=mm&r=g","caption":"Bruna Greco"}}]}},"_links":{"self":[{"href":"https:\/\/www.manaus.am.gov.br\/semcom\/wp-json\/wp\/v2\/posts\/257605"}],"collection":[{"href":"https:\/\/www.manaus.am.gov.br\/semcom\/wp-json\/wp\/v2\/posts"}],"about":[{"href":"https:\/\/www.manaus.am.gov.br\/semcom\/wp-json\/wp\/v2\/types\/post"}],"author":[{"embeddable":true,"href":"https:\/\/www.manaus.am.gov.br\/semcom\/wp-json\/wp\/v2\/users\/39"}],"replies":[{"embeddable":true,"href":"https:\/\/www.manaus.am.gov.br\/semcom\/wp-json\/wp\/v2\/comments?post=257605"}],"version-history":[{"count":1,"href":"https:\/\/www.manaus.am.gov.br\/semcom\/wp-json\/wp\/v2\/posts\/257605\/revisions"}],"predecessor-version":[{"id":257608,"href":"https:\/\/www.manaus.am.gov.br\/semcom\/wp-json\/wp\/v2\/posts\/257605\/revisions\/257608"}],"wp:featuredmedia":[{"embeddable":true,"href":"https:\/\/www.manaus.am.gov.br\/semcom\/wp-json\/wp\/v2\/media\/257607"}],"wp:attachment":[{"href":"https:\/\/www.manaus.am.gov.br\/semcom\/wp-json\/wp\/v2\/media?parent=257605"}],"wp:term":[{"taxonomy":"category","embeddable":true,"href":"https:\/\/www.manaus.am.gov.br\/semcom\/wp-json\/wp\/v2\/categories?post=257605"},{"taxonomy":"post_tag","embeddable":true,"href":"https:\/\/www.manaus.am.gov.br\/semcom\/wp-json\/wp\/v2\/tags?post=257605"}],"curies":[{"name":"wp","href":"https:\/\/api.w.org\/{rel}","templated":true}]}}