{"id":257593,"date":"2026-04-28T15:24:16","date_gmt":"2026-04-28T19:24:16","guid":{"rendered":"https:\/\/www.manaus.am.gov.br\/semcom\/terceiro-anel-concretagem-cupula-oca-niemeyer\/"},"modified":"2026-04-28T16:37:32","modified_gmt":"2026-04-28T19:37:32","slug":"terceiro-anel-concretagem-cupula-oca-niemeyer-parque-encontro-das-aguas","status":"publish","type":"post","link":"https:\/\/www.manaus.am.gov.br\/semcom\/terceiro-anel-concretagem-cupula-oca-niemeyer-parque-encontro-das-aguas\/","title":{"rendered":"Prefeitura executa terceiro anel da concretagem da c\u00fapula da Oca Niemeyer no parque Encontro das \u00c1guas Rosa Almeida\u00a0"},"content":{"rendered":"\n<p>A estrutura de\u00a0concreto, desenhada pelo arquiteto Oscar Niemeyer como s\u00edmbolo da beleza dos rios Negro e Solim\u00f5es, vai ganhando forma com o terceiro anel de concretagem da c\u00fapula da Oca Niemeyer, no projeto da <a href=\"https:\/\/www.manaus.am.gov.br\/\">Prefeitura de Manaus<\/a>, do parque Encontro das \u00c1guas Rosa Almeida, no bairro Col\u00f4nia Ant\u00f4nio Aleixo, zona Leste. Foram mais 44 metros c\u00fabicos de\u00a0concreto aplicados na constru\u00e7\u00e3o da estrutura nesta ter\u00e7a-feira, 28\/4, avan\u00e7ando mais uma etapa do projeto arquitet\u00f4nico e estrutural.\u00a0<\/p>\n\n\n\n<p>A c\u00fapula ter\u00e1 uma \u00e1rea total de 640 metros quadrados e um volume de concreto de 430 metros c\u00fabicos ao final dos trabalhos. O per\u00edmetro \u00e9 de 90 metros e a espessura da parede chega a 60 cent\u00edmetros, com avan\u00e7o de um metro de altura a cada etapa. O parque totaliza uma \u00e1rea de implanta\u00e7\u00e3o de mais de 17 mil metros quadrados.<\/p>\n\n\n\n<p>Conforme o engenheiro respons\u00e1vel pela obra, Leandro Ladeira, as duas primeiras concretagens ocorreram dentro do cronograma.<\/p>\n\n\n\n<p>\u201cEstamos trabalhando com dois jogos de formas, o que permite ganhar tempo nas pr\u00f3ximas etapas. A partir do terceiro anel, o ritmo da obra deve acelerar. A execu\u00e7\u00e3o da c\u00fapula \u00e9 feita de forma gradual, em segmentos de um metro, devido \u00e0 necessidade de sustenta\u00e7\u00e3o da estrutura. Os arcos da c\u00fapula s\u00e3o concretados metro a metro, porque h\u00e1 formas por dentro e por fora\u201d, explicou o engenheiro.<\/p>\n\n\n\n<p>O diretor-presidente do\u00a0<a href=\"https:\/\/www.instagram.com\/implurb\/\">Instituto Municipal de Planejamento<\/a> (Implurb),\u00a0Antonio\u00a0Peixoto, refor\u00e7ou o potencial do empreendimento como novo cart\u00e3o-postal da cidade. \u201cEsse ser\u00e1 o maior parque tur\u00edstico de Manaus, um polo de incentivo \u00e0 cultura e ao turismo. Al\u00e9m da arquitetura, temos essa vista \u00fanica do\u00a0Encontro\u00a0das \u00c1guas, que por si s\u00f3 j\u00e1 \u00e9 um espet\u00e1culo\u201d, afirmou.<\/p>\n\n\n\n<p><strong>Arquitetura<\/strong><\/p>\n\n\n\n<p>O parque \u00e9 a primeira obra de Oscar Niemeyer no Amazonas, unindo as curvas caracter\u00edsticas do mestre da arquitetura brasileira \u00e0 impon\u00eancia do fen\u00f4meno que marca o encontro dos rios Negro e Solim\u00f5es. O projeto promete transformar a \u00e1rea em um espa\u00e7o de contempla\u00e7\u00e3o, cultura e valoriza\u00e7\u00e3o da paisagem amaz\u00f4nica. Um dos destaques da empreitada \u00e9 a sua complexidade de engenharia.<\/p>\n\n\n\n<p>Em seus 104 anos de vida (1907-2012), Niemeyer deixou grandes marcas e legados para o Brasil, com um estilo reconhecido em todo o mundo. As curvas, a ilumina\u00e7\u00e3o e a profunda rela\u00e7\u00e3o entre suas obras e o ambiente marcam o projeto do Encontro das \u00c1guas.<\/p>\n\n\n\n<p>Com mais de 120 mil metros quadrados de \u00e1rea e mirante privilegiado para o&nbsp;encontro&nbsp;dos rios Negro e Solim\u00f5es, o parque integra turismo, meio ambiente, lazer e arquitetura monumental. O espa\u00e7o reunir\u00e1 um espa\u00e7o multiuso (oca), restaurante, quiosques, \u00e1reas verdes, \u00e1reas de contempla\u00e7\u00e3o, trilhas, acessibilidade plena e estruturas de conviv\u00eancia.<\/p>\n\n\n\n<figure class=\"wp-block-image size-large\"><img loading=\"lazy\" decoding=\"async\" width=\"1024\" height=\"683\" src=\"https:\/\/www.manaus.am.gov.br\/semcom\/wp-content\/uploads\/sites\/5\/2026\/04\/55235658397_eae5f82b61_k-1024x683.jpg\" alt=\"\" class=\"wp-image-257595\" srcset=\"https:\/\/www.manaus.am.gov.br\/semcom\/wp-content\/uploads\/sites\/5\/2026\/04\/55235658397_eae5f82b61_k-1024x683.jpg 1024w, https:\/\/www.manaus.am.gov.br\/semcom\/wp-content\/uploads\/sites\/5\/2026\/04\/55235658397_eae5f82b61_k-300x200.jpg 300w, https:\/\/www.manaus.am.gov.br\/semcom\/wp-content\/uploads\/sites\/5\/2026\/04\/55235658397_eae5f82b61_k-768x512.jpg 768w, https:\/\/www.manaus.am.gov.br\/semcom\/wp-content\/uploads\/sites\/5\/2026\/04\/55235658397_eae5f82b61_k-1536x1024.jpg 1536w, https:\/\/www.manaus.am.gov.br\/semcom\/wp-content\/uploads\/sites\/5\/2026\/04\/55235658397_eae5f82b61_k.jpg 2048w\" sizes=\"(max-width: 1024px) 100vw, 1024px\" \/><figcaption class=\"wp-element-caption\">#paratodosverem &#8211; Obra<\/figcaption><\/figure>\n\n\n\n<p>&#8212; &#8212; &#8212;<\/p>\n\n\n\n<p><strong>Texto&nbsp;<\/strong>\u2013&nbsp;Claudia do Valle\/Implurb<\/p>\n\n\n\n<p><strong>Fotos&nbsp;<\/strong>\u2013&nbsp;Valdo Le\u00e3o\/Semcom<\/p>\n\n\n\n<p><strong>Dispon\u00edveis em &#8211; <\/strong><a href=\"https:\/\/flic.kr\/s\/aHBqjCSqqd\">https:\/\/flic.kr\/s\/aHBqjCSqqd<\/a><\/p>\n","protected":false},"excerpt":{"rendered":"","protected":false},"author":39,"featured_media":257594,"comment_status":"closed","ping_status":"closed","sticky":false,"template":"","format":"standard","meta":{"footnotes":""},"categories":[90],"tags":[20567,65,9981,77,20568],"acf":[],"yoast_head":"<!-- This site is optimized with the Yoast SEO plugin v23.0 - https:\/\/yoast.com\/wordpress\/plugins\/seo\/ -->\n<title>Parque Encontro das \u00c1guas: Terceiro anel da concretagem da c\u00fapula da Oca Niemeyer<\/title>\n<meta name=\"description\" content=\"Prefeitura executa terceiro anel da concretagem da c\u00fapula da Oca Niemeyer no parque Encontro das \u00c1guas Rosa Almeida.\" \/>\n<meta name=\"robots\" content=\"index, follow, max-snippet:-1, max-image-preview:large, max-video-preview:-1\" \/>\n<link rel=\"canonical\" href=\"https:\/\/www.manaus.am.gov.br\/semcom\/terceiro-anel-concretagem-cupula-oca-niemeyer-parque-encontro-das-aguas\/\" \/>\n<meta property=\"og:locale\" content=\"pt_BR\" \/>\n<meta property=\"og:type\" content=\"article\" \/>\n<meta property=\"og:title\" content=\"Parque Encontro das \u00c1guas: Terceiro anel da concretagem da c\u00fapula da Oca Niemeyer\" \/>\n<meta property=\"og:description\" content=\"Prefeitura executa terceiro anel da concretagem da c\u00fapula da Oca Niemeyer no parque Encontro das \u00c1guas Rosa Almeida.\" \/>\n<meta property=\"og:url\" content=\"https:\/\/www.manaus.am.gov.br\/semcom\/terceiro-anel-concretagem-cupula-oca-niemeyer-parque-encontro-das-aguas\/\" \/>\n<meta property=\"og:site_name\" content=\"SEMCOM\" \/>\n<meta property=\"article:published_time\" content=\"2026-04-28T19:24:16+00:00\" \/>\n<meta property=\"article:modified_time\" content=\"2026-04-28T19:37:32+00:00\" \/>\n<meta property=\"og:image\" content=\"https:\/\/www.manaus.am.gov.br\/semcom\/wp-content\/uploads\/sites\/5\/2026\/04\/55235658827_a21a1e4272_k.jpg\" \/>\n\t<meta property=\"og:image:width\" content=\"2048\" \/>\n\t<meta property=\"og:image:height\" content=\"1152\" \/>\n\t<meta property=\"og:image:type\" content=\"image\/jpeg\" \/>\n<meta name=\"author\" content=\"Bruna Greco\" \/>\n<meta name=\"twitter:card\" content=\"summary_large_image\" \/>\n<meta name=\"twitter:label1\" content=\"Written by\" \/>\n\t<meta name=\"twitter:data1\" content=\"Bruna Greco\" \/>\n\t<meta name=\"twitter:label2\" content=\"Est. reading time\" \/>\n\t<meta name=\"twitter:data2\" content=\"3 minutos\" \/>\n<script type=\"application\/ld+json\" class=\"yoast-schema-graph\">{\"@context\":\"https:\/\/schema.org\",\"@graph\":[{\"@type\":\"WebPage\",\"@id\":\"https:\/\/www.manaus.am.gov.br\/semcom\/terceiro-anel-concretagem-cupula-oca-niemeyer-parque-encontro-das-aguas\/\",\"url\":\"https:\/\/www.manaus.am.gov.br\/semcom\/terceiro-anel-concretagem-cupula-oca-niemeyer-parque-encontro-das-aguas\/\",\"name\":\"Parque Encontro das \u00c1guas: Terceiro anel da concretagem da c\u00fapula da Oca Niemeyer\",\"isPartOf\":{\"@id\":\"https:\/\/www.manaus.am.gov.br\/semcom\/#website\"},\"primaryImageOfPage\":{\"@id\":\"https:\/\/www.manaus.am.gov.br\/semcom\/terceiro-anel-concretagem-cupula-oca-niemeyer-parque-encontro-das-aguas\/#primaryimage\"},\"image\":{\"@id\":\"https:\/\/www.manaus.am.gov.br\/semcom\/terceiro-anel-concretagem-cupula-oca-niemeyer-parque-encontro-das-aguas\/#primaryimage\"},\"thumbnailUrl\":\"https:\/\/www.manaus.am.gov.br\/semcom\/wp-content\/uploads\/sites\/5\/2026\/04\/55235658827_a21a1e4272_k.jpg\",\"datePublished\":\"2026-04-28T19:24:16+00:00\",\"dateModified\":\"2026-04-28T19:37:32+00:00\",\"author\":{\"@id\":\"https:\/\/www.manaus.am.gov.br\/semcom\/#\/schema\/person\/05d223aea2bf115f9883a6ff3683d81b\"},\"description\":\"Prefeitura executa terceiro anel da concretagem da c\u00fapula da Oca Niemeyer no parque Encontro das \u00c1guas Rosa Almeida.\",\"inLanguage\":\"pt-BR\",\"potentialAction\":[{\"@type\":\"ReadAction\",\"target\":[\"https:\/\/www.manaus.am.gov.br\/semcom\/terceiro-anel-concretagem-cupula-oca-niemeyer-parque-encontro-das-aguas\/\"]}]},{\"@type\":\"ImageObject\",\"inLanguage\":\"pt-BR\",\"@id\":\"https:\/\/www.manaus.am.gov.br\/semcom\/terceiro-anel-concretagem-cupula-oca-niemeyer-parque-encontro-das-aguas\/#primaryimage\",\"url\":\"https:\/\/www.manaus.am.gov.br\/semcom\/wp-content\/uploads\/sites\/5\/2026\/04\/55235658827_a21a1e4272_k.jpg\",\"contentUrl\":\"https:\/\/www.manaus.am.gov.br\/semcom\/wp-content\/uploads\/sites\/5\/2026\/04\/55235658827_a21a1e4272_k.jpg\",\"width\":2048,\"height\":1152,\"caption\":\"#paratodosverem - Equipe do Implurb executando a concretagem da c\u00fapula da Oca Niemeyer no parque Encontro das \u00c1guas Rosa Almeida\"},{\"@type\":\"WebSite\",\"@id\":\"https:\/\/www.manaus.am.gov.br\/semcom\/#website\",\"url\":\"https:\/\/www.manaus.am.gov.br\/semcom\/\",\"name\":\"SEMCOM\",\"description\":\"Secretaria Municipal de Comunica\u00e7\u00e3o\",\"potentialAction\":[{\"@type\":\"SearchAction\",\"target\":{\"@type\":\"EntryPoint\",\"urlTemplate\":\"https:\/\/www.manaus.am.gov.br\/semcom\/?s={search_term_string}\"},\"query-input\":\"required name=search_term_string\"}],\"inLanguage\":\"pt-BR\"},{\"@type\":\"Person\",\"@id\":\"https:\/\/www.manaus.am.gov.br\/semcom\/#\/schema\/person\/05d223aea2bf115f9883a6ff3683d81b\",\"name\":\"Bruna Greco\",\"image\":{\"@type\":\"ImageObject\",\"inLanguage\":\"pt-BR\",\"@id\":\"https:\/\/www.manaus.am.gov.br\/semcom\/#\/schema\/person\/image\/\",\"url\":\"https:\/\/secure.gravatar.com\/avatar\/9c877d1a6adc2a055330e5c09a8653ce?s=96&d=mm&r=g\",\"contentUrl\":\"https:\/\/secure.gravatar.com\/avatar\/9c877d1a6adc2a055330e5c09a8653ce?s=96&d=mm&r=g\",\"caption\":\"Bruna Greco\"}}]}<\/script>\n<!-- \/ Yoast SEO plugin. -->","yoast_head_json":{"title":"Parque Encontro das \u00c1guas: Terceiro anel da concretagem da c\u00fapula da Oca Niemeyer","description":"Prefeitura executa terceiro anel da concretagem da c\u00fapula da Oca Niemeyer no parque Encontro das \u00c1guas Rosa Almeida.","robots":{"index":"index","follow":"follow","max-snippet":"max-snippet:-1","max-image-preview":"max-image-preview:large","max-video-preview":"max-video-preview:-1"},"canonical":"https:\/\/www.manaus.am.gov.br\/semcom\/terceiro-anel-concretagem-cupula-oca-niemeyer-parque-encontro-das-aguas\/","og_locale":"pt_BR","og_type":"article","og_title":"Parque Encontro das \u00c1guas: Terceiro anel da concretagem da c\u00fapula da Oca Niemeyer","og_description":"Prefeitura executa terceiro anel da concretagem da c\u00fapula da Oca Niemeyer no parque Encontro das \u00c1guas Rosa Almeida.","og_url":"https:\/\/www.manaus.am.gov.br\/semcom\/terceiro-anel-concretagem-cupula-oca-niemeyer-parque-encontro-das-aguas\/","og_site_name":"SEMCOM","article_published_time":"2026-04-28T19:24:16+00:00","article_modified_time":"2026-04-28T19:37:32+00:00","og_image":[{"width":2048,"height":1152,"url":"https:\/\/www.manaus.am.gov.br\/semcom\/wp-content\/uploads\/sites\/5\/2026\/04\/55235658827_a21a1e4272_k.jpg","type":"image\/jpeg"}],"author":"Bruna Greco","twitter_card":"summary_large_image","twitter_misc":{"Written by":"Bruna Greco","Est. reading time":"3 minutos"},"schema":{"@context":"https:\/\/schema.org","@graph":[{"@type":"WebPage","@id":"https:\/\/www.manaus.am.gov.br\/semcom\/terceiro-anel-concretagem-cupula-oca-niemeyer-parque-encontro-das-aguas\/","url":"https:\/\/www.manaus.am.gov.br\/semcom\/terceiro-anel-concretagem-cupula-oca-niemeyer-parque-encontro-das-aguas\/","name":"Parque Encontro das \u00c1guas: Terceiro anel da concretagem da c\u00fapula da Oca Niemeyer","isPartOf":{"@id":"https:\/\/www.manaus.am.gov.br\/semcom\/#website"},"primaryImageOfPage":{"@id":"https:\/\/www.manaus.am.gov.br\/semcom\/terceiro-anel-concretagem-cupula-oca-niemeyer-parque-encontro-das-aguas\/#primaryimage"},"image":{"@id":"https:\/\/www.manaus.am.gov.br\/semcom\/terceiro-anel-concretagem-cupula-oca-niemeyer-parque-encontro-das-aguas\/#primaryimage"},"thumbnailUrl":"https:\/\/www.manaus.am.gov.br\/semcom\/wp-content\/uploads\/sites\/5\/2026\/04\/55235658827_a21a1e4272_k.jpg","datePublished":"2026-04-28T19:24:16+00:00","dateModified":"2026-04-28T19:37:32+00:00","author":{"@id":"https:\/\/www.manaus.am.gov.br\/semcom\/#\/schema\/person\/05d223aea2bf115f9883a6ff3683d81b"},"description":"Prefeitura executa terceiro anel da concretagem da c\u00fapula da Oca Niemeyer no parque Encontro das \u00c1guas Rosa Almeida.","inLanguage":"pt-BR","potentialAction":[{"@type":"ReadAction","target":["https:\/\/www.manaus.am.gov.br\/semcom\/terceiro-anel-concretagem-cupula-oca-niemeyer-parque-encontro-das-aguas\/"]}]},{"@type":"ImageObject","inLanguage":"pt-BR","@id":"https:\/\/www.manaus.am.gov.br\/semcom\/terceiro-anel-concretagem-cupula-oca-niemeyer-parque-encontro-das-aguas\/#primaryimage","url":"https:\/\/www.manaus.am.gov.br\/semcom\/wp-content\/uploads\/sites\/5\/2026\/04\/55235658827_a21a1e4272_k.jpg","contentUrl":"https:\/\/www.manaus.am.gov.br\/semcom\/wp-content\/uploads\/sites\/5\/2026\/04\/55235658827_a21a1e4272_k.jpg","width":2048,"height":1152,"caption":"#paratodosverem - Equipe do Implurb executando a concretagem da c\u00fapula da Oca Niemeyer no parque Encontro das \u00c1guas Rosa Almeida"},{"@type":"WebSite","@id":"https:\/\/www.manaus.am.gov.br\/semcom\/#website","url":"https:\/\/www.manaus.am.gov.br\/semcom\/","name":"SEMCOM","description":"Secretaria Municipal de Comunica\u00e7\u00e3o","potentialAction":[{"@type":"SearchAction","target":{"@type":"EntryPoint","urlTemplate":"https:\/\/www.manaus.am.gov.br\/semcom\/?s={search_term_string}"},"query-input":"required name=search_term_string"}],"inLanguage":"pt-BR"},{"@type":"Person","@id":"https:\/\/www.manaus.am.gov.br\/semcom\/#\/schema\/person\/05d223aea2bf115f9883a6ff3683d81b","name":"Bruna Greco","image":{"@type":"ImageObject","inLanguage":"pt-BR","@id":"https:\/\/www.manaus.am.gov.br\/semcom\/#\/schema\/person\/image\/","url":"https:\/\/secure.gravatar.com\/avatar\/9c877d1a6adc2a055330e5c09a8653ce?s=96&d=mm&r=g","contentUrl":"https:\/\/secure.gravatar.com\/avatar\/9c877d1a6adc2a055330e5c09a8653ce?s=96&d=mm&r=g","caption":"Bruna Greco"}}]}},"_links":{"self":[{"href":"https:\/\/www.manaus.am.gov.br\/semcom\/wp-json\/wp\/v2\/posts\/257593"}],"collection":[{"href":"https:\/\/www.manaus.am.gov.br\/semcom\/wp-json\/wp\/v2\/posts"}],"about":[{"href":"https:\/\/www.manaus.am.gov.br\/semcom\/wp-json\/wp\/v2\/types\/post"}],"author":[{"embeddable":true,"href":"https:\/\/www.manaus.am.gov.br\/semcom\/wp-json\/wp\/v2\/users\/39"}],"replies":[{"embeddable":true,"href":"https:\/\/www.manaus.am.gov.br\/semcom\/wp-json\/wp\/v2\/comments?post=257593"}],"version-history":[{"count":3,"href":"https:\/\/www.manaus.am.gov.br\/semcom\/wp-json\/wp\/v2\/posts\/257593\/revisions"}],"predecessor-version":[{"id":257600,"href":"https:\/\/www.manaus.am.gov.br\/semcom\/wp-json\/wp\/v2\/posts\/257593\/revisions\/257600"}],"wp:featuredmedia":[{"embeddable":true,"href":"https:\/\/www.manaus.am.gov.br\/semcom\/wp-json\/wp\/v2\/media\/257594"}],"wp:attachment":[{"href":"https:\/\/www.manaus.am.gov.br\/semcom\/wp-json\/wp\/v2\/media?parent=257593"}],"wp:term":[{"taxonomy":"category","embeddable":true,"href":"https:\/\/www.manaus.am.gov.br\/semcom\/wp-json\/wp\/v2\/categories?post=257593"},{"taxonomy":"post_tag","embeddable":true,"href":"https:\/\/www.manaus.am.gov.br\/semcom\/wp-json\/wp\/v2\/tags?post=257593"}],"curies":[{"name":"wp","href":"https:\/\/api.w.org\/{rel}","templated":true}]}}