{"id":257589,"date":"2026-04-28T15:16:46","date_gmt":"2026-04-28T19:16:46","guid":{"rendered":"https:\/\/www.manaus.am.gov.br\/semcom\/mobilidade-bairro-flores-novo-asfalto\/"},"modified":"2026-04-28T16:33:00","modified_gmt":"2026-04-28T19:33:00","slug":"mobilidade-bairro-flores-recuperacao-asfaltica","status":"publish","type":"post","link":"https:\/\/www.manaus.am.gov.br\/semcom\/mobilidade-bairro-flores-recuperacao-asfaltica\/","title":{"rendered":"Prefeitura de Manaus transforma mobilidade no bairro Flores com novo asfalto e recupera\u00e7\u00e3o vi\u00e1ria"},"content":{"rendered":"\n<p>A <a href=\"https:\/\/www.manaus.am.gov.br\/\">Prefeitura de Manaus<\/a>, por meio da <a href=\"https:\/\/www.instagram.com\/seminf.manaus\/\">Secretaria Municipal de Infraestrutura<\/a> (Seminf), concluiu, nesta ter\u00e7a-feira, 28\/4, os servi\u00e7os de recupera\u00e7\u00e3o asf\u00e1ltica da rua Bar\u00e3o de Solim\u00f5es, no bairro Flores, zona Centro-Sul da capital. A interven\u00e7\u00e3o garante melhores condi\u00e7\u00f5es de tr\u00e1fego, mais seguran\u00e7a e qualidade de vida para os moradores da \u00e1rea.<\/p>\n\n\n\n<p>A obra de recupera\u00e7\u00e3o asf\u00e1ltica faz parte do cronograma cont\u00ednuo de manuten\u00e7\u00e3o da malha vi\u00e1ria da cidade, que mobiliza equipes diariamente em diferentes zonas, levando melhorias concretas para dentro dos bairros.<\/p>\n\n\n\n<p>O secret\u00e1rio municipal de Infraestrutura, Madson Rodrigues, destacou o ritmo intenso das frentes de trabalho e refor\u00e7ou o compromisso da gest\u00e3o municipal com a popula\u00e7\u00e3o.<\/p>\n\n\n\n<p>\u201cNosso trabalho \u00e9 di\u00e1rio e acontece com planejamento e presen\u00e7a nas ruas. Cada via recuperada representa mais do que asfalto novo \u00e9 mais seguran\u00e7a para quem passa, mais dignidade para quem mora. Seguimos firmes, alinhados com a determina\u00e7\u00e3o do prefeito Renato Junior, ouvindo a popula\u00e7\u00e3o e atuando onde a cidade mais precisa\u201d, afirmou o secret\u00e1rio.<\/p>\n\n\n\n<p>Na rua Bar\u00e3o de Solim\u00f5es, os servi\u00e7os inclu\u00edram limpeza da via, imprima\u00e7\u00e3o e aplica\u00e7\u00e3o de nova massa asf\u00e1ltica, solucionando problemas causados por desgastes, buracos e irregularidades no pavimento.<\/p>\n\n\n\n<p>A Prefeitura de Manaus segue avan\u00e7ando com a\u00e7\u00f5es de infraestrutura em todas as zonas da cidade, promovendo mobilidade urbana, valoriza\u00e7\u00e3o dos bairros e melhores condi\u00e7\u00f5es de vida para a popula\u00e7\u00e3o.<\/p>\n\n\n\n<figure class=\"wp-block-image size-large\"><img loading=\"lazy\" decoding=\"async\" width=\"1024\" height=\"771\" src=\"https:\/\/www.manaus.am.gov.br\/semcom\/wp-content\/uploads\/sites\/5\/2026\/04\/WhatsApp-Image-2026-04-28-at-15.13.09-1024x771.jpeg\" alt=\"\" class=\"wp-image-257590\" srcset=\"https:\/\/www.manaus.am.gov.br\/semcom\/wp-content\/uploads\/sites\/5\/2026\/04\/WhatsApp-Image-2026-04-28-at-15.13.09-1024x771.jpeg 1024w, https:\/\/www.manaus.am.gov.br\/semcom\/wp-content\/uploads\/sites\/5\/2026\/04\/WhatsApp-Image-2026-04-28-at-15.13.09-300x226.jpeg 300w, https:\/\/www.manaus.am.gov.br\/semcom\/wp-content\/uploads\/sites\/5\/2026\/04\/WhatsApp-Image-2026-04-28-at-15.13.09-768x578.jpeg 768w, https:\/\/www.manaus.am.gov.br\/semcom\/wp-content\/uploads\/sites\/5\/2026\/04\/WhatsApp-Image-2026-04-28-at-15.13.09-1536x1156.jpeg 1536w, https:\/\/www.manaus.am.gov.br\/semcom\/wp-content\/uploads\/sites\/5\/2026\/04\/WhatsApp-Image-2026-04-28-at-15.13.09.jpeg 1600w\" sizes=\"(max-width: 1024px) 100vw, 1024px\" \/><figcaption class=\"wp-element-caption\">#paratodosverem &#8211; Servi\u00e7o<\/figcaption><\/figure>\n\n\n\n<p>&#8212; &#8212; &#8212;<\/p>\n\n\n\n<p><strong>Texto<\/strong>&nbsp;&#8211; Rayana Coutinho\/Seminf<\/p>\n\n\n\n<p><strong>Fotos &#8211;<\/strong> Divulga\u00e7\u00e3o\/Seminf<\/p>\n\n\n\n<p> <\/p>\n","protected":false},"excerpt":{"rendered":"","protected":false},"author":39,"featured_media":257591,"comment_status":"closed","ping_status":"closed","sticky":false,"template":"","format":"standard","meta":{"footnotes":""},"categories":[47],"tags":[1716,9120,77,1808,33],"acf":[],"yoast_head":"<!-- This site is optimized with the Yoast SEO plugin v23.0 - https:\/\/yoast.com\/wordpress\/plugins\/seo\/ -->\n<title>Recupera\u00e7\u00e3o asf\u00e1ltica no bairro Flores<\/title>\n<meta name=\"description\" content=\"Prefeitura de Manaus, por meio da Seminf, transforma mobilidade no bairro Flores com recupera\u00e7\u00e3o asf\u00e1ltica.\" \/>\n<meta name=\"robots\" content=\"index, follow, max-snippet:-1, max-image-preview:large, max-video-preview:-1\" \/>\n<link rel=\"canonical\" href=\"https:\/\/www.manaus.am.gov.br\/semcom\/mobilidade-bairro-flores-recuperacao-asfaltica\/\" \/>\n<meta property=\"og:locale\" content=\"pt_BR\" \/>\n<meta property=\"og:type\" content=\"article\" \/>\n<meta property=\"og:title\" content=\"Recupera\u00e7\u00e3o asf\u00e1ltica no bairro Flores\" \/>\n<meta property=\"og:description\" content=\"Prefeitura de Manaus, por meio da Seminf, transforma mobilidade no bairro Flores com recupera\u00e7\u00e3o asf\u00e1ltica.\" \/>\n<meta property=\"og:url\" content=\"https:\/\/www.manaus.am.gov.br\/semcom\/mobilidade-bairro-flores-recuperacao-asfaltica\/\" \/>\n<meta property=\"og:site_name\" content=\"SEMCOM\" \/>\n<meta property=\"article:published_time\" content=\"2026-04-28T19:16:46+00:00\" \/>\n<meta property=\"article:modified_time\" content=\"2026-04-28T19:33:00+00:00\" \/>\n<meta property=\"og:image\" content=\"https:\/\/www.manaus.am.gov.br\/semcom\/wp-content\/uploads\/sites\/5\/2026\/04\/WhatsApp-Image-2026-04-28-at-15.13.09-2-e1777403767751.jpeg\" \/>\n\t<meta property=\"og:image:width\" content=\"1600\" \/>\n\t<meta property=\"og:image:height\" content=\"1072\" \/>\n\t<meta property=\"og:image:type\" content=\"image\/jpeg\" \/>\n<meta name=\"author\" content=\"Bruna Greco\" \/>\n<meta name=\"twitter:card\" content=\"summary_large_image\" \/>\n<meta name=\"twitter:label1\" content=\"Written by\" \/>\n\t<meta name=\"twitter:data1\" content=\"Bruna Greco\" \/>\n\t<meta name=\"twitter:label2\" content=\"Est. reading time\" \/>\n\t<meta name=\"twitter:data2\" content=\"2 minutos\" \/>\n<script type=\"application\/ld+json\" class=\"yoast-schema-graph\">{\"@context\":\"https:\/\/schema.org\",\"@graph\":[{\"@type\":\"WebPage\",\"@id\":\"https:\/\/www.manaus.am.gov.br\/semcom\/mobilidade-bairro-flores-recuperacao-asfaltica\/\",\"url\":\"https:\/\/www.manaus.am.gov.br\/semcom\/mobilidade-bairro-flores-recuperacao-asfaltica\/\",\"name\":\"Recupera\u00e7\u00e3o asf\u00e1ltica no bairro Flores\",\"isPartOf\":{\"@id\":\"https:\/\/www.manaus.am.gov.br\/semcom\/#website\"},\"primaryImageOfPage\":{\"@id\":\"https:\/\/www.manaus.am.gov.br\/semcom\/mobilidade-bairro-flores-recuperacao-asfaltica\/#primaryimage\"},\"image\":{\"@id\":\"https:\/\/www.manaus.am.gov.br\/semcom\/mobilidade-bairro-flores-recuperacao-asfaltica\/#primaryimage\"},\"thumbnailUrl\":\"https:\/\/www.manaus.am.gov.br\/semcom\/wp-content\/uploads\/sites\/5\/2026\/04\/WhatsApp-Image-2026-04-28-at-15.13.09-2-e1777403767751.jpeg\",\"datePublished\":\"2026-04-28T19:16:46+00:00\",\"dateModified\":\"2026-04-28T19:33:00+00:00\",\"author\":{\"@id\":\"https:\/\/www.manaus.am.gov.br\/semcom\/#\/schema\/person\/05d223aea2bf115f9883a6ff3683d81b\"},\"description\":\"Prefeitura de Manaus, por meio da Seminf, transforma mobilidade no bairro Flores com recupera\u00e7\u00e3o asf\u00e1ltica.\",\"inLanguage\":\"pt-BR\",\"potentialAction\":[{\"@type\":\"ReadAction\",\"target\":[\"https:\/\/www.manaus.am.gov.br\/semcom\/mobilidade-bairro-flores-recuperacao-asfaltica\/\"]}]},{\"@type\":\"ImageObject\",\"inLanguage\":\"pt-BR\",\"@id\":\"https:\/\/www.manaus.am.gov.br\/semcom\/mobilidade-bairro-flores-recuperacao-asfaltica\/#primaryimage\",\"url\":\"https:\/\/www.manaus.am.gov.br\/semcom\/wp-content\/uploads\/sites\/5\/2026\/04\/WhatsApp-Image-2026-04-28-at-15.13.09-2-e1777403767751.jpeg\",\"contentUrl\":\"https:\/\/www.manaus.am.gov.br\/semcom\/wp-content\/uploads\/sites\/5\/2026\/04\/WhatsApp-Image-2026-04-28-at-15.13.09-2-e1777403767751.jpeg\",\"width\":1600,\"height\":1072,\"caption\":\"#paratodosverem - Equipe da Seminf executando a recupera\u00e7\u00e3o asf\u00e1ltica da rua Bar\u00e3o de Solim\u00f5es, no bairro Flores\"},{\"@type\":\"WebSite\",\"@id\":\"https:\/\/www.manaus.am.gov.br\/semcom\/#website\",\"url\":\"https:\/\/www.manaus.am.gov.br\/semcom\/\",\"name\":\"SEMCOM\",\"description\":\"Secretaria Municipal de Comunica\u00e7\u00e3o\",\"potentialAction\":[{\"@type\":\"SearchAction\",\"target\":{\"@type\":\"EntryPoint\",\"urlTemplate\":\"https:\/\/www.manaus.am.gov.br\/semcom\/?s={search_term_string}\"},\"query-input\":\"required name=search_term_string\"}],\"inLanguage\":\"pt-BR\"},{\"@type\":\"Person\",\"@id\":\"https:\/\/www.manaus.am.gov.br\/semcom\/#\/schema\/person\/05d223aea2bf115f9883a6ff3683d81b\",\"name\":\"Bruna Greco\",\"image\":{\"@type\":\"ImageObject\",\"inLanguage\":\"pt-BR\",\"@id\":\"https:\/\/www.manaus.am.gov.br\/semcom\/#\/schema\/person\/image\/\",\"url\":\"https:\/\/secure.gravatar.com\/avatar\/9c877d1a6adc2a055330e5c09a8653ce?s=96&d=mm&r=g\",\"contentUrl\":\"https:\/\/secure.gravatar.com\/avatar\/9c877d1a6adc2a055330e5c09a8653ce?s=96&d=mm&r=g\",\"caption\":\"Bruna Greco\"}}]}<\/script>\n<!-- \/ Yoast SEO plugin. -->","yoast_head_json":{"title":"Recupera\u00e7\u00e3o asf\u00e1ltica no bairro Flores","description":"Prefeitura de Manaus, por meio da Seminf, transforma mobilidade no bairro Flores com recupera\u00e7\u00e3o asf\u00e1ltica.","robots":{"index":"index","follow":"follow","max-snippet":"max-snippet:-1","max-image-preview":"max-image-preview:large","max-video-preview":"max-video-preview:-1"},"canonical":"https:\/\/www.manaus.am.gov.br\/semcom\/mobilidade-bairro-flores-recuperacao-asfaltica\/","og_locale":"pt_BR","og_type":"article","og_title":"Recupera\u00e7\u00e3o asf\u00e1ltica no bairro Flores","og_description":"Prefeitura de Manaus, por meio da Seminf, transforma mobilidade no bairro Flores com recupera\u00e7\u00e3o asf\u00e1ltica.","og_url":"https:\/\/www.manaus.am.gov.br\/semcom\/mobilidade-bairro-flores-recuperacao-asfaltica\/","og_site_name":"SEMCOM","article_published_time":"2026-04-28T19:16:46+00:00","article_modified_time":"2026-04-28T19:33:00+00:00","og_image":[{"width":1600,"height":1072,"url":"https:\/\/www.manaus.am.gov.br\/semcom\/wp-content\/uploads\/sites\/5\/2026\/04\/WhatsApp-Image-2026-04-28-at-15.13.09-2-e1777403767751.jpeg","type":"image\/jpeg"}],"author":"Bruna Greco","twitter_card":"summary_large_image","twitter_misc":{"Written by":"Bruna Greco","Est. reading time":"2 minutos"},"schema":{"@context":"https:\/\/schema.org","@graph":[{"@type":"WebPage","@id":"https:\/\/www.manaus.am.gov.br\/semcom\/mobilidade-bairro-flores-recuperacao-asfaltica\/","url":"https:\/\/www.manaus.am.gov.br\/semcom\/mobilidade-bairro-flores-recuperacao-asfaltica\/","name":"Recupera\u00e7\u00e3o asf\u00e1ltica no bairro Flores","isPartOf":{"@id":"https:\/\/www.manaus.am.gov.br\/semcom\/#website"},"primaryImageOfPage":{"@id":"https:\/\/www.manaus.am.gov.br\/semcom\/mobilidade-bairro-flores-recuperacao-asfaltica\/#primaryimage"},"image":{"@id":"https:\/\/www.manaus.am.gov.br\/semcom\/mobilidade-bairro-flores-recuperacao-asfaltica\/#primaryimage"},"thumbnailUrl":"https:\/\/www.manaus.am.gov.br\/semcom\/wp-content\/uploads\/sites\/5\/2026\/04\/WhatsApp-Image-2026-04-28-at-15.13.09-2-e1777403767751.jpeg","datePublished":"2026-04-28T19:16:46+00:00","dateModified":"2026-04-28T19:33:00+00:00","author":{"@id":"https:\/\/www.manaus.am.gov.br\/semcom\/#\/schema\/person\/05d223aea2bf115f9883a6ff3683d81b"},"description":"Prefeitura de Manaus, por meio da Seminf, transforma mobilidade no bairro Flores com recupera\u00e7\u00e3o asf\u00e1ltica.","inLanguage":"pt-BR","potentialAction":[{"@type":"ReadAction","target":["https:\/\/www.manaus.am.gov.br\/semcom\/mobilidade-bairro-flores-recuperacao-asfaltica\/"]}]},{"@type":"ImageObject","inLanguage":"pt-BR","@id":"https:\/\/www.manaus.am.gov.br\/semcom\/mobilidade-bairro-flores-recuperacao-asfaltica\/#primaryimage","url":"https:\/\/www.manaus.am.gov.br\/semcom\/wp-content\/uploads\/sites\/5\/2026\/04\/WhatsApp-Image-2026-04-28-at-15.13.09-2-e1777403767751.jpeg","contentUrl":"https:\/\/www.manaus.am.gov.br\/semcom\/wp-content\/uploads\/sites\/5\/2026\/04\/WhatsApp-Image-2026-04-28-at-15.13.09-2-e1777403767751.jpeg","width":1600,"height":1072,"caption":"#paratodosverem - Equipe da Seminf executando a recupera\u00e7\u00e3o asf\u00e1ltica da rua Bar\u00e3o de Solim\u00f5es, no bairro Flores"},{"@type":"WebSite","@id":"https:\/\/www.manaus.am.gov.br\/semcom\/#website","url":"https:\/\/www.manaus.am.gov.br\/semcom\/","name":"SEMCOM","description":"Secretaria Municipal de Comunica\u00e7\u00e3o","potentialAction":[{"@type":"SearchAction","target":{"@type":"EntryPoint","urlTemplate":"https:\/\/www.manaus.am.gov.br\/semcom\/?s={search_term_string}"},"query-input":"required name=search_term_string"}],"inLanguage":"pt-BR"},{"@type":"Person","@id":"https:\/\/www.manaus.am.gov.br\/semcom\/#\/schema\/person\/05d223aea2bf115f9883a6ff3683d81b","name":"Bruna Greco","image":{"@type":"ImageObject","inLanguage":"pt-BR","@id":"https:\/\/www.manaus.am.gov.br\/semcom\/#\/schema\/person\/image\/","url":"https:\/\/secure.gravatar.com\/avatar\/9c877d1a6adc2a055330e5c09a8653ce?s=96&d=mm&r=g","contentUrl":"https:\/\/secure.gravatar.com\/avatar\/9c877d1a6adc2a055330e5c09a8653ce?s=96&d=mm&r=g","caption":"Bruna Greco"}}]}},"_links":{"self":[{"href":"https:\/\/www.manaus.am.gov.br\/semcom\/wp-json\/wp\/v2\/posts\/257589"}],"collection":[{"href":"https:\/\/www.manaus.am.gov.br\/semcom\/wp-json\/wp\/v2\/posts"}],"about":[{"href":"https:\/\/www.manaus.am.gov.br\/semcom\/wp-json\/wp\/v2\/types\/post"}],"author":[{"embeddable":true,"href":"https:\/\/www.manaus.am.gov.br\/semcom\/wp-json\/wp\/v2\/users\/39"}],"replies":[{"embeddable":true,"href":"https:\/\/www.manaus.am.gov.br\/semcom\/wp-json\/wp\/v2\/comments?post=257589"}],"version-history":[{"count":3,"href":"https:\/\/www.manaus.am.gov.br\/semcom\/wp-json\/wp\/v2\/posts\/257589\/revisions"}],"predecessor-version":[{"id":257598,"href":"https:\/\/www.manaus.am.gov.br\/semcom\/wp-json\/wp\/v2\/posts\/257589\/revisions\/257598"}],"wp:featuredmedia":[{"embeddable":true,"href":"https:\/\/www.manaus.am.gov.br\/semcom\/wp-json\/wp\/v2\/media\/257591"}],"wp:attachment":[{"href":"https:\/\/www.manaus.am.gov.br\/semcom\/wp-json\/wp\/v2\/media?parent=257589"}],"wp:term":[{"taxonomy":"category","embeddable":true,"href":"https:\/\/www.manaus.am.gov.br\/semcom\/wp-json\/wp\/v2\/categories?post=257589"},{"taxonomy":"post_tag","embeddable":true,"href":"https:\/\/www.manaus.am.gov.br\/semcom\/wp-json\/wp\/v2\/tags?post=257589"}],"curies":[{"name":"wp","href":"https:\/\/api.w.org\/{rel}","templated":true}]}}