{"id":257584,"date":"2026-04-28T15:24:35","date_gmt":"2026-04-28T18:24:35","guid":{"rendered":"https:\/\/www.manaus.am.gov.br\/semcom\/prefeitura-semed-oficinadealfabetizacao\/"},"modified":"2026-04-28T15:29:29","modified_gmt":"2026-04-28T18:29:29","slug":"prefeitura-semed-oficina-de-alfabetizacao","status":"publish","type":"post","link":"https:\/\/www.manaus.am.gov.br\/semcom\/prefeitura-semed-oficina-de-alfabetizacao\/","title":{"rendered":"Prefeitura de Manaus realiza \u2018Oficina de Alfabetiza\u00e7\u00e3o\u2019 para professores do 2\u00ba ano do ensino fundamental\u00a0"},"content":{"rendered":"\n<p>Aproximadamente 30 educadores\u00a0da <a href=\"https:\/\/www.manaus.am.gov.br\/\">Prefeitura de Manaus<\/a>, que atuam nas escolas da <a href=\"https:\/\/www.instagram.com\/semedmanaus\/\">Secretaria Municipal de Educa\u00e7\u00e3o<\/a> (Semed) e que fazem parte da\u00a0Divis\u00e3o Distrital Zonal (DDZ) Sul,\u00a0participaram,\u00a0nesta ter\u00e7a-feira, 28\/4, da\u00a0\u201cOficina de Alfabetiza\u00e7\u00e3o\u201d para professores do 2\u00ba ano\u00a0do ensino fundamental. A a\u00e7\u00e3o aconteceu na\u00a0escola municipal Paulo Gra\u00e7a, no bairro Parque das Laranjeiras, bairro Flores, zona Centro-Sul.<\/p>\n\n\n\n<p>Com total de oito unidades de ensino, o objetivo da oficina&nbsp;\u00e9&nbsp;melhorar a pr\u00e1tica pedag\u00f3gica com as turmas do 2\u00ba ano do ensino fundamental, visando a participa\u00e7\u00e3o nas avalia\u00e7\u00f5es no Sistema de Avalia\u00e7\u00e3o do Desempenho Educacional do Amazonas (Sadeam).<\/p>\n\n\n\n<p>A a\u00e7\u00e3o vai beneficiar aproximadamente 450 alunos na modalidade de ensino&nbsp;das escolas participantes.&nbsp;<\/p>\n\n\n\n<p>A programa\u00e7\u00e3o contou com a apresenta\u00e7\u00e3o de assessores da divis\u00e3o na \u00e1rea interdisciplinar de matem\u00e1tica, de linguagens de alfabetiza\u00e7\u00e3o, da matriz do&nbsp;Sadeam&nbsp;de matem\u00e1tica e l\u00edngua portuguesa, com atividades de jogos relacionados a cada descritor, al\u00e9m de pr\u00e1ticas pedag\u00f3gicas.&nbsp;<\/p>\n\n\n\n<p>Para a assessora de alfabetiza\u00e7\u00e3o da DDZ Sul, Bruna Oriente, o encontro \u00e9 uma forma de qualificar mais ainda os educadores, sendo um trabalho realizado pela divis\u00e3o e pela secretaria para atender os educadores que trabalham nesta fase.&nbsp;<\/p>\n\n\n\n<p>\u201cHoje, iniciamos um projeto de oficinas voltado \u00e0 alfabetiza\u00e7\u00e3o, com foco tanto na alfabetiza\u00e7\u00e3o matem\u00e1tica quanto nos descritores de l\u00edngua portuguesa. O objetivo \u00e9 levar pr\u00e1ticas pedag\u00f3gicas aos professores, para que possam aplic\u00e1-las em sala de aula, alinhadas \u00e0 matriz do&nbsp;Sadeam&nbsp;e voltadas \u00e0s avalia\u00e7\u00f5es internas e externas da rede. Dessa forma, buscamos garantir que o aluno conclua o 2\u00ba ano com as habilidades plenamente desenvolvidas e consolidadas\u201d, destacou.&nbsp;<\/p>\n\n\n\n<p>Com informa\u00e7\u00f5es para usar em sala de aula, a professora&nbsp;Iolene&nbsp;Beltr\u00e3o Marinho Menezes, da escola municipal Paulo Gra\u00e7a, afirmou que as informa\u00e7\u00f5es trabalhadas na oficina somam e ajudam tanto os professores quanto os alunos no processo ensino aprendizagem.<\/p>\n\n\n\n<p>\u201cA oficina realizada hoje foi muito proveitosa e apresentou diversas estrat\u00e9gias que podem ser aplicadas em sala de aula com os alunos do 2\u00ba ano. As atividades t\u00eam uma abordagem din\u00e2mica e contribuem significativamente para o desenvolvimento da aprendizagem, com foco em matem\u00e1tica e l\u00edngua portuguesa\u201d, finalizou.&nbsp;<\/p>\n\n\n\n<p>&#8212; &#8212; &#8212;<\/p>\n\n\n\n<p><strong>Texto<\/strong> &#8211; Paulo Rog\u00e9rio\/Semed&nbsp;<\/p>\n\n\n\n<p><strong>Foto<\/strong> &#8211; Divulga\u00e7\u00e3o\/Semed&nbsp;<\/p>\n","protected":false},"excerpt":{"rendered":"","protected":false},"author":23,"featured_media":257585,"comment_status":"closed","ping_status":"closed","sticky":false,"template":"","format":"standard","meta":{"footnotes":""},"categories":[51],"tags":[13260,20566,77,622,62],"acf":[],"yoast_head":"<!-- This site is optimized with the Yoast SEO plugin v23.0 - https:\/\/yoast.com\/wordpress\/plugins\/seo\/ -->\n<title>Prefeitura de Manaus realiza \u2018Oficina de Alfabetiza\u00e7\u00e3o\u2019<\/title>\n<meta name=\"description\" content=\"Aproximadamente 30 educadores da Prefeitura de Manaus, que atuam nas escolas da Secretaria Municipal de Educa\u00e7\u00e3o (Semed) e que fazem parte da Divis\u00e3o Distrital Zonal (DDZ) Sul, participaram, nesta ter\u00e7a-feira, 28\/4, da \u201cOficina de Alfabetiza\u00e7\u00e3o\u201d para professores do 2\u00ba ano do ensino fundamental. A a\u00e7\u00e3o aconteceu na escola municipal Paulo Gra\u00e7a, no bairro Parque das Laranjeiras, bairro Flores, zona Centro-Sul.\" \/>\n<meta name=\"robots\" content=\"index, follow, max-snippet:-1, max-image-preview:large, max-video-preview:-1\" \/>\n<link rel=\"canonical\" href=\"https:\/\/www.manaus.am.gov.br\/semcom\/prefeitura-semed-oficina-de-alfabetizacao\/\" \/>\n<meta property=\"og:locale\" content=\"pt_BR\" \/>\n<meta property=\"og:type\" content=\"article\" \/>\n<meta property=\"og:title\" content=\"Prefeitura de Manaus realiza \u2018Oficina de Alfabetiza\u00e7\u00e3o\u2019\" \/>\n<meta property=\"og:description\" content=\"Aproximadamente 30 educadores da Prefeitura de Manaus, que atuam nas escolas da Secretaria Municipal de Educa\u00e7\u00e3o (Semed) e que fazem parte da Divis\u00e3o Distrital Zonal (DDZ) Sul, participaram, nesta ter\u00e7a-feira, 28\/4, da \u201cOficina de Alfabetiza\u00e7\u00e3o\u201d para professores do 2\u00ba ano do ensino fundamental. A a\u00e7\u00e3o aconteceu na escola municipal Paulo Gra\u00e7a, no bairro Parque das Laranjeiras, bairro Flores, zona Centro-Sul.\" \/>\n<meta property=\"og:url\" content=\"https:\/\/www.manaus.am.gov.br\/semcom\/prefeitura-semed-oficina-de-alfabetizacao\/\" \/>\n<meta property=\"og:site_name\" content=\"SEMCOM\" \/>\n<meta property=\"article:published_time\" content=\"2026-04-28T18:24:35+00:00\" \/>\n<meta property=\"article:modified_time\" content=\"2026-04-28T18:29:29+00:00\" \/>\n<meta property=\"og:image\" content=\"https:\/\/www.manaus.am.gov.br\/semcom\/wp-content\/uploads\/sites\/5\/2026\/04\/WhatsApp-Image-2026-04-28-at-13.06.07.jpeg\" \/>\n\t<meta property=\"og:image:width\" content=\"1600\" \/>\n\t<meta property=\"og:image:height\" content=\"900\" \/>\n\t<meta property=\"og:image:type\" content=\"image\/jpeg\" \/>\n<meta name=\"author\" content=\"Adriana Costa\" \/>\n<meta name=\"twitter:card\" content=\"summary_large_image\" \/>\n<meta name=\"twitter:label1\" content=\"Written by\" \/>\n\t<meta name=\"twitter:data1\" content=\"Adriana Costa\" \/>\n\t<meta name=\"twitter:label2\" content=\"Est. reading time\" \/>\n\t<meta name=\"twitter:data2\" content=\"3 minutos\" \/>\n<script type=\"application\/ld+json\" class=\"yoast-schema-graph\">{\"@context\":\"https:\/\/schema.org\",\"@graph\":[{\"@type\":\"WebPage\",\"@id\":\"https:\/\/www.manaus.am.gov.br\/semcom\/prefeitura-semed-oficina-de-alfabetizacao\/\",\"url\":\"https:\/\/www.manaus.am.gov.br\/semcom\/prefeitura-semed-oficina-de-alfabetizacao\/\",\"name\":\"Prefeitura de Manaus realiza \u2018Oficina de Alfabetiza\u00e7\u00e3o\u2019\",\"isPartOf\":{\"@id\":\"https:\/\/www.manaus.am.gov.br\/semcom\/#website\"},\"primaryImageOfPage\":{\"@id\":\"https:\/\/www.manaus.am.gov.br\/semcom\/prefeitura-semed-oficina-de-alfabetizacao\/#primaryimage\"},\"image\":{\"@id\":\"https:\/\/www.manaus.am.gov.br\/semcom\/prefeitura-semed-oficina-de-alfabetizacao\/#primaryimage\"},\"thumbnailUrl\":\"https:\/\/www.manaus.am.gov.br\/semcom\/wp-content\/uploads\/sites\/5\/2026\/04\/WhatsApp-Image-2026-04-28-at-13.06.07.jpeg\",\"datePublished\":\"2026-04-28T18:24:35+00:00\",\"dateModified\":\"2026-04-28T18:29:29+00:00\",\"author\":{\"@id\":\"https:\/\/www.manaus.am.gov.br\/semcom\/#\/schema\/person\/4e49f4e267757a06ca072ec61b2b9968\"},\"description\":\"Aproximadamente 30 educadores da Prefeitura de Manaus, que atuam nas escolas da Secretaria Municipal de Educa\u00e7\u00e3o (Semed) e que fazem parte da Divis\u00e3o Distrital Zonal (DDZ) Sul, participaram, nesta ter\u00e7a-feira, 28\/4, da \u201cOficina de Alfabetiza\u00e7\u00e3o\u201d para professores do 2\u00ba ano do ensino fundamental. A a\u00e7\u00e3o aconteceu na escola municipal Paulo Gra\u00e7a, no bairro Parque das Laranjeiras, bairro Flores, zona Centro-Sul.\",\"inLanguage\":\"pt-BR\",\"potentialAction\":[{\"@type\":\"ReadAction\",\"target\":[\"https:\/\/www.manaus.am.gov.br\/semcom\/prefeitura-semed-oficina-de-alfabetizacao\/\"]}]},{\"@type\":\"ImageObject\",\"inLanguage\":\"pt-BR\",\"@id\":\"https:\/\/www.manaus.am.gov.br\/semcom\/prefeitura-semed-oficina-de-alfabetizacao\/#primaryimage\",\"url\":\"https:\/\/www.manaus.am.gov.br\/semcom\/wp-content\/uploads\/sites\/5\/2026\/04\/WhatsApp-Image-2026-04-28-at-13.06.07.jpeg\",\"contentUrl\":\"https:\/\/www.manaus.am.gov.br\/semcom\/wp-content\/uploads\/sites\/5\/2026\/04\/WhatsApp-Image-2026-04-28-at-13.06.07.jpeg\",\"width\":1600,\"height\":900,\"caption\":\"#paratodosverem - Professor segura e explica objeto geom\u00e9trico de papel\u00e3o durante oficina de alfabetiza\u00e7\u00e3o\"},{\"@type\":\"WebSite\",\"@id\":\"https:\/\/www.manaus.am.gov.br\/semcom\/#website\",\"url\":\"https:\/\/www.manaus.am.gov.br\/semcom\/\",\"name\":\"SEMCOM\",\"description\":\"Secretaria Municipal de Comunica\u00e7\u00e3o\",\"potentialAction\":[{\"@type\":\"SearchAction\",\"target\":{\"@type\":\"EntryPoint\",\"urlTemplate\":\"https:\/\/www.manaus.am.gov.br\/semcom\/?s={search_term_string}\"},\"query-input\":\"required name=search_term_string\"}],\"inLanguage\":\"pt-BR\"},{\"@type\":\"Person\",\"@id\":\"https:\/\/www.manaus.am.gov.br\/semcom\/#\/schema\/person\/4e49f4e267757a06ca072ec61b2b9968\",\"name\":\"Adriana Costa\",\"image\":{\"@type\":\"ImageObject\",\"inLanguage\":\"pt-BR\",\"@id\":\"https:\/\/www.manaus.am.gov.br\/semcom\/#\/schema\/person\/image\/\",\"url\":\"https:\/\/secure.gravatar.com\/avatar\/576258617ef7194f718179e766d57bd4?s=96&d=mm&r=g\",\"contentUrl\":\"https:\/\/secure.gravatar.com\/avatar\/576258617ef7194f718179e766d57bd4?s=96&d=mm&r=g\",\"caption\":\"Adriana Costa\"}}]}<\/script>\n<!-- \/ Yoast SEO plugin. -->","yoast_head_json":{"title":"Prefeitura de Manaus realiza \u2018Oficina de Alfabetiza\u00e7\u00e3o\u2019","description":"Aproximadamente 30 educadores da Prefeitura de Manaus, que atuam nas escolas da Secretaria Municipal de Educa\u00e7\u00e3o (Semed) e que fazem parte da Divis\u00e3o Distrital Zonal (DDZ) Sul, participaram, nesta ter\u00e7a-feira, 28\/4, da \u201cOficina de Alfabetiza\u00e7\u00e3o\u201d para professores do 2\u00ba ano do ensino fundamental. A a\u00e7\u00e3o aconteceu na escola municipal Paulo Gra\u00e7a, no bairro Parque das Laranjeiras, bairro Flores, zona Centro-Sul.","robots":{"index":"index","follow":"follow","max-snippet":"max-snippet:-1","max-image-preview":"max-image-preview:large","max-video-preview":"max-video-preview:-1"},"canonical":"https:\/\/www.manaus.am.gov.br\/semcom\/prefeitura-semed-oficina-de-alfabetizacao\/","og_locale":"pt_BR","og_type":"article","og_title":"Prefeitura de Manaus realiza \u2018Oficina de Alfabetiza\u00e7\u00e3o\u2019","og_description":"Aproximadamente 30 educadores da Prefeitura de Manaus, que atuam nas escolas da Secretaria Municipal de Educa\u00e7\u00e3o (Semed) e que fazem parte da Divis\u00e3o Distrital Zonal (DDZ) Sul, participaram, nesta ter\u00e7a-feira, 28\/4, da \u201cOficina de Alfabetiza\u00e7\u00e3o\u201d para professores do 2\u00ba ano do ensino fundamental. A a\u00e7\u00e3o aconteceu na escola municipal Paulo Gra\u00e7a, no bairro Parque das Laranjeiras, bairro Flores, zona Centro-Sul.","og_url":"https:\/\/www.manaus.am.gov.br\/semcom\/prefeitura-semed-oficina-de-alfabetizacao\/","og_site_name":"SEMCOM","article_published_time":"2026-04-28T18:24:35+00:00","article_modified_time":"2026-04-28T18:29:29+00:00","og_image":[{"width":1600,"height":900,"url":"https:\/\/www.manaus.am.gov.br\/semcom\/wp-content\/uploads\/sites\/5\/2026\/04\/WhatsApp-Image-2026-04-28-at-13.06.07.jpeg","type":"image\/jpeg"}],"author":"Adriana Costa","twitter_card":"summary_large_image","twitter_misc":{"Written by":"Adriana Costa","Est. reading time":"3 minutos"},"schema":{"@context":"https:\/\/schema.org","@graph":[{"@type":"WebPage","@id":"https:\/\/www.manaus.am.gov.br\/semcom\/prefeitura-semed-oficina-de-alfabetizacao\/","url":"https:\/\/www.manaus.am.gov.br\/semcom\/prefeitura-semed-oficina-de-alfabetizacao\/","name":"Prefeitura de Manaus realiza \u2018Oficina de Alfabetiza\u00e7\u00e3o\u2019","isPartOf":{"@id":"https:\/\/www.manaus.am.gov.br\/semcom\/#website"},"primaryImageOfPage":{"@id":"https:\/\/www.manaus.am.gov.br\/semcom\/prefeitura-semed-oficina-de-alfabetizacao\/#primaryimage"},"image":{"@id":"https:\/\/www.manaus.am.gov.br\/semcom\/prefeitura-semed-oficina-de-alfabetizacao\/#primaryimage"},"thumbnailUrl":"https:\/\/www.manaus.am.gov.br\/semcom\/wp-content\/uploads\/sites\/5\/2026\/04\/WhatsApp-Image-2026-04-28-at-13.06.07.jpeg","datePublished":"2026-04-28T18:24:35+00:00","dateModified":"2026-04-28T18:29:29+00:00","author":{"@id":"https:\/\/www.manaus.am.gov.br\/semcom\/#\/schema\/person\/4e49f4e267757a06ca072ec61b2b9968"},"description":"Aproximadamente 30 educadores da Prefeitura de Manaus, que atuam nas escolas da Secretaria Municipal de Educa\u00e7\u00e3o (Semed) e que fazem parte da Divis\u00e3o Distrital Zonal (DDZ) Sul, participaram, nesta ter\u00e7a-feira, 28\/4, da \u201cOficina de Alfabetiza\u00e7\u00e3o\u201d para professores do 2\u00ba ano do ensino fundamental. A a\u00e7\u00e3o aconteceu na escola municipal Paulo Gra\u00e7a, no bairro Parque das Laranjeiras, bairro Flores, zona Centro-Sul.","inLanguage":"pt-BR","potentialAction":[{"@type":"ReadAction","target":["https:\/\/www.manaus.am.gov.br\/semcom\/prefeitura-semed-oficina-de-alfabetizacao\/"]}]},{"@type":"ImageObject","inLanguage":"pt-BR","@id":"https:\/\/www.manaus.am.gov.br\/semcom\/prefeitura-semed-oficina-de-alfabetizacao\/#primaryimage","url":"https:\/\/www.manaus.am.gov.br\/semcom\/wp-content\/uploads\/sites\/5\/2026\/04\/WhatsApp-Image-2026-04-28-at-13.06.07.jpeg","contentUrl":"https:\/\/www.manaus.am.gov.br\/semcom\/wp-content\/uploads\/sites\/5\/2026\/04\/WhatsApp-Image-2026-04-28-at-13.06.07.jpeg","width":1600,"height":900,"caption":"#paratodosverem - Professor segura e explica objeto geom\u00e9trico de papel\u00e3o durante oficina de alfabetiza\u00e7\u00e3o"},{"@type":"WebSite","@id":"https:\/\/www.manaus.am.gov.br\/semcom\/#website","url":"https:\/\/www.manaus.am.gov.br\/semcom\/","name":"SEMCOM","description":"Secretaria Municipal de Comunica\u00e7\u00e3o","potentialAction":[{"@type":"SearchAction","target":{"@type":"EntryPoint","urlTemplate":"https:\/\/www.manaus.am.gov.br\/semcom\/?s={search_term_string}"},"query-input":"required name=search_term_string"}],"inLanguage":"pt-BR"},{"@type":"Person","@id":"https:\/\/www.manaus.am.gov.br\/semcom\/#\/schema\/person\/4e49f4e267757a06ca072ec61b2b9968","name":"Adriana Costa","image":{"@type":"ImageObject","inLanguage":"pt-BR","@id":"https:\/\/www.manaus.am.gov.br\/semcom\/#\/schema\/person\/image\/","url":"https:\/\/secure.gravatar.com\/avatar\/576258617ef7194f718179e766d57bd4?s=96&d=mm&r=g","contentUrl":"https:\/\/secure.gravatar.com\/avatar\/576258617ef7194f718179e766d57bd4?s=96&d=mm&r=g","caption":"Adriana Costa"}}]}},"_links":{"self":[{"href":"https:\/\/www.manaus.am.gov.br\/semcom\/wp-json\/wp\/v2\/posts\/257584"}],"collection":[{"href":"https:\/\/www.manaus.am.gov.br\/semcom\/wp-json\/wp\/v2\/posts"}],"about":[{"href":"https:\/\/www.manaus.am.gov.br\/semcom\/wp-json\/wp\/v2\/types\/post"}],"author":[{"embeddable":true,"href":"https:\/\/www.manaus.am.gov.br\/semcom\/wp-json\/wp\/v2\/users\/23"}],"replies":[{"embeddable":true,"href":"https:\/\/www.manaus.am.gov.br\/semcom\/wp-json\/wp\/v2\/comments?post=257584"}],"version-history":[{"count":1,"href":"https:\/\/www.manaus.am.gov.br\/semcom\/wp-json\/wp\/v2\/posts\/257584\/revisions"}],"predecessor-version":[{"id":257586,"href":"https:\/\/www.manaus.am.gov.br\/semcom\/wp-json\/wp\/v2\/posts\/257584\/revisions\/257586"}],"wp:featuredmedia":[{"embeddable":true,"href":"https:\/\/www.manaus.am.gov.br\/semcom\/wp-json\/wp\/v2\/media\/257585"}],"wp:attachment":[{"href":"https:\/\/www.manaus.am.gov.br\/semcom\/wp-json\/wp\/v2\/media?parent=257584"}],"wp:term":[{"taxonomy":"category","embeddable":true,"href":"https:\/\/www.manaus.am.gov.br\/semcom\/wp-json\/wp\/v2\/categories?post=257584"},{"taxonomy":"post_tag","embeddable":true,"href":"https:\/\/www.manaus.am.gov.br\/semcom\/wp-json\/wp\/v2\/tags?post=257584"}],"curies":[{"name":"wp","href":"https:\/\/api.w.org\/{rel}","templated":true}]}}