{"id":257545,"date":"2026-04-28T12:45:11","date_gmt":"2026-04-28T16:45:11","guid":{"rendered":"https:\/\/www.manaus.am.gov.br\/semcom\/implurb-cultura-de-integridade\/"},"modified":"2026-04-28T14:50:50","modified_gmt":"2026-04-28T17:50:50","slug":"implurb-cultura-de-integridade","status":"publish","type":"post","link":"https:\/\/www.manaus.am.gov.br\/semcom\/implurb-cultura-de-integridade\/","title":{"rendered":"Implurb amplia cultura de integridade e refor\u00e7a compromisso com \u00e9tica e transpar\u00eancia dentro da prefeitura"},"content":{"rendered":"\n<p>Com foco no fortalecimento da \u00e9tica e na melhoria dos servi\u00e7os prestados \u00e0 popula\u00e7\u00e3o, o <a href=\"https:\/\/www.instagram.com\/implurb\/\">Instituto Municipal de Planejamento Urbano<\/a> (Implurb) realizou, nesta ter\u00e7a-feira, 28\/4, em sua sede administrativa no Parque Mosaico, zona Oeste, uma palestra institucional voltada \u00e0 dissemina\u00e7\u00e3o do Programa de Integridade e Compliance da <a href=\"https:\/\/www.manaus.am.gov.br\/\">Prefeitura de Manaus<\/a>.<\/p>\n\n\n\n<p>A a\u00e7\u00e3o reuniu gestores, diretores e servidores estrat\u00e9gicos, com o objetivo de alinhar condutas, aprimorar processos internos e fortalecer a cultura organizacional do \u00f3rg\u00e3o. A gest\u00e3o do prefeito Renato Junior atua para que as unidades gestoras cumpram as diretrizes de integridade para o sucesso das a\u00e7\u00f5es municipais.<\/p>\n\n\n\n<p>Durante a abertura, o diretor-presidente do Implurb, Antonio Peixoto, destacou que a iniciativa representa um avan\u00e7o importante n\u00e3o apenas para a gest\u00e3o interna, mas tamb\u00e9m para o atendimento ao p\u00fablico. \u201cA ideia \u00e9 que o cidad\u00e3o seja cada vez melhor atendido dentro do Implurb. Isso traz ganhos significativos, principalmente de imagem. Todo \u00f3rg\u00e3o p\u00fablico n\u00e3o basta ser honesto, ele precisa parecer honesto. Esse \u00e9 um princ\u00edpio do compliance, da conduta \u00e9tica\u201d, afirmou.<\/p>\n\n\n\n<p>Peixoto ressaltou ainda que o investimento em normas e diretrizes fortalece o ambiente institucional e d\u00e1 mais seguran\u00e7a \u00e0s decis\u00f5es p\u00fablicas. \u201cQuando a gente melhora processos, elabora manual de conduta, c\u00f3digo de \u00e9tica, mostra que a gest\u00e3o est\u00e1 preocupada em treinar seus servidores. Isso impacta tanto nas rela\u00e7\u00f5es internas quanto no atendimento \u00e0 popula\u00e7\u00e3o\u201d, completou.<\/p>\n\n\n\n<p>Segundo ele, a ado\u00e7\u00e3o de pr\u00e1ticas de compliance contribui diretamente para um ambiente de trabalho mais saud\u00e1vel, harmonioso e gentil. \u201cQuando temos regras claras, n\u00e3o h\u00e1 d\u00favidas sobre a conduta. Isso melhora a comunica\u00e7\u00e3o, evita situa\u00e7\u00f5es como ass\u00e9dio moral, sexual e at\u00e9 bullying, al\u00e9m de trazer benef\u00edcios para o ambiente interno e para a presta\u00e7\u00e3o de servi\u00e7os \u00e0 sociedade. Todos ganham\u201d, completou.<\/p>\n\n\n\n<p><strong>Controladoria<\/strong><\/p>\n\n\n\n<p>A palestra foi conduzida pela equipe da Controladoria-Geral do Munic\u00edpio (CGM), respons\u00e1vel por implementar o programa em todas as secretarias e \u00f3rg\u00e3os municipais. A controladora-geral adjunta, Lucilene Viana, explicou que a proposta \u00e9 criar uma rede de multiplicadores dentro da pr\u00f3pria institui\u00e7\u00e3o.<\/p>\n\n\n\n<p>\u201cO objetivo aqui foi disseminar o programa de integridade para que os l\u00edderes possam replicar esse conhecimento junto \u00e0s suas equipes. A ideia \u00e9 que todo o Implurb tenha seu programa de integridade implantado\u201d, destacou.<\/p>\n\n\n\n<p>Ela tamb\u00e9m refor\u00e7ou que o trabalho n\u00e3o se encerra com a apresenta\u00e7\u00e3o. \u201cO pr\u00f3ximo passo \u00e9 a constru\u00e7\u00e3o do mapa de riscos e a implementa\u00e7\u00e3o das a\u00e7\u00f5es previstas na metodologia do programa. E n\u00f3s, da controladoria, estamos \u00e0 disposi\u00e7\u00e3o para colaborar no dia a dia, colocar a m\u00e3o na massa e garantir que essa pol\u00edtica seja efetivamente implantada\u201d, garantiu.<\/p>\n\n\n\n<p>A iniciativa faz parte da estrat\u00e9gia da Prefeitura de Manaus de ampliar a cultura de integridade na administra\u00e7\u00e3o p\u00fablica, promovendo transpar\u00eancia, responsabilidade e excel\u00eancia na gest\u00e3o. No Implurb, o movimento tamb\u00e9m refor\u00e7a o compromisso de alinhar planejamento urbano, governan\u00e7a e \u00e9tica, garantindo que as a\u00e7\u00f5es do \u00f3rg\u00e3o estejam cada vez mais conectadas \u00e0s boas pr\u00e1ticas e \u00e0s expectativas da sociedade.<\/p>\n\n\n\n<figure class=\"wp-block-image size-large\"><img loading=\"lazy\" decoding=\"async\" width=\"1024\" height=\"768\" src=\"https:\/\/www.manaus.am.gov.br\/semcom\/wp-content\/uploads\/sites\/5\/2026\/04\/Palestra-12-1024x768.jpeg\" alt=\"\" class=\"wp-image-257547\" srcset=\"https:\/\/www.manaus.am.gov.br\/semcom\/wp-content\/uploads\/sites\/5\/2026\/04\/Palestra-12-1024x768.jpeg 1024w, https:\/\/www.manaus.am.gov.br\/semcom\/wp-content\/uploads\/sites\/5\/2026\/04\/Palestra-12-300x225.jpeg 300w, https:\/\/www.manaus.am.gov.br\/semcom\/wp-content\/uploads\/sites\/5\/2026\/04\/Palestra-12-768x576.jpeg 768w, https:\/\/www.manaus.am.gov.br\/semcom\/wp-content\/uploads\/sites\/5\/2026\/04\/Palestra-12.jpeg 1280w\" sizes=\"(max-width: 1024px) 100vw, 1024px\" \/><figcaption class=\"wp-element-caption\">#paratodosverem &#8211; Palestra<\/figcaption><\/figure>\n\n\n\n<p>&#8212; &#8212; &#8212;<\/p>\n\n\n\n<p><strong>Texto<\/strong>&nbsp;\u2013 Claudia do Valle\/Implurb&nbsp;<\/p>\n\n\n\n<p><strong>Fotos \u2013<\/strong>&nbsp;Divulga\u00e7\u00e3o\/Implurb<\/p>\n","protected":false},"excerpt":{"rendered":"","protected":false},"author":39,"featured_media":257546,"comment_status":"closed","ping_status":"closed","sticky":false,"template":"","format":"standard","meta":{"footnotes":""},"categories":[391],"tags":[20562,20563,65,20564,77],"acf":[],"yoast_head":"<!-- This site is optimized with the Yoast SEO plugin v23.0 - https:\/\/yoast.com\/wordpress\/plugins\/seo\/ -->\n<title>Implurb amplia cultura de integridade e refor\u00e7a compromisso com \u00e9tica e transpar\u00eancia dentro da prefeitura<\/title>\n<meta name=\"description\" content=\"Implurb amplia cultura de integridade e refor\u00e7a compromisso com \u00e9tica e transpar\u00eancia dentro da prefeitura.\" \/>\n<meta name=\"robots\" content=\"index, follow, max-snippet:-1, max-image-preview:large, max-video-preview:-1\" \/>\n<link rel=\"canonical\" href=\"https:\/\/www.manaus.am.gov.br\/semcom\/implurb-cultura-de-integridade\/\" \/>\n<meta property=\"og:locale\" content=\"pt_BR\" \/>\n<meta property=\"og:type\" content=\"article\" \/>\n<meta property=\"og:title\" content=\"Implurb amplia cultura de integridade e refor\u00e7a compromisso com \u00e9tica e transpar\u00eancia dentro da prefeitura\" \/>\n<meta property=\"og:description\" content=\"Implurb amplia cultura de integridade e refor\u00e7a compromisso com \u00e9tica e transpar\u00eancia dentro da prefeitura.\" \/>\n<meta property=\"og:url\" content=\"https:\/\/www.manaus.am.gov.br\/semcom\/implurb-cultura-de-integridade\/\" \/>\n<meta property=\"og:site_name\" content=\"SEMCOM\" \/>\n<meta property=\"article:published_time\" content=\"2026-04-28T16:45:11+00:00\" \/>\n<meta property=\"article:modified_time\" content=\"2026-04-28T17:50:50+00:00\" \/>\n<meta property=\"og:image\" content=\"https:\/\/www.manaus.am.gov.br\/semcom\/wp-content\/uploads\/sites\/5\/2026\/04\/Palestra-1.jpeg\" \/>\n\t<meta property=\"og:image:width\" content=\"1280\" \/>\n\t<meta property=\"og:image:height\" content=\"960\" \/>\n\t<meta property=\"og:image:type\" content=\"image\/jpeg\" \/>\n<meta name=\"author\" content=\"Bruna Greco\" \/>\n<meta name=\"twitter:card\" content=\"summary_large_image\" \/>\n<meta name=\"twitter:label1\" content=\"Written by\" \/>\n\t<meta name=\"twitter:data1\" content=\"Bruna Greco\" \/>\n\t<meta name=\"twitter:label2\" content=\"Est. reading time\" \/>\n\t<meta name=\"twitter:data2\" content=\"4 minutos\" \/>\n<script type=\"application\/ld+json\" class=\"yoast-schema-graph\">{\"@context\":\"https:\/\/schema.org\",\"@graph\":[{\"@type\":\"WebPage\",\"@id\":\"https:\/\/www.manaus.am.gov.br\/semcom\/implurb-cultura-de-integridade\/\",\"url\":\"https:\/\/www.manaus.am.gov.br\/semcom\/implurb-cultura-de-integridade\/\",\"name\":\"Implurb amplia cultura de integridade e refor\u00e7a compromisso com \u00e9tica e transpar\u00eancia dentro da prefeitura\",\"isPartOf\":{\"@id\":\"https:\/\/www.manaus.am.gov.br\/semcom\/#website\"},\"primaryImageOfPage\":{\"@id\":\"https:\/\/www.manaus.am.gov.br\/semcom\/implurb-cultura-de-integridade\/#primaryimage\"},\"image\":{\"@id\":\"https:\/\/www.manaus.am.gov.br\/semcom\/implurb-cultura-de-integridade\/#primaryimage\"},\"thumbnailUrl\":\"https:\/\/www.manaus.am.gov.br\/semcom\/wp-content\/uploads\/sites\/5\/2026\/04\/Palestra-1.jpeg\",\"datePublished\":\"2026-04-28T16:45:11+00:00\",\"dateModified\":\"2026-04-28T17:50:50+00:00\",\"author\":{\"@id\":\"https:\/\/www.manaus.am.gov.br\/semcom\/#\/schema\/person\/05d223aea2bf115f9883a6ff3683d81b\"},\"description\":\"Implurb amplia cultura de integridade e refor\u00e7a compromisso com \u00e9tica e transpar\u00eancia dentro da prefeitura.\",\"inLanguage\":\"pt-BR\",\"potentialAction\":[{\"@type\":\"ReadAction\",\"target\":[\"https:\/\/www.manaus.am.gov.br\/semcom\/implurb-cultura-de-integridade\/\"]}]},{\"@type\":\"ImageObject\",\"inLanguage\":\"pt-BR\",\"@id\":\"https:\/\/www.manaus.am.gov.br\/semcom\/implurb-cultura-de-integridade\/#primaryimage\",\"url\":\"https:\/\/www.manaus.am.gov.br\/semcom\/wp-content\/uploads\/sites\/5\/2026\/04\/Palestra-1.jpeg\",\"contentUrl\":\"https:\/\/www.manaus.am.gov.br\/semcom\/wp-content\/uploads\/sites\/5\/2026\/04\/Palestra-1.jpeg\",\"width\":1280,\"height\":960,\"caption\":\"#paratodosverem - Gestores, diretores e servidores estrat\u00e9gicos participando de palestra institucional voltada \u00e0 dissemina\u00e7\u00e3o do Programa de Integridade e Compliance da Prefeitura de Manaus\"},{\"@type\":\"WebSite\",\"@id\":\"https:\/\/www.manaus.am.gov.br\/semcom\/#website\",\"url\":\"https:\/\/www.manaus.am.gov.br\/semcom\/\",\"name\":\"SEMCOM\",\"description\":\"Secretaria Municipal de Comunica\u00e7\u00e3o\",\"potentialAction\":[{\"@type\":\"SearchAction\",\"target\":{\"@type\":\"EntryPoint\",\"urlTemplate\":\"https:\/\/www.manaus.am.gov.br\/semcom\/?s={search_term_string}\"},\"query-input\":\"required name=search_term_string\"}],\"inLanguage\":\"pt-BR\"},{\"@type\":\"Person\",\"@id\":\"https:\/\/www.manaus.am.gov.br\/semcom\/#\/schema\/person\/05d223aea2bf115f9883a6ff3683d81b\",\"name\":\"Bruna Greco\",\"image\":{\"@type\":\"ImageObject\",\"inLanguage\":\"pt-BR\",\"@id\":\"https:\/\/www.manaus.am.gov.br\/semcom\/#\/schema\/person\/image\/\",\"url\":\"https:\/\/secure.gravatar.com\/avatar\/9c877d1a6adc2a055330e5c09a8653ce?s=96&d=mm&r=g\",\"contentUrl\":\"https:\/\/secure.gravatar.com\/avatar\/9c877d1a6adc2a055330e5c09a8653ce?s=96&d=mm&r=g\",\"caption\":\"Bruna Greco\"}}]}<\/script>\n<!-- \/ Yoast SEO plugin. -->","yoast_head_json":{"title":"Implurb amplia cultura de integridade e refor\u00e7a compromisso com \u00e9tica e transpar\u00eancia dentro da prefeitura","description":"Implurb amplia cultura de integridade e refor\u00e7a compromisso com \u00e9tica e transpar\u00eancia dentro da prefeitura.","robots":{"index":"index","follow":"follow","max-snippet":"max-snippet:-1","max-image-preview":"max-image-preview:large","max-video-preview":"max-video-preview:-1"},"canonical":"https:\/\/www.manaus.am.gov.br\/semcom\/implurb-cultura-de-integridade\/","og_locale":"pt_BR","og_type":"article","og_title":"Implurb amplia cultura de integridade e refor\u00e7a compromisso com \u00e9tica e transpar\u00eancia dentro da prefeitura","og_description":"Implurb amplia cultura de integridade e refor\u00e7a compromisso com \u00e9tica e transpar\u00eancia dentro da prefeitura.","og_url":"https:\/\/www.manaus.am.gov.br\/semcom\/implurb-cultura-de-integridade\/","og_site_name":"SEMCOM","article_published_time":"2026-04-28T16:45:11+00:00","article_modified_time":"2026-04-28T17:50:50+00:00","og_image":[{"width":1280,"height":960,"url":"https:\/\/www.manaus.am.gov.br\/semcom\/wp-content\/uploads\/sites\/5\/2026\/04\/Palestra-1.jpeg","type":"image\/jpeg"}],"author":"Bruna Greco","twitter_card":"summary_large_image","twitter_misc":{"Written by":"Bruna Greco","Est. reading time":"4 minutos"},"schema":{"@context":"https:\/\/schema.org","@graph":[{"@type":"WebPage","@id":"https:\/\/www.manaus.am.gov.br\/semcom\/implurb-cultura-de-integridade\/","url":"https:\/\/www.manaus.am.gov.br\/semcom\/implurb-cultura-de-integridade\/","name":"Implurb amplia cultura de integridade e refor\u00e7a compromisso com \u00e9tica e transpar\u00eancia dentro da prefeitura","isPartOf":{"@id":"https:\/\/www.manaus.am.gov.br\/semcom\/#website"},"primaryImageOfPage":{"@id":"https:\/\/www.manaus.am.gov.br\/semcom\/implurb-cultura-de-integridade\/#primaryimage"},"image":{"@id":"https:\/\/www.manaus.am.gov.br\/semcom\/implurb-cultura-de-integridade\/#primaryimage"},"thumbnailUrl":"https:\/\/www.manaus.am.gov.br\/semcom\/wp-content\/uploads\/sites\/5\/2026\/04\/Palestra-1.jpeg","datePublished":"2026-04-28T16:45:11+00:00","dateModified":"2026-04-28T17:50:50+00:00","author":{"@id":"https:\/\/www.manaus.am.gov.br\/semcom\/#\/schema\/person\/05d223aea2bf115f9883a6ff3683d81b"},"description":"Implurb amplia cultura de integridade e refor\u00e7a compromisso com \u00e9tica e transpar\u00eancia dentro da prefeitura.","inLanguage":"pt-BR","potentialAction":[{"@type":"ReadAction","target":["https:\/\/www.manaus.am.gov.br\/semcom\/implurb-cultura-de-integridade\/"]}]},{"@type":"ImageObject","inLanguage":"pt-BR","@id":"https:\/\/www.manaus.am.gov.br\/semcom\/implurb-cultura-de-integridade\/#primaryimage","url":"https:\/\/www.manaus.am.gov.br\/semcom\/wp-content\/uploads\/sites\/5\/2026\/04\/Palestra-1.jpeg","contentUrl":"https:\/\/www.manaus.am.gov.br\/semcom\/wp-content\/uploads\/sites\/5\/2026\/04\/Palestra-1.jpeg","width":1280,"height":960,"caption":"#paratodosverem - Gestores, diretores e servidores estrat\u00e9gicos participando de palestra institucional voltada \u00e0 dissemina\u00e7\u00e3o do Programa de Integridade e Compliance da Prefeitura de Manaus"},{"@type":"WebSite","@id":"https:\/\/www.manaus.am.gov.br\/semcom\/#website","url":"https:\/\/www.manaus.am.gov.br\/semcom\/","name":"SEMCOM","description":"Secretaria Municipal de Comunica\u00e7\u00e3o","potentialAction":[{"@type":"SearchAction","target":{"@type":"EntryPoint","urlTemplate":"https:\/\/www.manaus.am.gov.br\/semcom\/?s={search_term_string}"},"query-input":"required name=search_term_string"}],"inLanguage":"pt-BR"},{"@type":"Person","@id":"https:\/\/www.manaus.am.gov.br\/semcom\/#\/schema\/person\/05d223aea2bf115f9883a6ff3683d81b","name":"Bruna Greco","image":{"@type":"ImageObject","inLanguage":"pt-BR","@id":"https:\/\/www.manaus.am.gov.br\/semcom\/#\/schema\/person\/image\/","url":"https:\/\/secure.gravatar.com\/avatar\/9c877d1a6adc2a055330e5c09a8653ce?s=96&d=mm&r=g","contentUrl":"https:\/\/secure.gravatar.com\/avatar\/9c877d1a6adc2a055330e5c09a8653ce?s=96&d=mm&r=g","caption":"Bruna Greco"}}]}},"_links":{"self":[{"href":"https:\/\/www.manaus.am.gov.br\/semcom\/wp-json\/wp\/v2\/posts\/257545"}],"collection":[{"href":"https:\/\/www.manaus.am.gov.br\/semcom\/wp-json\/wp\/v2\/posts"}],"about":[{"href":"https:\/\/www.manaus.am.gov.br\/semcom\/wp-json\/wp\/v2\/types\/post"}],"author":[{"embeddable":true,"href":"https:\/\/www.manaus.am.gov.br\/semcom\/wp-json\/wp\/v2\/users\/39"}],"replies":[{"embeddable":true,"href":"https:\/\/www.manaus.am.gov.br\/semcom\/wp-json\/wp\/v2\/comments?post=257545"}],"version-history":[{"count":3,"href":"https:\/\/www.manaus.am.gov.br\/semcom\/wp-json\/wp\/v2\/posts\/257545\/revisions"}],"predecessor-version":[{"id":257576,"href":"https:\/\/www.manaus.am.gov.br\/semcom\/wp-json\/wp\/v2\/posts\/257545\/revisions\/257576"}],"wp:featuredmedia":[{"embeddable":true,"href":"https:\/\/www.manaus.am.gov.br\/semcom\/wp-json\/wp\/v2\/media\/257546"}],"wp:attachment":[{"href":"https:\/\/www.manaus.am.gov.br\/semcom\/wp-json\/wp\/v2\/media?parent=257545"}],"wp:term":[{"taxonomy":"category","embeddable":true,"href":"https:\/\/www.manaus.am.gov.br\/semcom\/wp-json\/wp\/v2\/categories?post=257545"},{"taxonomy":"post_tag","embeddable":true,"href":"https:\/\/www.manaus.am.gov.br\/semcom\/wp-json\/wp\/v2\/tags?post=257545"}],"curies":[{"name":"wp","href":"https:\/\/api.w.org\/{rel}","templated":true}]}}