{"id":257539,"date":"2026-04-28T12:19:57","date_gmt":"2026-04-28T16:19:57","guid":{"rendered":"https:\/\/www.manaus.am.gov.br\/semcom\/apresentacao-plano-bncc-co-integracao-cem\/"},"modified":"2026-04-28T16:11:55","modified_gmt":"2026-04-28T19:11:55","slug":"apresentacao-plano-bncc-co-integracao-cem","status":"publish","type":"post","link":"https:\/\/www.manaus.am.gov.br\/semcom\/apresentacao-plano-bncc-co-integracao-cem\/","title":{"rendered":"Prefeitura de Manaus apresenta plano de implementa\u00e7\u00e3o da BNCC de Computa\u00e7\u00e3o e integra\u00e7\u00e3o ao Curr\u00edculo Escolar Municipal"},"content":{"rendered":"\n<p>A <a href=\"https:\/\/www.manaus.am.gov.br\/\">Prefeitura de Manaus<\/a>, por meio da <a href=\"https:\/\/www.instagram.com\/semedmanaus\/\">Secretaria Municipal de Educa\u00e7\u00e3o<\/a> (Semed), apresentou, nesta ter\u00e7a-feira, 28\/4, as diretrizes para a implementa\u00e7\u00e3o da Base Nacional Comum Curricular de Computa\u00e7\u00e3o (BNCC CO), integrada ao Curr\u00edculo Escolar Municipal (CEM), que n\u00e3o apenas cumpre marcos legais, como tamb\u00e9m estabelece a educa\u00e7\u00e3o digital como um direito fundamental dos estudantes do 1\u00ba ao 9\u00ba ano. O evento aconteceu\u00a0no audit\u00f3rio da\u00a0Semed,\u00a0na avenida Macei\u00f3, zona Centro-Sul da capital.\u00a0<\/p>\n\n\n\n<p>A implementa\u00e7\u00e3o, coordenada pela Divis\u00e3o de Ensino Fundamental (DEF), tem como objetivo orientar chefes, gerentes, coordenadores e assessores pedag\u00f3gicos no processo de integra\u00e7\u00e3o. A rede municipal optou por uma abordagem transversal, o que significa que a computa\u00e7\u00e3o n\u00e3o ser\u00e1 apenas uma disciplina isolada, mas um campo de conhecimento que permeia todas as \u00e1reas, enriquecendo o aprendizado de forma significativa e contextualizada \u00e0 realidade amaz\u00f4nica.&nbsp;<\/p>\n\n\n\n<p>A proposta est\u00e1 fundamentada em tr\u00eas eixos estruturantes da BNCC Computa\u00e7\u00e3o, considerados pilares essenciais para a forma\u00e7\u00e3o de cidad\u00e3os no s\u00e9culo 21: o Pensamento Computacional, voltado para a resolu\u00e7\u00e3o de problemas e o desenvolvimento do racioc\u00ednio l\u00f3gico; o Mundo Digital, que aborda a compreens\u00e3o f\u00edsica e funcional das tecnologias; e a Cultura Digital, que promove o uso \u00e9tico, cr\u00edtico e respons\u00e1vel das ferramentas tecnol\u00f3gicas.<\/p>\n\n\n\n<p>A chefe da DEF, Ivone Rosas, destacou o impacto positivo que toda a rede municipal ter\u00e1 com a implementa\u00e7\u00e3o.&nbsp;<\/p>\n\n\n\n<p>\u201cHoje realizamos uma reuni\u00e3o pedag\u00f3gica com as sete Divis\u00f5es Distritais Zonais (DDZs), com foco na implementa\u00e7\u00e3o da BNCC de Computa\u00e7\u00e3o no ensino fundamental. Entendemos que a BNCC \u00e9 um complemento ao Curr\u00edculo Escolar Municipal. Essa proposta reconhece a computa\u00e7\u00e3o como um direito de todos os estudantes, que ser\u00e3o impactados desde a educa\u00e7\u00e3o infantil at\u00e9 o ensino fundamental, em conformidade com a Pol\u00edtica Nacional de Educa\u00e7\u00e3o Digital. A iniciativa assegura o desenvolvimento de compet\u00eancias para compreender e utilizar as tecnologias digitais de forma cr\u00edtica, \u00e9tica, criativa e respons\u00e1vel, considerando que a tecnologia j\u00e1 est\u00e1 presente em toda a sociedade\u201d, ressaltou.&nbsp;<\/p>\n\n\n\n<p>De acordo com a coordenadora dos anos iniciais da DDZ Oeste, professora Izaura Santos, a iniciativa \u00e9 uma forma de prepar\u00e1-los para o uso positivo da computa\u00e7\u00e3o.&nbsp;<\/p>\n\n\n\n<p>\u201cHoje participo deste momento de forma\u00e7\u00e3o e orienta\u00e7\u00e3o sobre a implementa\u00e7\u00e3o das sete compet\u00eancias da BNCC de Computa\u00e7\u00e3o ao nosso Curr\u00edculo Escolar Municipal. A secretaria avan\u00e7a com mais essa a\u00e7\u00e3o, que complementa o curr\u00edculo. Estudantes e professores j\u00e1 est\u00e3o inseridos nesse contexto, um dos pontos mais importantes \u00e9 trabalhar o uso consciente dessas ferramentas, preparando-os para o ambiente digital, que j\u00e1 faz parte do nosso dia a dia. A escola tem esse papel de orient\u00e1-los para que fa\u00e7am um uso positivo da tecnologia\u201d, concluiu.<\/p>\n\n\n\n<figure class=\"wp-block-image size-large\"><img loading=\"lazy\" decoding=\"async\" width=\"1024\" height=\"768\" src=\"https:\/\/www.manaus.am.gov.br\/semcom\/wp-content\/uploads\/sites\/5\/2026\/04\/Apresentacao-2-1024x768.jpeg\" alt=\"\" class=\"wp-image-257540\" srcset=\"https:\/\/www.manaus.am.gov.br\/semcom\/wp-content\/uploads\/sites\/5\/2026\/04\/Apresentacao-2-1024x768.jpeg 1024w, https:\/\/www.manaus.am.gov.br\/semcom\/wp-content\/uploads\/sites\/5\/2026\/04\/Apresentacao-2-300x225.jpeg 300w, https:\/\/www.manaus.am.gov.br\/semcom\/wp-content\/uploads\/sites\/5\/2026\/04\/Apresentacao-2-768x576.jpeg 768w, https:\/\/www.manaus.am.gov.br\/semcom\/wp-content\/uploads\/sites\/5\/2026\/04\/Apresentacao-2.jpeg 1280w\" sizes=\"(max-width: 1024px) 100vw, 1024px\" \/><figcaption class=\"wp-element-caption\">#paratodosverem &#8211; Servidores da rede municipal de Educa\u00e7\u00e3o<\/figcaption><\/figure>\n\n\n\n<p>&#8212; &#8212; &#8212;<\/p>\n\n\n\n<p><strong>Texto&nbsp;<\/strong>&#8211;&nbsp;Jorgiane&nbsp;Castinares\/Semed&nbsp;<\/p>\n\n\n\n<p><strong>Fotos <\/strong>\u2013 Divulga\u00e7\u00e3o\/Semed<\/p>\n","protected":false},"excerpt":{"rendered":"","protected":false},"author":39,"featured_media":257541,"comment_status":"closed","ping_status":"closed","sticky":false,"template":"","format":"standard","meta":{"footnotes":""},"categories":[49],"tags":[20559,20560,20561,77,62],"acf":[],"yoast_head":"<!-- This site is optimized with the Yoast SEO plugin v23.0 - https:\/\/yoast.com\/wordpress\/plugins\/seo\/ -->\n<title>Apresenta\u00e7\u00e3o do plano de implementa\u00e7\u00e3o da BNCC CO e integra\u00e7\u00e3o ao CEM<\/title>\n<meta name=\"description\" content=\"Prefeitura de Manaus apresenta plano de implementa\u00e7\u00e3o da BNCC de Computa\u00e7\u00e3o e integra\u00e7\u00e3o ao Curr\u00edculo Escolar Municipal.\" \/>\n<meta name=\"robots\" content=\"index, follow, max-snippet:-1, max-image-preview:large, max-video-preview:-1\" \/>\n<link rel=\"canonical\" href=\"https:\/\/www.manaus.am.gov.br\/semcom\/apresentacao-plano-bncc-co-integracao-cem\/\" \/>\n<meta property=\"og:locale\" content=\"pt_BR\" \/>\n<meta property=\"og:type\" content=\"article\" \/>\n<meta property=\"og:title\" content=\"Apresenta\u00e7\u00e3o do plano de implementa\u00e7\u00e3o da BNCC CO e integra\u00e7\u00e3o ao CEM\" \/>\n<meta property=\"og:description\" content=\"Prefeitura de Manaus apresenta plano de implementa\u00e7\u00e3o da BNCC de Computa\u00e7\u00e3o e integra\u00e7\u00e3o ao Curr\u00edculo Escolar Municipal.\" \/>\n<meta property=\"og:url\" content=\"https:\/\/www.manaus.am.gov.br\/semcom\/apresentacao-plano-bncc-co-integracao-cem\/\" \/>\n<meta property=\"og:site_name\" content=\"SEMCOM\" \/>\n<meta property=\"article:published_time\" content=\"2026-04-28T16:19:57+00:00\" \/>\n<meta property=\"article:modified_time\" content=\"2026-04-28T19:11:55+00:00\" \/>\n<meta property=\"og:image\" content=\"https:\/\/www.manaus.am.gov.br\/semcom\/wp-content\/uploads\/sites\/5\/2026\/04\/Apresentacao-1.jpeg\" \/>\n\t<meta property=\"og:image:width\" content=\"1280\" \/>\n\t<meta property=\"og:image:height\" content=\"960\" \/>\n\t<meta property=\"og:image:type\" content=\"image\/jpeg\" \/>\n<meta name=\"author\" content=\"Bruna Greco\" \/>\n<meta name=\"twitter:card\" content=\"summary_large_image\" \/>\n<meta name=\"twitter:label1\" content=\"Written by\" \/>\n\t<meta name=\"twitter:data1\" content=\"Bruna Greco\" \/>\n\t<meta name=\"twitter:label2\" content=\"Est. reading time\" \/>\n\t<meta name=\"twitter:data2\" content=\"3 minutos\" \/>\n<script type=\"application\/ld+json\" class=\"yoast-schema-graph\">{\"@context\":\"https:\/\/schema.org\",\"@graph\":[{\"@type\":\"WebPage\",\"@id\":\"https:\/\/www.manaus.am.gov.br\/semcom\/apresentacao-plano-bncc-co-integracao-cem\/\",\"url\":\"https:\/\/www.manaus.am.gov.br\/semcom\/apresentacao-plano-bncc-co-integracao-cem\/\",\"name\":\"Apresenta\u00e7\u00e3o do plano de implementa\u00e7\u00e3o da BNCC CO e integra\u00e7\u00e3o ao CEM\",\"isPartOf\":{\"@id\":\"https:\/\/www.manaus.am.gov.br\/semcom\/#website\"},\"primaryImageOfPage\":{\"@id\":\"https:\/\/www.manaus.am.gov.br\/semcom\/apresentacao-plano-bncc-co-integracao-cem\/#primaryimage\"},\"image\":{\"@id\":\"https:\/\/www.manaus.am.gov.br\/semcom\/apresentacao-plano-bncc-co-integracao-cem\/#primaryimage\"},\"thumbnailUrl\":\"https:\/\/www.manaus.am.gov.br\/semcom\/wp-content\/uploads\/sites\/5\/2026\/04\/Apresentacao-1.jpeg\",\"datePublished\":\"2026-04-28T16:19:57+00:00\",\"dateModified\":\"2026-04-28T19:11:55+00:00\",\"author\":{\"@id\":\"https:\/\/www.manaus.am.gov.br\/semcom\/#\/schema\/person\/05d223aea2bf115f9883a6ff3683d81b\"},\"description\":\"Prefeitura de Manaus apresenta plano de implementa\u00e7\u00e3o da BNCC de Computa\u00e7\u00e3o e integra\u00e7\u00e3o ao Curr\u00edculo Escolar Municipal.\",\"inLanguage\":\"pt-BR\",\"potentialAction\":[{\"@type\":\"ReadAction\",\"target\":[\"https:\/\/www.manaus.am.gov.br\/semcom\/apresentacao-plano-bncc-co-integracao-cem\/\"]}]},{\"@type\":\"ImageObject\",\"inLanguage\":\"pt-BR\",\"@id\":\"https:\/\/www.manaus.am.gov.br\/semcom\/apresentacao-plano-bncc-co-integracao-cem\/#primaryimage\",\"url\":\"https:\/\/www.manaus.am.gov.br\/semcom\/wp-content\/uploads\/sites\/5\/2026\/04\/Apresentacao-1.jpeg\",\"contentUrl\":\"https:\/\/www.manaus.am.gov.br\/semcom\/wp-content\/uploads\/sites\/5\/2026\/04\/Apresentacao-1.jpeg\",\"width\":1280,\"height\":960,\"caption\":\"#paratodosverem - Servidores da Semed participando de encontro de apresenta\u00e7\u00e3o do as diretrizes para a implementa\u00e7\u00e3o da BNCC CO, integrada ao CEM\"},{\"@type\":\"WebSite\",\"@id\":\"https:\/\/www.manaus.am.gov.br\/semcom\/#website\",\"url\":\"https:\/\/www.manaus.am.gov.br\/semcom\/\",\"name\":\"SEMCOM\",\"description\":\"Secretaria Municipal de Comunica\u00e7\u00e3o\",\"potentialAction\":[{\"@type\":\"SearchAction\",\"target\":{\"@type\":\"EntryPoint\",\"urlTemplate\":\"https:\/\/www.manaus.am.gov.br\/semcom\/?s={search_term_string}\"},\"query-input\":\"required name=search_term_string\"}],\"inLanguage\":\"pt-BR\"},{\"@type\":\"Person\",\"@id\":\"https:\/\/www.manaus.am.gov.br\/semcom\/#\/schema\/person\/05d223aea2bf115f9883a6ff3683d81b\",\"name\":\"Bruna Greco\",\"image\":{\"@type\":\"ImageObject\",\"inLanguage\":\"pt-BR\",\"@id\":\"https:\/\/www.manaus.am.gov.br\/semcom\/#\/schema\/person\/image\/\",\"url\":\"https:\/\/secure.gravatar.com\/avatar\/9c877d1a6adc2a055330e5c09a8653ce?s=96&d=mm&r=g\",\"contentUrl\":\"https:\/\/secure.gravatar.com\/avatar\/9c877d1a6adc2a055330e5c09a8653ce?s=96&d=mm&r=g\",\"caption\":\"Bruna Greco\"}}]}<\/script>\n<!-- \/ Yoast SEO plugin. -->","yoast_head_json":{"title":"Apresenta\u00e7\u00e3o do plano de implementa\u00e7\u00e3o da BNCC CO e integra\u00e7\u00e3o ao CEM","description":"Prefeitura de Manaus apresenta plano de implementa\u00e7\u00e3o da BNCC de Computa\u00e7\u00e3o e integra\u00e7\u00e3o ao Curr\u00edculo Escolar Municipal.","robots":{"index":"index","follow":"follow","max-snippet":"max-snippet:-1","max-image-preview":"max-image-preview:large","max-video-preview":"max-video-preview:-1"},"canonical":"https:\/\/www.manaus.am.gov.br\/semcom\/apresentacao-plano-bncc-co-integracao-cem\/","og_locale":"pt_BR","og_type":"article","og_title":"Apresenta\u00e7\u00e3o do plano de implementa\u00e7\u00e3o da BNCC CO e integra\u00e7\u00e3o ao CEM","og_description":"Prefeitura de Manaus apresenta plano de implementa\u00e7\u00e3o da BNCC de Computa\u00e7\u00e3o e integra\u00e7\u00e3o ao Curr\u00edculo Escolar Municipal.","og_url":"https:\/\/www.manaus.am.gov.br\/semcom\/apresentacao-plano-bncc-co-integracao-cem\/","og_site_name":"SEMCOM","article_published_time":"2026-04-28T16:19:57+00:00","article_modified_time":"2026-04-28T19:11:55+00:00","og_image":[{"width":1280,"height":960,"url":"https:\/\/www.manaus.am.gov.br\/semcom\/wp-content\/uploads\/sites\/5\/2026\/04\/Apresentacao-1.jpeg","type":"image\/jpeg"}],"author":"Bruna Greco","twitter_card":"summary_large_image","twitter_misc":{"Written by":"Bruna Greco","Est. reading time":"3 minutos"},"schema":{"@context":"https:\/\/schema.org","@graph":[{"@type":"WebPage","@id":"https:\/\/www.manaus.am.gov.br\/semcom\/apresentacao-plano-bncc-co-integracao-cem\/","url":"https:\/\/www.manaus.am.gov.br\/semcom\/apresentacao-plano-bncc-co-integracao-cem\/","name":"Apresenta\u00e7\u00e3o do plano de implementa\u00e7\u00e3o da BNCC CO e integra\u00e7\u00e3o ao CEM","isPartOf":{"@id":"https:\/\/www.manaus.am.gov.br\/semcom\/#website"},"primaryImageOfPage":{"@id":"https:\/\/www.manaus.am.gov.br\/semcom\/apresentacao-plano-bncc-co-integracao-cem\/#primaryimage"},"image":{"@id":"https:\/\/www.manaus.am.gov.br\/semcom\/apresentacao-plano-bncc-co-integracao-cem\/#primaryimage"},"thumbnailUrl":"https:\/\/www.manaus.am.gov.br\/semcom\/wp-content\/uploads\/sites\/5\/2026\/04\/Apresentacao-1.jpeg","datePublished":"2026-04-28T16:19:57+00:00","dateModified":"2026-04-28T19:11:55+00:00","author":{"@id":"https:\/\/www.manaus.am.gov.br\/semcom\/#\/schema\/person\/05d223aea2bf115f9883a6ff3683d81b"},"description":"Prefeitura de Manaus apresenta plano de implementa\u00e7\u00e3o da BNCC de Computa\u00e7\u00e3o e integra\u00e7\u00e3o ao Curr\u00edculo Escolar Municipal.","inLanguage":"pt-BR","potentialAction":[{"@type":"ReadAction","target":["https:\/\/www.manaus.am.gov.br\/semcom\/apresentacao-plano-bncc-co-integracao-cem\/"]}]},{"@type":"ImageObject","inLanguage":"pt-BR","@id":"https:\/\/www.manaus.am.gov.br\/semcom\/apresentacao-plano-bncc-co-integracao-cem\/#primaryimage","url":"https:\/\/www.manaus.am.gov.br\/semcom\/wp-content\/uploads\/sites\/5\/2026\/04\/Apresentacao-1.jpeg","contentUrl":"https:\/\/www.manaus.am.gov.br\/semcom\/wp-content\/uploads\/sites\/5\/2026\/04\/Apresentacao-1.jpeg","width":1280,"height":960,"caption":"#paratodosverem - Servidores da Semed participando de encontro de apresenta\u00e7\u00e3o do as diretrizes para a implementa\u00e7\u00e3o da BNCC CO, integrada ao CEM"},{"@type":"WebSite","@id":"https:\/\/www.manaus.am.gov.br\/semcom\/#website","url":"https:\/\/www.manaus.am.gov.br\/semcom\/","name":"SEMCOM","description":"Secretaria Municipal de Comunica\u00e7\u00e3o","potentialAction":[{"@type":"SearchAction","target":{"@type":"EntryPoint","urlTemplate":"https:\/\/www.manaus.am.gov.br\/semcom\/?s={search_term_string}"},"query-input":"required name=search_term_string"}],"inLanguage":"pt-BR"},{"@type":"Person","@id":"https:\/\/www.manaus.am.gov.br\/semcom\/#\/schema\/person\/05d223aea2bf115f9883a6ff3683d81b","name":"Bruna Greco","image":{"@type":"ImageObject","inLanguage":"pt-BR","@id":"https:\/\/www.manaus.am.gov.br\/semcom\/#\/schema\/person\/image\/","url":"https:\/\/secure.gravatar.com\/avatar\/9c877d1a6adc2a055330e5c09a8653ce?s=96&d=mm&r=g","contentUrl":"https:\/\/secure.gravatar.com\/avatar\/9c877d1a6adc2a055330e5c09a8653ce?s=96&d=mm&r=g","caption":"Bruna Greco"}}]}},"_links":{"self":[{"href":"https:\/\/www.manaus.am.gov.br\/semcom\/wp-json\/wp\/v2\/posts\/257539"}],"collection":[{"href":"https:\/\/www.manaus.am.gov.br\/semcom\/wp-json\/wp\/v2\/posts"}],"about":[{"href":"https:\/\/www.manaus.am.gov.br\/semcom\/wp-json\/wp\/v2\/types\/post"}],"author":[{"embeddable":true,"href":"https:\/\/www.manaus.am.gov.br\/semcom\/wp-json\/wp\/v2\/users\/39"}],"replies":[{"embeddable":true,"href":"https:\/\/www.manaus.am.gov.br\/semcom\/wp-json\/wp\/v2\/comments?post=257539"}],"version-history":[{"count":11,"href":"https:\/\/www.manaus.am.gov.br\/semcom\/wp-json\/wp\/v2\/posts\/257539\/revisions"}],"predecessor-version":[{"id":257588,"href":"https:\/\/www.manaus.am.gov.br\/semcom\/wp-json\/wp\/v2\/posts\/257539\/revisions\/257588"}],"wp:featuredmedia":[{"embeddable":true,"href":"https:\/\/www.manaus.am.gov.br\/semcom\/wp-json\/wp\/v2\/media\/257541"}],"wp:attachment":[{"href":"https:\/\/www.manaus.am.gov.br\/semcom\/wp-json\/wp\/v2\/media?parent=257539"}],"wp:term":[{"taxonomy":"category","embeddable":true,"href":"https:\/\/www.manaus.am.gov.br\/semcom\/wp-json\/wp\/v2\/categories?post=257539"},{"taxonomy":"post_tag","embeddable":true,"href":"https:\/\/www.manaus.am.gov.br\/semcom\/wp-json\/wp\/v2\/tags?post=257539"}],"curies":[{"name":"wp","href":"https:\/\/api.w.org\/{rel}","templated":true}]}}