{"id":257537,"date":"2026-04-28T13:19:01","date_gmt":"2026-04-28T16:19:01","guid":{"rendered":"https:\/\/www.manaus.am.gov.br\/semcom\/prefeitura-immu-fiscalizacao-zonaderestricao\/"},"modified":"2026-04-28T14:47:42","modified_gmt":"2026-04-28T17:47:42","slug":"prefeitura-immu-operacao-de-fiscalizacao-zonaderestricao","status":"publish","type":"post","link":"https:\/\/www.manaus.am.gov.br\/semcom\/prefeitura-immu-operacao-de-fiscalizacao-zonaderestricao\/","title":{"rendered":"Prefeitura de Manaus autua caminh\u00f5es em \u00e1rea proibida na avenida M\u00e1rio Ypiranga Monteiro"},"content":{"rendered":"\n<p>A <a href=\"https:\/\/www.manaus.am.gov.br\/\">Prefeitura de Manaus<\/a>, por meio do <a href=\"https:\/\/www.instagram.com\/immu_manaus\/\">Instituto Municipal de Mobilidade Urbana<\/a> (IMMU), realizou, na manh\u00e3 desta ter\u00e7a-feira, 28\/4, mais uma opera\u00e7\u00e3o de fiscaliza\u00e7\u00e3o contra a circula\u00e7\u00e3o irregular de ve\u00edculos pesados na avenida M\u00e1rio Ypiranga Monteiro, zona Centro-Sul da capital. A via integra a chamada Zona M\u00e1xima de Restri\u00e7\u00e3o de Circula\u00e7\u00e3o (ZMRC), onde o tr\u00e1fego de caminh\u00f5es \u00e9 controlado por regras r\u00edgidas de hor\u00e1rio e peso, com proibi\u00e7\u00e3o em diversos per\u00edodos do dia.<\/p>\n\n\n\n<p>De acordo com a regulamenta\u00e7\u00e3o municipal, a M\u00e1rio Ypiranga Monteiro est\u00e1 entre as principais avenidas da cidade inclu\u00eddas nesta zona, ao lado de corredores como Djalma Batista, Constantino Nery e Umberto Calderaro, justamente por concentrar alto fluxo de ve\u00edculos e intensa circula\u00e7\u00e3o de pedestres.<\/p>\n\n\n\n<p>O diretor de Opera\u00e7\u00f5es de Tr\u00e2nsito do IMMU, Stanley Ventilari, destacou que a atua\u00e7\u00e3o segue firme nas \u00e1reas cr\u00edticas. \u201cAtuamos, de forma cont\u00ednua, nas vias de maior fluxo. A circula\u00e7\u00e3o irregular de ve\u00edculos pesados impacta diretamente o tr\u00e2nsito e coloca em risco a seguran\u00e7a. Por isso, quando h\u00e1 descumprimento, a autua\u00e7\u00e3o \u00e9 aplicada\u201d, afirmou.<\/p>\n\n\n\n<p>Durante a opera\u00e7\u00e3o de fiscaliza\u00e7\u00e3o, agentes de tr\u00e2nsito abordaram diversos caminh\u00f5es que trafegavam em desacordo com a sinaliza\u00e7\u00e3o e as regras vigentes. Ao todo, foram registradas oito autua\u00e7\u00f5es envolvendo ve\u00edculos pesados e outras sete autua\u00e7\u00f5es por irregularidades diversas. Os infratores foram penalizados conforme o C\u00f3digo de Tr\u00e2nsito Brasileiro (CTB), que prev\u00ea multa e reten\u00e7\u00e3o do ve\u00edculo em casos de descumprimento das restri\u00e7\u00f5es.<\/p>\n\n\n\n<p>A a\u00e7\u00e3o faz parte da rotina de fiscaliza\u00e7\u00e3o do munic\u00edpio, que atua diariamente em pontos estrat\u00e9gicos da cidade para garantir o cumprimento da legisla\u00e7\u00e3o. Com a sinaliza\u00e7\u00e3o implantada e as regras amplamente divulgadas, o foco \u00e9 refor\u00e7ar as medidas administrativas contra quem insiste em desrespeitar as normas.<\/p>\n\n\n\n<p>A prefeitura refor\u00e7a que a Zona M\u00e1xima de Restri\u00e7\u00e3o foi criada justamente para reduzir congestionamentos, preservar a infraestrutura vi\u00e1ria e aumentar a seguran\u00e7a no tr\u00e2nsito. Ve\u00edculos de grande porte devem respeitar os hor\u00e1rios e rotas estabelecidos, sob pena de autua\u00e7\u00e3o imediata.<\/p>\n\n\n\n<p>&#8212; &#8212; &#8212;<\/p>\n\n\n\n<p><strong>Texto <\/strong>\u2013 Marcelo Lima \/ IMMU<\/p>\n\n\n\n<p><strong>Fotos <\/strong>\u2013 Divulga\u00e7\u00e3o \/ IMMU&nbsp;&nbsp;&nbsp;&nbsp;&nbsp;&nbsp;&nbsp;&nbsp;&nbsp;&nbsp;&nbsp;&nbsp;&nbsp;&nbsp;&nbsp;&nbsp;&nbsp;&nbsp;&nbsp;&nbsp;&nbsp;&nbsp;&nbsp;&nbsp;&nbsp;&nbsp;<\/p>\n","protected":false},"excerpt":{"rendered":"","protected":false},"author":23,"featured_media":257538,"comment_status":"closed","ping_status":"closed","sticky":false,"template":"","format":"standard","meta":{"footnotes":""},"categories":[445],"tags":[362,88,12,77,9976],"acf":[],"yoast_head":"<!-- This site is optimized with the Yoast SEO plugin v23.0 - https:\/\/yoast.com\/wordpress\/plugins\/seo\/ -->\n<title>Prefeitura de Manaus autua caminh\u00f5es em \u00e1rea proibida na avenida M\u00e1rio Ypiranga Monteiro<\/title>\n<meta name=\"description\" content=\"A Prefeitura de Manaus, por meio do Instituto Municipal de Mobilidade Urbana (IMMU), realizou, na manh\u00e3 desta ter\u00e7a-feira, 28\/4, mais uma opera\u00e7\u00e3o de fiscaliza\u00e7\u00e3o contra a circula\u00e7\u00e3o irregular de ve\u00edculos pesados na avenida M\u00e1rio Ypiranga Monteiro\" \/>\n<meta name=\"robots\" content=\"index, follow, max-snippet:-1, max-image-preview:large, max-video-preview:-1\" \/>\n<link rel=\"canonical\" href=\"https:\/\/www.manaus.am.gov.br\/semcom\/prefeitura-immu-fiscalizacao-zonaderestricao\/\" \/>\n<meta property=\"og:locale\" content=\"pt_BR\" \/>\n<meta property=\"og:type\" content=\"article\" \/>\n<meta property=\"og:title\" content=\"Prefeitura de Manaus autua caminh\u00f5es em \u00e1rea proibida na avenida M\u00e1rio Ypiranga Monteiro\" \/>\n<meta property=\"og:description\" content=\"A Prefeitura de Manaus, por meio do Instituto Municipal de Mobilidade Urbana (IMMU), realizou, na manh\u00e3 desta ter\u00e7a-feira, 28\/4, mais uma opera\u00e7\u00e3o de fiscaliza\u00e7\u00e3o contra a circula\u00e7\u00e3o irregular de ve\u00edculos pesados na avenida M\u00e1rio Ypiranga Monteiro\" \/>\n<meta property=\"og:url\" content=\"https:\/\/www.manaus.am.gov.br\/semcom\/prefeitura-immu-fiscalizacao-zonaderestricao\/\" \/>\n<meta property=\"og:site_name\" content=\"SEMCOM\" \/>\n<meta property=\"article:published_time\" content=\"2026-04-28T16:19:01+00:00\" \/>\n<meta property=\"article:modified_time\" content=\"2026-04-28T17:47:42+00:00\" \/>\n<meta property=\"og:image\" content=\"https:\/\/www.manaus.am.gov.br\/semcom\/wp-content\/uploads\/sites\/5\/2026\/04\/WhatsApp-Image-2026-04-28-at-12.02.35-2.jpeg\" \/>\n\t<meta property=\"og:image:width\" content=\"1599\" \/>\n\t<meta property=\"og:image:height\" content=\"899\" \/>\n\t<meta property=\"og:image:type\" content=\"image\/jpeg\" \/>\n<meta name=\"author\" content=\"Adriana Costa\" \/>\n<meta name=\"twitter:card\" content=\"summary_large_image\" \/>\n<meta name=\"twitter:label1\" content=\"Written by\" \/>\n\t<meta name=\"twitter:data1\" content=\"Adriana Costa\" \/>\n\t<meta name=\"twitter:label2\" content=\"Est. reading time\" \/>\n\t<meta name=\"twitter:data2\" content=\"3 minutos\" \/>\n<script type=\"application\/ld+json\" class=\"yoast-schema-graph\">{\"@context\":\"https:\/\/schema.org\",\"@graph\":[{\"@type\":\"WebPage\",\"@id\":\"https:\/\/www.manaus.am.gov.br\/semcom\/prefeitura-immu-fiscalizacao-zonaderestricao\/\",\"url\":\"https:\/\/www.manaus.am.gov.br\/semcom\/prefeitura-immu-fiscalizacao-zonaderestricao\/\",\"name\":\"Prefeitura de Manaus autua caminh\u00f5es em \u00e1rea proibida na avenida M\u00e1rio Ypiranga Monteiro\",\"isPartOf\":{\"@id\":\"https:\/\/www.manaus.am.gov.br\/semcom\/#website\"},\"primaryImageOfPage\":{\"@id\":\"https:\/\/www.manaus.am.gov.br\/semcom\/prefeitura-immu-fiscalizacao-zonaderestricao\/#primaryimage\"},\"image\":{\"@id\":\"https:\/\/www.manaus.am.gov.br\/semcom\/prefeitura-immu-fiscalizacao-zonaderestricao\/#primaryimage\"},\"thumbnailUrl\":\"https:\/\/www.manaus.am.gov.br\/semcom\/wp-content\/uploads\/sites\/5\/2026\/04\/WhatsApp-Image-2026-04-28-at-12.02.35-2.jpeg\",\"datePublished\":\"2026-04-28T16:19:01+00:00\",\"dateModified\":\"2026-04-28T17:47:42+00:00\",\"author\":{\"@id\":\"https:\/\/www.manaus.am.gov.br\/semcom\/#\/schema\/person\/4e49f4e267757a06ca072ec61b2b9968\"},\"description\":\"A Prefeitura de Manaus, por meio do Instituto Municipal de Mobilidade Urbana (IMMU), realizou, na manh\u00e3 desta ter\u00e7a-feira, 28\/4, mais uma opera\u00e7\u00e3o de fiscaliza\u00e7\u00e3o contra a circula\u00e7\u00e3o irregular de ve\u00edculos pesados na avenida M\u00e1rio Ypiranga Monteiro\",\"inLanguage\":\"pt-BR\",\"potentialAction\":[{\"@type\":\"ReadAction\",\"target\":[\"https:\/\/www.manaus.am.gov.br\/semcom\/prefeitura-immu-fiscalizacao-zonaderestricao\/\"]}]},{\"@type\":\"ImageObject\",\"inLanguage\":\"pt-BR\",\"@id\":\"https:\/\/www.manaus.am.gov.br\/semcom\/prefeitura-immu-fiscalizacao-zonaderestricao\/#primaryimage\",\"url\":\"https:\/\/www.manaus.am.gov.br\/semcom\/wp-content\/uploads\/sites\/5\/2026\/04\/WhatsApp-Image-2026-04-28-at-12.02.35-2.jpeg\",\"contentUrl\":\"https:\/\/www.manaus.am.gov.br\/semcom\/wp-content\/uploads\/sites\/5\/2026\/04\/WhatsApp-Image-2026-04-28-at-12.02.35-2.jpeg\",\"width\":1599,\"height\":899,\"caption\":\"#paratodosverem - Fiscais do IMMU atuam na avenida M\u00e1rio Ypiranga Monteiro para cumprimento das regras da Zona M\u00e1xima de Restri\u00e7\u00e3o de Circula\u00e7\u00e3o\"},{\"@type\":\"WebSite\",\"@id\":\"https:\/\/www.manaus.am.gov.br\/semcom\/#website\",\"url\":\"https:\/\/www.manaus.am.gov.br\/semcom\/\",\"name\":\"SEMCOM\",\"description\":\"Secretaria Municipal de Comunica\u00e7\u00e3o\",\"potentialAction\":[{\"@type\":\"SearchAction\",\"target\":{\"@type\":\"EntryPoint\",\"urlTemplate\":\"https:\/\/www.manaus.am.gov.br\/semcom\/?s={search_term_string}\"},\"query-input\":\"required name=search_term_string\"}],\"inLanguage\":\"pt-BR\"},{\"@type\":\"Person\",\"@id\":\"https:\/\/www.manaus.am.gov.br\/semcom\/#\/schema\/person\/4e49f4e267757a06ca072ec61b2b9968\",\"name\":\"Adriana Costa\",\"image\":{\"@type\":\"ImageObject\",\"inLanguage\":\"pt-BR\",\"@id\":\"https:\/\/www.manaus.am.gov.br\/semcom\/#\/schema\/person\/image\/\",\"url\":\"https:\/\/secure.gravatar.com\/avatar\/576258617ef7194f718179e766d57bd4?s=96&d=mm&r=g\",\"contentUrl\":\"https:\/\/secure.gravatar.com\/avatar\/576258617ef7194f718179e766d57bd4?s=96&d=mm&r=g\",\"caption\":\"Adriana Costa\"}}]}<\/script>\n<!-- \/ Yoast SEO plugin. -->","yoast_head_json":{"title":"Prefeitura de Manaus autua caminh\u00f5es em \u00e1rea proibida na avenida M\u00e1rio Ypiranga Monteiro","description":"A Prefeitura de Manaus, por meio do Instituto Municipal de Mobilidade Urbana (IMMU), realizou, na manh\u00e3 desta ter\u00e7a-feira, 28\/4, mais uma opera\u00e7\u00e3o de fiscaliza\u00e7\u00e3o contra a circula\u00e7\u00e3o irregular de ve\u00edculos pesados na avenida M\u00e1rio Ypiranga Monteiro","robots":{"index":"index","follow":"follow","max-snippet":"max-snippet:-1","max-image-preview":"max-image-preview:large","max-video-preview":"max-video-preview:-1"},"canonical":"https:\/\/www.manaus.am.gov.br\/semcom\/prefeitura-immu-fiscalizacao-zonaderestricao\/","og_locale":"pt_BR","og_type":"article","og_title":"Prefeitura de Manaus autua caminh\u00f5es em \u00e1rea proibida na avenida M\u00e1rio Ypiranga Monteiro","og_description":"A Prefeitura de Manaus, por meio do Instituto Municipal de Mobilidade Urbana (IMMU), realizou, na manh\u00e3 desta ter\u00e7a-feira, 28\/4, mais uma opera\u00e7\u00e3o de fiscaliza\u00e7\u00e3o contra a circula\u00e7\u00e3o irregular de ve\u00edculos pesados na avenida M\u00e1rio Ypiranga Monteiro","og_url":"https:\/\/www.manaus.am.gov.br\/semcom\/prefeitura-immu-fiscalizacao-zonaderestricao\/","og_site_name":"SEMCOM","article_published_time":"2026-04-28T16:19:01+00:00","article_modified_time":"2026-04-28T17:47:42+00:00","og_image":[{"width":1599,"height":899,"url":"https:\/\/www.manaus.am.gov.br\/semcom\/wp-content\/uploads\/sites\/5\/2026\/04\/WhatsApp-Image-2026-04-28-at-12.02.35-2.jpeg","type":"image\/jpeg"}],"author":"Adriana Costa","twitter_card":"summary_large_image","twitter_misc":{"Written by":"Adriana Costa","Est. reading time":"3 minutos"},"schema":{"@context":"https:\/\/schema.org","@graph":[{"@type":"WebPage","@id":"https:\/\/www.manaus.am.gov.br\/semcom\/prefeitura-immu-fiscalizacao-zonaderestricao\/","url":"https:\/\/www.manaus.am.gov.br\/semcom\/prefeitura-immu-fiscalizacao-zonaderestricao\/","name":"Prefeitura de Manaus autua caminh\u00f5es em \u00e1rea proibida na avenida M\u00e1rio Ypiranga Monteiro","isPartOf":{"@id":"https:\/\/www.manaus.am.gov.br\/semcom\/#website"},"primaryImageOfPage":{"@id":"https:\/\/www.manaus.am.gov.br\/semcom\/prefeitura-immu-fiscalizacao-zonaderestricao\/#primaryimage"},"image":{"@id":"https:\/\/www.manaus.am.gov.br\/semcom\/prefeitura-immu-fiscalizacao-zonaderestricao\/#primaryimage"},"thumbnailUrl":"https:\/\/www.manaus.am.gov.br\/semcom\/wp-content\/uploads\/sites\/5\/2026\/04\/WhatsApp-Image-2026-04-28-at-12.02.35-2.jpeg","datePublished":"2026-04-28T16:19:01+00:00","dateModified":"2026-04-28T17:47:42+00:00","author":{"@id":"https:\/\/www.manaus.am.gov.br\/semcom\/#\/schema\/person\/4e49f4e267757a06ca072ec61b2b9968"},"description":"A Prefeitura de Manaus, por meio do Instituto Municipal de Mobilidade Urbana (IMMU), realizou, na manh\u00e3 desta ter\u00e7a-feira, 28\/4, mais uma opera\u00e7\u00e3o de fiscaliza\u00e7\u00e3o contra a circula\u00e7\u00e3o irregular de ve\u00edculos pesados na avenida M\u00e1rio Ypiranga Monteiro","inLanguage":"pt-BR","potentialAction":[{"@type":"ReadAction","target":["https:\/\/www.manaus.am.gov.br\/semcom\/prefeitura-immu-fiscalizacao-zonaderestricao\/"]}]},{"@type":"ImageObject","inLanguage":"pt-BR","@id":"https:\/\/www.manaus.am.gov.br\/semcom\/prefeitura-immu-fiscalizacao-zonaderestricao\/#primaryimage","url":"https:\/\/www.manaus.am.gov.br\/semcom\/wp-content\/uploads\/sites\/5\/2026\/04\/WhatsApp-Image-2026-04-28-at-12.02.35-2.jpeg","contentUrl":"https:\/\/www.manaus.am.gov.br\/semcom\/wp-content\/uploads\/sites\/5\/2026\/04\/WhatsApp-Image-2026-04-28-at-12.02.35-2.jpeg","width":1599,"height":899,"caption":"#paratodosverem - Fiscais do IMMU atuam na avenida M\u00e1rio Ypiranga Monteiro para cumprimento das regras da Zona M\u00e1xima de Restri\u00e7\u00e3o de Circula\u00e7\u00e3o"},{"@type":"WebSite","@id":"https:\/\/www.manaus.am.gov.br\/semcom\/#website","url":"https:\/\/www.manaus.am.gov.br\/semcom\/","name":"SEMCOM","description":"Secretaria Municipal de Comunica\u00e7\u00e3o","potentialAction":[{"@type":"SearchAction","target":{"@type":"EntryPoint","urlTemplate":"https:\/\/www.manaus.am.gov.br\/semcom\/?s={search_term_string}"},"query-input":"required name=search_term_string"}],"inLanguage":"pt-BR"},{"@type":"Person","@id":"https:\/\/www.manaus.am.gov.br\/semcom\/#\/schema\/person\/4e49f4e267757a06ca072ec61b2b9968","name":"Adriana Costa","image":{"@type":"ImageObject","inLanguage":"pt-BR","@id":"https:\/\/www.manaus.am.gov.br\/semcom\/#\/schema\/person\/image\/","url":"https:\/\/secure.gravatar.com\/avatar\/576258617ef7194f718179e766d57bd4?s=96&d=mm&r=g","contentUrl":"https:\/\/secure.gravatar.com\/avatar\/576258617ef7194f718179e766d57bd4?s=96&d=mm&r=g","caption":"Adriana Costa"}}]}},"_links":{"self":[{"href":"https:\/\/www.manaus.am.gov.br\/semcom\/wp-json\/wp\/v2\/posts\/257537"}],"collection":[{"href":"https:\/\/www.manaus.am.gov.br\/semcom\/wp-json\/wp\/v2\/posts"}],"about":[{"href":"https:\/\/www.manaus.am.gov.br\/semcom\/wp-json\/wp\/v2\/types\/post"}],"author":[{"embeddable":true,"href":"https:\/\/www.manaus.am.gov.br\/semcom\/wp-json\/wp\/v2\/users\/23"}],"replies":[{"embeddable":true,"href":"https:\/\/www.manaus.am.gov.br\/semcom\/wp-json\/wp\/v2\/comments?post=257537"}],"version-history":[{"count":1,"href":"https:\/\/www.manaus.am.gov.br\/semcom\/wp-json\/wp\/v2\/posts\/257537\/revisions"}],"predecessor-version":[{"id":257572,"href":"https:\/\/www.manaus.am.gov.br\/semcom\/wp-json\/wp\/v2\/posts\/257537\/revisions\/257572"}],"wp:featuredmedia":[{"embeddable":true,"href":"https:\/\/www.manaus.am.gov.br\/semcom\/wp-json\/wp\/v2\/media\/257538"}],"wp:attachment":[{"href":"https:\/\/www.manaus.am.gov.br\/semcom\/wp-json\/wp\/v2\/media?parent=257537"}],"wp:term":[{"taxonomy":"category","embeddable":true,"href":"https:\/\/www.manaus.am.gov.br\/semcom\/wp-json\/wp\/v2\/categories?post=257537"},{"taxonomy":"post_tag","embeddable":true,"href":"https:\/\/www.manaus.am.gov.br\/semcom\/wp-json\/wp\/v2\/tags?post=257537"}],"curies":[{"name":"wp","href":"https:\/\/api.w.org\/{rel}","templated":true}]}}