{"id":257531,"date":"2026-04-28T11:59:52","date_gmt":"2026-04-28T14:59:52","guid":{"rendered":"https:\/\/www.manaus.am.gov.br\/semcom\/prefeitura-seminf-zonaoeste\/"},"modified":"2026-04-28T14:42:54","modified_gmt":"2026-04-28T17:42:54","slug":"prefeitura-seminf-recuperacao-asfaltica-zonaoeste","status":"publish","type":"post","link":"https:\/\/www.manaus.am.gov.br\/semcom\/prefeitura-seminf-recuperacao-asfaltica-zonaoeste\/","title":{"rendered":"Prefeitura de Manaus intensifica recupera\u00e7\u00e3o asf\u00e1ltica na zona Oeste e revitaliza trecho estrat\u00e9gico da avenida Coronel Teixeira"},"content":{"rendered":"\n<p>A <a href=\"https:\/\/www.manaus.am.gov.br\/\">Prefeitura de Manaus<\/a>, por meio da <a href=\"https:\/\/www.instagram.com\/seminf.manaus\/\">Secretaria Municipal de Infraestrutura<\/a> (Seminf), avan\u00e7ou, nesta ter\u00e7a-feira, 28\/4, com mais uma frente de obras na zona Oeste da capital. Desta vez, a avenida Coronel Teixeira, uma das principais vias de liga\u00e7\u00e3o entre bairros e corredores importantes da cidade, recebeu servi\u00e7os intensivos de recupera\u00e7\u00e3o asf\u00e1ltica no trecho localizado no bairro Santo Agostinho.<\/p>\n\n\n\n<p>A interven\u00e7\u00e3o faz parte do plano cont\u00ednuo de requalifica\u00e7\u00e3o vi\u00e1ria da gest\u00e3o municipal, com foco em garantir mais seguran\u00e7a, mobilidade e qualidade no deslocamento de motoristas e pedestres que utilizam diariamente a via.<\/p>\n\n\n\n<p>O secret\u00e1rio municipal de Infraestrutura, Madson Rodrigues, ressaltou que a a\u00e7\u00e3o refor\u00e7a a presen\u00e7a constante da prefeitura nas ruas e o compromisso com uma cidade mais estruturada.<\/p>\n\n\n\n<p>\u201cEssa \u00e9 uma via muito importante para a zona Oeste, por onde passam milhares de pessoas todos os dias. E quando a gente chega com esse servi\u00e7o, a gente melhora a vida de quem depende dessa rua. Esse \u00e9 o direcionamento do prefeito Renato Junior, estar presente, acompanhar de perto e garantir que o trabalho aconte\u00e7a de verdade. Aqui \u00e9 assim, tem equipe na rua o tempo todo, fa\u00e7a sol ou fa\u00e7a chuva, porque Manaus n\u00e3o pode parar\u201d, destacou o secret\u00e1rio Madson Rodrigues.&nbsp;<\/p>\n\n\n\n<p>Os servi\u00e7os seguiram todas as etapas t\u00e9cnicas necess\u00e1rias, incluindo a limpeza da \u00e1rea, prepara\u00e7\u00e3o da base, aplica\u00e7\u00e3o de emuls\u00e3o asf\u00e1ltica, execu\u00e7\u00e3o da nova camada de pavimento e compacta\u00e7\u00e3o, garantindo maior durabilidade e qualidade ao asfalto.<\/p>\n\n\n\n<p>A Prefeitura de Manaus mant\u00e9m frentes de obras simult\u00e2neas em diferentes zonas da cidade, acelerando a recupera\u00e7\u00e3o asf\u00e1ltica e reafirmando o compromisso de levar infraestrutura de qualidade para toda a popula\u00e7\u00e3o.<\/p>\n\n\n\n<p>&#8212; &#8212; &#8212;<\/p>\n\n\n\n<p><strong>Texto<\/strong>&nbsp;&#8211; Maria Amed\/ Seminf<\/p>\n\n\n\n<p><strong>Fotos<\/strong>&nbsp;&#8211; Divulga\u00e7\u00e3o\/ Seminf<\/p>\n","protected":false},"excerpt":{"rendered":"","protected":false},"author":23,"featured_media":257532,"comment_status":"closed","ping_status":"closed","sticky":false,"template":"","format":"standard","meta":{"footnotes":""},"categories":[27],"tags":[2358,77,133,33,778],"acf":[],"yoast_head":"<!-- This site is optimized with the Yoast SEO plugin v23.0 - https:\/\/yoast.com\/wordpress\/plugins\/seo\/ -->\n<title>Prefeitura de Manaus intensifica recupera\u00e7\u00e3o asf\u00e1ltica na zona Oeste e revitaliza trecho estrat\u00e9gico da avenida Coronel Teixeira<\/title>\n<meta name=\"description\" content=\"A Prefeitura de Manaus, por meio da Secretaria Municipal de Infraestrutura (Seminf), avan\u00e7ou, nesta ter\u00e7a-feira, 28\/4, com mais uma frente de obras na zona Oeste da capital.\" \/>\n<meta name=\"robots\" content=\"index, follow, max-snippet:-1, max-image-preview:large, max-video-preview:-1\" \/>\n<link rel=\"canonical\" href=\"https:\/\/www.manaus.am.gov.br\/semcom\/prefeitura-seminf-zonaoeste\/\" \/>\n<meta property=\"og:locale\" content=\"pt_BR\" \/>\n<meta property=\"og:type\" content=\"article\" \/>\n<meta property=\"og:title\" content=\"Prefeitura de Manaus intensifica recupera\u00e7\u00e3o asf\u00e1ltica na zona Oeste e revitaliza trecho estrat\u00e9gico da avenida Coronel Teixeira\" \/>\n<meta property=\"og:description\" content=\"A Prefeitura de Manaus, por meio da Secretaria Municipal de Infraestrutura (Seminf), avan\u00e7ou, nesta ter\u00e7a-feira, 28\/4, com mais uma frente de obras na zona Oeste da capital.\" \/>\n<meta property=\"og:url\" content=\"https:\/\/www.manaus.am.gov.br\/semcom\/prefeitura-seminf-zonaoeste\/\" \/>\n<meta property=\"og:site_name\" content=\"SEMCOM\" \/>\n<meta property=\"article:published_time\" content=\"2026-04-28T14:59:52+00:00\" \/>\n<meta property=\"article:modified_time\" content=\"2026-04-28T17:42:54+00:00\" \/>\n<meta property=\"og:image\" content=\"https:\/\/www.manaus.am.gov.br\/semcom\/wp-content\/uploads\/sites\/5\/2026\/04\/WhatsApp-Image-2026-04-28-at-10.14.59-2.jpeg\" \/>\n\t<meta property=\"og:image:width\" content=\"1600\" \/>\n\t<meta property=\"og:image:height\" content=\"1200\" \/>\n\t<meta property=\"og:image:type\" content=\"image\/jpeg\" \/>\n<meta name=\"author\" content=\"Adriana Costa\" \/>\n<meta name=\"twitter:card\" content=\"summary_large_image\" \/>\n<meta name=\"twitter:label1\" content=\"Written by\" \/>\n\t<meta name=\"twitter:data1\" content=\"Adriana Costa\" \/>\n\t<meta name=\"twitter:label2\" content=\"Est. reading time\" \/>\n\t<meta name=\"twitter:data2\" content=\"2 minutos\" \/>\n<script type=\"application\/ld+json\" class=\"yoast-schema-graph\">{\"@context\":\"https:\/\/schema.org\",\"@graph\":[{\"@type\":\"WebPage\",\"@id\":\"https:\/\/www.manaus.am.gov.br\/semcom\/prefeitura-seminf-zonaoeste\/\",\"url\":\"https:\/\/www.manaus.am.gov.br\/semcom\/prefeitura-seminf-zonaoeste\/\",\"name\":\"Prefeitura de Manaus intensifica recupera\u00e7\u00e3o asf\u00e1ltica na zona Oeste e revitaliza trecho estrat\u00e9gico da avenida Coronel Teixeira\",\"isPartOf\":{\"@id\":\"https:\/\/www.manaus.am.gov.br\/semcom\/#website\"},\"primaryImageOfPage\":{\"@id\":\"https:\/\/www.manaus.am.gov.br\/semcom\/prefeitura-seminf-zonaoeste\/#primaryimage\"},\"image\":{\"@id\":\"https:\/\/www.manaus.am.gov.br\/semcom\/prefeitura-seminf-zonaoeste\/#primaryimage\"},\"thumbnailUrl\":\"https:\/\/www.manaus.am.gov.br\/semcom\/wp-content\/uploads\/sites\/5\/2026\/04\/WhatsApp-Image-2026-04-28-at-10.14.59-2.jpeg\",\"datePublished\":\"2026-04-28T14:59:52+00:00\",\"dateModified\":\"2026-04-28T17:42:54+00:00\",\"author\":{\"@id\":\"https:\/\/www.manaus.am.gov.br\/semcom\/#\/schema\/person\/4e49f4e267757a06ca072ec61b2b9968\"},\"description\":\"A Prefeitura de Manaus, por meio da Secretaria Municipal de Infraestrutura (Seminf), avan\u00e7ou, nesta ter\u00e7a-feira, 28\/4, com mais uma frente de obras na zona Oeste da capital.\",\"inLanguage\":\"pt-BR\",\"potentialAction\":[{\"@type\":\"ReadAction\",\"target\":[\"https:\/\/www.manaus.am.gov.br\/semcom\/prefeitura-seminf-zonaoeste\/\"]}]},{\"@type\":\"ImageObject\",\"inLanguage\":\"pt-BR\",\"@id\":\"https:\/\/www.manaus.am.gov.br\/semcom\/prefeitura-seminf-zonaoeste\/#primaryimage\",\"url\":\"https:\/\/www.manaus.am.gov.br\/semcom\/wp-content\/uploads\/sites\/5\/2026\/04\/WhatsApp-Image-2026-04-28-at-10.14.59-2.jpeg\",\"contentUrl\":\"https:\/\/www.manaus.am.gov.br\/semcom\/wp-content\/uploads\/sites\/5\/2026\/04\/WhatsApp-Image-2026-04-28-at-10.14.59-2.jpeg\",\"width\":1600,\"height\":1200,\"caption\":\"#paratodosverem - Equipe da Seminf atua na recupera\u00e7\u00e3o asf\u00e1ltica na zona Oeste\"},{\"@type\":\"WebSite\",\"@id\":\"https:\/\/www.manaus.am.gov.br\/semcom\/#website\",\"url\":\"https:\/\/www.manaus.am.gov.br\/semcom\/\",\"name\":\"SEMCOM\",\"description\":\"Secretaria Municipal de Comunica\u00e7\u00e3o\",\"potentialAction\":[{\"@type\":\"SearchAction\",\"target\":{\"@type\":\"EntryPoint\",\"urlTemplate\":\"https:\/\/www.manaus.am.gov.br\/semcom\/?s={search_term_string}\"},\"query-input\":\"required name=search_term_string\"}],\"inLanguage\":\"pt-BR\"},{\"@type\":\"Person\",\"@id\":\"https:\/\/www.manaus.am.gov.br\/semcom\/#\/schema\/person\/4e49f4e267757a06ca072ec61b2b9968\",\"name\":\"Adriana Costa\",\"image\":{\"@type\":\"ImageObject\",\"inLanguage\":\"pt-BR\",\"@id\":\"https:\/\/www.manaus.am.gov.br\/semcom\/#\/schema\/person\/image\/\",\"url\":\"https:\/\/secure.gravatar.com\/avatar\/576258617ef7194f718179e766d57bd4?s=96&d=mm&r=g\",\"contentUrl\":\"https:\/\/secure.gravatar.com\/avatar\/576258617ef7194f718179e766d57bd4?s=96&d=mm&r=g\",\"caption\":\"Adriana Costa\"}}]}<\/script>\n<!-- \/ Yoast SEO plugin. -->","yoast_head_json":{"title":"Prefeitura de Manaus intensifica recupera\u00e7\u00e3o asf\u00e1ltica na zona Oeste e revitaliza trecho estrat\u00e9gico da avenida Coronel Teixeira","description":"A Prefeitura de Manaus, por meio da Secretaria Municipal de Infraestrutura (Seminf), avan\u00e7ou, nesta ter\u00e7a-feira, 28\/4, com mais uma frente de obras na zona Oeste da capital.","robots":{"index":"index","follow":"follow","max-snippet":"max-snippet:-1","max-image-preview":"max-image-preview:large","max-video-preview":"max-video-preview:-1"},"canonical":"https:\/\/www.manaus.am.gov.br\/semcom\/prefeitura-seminf-zonaoeste\/","og_locale":"pt_BR","og_type":"article","og_title":"Prefeitura de Manaus intensifica recupera\u00e7\u00e3o asf\u00e1ltica na zona Oeste e revitaliza trecho estrat\u00e9gico da avenida Coronel Teixeira","og_description":"A Prefeitura de Manaus, por meio da Secretaria Municipal de Infraestrutura (Seminf), avan\u00e7ou, nesta ter\u00e7a-feira, 28\/4, com mais uma frente de obras na zona Oeste da capital.","og_url":"https:\/\/www.manaus.am.gov.br\/semcom\/prefeitura-seminf-zonaoeste\/","og_site_name":"SEMCOM","article_published_time":"2026-04-28T14:59:52+00:00","article_modified_time":"2026-04-28T17:42:54+00:00","og_image":[{"width":1600,"height":1200,"url":"https:\/\/www.manaus.am.gov.br\/semcom\/wp-content\/uploads\/sites\/5\/2026\/04\/WhatsApp-Image-2026-04-28-at-10.14.59-2.jpeg","type":"image\/jpeg"}],"author":"Adriana Costa","twitter_card":"summary_large_image","twitter_misc":{"Written by":"Adriana Costa","Est. reading time":"2 minutos"},"schema":{"@context":"https:\/\/schema.org","@graph":[{"@type":"WebPage","@id":"https:\/\/www.manaus.am.gov.br\/semcom\/prefeitura-seminf-zonaoeste\/","url":"https:\/\/www.manaus.am.gov.br\/semcom\/prefeitura-seminf-zonaoeste\/","name":"Prefeitura de Manaus intensifica recupera\u00e7\u00e3o asf\u00e1ltica na zona Oeste e revitaliza trecho estrat\u00e9gico da avenida Coronel Teixeira","isPartOf":{"@id":"https:\/\/www.manaus.am.gov.br\/semcom\/#website"},"primaryImageOfPage":{"@id":"https:\/\/www.manaus.am.gov.br\/semcom\/prefeitura-seminf-zonaoeste\/#primaryimage"},"image":{"@id":"https:\/\/www.manaus.am.gov.br\/semcom\/prefeitura-seminf-zonaoeste\/#primaryimage"},"thumbnailUrl":"https:\/\/www.manaus.am.gov.br\/semcom\/wp-content\/uploads\/sites\/5\/2026\/04\/WhatsApp-Image-2026-04-28-at-10.14.59-2.jpeg","datePublished":"2026-04-28T14:59:52+00:00","dateModified":"2026-04-28T17:42:54+00:00","author":{"@id":"https:\/\/www.manaus.am.gov.br\/semcom\/#\/schema\/person\/4e49f4e267757a06ca072ec61b2b9968"},"description":"A Prefeitura de Manaus, por meio da Secretaria Municipal de Infraestrutura (Seminf), avan\u00e7ou, nesta ter\u00e7a-feira, 28\/4, com mais uma frente de obras na zona Oeste da capital.","inLanguage":"pt-BR","potentialAction":[{"@type":"ReadAction","target":["https:\/\/www.manaus.am.gov.br\/semcom\/prefeitura-seminf-zonaoeste\/"]}]},{"@type":"ImageObject","inLanguage":"pt-BR","@id":"https:\/\/www.manaus.am.gov.br\/semcom\/prefeitura-seminf-zonaoeste\/#primaryimage","url":"https:\/\/www.manaus.am.gov.br\/semcom\/wp-content\/uploads\/sites\/5\/2026\/04\/WhatsApp-Image-2026-04-28-at-10.14.59-2.jpeg","contentUrl":"https:\/\/www.manaus.am.gov.br\/semcom\/wp-content\/uploads\/sites\/5\/2026\/04\/WhatsApp-Image-2026-04-28-at-10.14.59-2.jpeg","width":1600,"height":1200,"caption":"#paratodosverem - Equipe da Seminf atua na recupera\u00e7\u00e3o asf\u00e1ltica na zona Oeste"},{"@type":"WebSite","@id":"https:\/\/www.manaus.am.gov.br\/semcom\/#website","url":"https:\/\/www.manaus.am.gov.br\/semcom\/","name":"SEMCOM","description":"Secretaria Municipal de Comunica\u00e7\u00e3o","potentialAction":[{"@type":"SearchAction","target":{"@type":"EntryPoint","urlTemplate":"https:\/\/www.manaus.am.gov.br\/semcom\/?s={search_term_string}"},"query-input":"required name=search_term_string"}],"inLanguage":"pt-BR"},{"@type":"Person","@id":"https:\/\/www.manaus.am.gov.br\/semcom\/#\/schema\/person\/4e49f4e267757a06ca072ec61b2b9968","name":"Adriana Costa","image":{"@type":"ImageObject","inLanguage":"pt-BR","@id":"https:\/\/www.manaus.am.gov.br\/semcom\/#\/schema\/person\/image\/","url":"https:\/\/secure.gravatar.com\/avatar\/576258617ef7194f718179e766d57bd4?s=96&d=mm&r=g","contentUrl":"https:\/\/secure.gravatar.com\/avatar\/576258617ef7194f718179e766d57bd4?s=96&d=mm&r=g","caption":"Adriana Costa"}}]}},"_links":{"self":[{"href":"https:\/\/www.manaus.am.gov.br\/semcom\/wp-json\/wp\/v2\/posts\/257531"}],"collection":[{"href":"https:\/\/www.manaus.am.gov.br\/semcom\/wp-json\/wp\/v2\/posts"}],"about":[{"href":"https:\/\/www.manaus.am.gov.br\/semcom\/wp-json\/wp\/v2\/types\/post"}],"author":[{"embeddable":true,"href":"https:\/\/www.manaus.am.gov.br\/semcom\/wp-json\/wp\/v2\/users\/23"}],"replies":[{"embeddable":true,"href":"https:\/\/www.manaus.am.gov.br\/semcom\/wp-json\/wp\/v2\/comments?post=257531"}],"version-history":[{"count":1,"href":"https:\/\/www.manaus.am.gov.br\/semcom\/wp-json\/wp\/v2\/posts\/257531\/revisions"}],"predecessor-version":[{"id":257570,"href":"https:\/\/www.manaus.am.gov.br\/semcom\/wp-json\/wp\/v2\/posts\/257531\/revisions\/257570"}],"wp:featuredmedia":[{"embeddable":true,"href":"https:\/\/www.manaus.am.gov.br\/semcom\/wp-json\/wp\/v2\/media\/257532"}],"wp:attachment":[{"href":"https:\/\/www.manaus.am.gov.br\/semcom\/wp-json\/wp\/v2\/media?parent=257531"}],"wp:term":[{"taxonomy":"category","embeddable":true,"href":"https:\/\/www.manaus.am.gov.br\/semcom\/wp-json\/wp\/v2\/categories?post=257531"},{"taxonomy":"post_tag","embeddable":true,"href":"https:\/\/www.manaus.am.gov.br\/semcom\/wp-json\/wp\/v2\/tags?post=257531"}],"curies":[{"name":"wp","href":"https:\/\/api.w.org\/{rel}","templated":true}]}}