{"id":257518,"date":"2026-04-28T10:55:18","date_gmt":"2026-04-28T13:55:18","guid":{"rendered":"https:\/\/www.manaus.am.gov.br\/semcom\/prefeitura-semsa-vacinacao-copa\/"},"modified":"2026-04-28T14:39:10","modified_gmt":"2026-04-28T17:39:10","slug":"prefeitura-semsa-atualizacao-vacinal-copa","status":"publish","type":"post","link":"https:\/\/www.manaus.am.gov.br\/semcom\/prefeitura-semsa-atualizacao-vacinal-copa\/","title":{"rendered":"Prefeitura alerta viajantes da Copa do Mundo para atualiza\u00e7\u00e3o vacinal contra sarampo e febre amarela"},"content":{"rendered":"\n<p>A <a href=\"https:\/\/www.manaus.am.gov.br\/\">Prefeitura de Manaus<\/a> alerta as pessoas que planejam prestigiar a Copa do Mundo Fifa para atualiza\u00e7\u00e3o vacinal contra sarampo e febre amarela antes de viajar para Estados Unidos, M\u00e9xico e Canad\u00e1, pa\u00edses-sede do evento. A <a href=\"https:\/\/www.instagram.com\/semsamanaus\/\">Secretaria Municipal de Sa\u00fade<\/a> (Semsa) orienta ainda quanto \u00e0 emiss\u00e3o do Certificado Internacional de Vacina\u00e7\u00e3o e Profilaxia (CIVP), requerido para entrada em alguns pa\u00edses na rota de voos internacionais para aqueles destinos.<\/p>\n\n\n\n<p>A gerente de Imuniza\u00e7\u00e3o da Semsa, Isabel Hernandes, ressalta que o grande fluxo de pessoas, de diferentes pa\u00edses e continentes, favorece a dissemina\u00e7\u00e3o de doen\u00e7as contagiosas&nbsp;nos eventos do Mundial de Futebol da Fifa, a ser realizado de 11 de junho a 19 de julho. Ela enfatiza o caso do sarampo, que \u00e9 uma doen\u00e7a altamente contagiosa, transmitida pelo ar, por meio da fala, respira\u00e7\u00e3o, tosse e espirros, e que apresenta surtos ativos nos tr\u00eas pa\u00edses-sede do campeonato.<\/p>\n\n\n\n<p>\u201cEstados Unidos, M\u00e9xico e Canad\u00e1 registraram milhares de casos no ano passado. A grande circula\u00e7\u00e3o de pessoas nesses pa\u00edses durante a Copa amplia muito o risco de infec\u00e7\u00e3o dos viajantes, e com isso tamb\u00e9m o risco da reintrodu\u00e7\u00e3o da doen\u00e7a no Brasil\u201d, alerta a gerente.<\/p>\n\n\n\n<p>A vacina\u00e7\u00e3o contra o sarampo, de acordo com Isabel, \u00e9 indicada para todas as pessoas de 12 meses a 59 anos de idade, por meio da tr\u00edplice viral, que protege contra sarampo, caxumba e rub\u00e9ola, e da tetraviral, que acrescenta prote\u00e7\u00e3o contra varicela. Os imunizantes, aponta a gerente, s\u00e3o ofertados em mais de 170 unidades da Semsa, de forma gratuita, por meio do Sistema \u00danico de Sa\u00fade (SUS).<\/p>\n\n\n\n<p>\u201cMas \u00e9 importante que as pessoas busquem a vacina o quanto antes, principalmente aquelas que precisam receber duas doses da tr\u00edplice viral. \u00c9 ideal que elas completem o esquema vacinal ao menos 15 dias antes da viagem, para garantir a produ\u00e7\u00e3o adequada de anticorpos\u201d, recomenda.<\/p>\n\n\n\n<p>Conforme a gerente, o esquema contra o sarampo varia segundo a faixa et\u00e1ria, de acordo com o Calend\u00e1rio Nacional. Crian\u00e7as de 6 a 11 meses e 29 dias devem receber uma dose da vacina, assim como os adultos de 30 a 59 anos. J\u00e1 crian\u00e7as de 12 meses a adultos de at\u00e9 29 anos devem receber duas doses, com intervalo de 30 dias.<\/p>\n\n\n\n<p>Durante a viagem, Isabel recomenda aos viajantes que fiquem tamb\u00e9m atentos a eventuais sintomas do sarampo, como manchas vermelhas, febre, coriza e conjuntivite, adotando o uso de m\u00e1scara facial nesses casos. \u201cNo retorno ao Brasil, procure o servi\u00e7o de sa\u00fade e relate seu hist\u00f3rico de deslocamento internacional ou contato com pessoas com suspeita ou diagn\u00f3stico da doen\u00e7a\u201d, orienta.<\/p>\n\n\n\n<p>Febre amarela e CIVP<\/p>\n\n\n\n<p>Isabel Hernandes enfatiza tamb\u00e9m a import\u00e2ncia da vacina\u00e7\u00e3o contra a febre amarela, destacando que a atualiza\u00e7\u00e3o vacinal contra a doen\u00e7a \u00e9 necess\u00e1ria para a emiss\u00e3o do CIVP, documento requerido em alguns pa\u00edses para entrada em seu territ\u00f3rio.<\/p>\n\n\n\n<p>\u201cUm desses pa\u00edses \u00e9 o Panam\u00e1, que est\u00e1 na rota de v\u00e1rios voos saindo do Brasil com destino aos Estados Unidos e pa\u00edses vizinhos. Quem tem escala ou conex\u00e3o l\u00e1 ou em outro pa\u00eds que exija o CIVP deve se vacinar ao menos dez dias antes da viagem, e ter o certificado em m\u00e3os na hora do voo\u201d, explica.<\/p>\n\n\n\n<p>Isabel informa que o documento pode ser emitido por meio do Meu SUS Digital, no site&nbsp;<a href=\"https:\/\/meususdigital.saude.gov.br\/\" target=\"_blank\" rel=\"noreferrer noopener\">https:\/\/meususdigital.saude.gov.br\/<\/a>. \u201cSe voc\u00ea j\u00e1 \u00e9 vacinado, mas n\u00e3o consegue obter o certificado, leve seu comprovante de vacina\u00e7\u00e3o a uma unidade de sa\u00fade da Semsa para registro no sistema. Depois disso, o documento poder\u00e1 ser emitido normalmente\u201d.<\/p>\n\n\n\n<p>A gerente de Imuniza\u00e7\u00e3o pontua que a vacina \u00e9 a principal forma de preven\u00e7\u00e3o e controle da febre amarela, que \u00e9 end\u00eamica na regi\u00e3o amaz\u00f4nica. O esquema vacinal contra a doen\u00e7a prev\u00ea apenas uma dose durante toda a vida, segundo recomenda\u00e7\u00f5es da Organiza\u00e7\u00e3o Mundial de Sa\u00fade (OMS), sendo indicada para pessoas a partir dos 9 meses de idade.<\/p>\n\n\n\n<p>&#8212; &#8212; &#8212;<\/p>\n\n\n\n<p><strong>Texto&nbsp;<\/strong>&#8211; Jony Clay Borges\/Semsa<\/p>\n\n\n\n<p><strong>Fotos&nbsp;<\/strong>&#8211; Divulga\u00e7\u00e3o\/Semsa<\/p>\n","protected":false},"excerpt":{"rendered":"","protected":false},"author":23,"featured_media":257519,"comment_status":"closed","ping_status":"closed","sticky":false,"template":"","format":"standard","meta":{"footnotes":""},"categories":[170],"tags":[6325,77,162,286],"acf":[],"yoast_head":"<!-- This site is optimized with the Yoast SEO plugin v23.0 - https:\/\/yoast.com\/wordpress\/plugins\/seo\/ -->\n<title>Prefeitura alerta viajantes da Copa do Mundo para atualiza\u00e7\u00e3o vacinal contra sarampo e febre amarela<\/title>\n<meta name=\"description\" content=\"A Prefeitura de Manaus alerta as pessoas que planejam prestigiar a Copa do Mundo Fifa para que atualizem a vacina\u00e7\u00e3o contra sarampo e febre amarela antes de viajar para Estados Unidos, M\u00e9xico e Canad\u00e1, pa\u00edses-sede do evento.\" \/>\n<meta name=\"robots\" content=\"index, follow, max-snippet:-1, max-image-preview:large, max-video-preview:-1\" \/>\n<link rel=\"canonical\" href=\"https:\/\/www.manaus.am.gov.br\/semcom\/prefeitura-semsa-vacinacao-copa\/\" \/>\n<meta property=\"og:locale\" content=\"pt_BR\" \/>\n<meta property=\"og:type\" content=\"article\" \/>\n<meta property=\"og:title\" content=\"Prefeitura alerta viajantes da Copa do Mundo para atualiza\u00e7\u00e3o vacinal contra sarampo e febre amarela\" \/>\n<meta property=\"og:description\" content=\"A Prefeitura de Manaus alerta as pessoas que planejam prestigiar a Copa do Mundo Fifa para que atualizem a vacina\u00e7\u00e3o contra sarampo e febre amarela antes de viajar para Estados Unidos, M\u00e9xico e Canad\u00e1, pa\u00edses-sede do evento.\" \/>\n<meta property=\"og:url\" content=\"https:\/\/www.manaus.am.gov.br\/semcom\/prefeitura-semsa-vacinacao-copa\/\" \/>\n<meta property=\"og:site_name\" content=\"SEMCOM\" \/>\n<meta property=\"article:published_time\" content=\"2026-04-28T13:55:18+00:00\" \/>\n<meta property=\"article:modified_time\" content=\"2026-04-28T17:39:10+00:00\" \/>\n<meta property=\"og:image\" content=\"https:\/\/www.manaus.am.gov.br\/semcom\/wp-content\/uploads\/sites\/5\/2026\/04\/SEMSA-MANAUS-Alerta-Vacinacao-Copa-3.jpg\" \/>\n\t<meta property=\"og:image:width\" content=\"3000\" \/>\n\t<meta property=\"og:image:height\" content=\"2000\" \/>\n\t<meta property=\"og:image:type\" content=\"image\/jpeg\" \/>\n<meta name=\"author\" content=\"Adriana Costa\" \/>\n<meta name=\"twitter:card\" content=\"summary_large_image\" \/>\n<meta name=\"twitter:label1\" content=\"Written by\" \/>\n\t<meta name=\"twitter:data1\" content=\"Adriana Costa\" \/>\n\t<meta name=\"twitter:label2\" content=\"Est. reading time\" \/>\n\t<meta name=\"twitter:data2\" content=\"4 minutos\" \/>\n<script type=\"application\/ld+json\" class=\"yoast-schema-graph\">{\"@context\":\"https:\/\/schema.org\",\"@graph\":[{\"@type\":\"WebPage\",\"@id\":\"https:\/\/www.manaus.am.gov.br\/semcom\/prefeitura-semsa-vacinacao-copa\/\",\"url\":\"https:\/\/www.manaus.am.gov.br\/semcom\/prefeitura-semsa-vacinacao-copa\/\",\"name\":\"Prefeitura alerta viajantes da Copa do Mundo para atualiza\u00e7\u00e3o vacinal contra sarampo e febre amarela\",\"isPartOf\":{\"@id\":\"https:\/\/www.manaus.am.gov.br\/semcom\/#website\"},\"primaryImageOfPage\":{\"@id\":\"https:\/\/www.manaus.am.gov.br\/semcom\/prefeitura-semsa-vacinacao-copa\/#primaryimage\"},\"image\":{\"@id\":\"https:\/\/www.manaus.am.gov.br\/semcom\/prefeitura-semsa-vacinacao-copa\/#primaryimage\"},\"thumbnailUrl\":\"https:\/\/www.manaus.am.gov.br\/semcom\/wp-content\/uploads\/sites\/5\/2026\/04\/SEMSA-MANAUS-Alerta-Vacinacao-Copa-3.jpg\",\"datePublished\":\"2026-04-28T13:55:18+00:00\",\"dateModified\":\"2026-04-28T17:39:10+00:00\",\"author\":{\"@id\":\"https:\/\/www.manaus.am.gov.br\/semcom\/#\/schema\/person\/4e49f4e267757a06ca072ec61b2b9968\"},\"description\":\"A Prefeitura de Manaus alerta as pessoas que planejam prestigiar a Copa do Mundo Fifa para que atualizem a vacina\u00e7\u00e3o contra sarampo e febre amarela antes de viajar para Estados Unidos, M\u00e9xico e Canad\u00e1, pa\u00edses-sede do evento.\",\"inLanguage\":\"pt-BR\",\"potentialAction\":[{\"@type\":\"ReadAction\",\"target\":[\"https:\/\/www.manaus.am.gov.br\/semcom\/prefeitura-semsa-vacinacao-copa\/\"]}]},{\"@type\":\"ImageObject\",\"inLanguage\":\"pt-BR\",\"@id\":\"https:\/\/www.manaus.am.gov.br\/semcom\/prefeitura-semsa-vacinacao-copa\/#primaryimage\",\"url\":\"https:\/\/www.manaus.am.gov.br\/semcom\/wp-content\/uploads\/sites\/5\/2026\/04\/SEMSA-MANAUS-Alerta-Vacinacao-Copa-3.jpg\",\"contentUrl\":\"https:\/\/www.manaus.am.gov.br\/semcom\/wp-content\/uploads\/sites\/5\/2026\/04\/SEMSA-MANAUS-Alerta-Vacinacao-Copa-3.jpg\",\"width\":3000,\"height\":2000,\"caption\":\"#paratodosverem - Homem recebe vacina aplicada por profissional de sa\u00fade\"},{\"@type\":\"WebSite\",\"@id\":\"https:\/\/www.manaus.am.gov.br\/semcom\/#website\",\"url\":\"https:\/\/www.manaus.am.gov.br\/semcom\/\",\"name\":\"SEMCOM\",\"description\":\"Secretaria Municipal de Comunica\u00e7\u00e3o\",\"potentialAction\":[{\"@type\":\"SearchAction\",\"target\":{\"@type\":\"EntryPoint\",\"urlTemplate\":\"https:\/\/www.manaus.am.gov.br\/semcom\/?s={search_term_string}\"},\"query-input\":\"required name=search_term_string\"}],\"inLanguage\":\"pt-BR\"},{\"@type\":\"Person\",\"@id\":\"https:\/\/www.manaus.am.gov.br\/semcom\/#\/schema\/person\/4e49f4e267757a06ca072ec61b2b9968\",\"name\":\"Adriana Costa\",\"image\":{\"@type\":\"ImageObject\",\"inLanguage\":\"pt-BR\",\"@id\":\"https:\/\/www.manaus.am.gov.br\/semcom\/#\/schema\/person\/image\/\",\"url\":\"https:\/\/secure.gravatar.com\/avatar\/576258617ef7194f718179e766d57bd4?s=96&d=mm&r=g\",\"contentUrl\":\"https:\/\/secure.gravatar.com\/avatar\/576258617ef7194f718179e766d57bd4?s=96&d=mm&r=g\",\"caption\":\"Adriana Costa\"}}]}<\/script>\n<!-- \/ Yoast SEO plugin. -->","yoast_head_json":{"title":"Prefeitura alerta viajantes da Copa do Mundo para atualiza\u00e7\u00e3o vacinal contra sarampo e febre amarela","description":"A Prefeitura de Manaus alerta as pessoas que planejam prestigiar a Copa do Mundo Fifa para que atualizem a vacina\u00e7\u00e3o contra sarampo e febre amarela antes de viajar para Estados Unidos, M\u00e9xico e Canad\u00e1, pa\u00edses-sede do evento.","robots":{"index":"index","follow":"follow","max-snippet":"max-snippet:-1","max-image-preview":"max-image-preview:large","max-video-preview":"max-video-preview:-1"},"canonical":"https:\/\/www.manaus.am.gov.br\/semcom\/prefeitura-semsa-vacinacao-copa\/","og_locale":"pt_BR","og_type":"article","og_title":"Prefeitura alerta viajantes da Copa do Mundo para atualiza\u00e7\u00e3o vacinal contra sarampo e febre amarela","og_description":"A Prefeitura de Manaus alerta as pessoas que planejam prestigiar a Copa do Mundo Fifa para que atualizem a vacina\u00e7\u00e3o contra sarampo e febre amarela antes de viajar para Estados Unidos, M\u00e9xico e Canad\u00e1, pa\u00edses-sede do evento.","og_url":"https:\/\/www.manaus.am.gov.br\/semcom\/prefeitura-semsa-vacinacao-copa\/","og_site_name":"SEMCOM","article_published_time":"2026-04-28T13:55:18+00:00","article_modified_time":"2026-04-28T17:39:10+00:00","og_image":[{"width":3000,"height":2000,"url":"https:\/\/www.manaus.am.gov.br\/semcom\/wp-content\/uploads\/sites\/5\/2026\/04\/SEMSA-MANAUS-Alerta-Vacinacao-Copa-3.jpg","type":"image\/jpeg"}],"author":"Adriana Costa","twitter_card":"summary_large_image","twitter_misc":{"Written by":"Adriana Costa","Est. reading time":"4 minutos"},"schema":{"@context":"https:\/\/schema.org","@graph":[{"@type":"WebPage","@id":"https:\/\/www.manaus.am.gov.br\/semcom\/prefeitura-semsa-vacinacao-copa\/","url":"https:\/\/www.manaus.am.gov.br\/semcom\/prefeitura-semsa-vacinacao-copa\/","name":"Prefeitura alerta viajantes da Copa do Mundo para atualiza\u00e7\u00e3o vacinal contra sarampo e febre amarela","isPartOf":{"@id":"https:\/\/www.manaus.am.gov.br\/semcom\/#website"},"primaryImageOfPage":{"@id":"https:\/\/www.manaus.am.gov.br\/semcom\/prefeitura-semsa-vacinacao-copa\/#primaryimage"},"image":{"@id":"https:\/\/www.manaus.am.gov.br\/semcom\/prefeitura-semsa-vacinacao-copa\/#primaryimage"},"thumbnailUrl":"https:\/\/www.manaus.am.gov.br\/semcom\/wp-content\/uploads\/sites\/5\/2026\/04\/SEMSA-MANAUS-Alerta-Vacinacao-Copa-3.jpg","datePublished":"2026-04-28T13:55:18+00:00","dateModified":"2026-04-28T17:39:10+00:00","author":{"@id":"https:\/\/www.manaus.am.gov.br\/semcom\/#\/schema\/person\/4e49f4e267757a06ca072ec61b2b9968"},"description":"A Prefeitura de Manaus alerta as pessoas que planejam prestigiar a Copa do Mundo Fifa para que atualizem a vacina\u00e7\u00e3o contra sarampo e febre amarela antes de viajar para Estados Unidos, M\u00e9xico e Canad\u00e1, pa\u00edses-sede do evento.","inLanguage":"pt-BR","potentialAction":[{"@type":"ReadAction","target":["https:\/\/www.manaus.am.gov.br\/semcom\/prefeitura-semsa-vacinacao-copa\/"]}]},{"@type":"ImageObject","inLanguage":"pt-BR","@id":"https:\/\/www.manaus.am.gov.br\/semcom\/prefeitura-semsa-vacinacao-copa\/#primaryimage","url":"https:\/\/www.manaus.am.gov.br\/semcom\/wp-content\/uploads\/sites\/5\/2026\/04\/SEMSA-MANAUS-Alerta-Vacinacao-Copa-3.jpg","contentUrl":"https:\/\/www.manaus.am.gov.br\/semcom\/wp-content\/uploads\/sites\/5\/2026\/04\/SEMSA-MANAUS-Alerta-Vacinacao-Copa-3.jpg","width":3000,"height":2000,"caption":"#paratodosverem - Homem recebe vacina aplicada por profissional de sa\u00fade"},{"@type":"WebSite","@id":"https:\/\/www.manaus.am.gov.br\/semcom\/#website","url":"https:\/\/www.manaus.am.gov.br\/semcom\/","name":"SEMCOM","description":"Secretaria Municipal de Comunica\u00e7\u00e3o","potentialAction":[{"@type":"SearchAction","target":{"@type":"EntryPoint","urlTemplate":"https:\/\/www.manaus.am.gov.br\/semcom\/?s={search_term_string}"},"query-input":"required name=search_term_string"}],"inLanguage":"pt-BR"},{"@type":"Person","@id":"https:\/\/www.manaus.am.gov.br\/semcom\/#\/schema\/person\/4e49f4e267757a06ca072ec61b2b9968","name":"Adriana Costa","image":{"@type":"ImageObject","inLanguage":"pt-BR","@id":"https:\/\/www.manaus.am.gov.br\/semcom\/#\/schema\/person\/image\/","url":"https:\/\/secure.gravatar.com\/avatar\/576258617ef7194f718179e766d57bd4?s=96&d=mm&r=g","contentUrl":"https:\/\/secure.gravatar.com\/avatar\/576258617ef7194f718179e766d57bd4?s=96&d=mm&r=g","caption":"Adriana Costa"}}]}},"_links":{"self":[{"href":"https:\/\/www.manaus.am.gov.br\/semcom\/wp-json\/wp\/v2\/posts\/257518"}],"collection":[{"href":"https:\/\/www.manaus.am.gov.br\/semcom\/wp-json\/wp\/v2\/posts"}],"about":[{"href":"https:\/\/www.manaus.am.gov.br\/semcom\/wp-json\/wp\/v2\/types\/post"}],"author":[{"embeddable":true,"href":"https:\/\/www.manaus.am.gov.br\/semcom\/wp-json\/wp\/v2\/users\/23"}],"replies":[{"embeddable":true,"href":"https:\/\/www.manaus.am.gov.br\/semcom\/wp-json\/wp\/v2\/comments?post=257518"}],"version-history":[{"count":1,"href":"https:\/\/www.manaus.am.gov.br\/semcom\/wp-json\/wp\/v2\/posts\/257518\/revisions"}],"predecessor-version":[{"id":257569,"href":"https:\/\/www.manaus.am.gov.br\/semcom\/wp-json\/wp\/v2\/posts\/257518\/revisions\/257569"}],"wp:featuredmedia":[{"embeddable":true,"href":"https:\/\/www.manaus.am.gov.br\/semcom\/wp-json\/wp\/v2\/media\/257519"}],"wp:attachment":[{"href":"https:\/\/www.manaus.am.gov.br\/semcom\/wp-json\/wp\/v2\/media?parent=257518"}],"wp:term":[{"taxonomy":"category","embeddable":true,"href":"https:\/\/www.manaus.am.gov.br\/semcom\/wp-json\/wp\/v2\/categories?post=257518"},{"taxonomy":"post_tag","embeddable":true,"href":"https:\/\/www.manaus.am.gov.br\/semcom\/wp-json\/wp\/v2\/tags?post=257518"}],"curies":[{"name":"wp","href":"https:\/\/api.w.org\/{rel}","templated":true}]}}