{"id":257514,"date":"2026-04-28T09:43:22","date_gmt":"2026-04-28T13:43:22","guid":{"rendered":"https:\/\/www.manaus.am.gov.br\/semcom\/prefeitura-implurb-nossocentro-2\/"},"modified":"2026-04-28T14:35:10","modified_gmt":"2026-04-28T17:35:10","slug":"prefeitura-implurb-imoveis-centro-historico-2","status":"publish","type":"post","link":"https:\/\/www.manaus.am.gov.br\/semcom\/prefeitura-implurb-imoveis-centro-historico-2\/","title":{"rendered":"Prefeitura de Manaus monitora e vistoria im\u00f3veis abandonados no centro hist\u00f3rico"},"content":{"rendered":"\n<p>Dentro das rotinas de monitoramento no territ\u00f3rio do centro hist\u00f3rico da capital, a <a href=\"https:\/\/www.manaus.am.gov.br\/\">Prefeitura de Manaus<\/a>, via <a href=\"https:\/\/www.instagram.com\/implurb\/\">Instituto Municipal de Planejamento Urbano<\/a> (Implurb), faz vistorias de forma permanente e os im\u00f3veis abandonados s\u00e3o foco dos trabalhos em campo da Ger\u00eancia de Patrim\u00f4nio Hist\u00f3rico (GPH).<\/p>\n\n\n\n<p>Com o uso do aplicativo ArcGIS Field Maps, t\u00e9cnicos verificaram o pr\u00e9dio da Beneficente Portuguesa, e duas escolas estaduais, Ribeiro da Cunha e Saldanha Marinho. As duas escolas, inclusive, passaram por reformas e deixaram o status de bens abandonados. Tamb\u00e9m passou por vistoria a pra\u00e7a dos Rem\u00e9dios.<\/p>\n\n\n\n<p>Colaboradores da ger\u00eancia levantam os dados de forma digital e on-line, usando o aplicativo nos celulares ou plataformas m\u00f3veis. Diretamente dos pontos, casas, pr\u00e9dios e&nbsp;im\u00f3veis, a equipe faz a coleta de dados, que s\u00e3o transmitidos para um software no&nbsp;Implurb. Os servi\u00e7os realizados s\u00e3o para atualizar o Decreto Municipal 7.176\/2004, com trabalhos de&nbsp;vistoria&nbsp;t\u00e9cnica e monitoramento de unidades hist\u00f3ricas do centro da capital, incluindo 1.656&nbsp;im\u00f3veis&nbsp;e terrenos, dez pra\u00e7as e 11 armaz\u00e9ns de porto.<\/p>\n\n\n\n<p>O conjunto monitorado est\u00e1 listado no decreto que&nbsp;estabelece o setor especial das unidades de interesse de preserva\u00e7\u00e3o no centro hist\u00f3rico. As vistorias em bens abandonados s\u00e3o feitas de rotina, pelo menos a cada trimestre.<\/p>\n\n\n\n<p>\u201cCabe aos propriet\u00e1rios a responsabilidade direta pela recupera\u00e7\u00e3o, manuten\u00e7\u00e3o e uso das edifica\u00e7\u00f5es. Ao poder p\u00fablico, por sua vez, compete orientar, normatizar, licenciar e fiscalizar, criando um ambiente t\u00e9cnico e jur\u00eddico que favore\u00e7a a recupera\u00e7\u00e3o do patrim\u00f4nio sem inviabilizar iniciativas privadas\u201d, explicou a arquiteta Landa Bernardo, gerente do GPH. A l\u00f3gica adotada \u00e9 a da coopera\u00e7\u00e3o, preservando a mem\u00f3ria constru\u00edda e, ao mesmo tempo, permitindo que esses pr\u00e9dios voltem a cumprir fun\u00e7\u00e3o social e urbana.<\/p>\n\n\n\n<figure class=\"wp-block-image size-full\"><img loading=\"lazy\" decoding=\"async\" width=\"800\" height=\"450\" src=\"https:\/\/www.manaus.am.gov.br\/semcom\/wp-content\/uploads\/sites\/5\/2026\/04\/55226374225_8a76762d98_c-1.jpg\" alt=\"\" class=\"wp-image-257515\" srcset=\"https:\/\/www.manaus.am.gov.br\/semcom\/wp-content\/uploads\/sites\/5\/2026\/04\/55226374225_8a76762d98_c-1.jpg 800w, https:\/\/www.manaus.am.gov.br\/semcom\/wp-content\/uploads\/sites\/5\/2026\/04\/55226374225_8a76762d98_c-1-300x169.jpg 300w, https:\/\/www.manaus.am.gov.br\/semcom\/wp-content\/uploads\/sites\/5\/2026\/04\/55226374225_8a76762d98_c-1-768x432.jpg 768w\" sizes=\"(max-width: 800px) 100vw, 800px\" \/><\/figure>\n\n\n\n<p>\u201cNosso Centro\u201d<\/p>\n\n\n\n<p>Nos \u00faltimos anos, a prefeitura vem intensificando a\u00e7\u00f5es de orienta\u00e7\u00e3o t\u00e9cnica, licenciamento e indu\u00e7\u00e3o \u00e0 requalifica\u00e7\u00e3o do&nbsp;Centro, dentro do programa \u201cNosso&nbsp;Centro\u201d. A estrat\u00e9gia tem como eixo central a recupera\u00e7\u00e3o de im\u00f3veis&nbsp;abandonados&nbsp;ou sem uso, respeitando seu valor hist\u00f3rico, arquitet\u00f4nico e cultural, ao mesmo tempo em que cria condi\u00e7\u00f5es para novos usos e para a reativa\u00e7\u00e3o econ\u00f4mica da regi\u00e3o.<\/p>\n\n\n\n<p>Licenciamento e obras<\/p>\n\n\n\n<p>Em 2025, dez im\u00f3veis deixaram oficialmente a lista de edifica\u00e7\u00f5es abandonadas ap\u00f3s passarem por processos de licenciamento e in\u00edcio de obras de reforma ou reabilita\u00e7\u00e3o. Com isso, o n\u00famero de im\u00f3veis classificados como&nbsp;abandonados&nbsp;no&nbsp;Centro&nbsp;foi reduzido de 177 para 167, demonstrando uma evolu\u00e7\u00e3o gradual e consistente.<\/p>\n\n\n\n<p>O programa \u201cNosso&nbsp;Centro\u201d criou o cen\u00e1rio e ambiente para obras estruturantes e espa\u00e7os p\u00fablicos de qualidade, como o mirante L\u00facia Almeida, o largo de S\u00e3o Vicente e o casar\u00e3o Thiago de Mello, entre a avenida 7 de Setembro e a rua Bernardo Ramos. Esses projetos ajudam a reconectar a popula\u00e7\u00e3o com o&nbsp;Centro&nbsp;e a refor\u00e7ar a import\u00e2ncia da preserva\u00e7\u00e3o como ativo urbano, cultural e tur\u00edstico.<\/p>\n\n\n\n<p>\u201cA popula\u00e7\u00e3o pode ajudar dando informa\u00e7\u00f5es especialmente sobre im\u00f3veis no&nbsp;centro&nbsp;antigo que est\u00e3o&nbsp;abandonados&nbsp;ou em degrada\u00e7\u00e3o, ou sendo alvo de vandalismo e depreda\u00e7\u00e3o, ligando para o 3625-6572, do&nbsp;GPH\u201d, explicou Landa.<\/p>\n\n\n\n<p>O monitoramento envolve as edifica\u00e7\u00f5es da lista com&nbsp;verifica\u00e7\u00e3o&nbsp;<em>in loco<\/em>&nbsp;dos im\u00f3veis; situa\u00e7\u00e3o e condi\u00e7\u00e3o do bem, se est\u00e1 em uso, abandonado ou em depreda\u00e7\u00e3o; adequa\u00e7\u00e3o de publicidade; e atualiza\u00e7\u00e3o da ficha de cadastro. Tamb\u00e9m em campo, os arquitetos e t\u00e9cnicos do&nbsp;Implurb&nbsp;v\u00e3o verificar poss\u00edveis danos aos pr\u00e9dios, casar\u00f5es e similares, assim como se ocorreram altera\u00e7\u00f5es no patrim\u00f4nio ou obras irregulares.<\/p>\n\n\n\n<p>A Ger\u00eancia de Patrim\u00f4nio tem atendimento presencial \u00e0s segundas, quartas e sextas (exceto feriados e pontos facultativos), das 8h \u00e0s 11h.<\/p>\n\n\n\n<p>&#8212; &#8212; &#8212;<\/p>\n\n\n\n<p><strong>Texto<\/strong>&nbsp;\u2013 Claudia do Valle \/Implurb&nbsp;<\/p>\n\n\n\n<p><strong>Fotos<\/strong>&nbsp;\u2013&nbsp;Valdo Le\u00e3o\/Semcom e Giancarlo Silva\/Semcom<\/p>\n\n\n\n<p><strong>Dispon\u00edveis<\/strong> <strong>em<\/strong> &#8211; <a href=\"https:\/\/flic.kr\/s\/aHBqjCRPCE\">https:\/\/flic.kr\/s\/aHBqjCRPCE<\/a><\/p>\n","protected":false},"excerpt":{"rendered":"","protected":false},"author":23,"featured_media":257516,"comment_status":"closed","ping_status":"closed","sticky":false,"template":"","format":"standard","meta":{"footnotes":""},"categories":[3411],"tags":[20541,65,537,77,1356],"acf":[],"yoast_head":"<!-- This site is optimized with the Yoast SEO plugin v23.0 - https:\/\/yoast.com\/wordpress\/plugins\/seo\/ -->\n<title>Prefeitura de Manaus monitora e vistoria im\u00f3veis abandonados no centro hist\u00f3rico<\/title>\n<meta name=\"description\" content=\"A Prefeitura de Manaus, via Instituto Municipal de Planejamento Urbano (Implurb), faz vistorias de forma permanente e os im\u00f3veis abandonados s\u00e3o foco dos trabalhos em campo da Ger\u00eancia de Patrim\u00f4nio Hist\u00f3rico (GPH).\" \/>\n<meta name=\"robots\" content=\"index, follow, max-snippet:-1, max-image-preview:large, max-video-preview:-1\" \/>\n<link rel=\"canonical\" href=\"https:\/\/www.manaus.am.gov.br\/semcom\/prefeitura-implurb-nossocentro-2\/\" \/>\n<meta property=\"og:locale\" content=\"pt_BR\" \/>\n<meta property=\"og:type\" content=\"article\" \/>\n<meta property=\"og:title\" content=\"Prefeitura de Manaus monitora e vistoria im\u00f3veis abandonados no centro hist\u00f3rico\" \/>\n<meta property=\"og:description\" content=\"A Prefeitura de Manaus, via Instituto Municipal de Planejamento Urbano (Implurb), faz vistorias de forma permanente e os im\u00f3veis abandonados s\u00e3o foco dos trabalhos em campo da Ger\u00eancia de Patrim\u00f4nio Hist\u00f3rico (GPH).\" \/>\n<meta property=\"og:url\" content=\"https:\/\/www.manaus.am.gov.br\/semcom\/prefeitura-implurb-nossocentro-2\/\" \/>\n<meta property=\"og:site_name\" content=\"SEMCOM\" \/>\n<meta property=\"article:published_time\" content=\"2026-04-28T13:43:22+00:00\" \/>\n<meta property=\"article:modified_time\" content=\"2026-04-28T17:35:10+00:00\" \/>\n<meta property=\"og:image\" content=\"https:\/\/www.manaus.am.gov.br\/semcom\/wp-content\/uploads\/sites\/5\/2026\/04\/55226373750_f4a88abf5f_c-1.jpg\" \/>\n\t<meta property=\"og:image:width\" content=\"799\" \/>\n\t<meta property=\"og:image:height\" content=\"533\" \/>\n\t<meta property=\"og:image:type\" content=\"image\/jpeg\" \/>\n<meta name=\"author\" content=\"Adriana Costa\" \/>\n<meta name=\"twitter:card\" content=\"summary_large_image\" \/>\n<meta name=\"twitter:label1\" content=\"Written by\" \/>\n\t<meta name=\"twitter:data1\" content=\"Adriana Costa\" \/>\n\t<meta name=\"twitter:label2\" content=\"Est. reading time\" \/>\n\t<meta name=\"twitter:data2\" content=\"4 minutos\" \/>\n<script type=\"application\/ld+json\" class=\"yoast-schema-graph\">{\"@context\":\"https:\/\/schema.org\",\"@graph\":[{\"@type\":\"WebPage\",\"@id\":\"https:\/\/www.manaus.am.gov.br\/semcom\/prefeitura-implurb-nossocentro-2\/\",\"url\":\"https:\/\/www.manaus.am.gov.br\/semcom\/prefeitura-implurb-nossocentro-2\/\",\"name\":\"Prefeitura de Manaus monitora e vistoria im\u00f3veis abandonados no centro hist\u00f3rico\",\"isPartOf\":{\"@id\":\"https:\/\/www.manaus.am.gov.br\/semcom\/#website\"},\"primaryImageOfPage\":{\"@id\":\"https:\/\/www.manaus.am.gov.br\/semcom\/prefeitura-implurb-nossocentro-2\/#primaryimage\"},\"image\":{\"@id\":\"https:\/\/www.manaus.am.gov.br\/semcom\/prefeitura-implurb-nossocentro-2\/#primaryimage\"},\"thumbnailUrl\":\"https:\/\/www.manaus.am.gov.br\/semcom\/wp-content\/uploads\/sites\/5\/2026\/04\/55226373750_f4a88abf5f_c-1.jpg\",\"datePublished\":\"2026-04-28T13:43:22+00:00\",\"dateModified\":\"2026-04-28T17:35:10+00:00\",\"author\":{\"@id\":\"https:\/\/www.manaus.am.gov.br\/semcom\/#\/schema\/person\/4e49f4e267757a06ca072ec61b2b9968\"},\"description\":\"A Prefeitura de Manaus, via Instituto Municipal de Planejamento Urbano (Implurb), faz vistorias de forma permanente e os im\u00f3veis abandonados s\u00e3o foco dos trabalhos em campo da Ger\u00eancia de Patrim\u00f4nio Hist\u00f3rico (GPH).\",\"inLanguage\":\"pt-BR\",\"potentialAction\":[{\"@type\":\"ReadAction\",\"target\":[\"https:\/\/www.manaus.am.gov.br\/semcom\/prefeitura-implurb-nossocentro-2\/\"]}]},{\"@type\":\"ImageObject\",\"inLanguage\":\"pt-BR\",\"@id\":\"https:\/\/www.manaus.am.gov.br\/semcom\/prefeitura-implurb-nossocentro-2\/#primaryimage\",\"url\":\"https:\/\/www.manaus.am.gov.br\/semcom\/wp-content\/uploads\/sites\/5\/2026\/04\/55226373750_f4a88abf5f_c-1.jpg\",\"contentUrl\":\"https:\/\/www.manaus.am.gov.br\/semcom\/wp-content\/uploads\/sites\/5\/2026\/04\/55226373750_f4a88abf5f_c-1.jpg\",\"width\":799,\"height\":533,\"caption\":\"#paratodosverem - Servidores do Implurb realizam vistoria in loco a pr\u00e9dios hist\u00f3ricos no Centro\"},{\"@type\":\"WebSite\",\"@id\":\"https:\/\/www.manaus.am.gov.br\/semcom\/#website\",\"url\":\"https:\/\/www.manaus.am.gov.br\/semcom\/\",\"name\":\"SEMCOM\",\"description\":\"Secretaria Municipal de Comunica\u00e7\u00e3o\",\"potentialAction\":[{\"@type\":\"SearchAction\",\"target\":{\"@type\":\"EntryPoint\",\"urlTemplate\":\"https:\/\/www.manaus.am.gov.br\/semcom\/?s={search_term_string}\"},\"query-input\":\"required name=search_term_string\"}],\"inLanguage\":\"pt-BR\"},{\"@type\":\"Person\",\"@id\":\"https:\/\/www.manaus.am.gov.br\/semcom\/#\/schema\/person\/4e49f4e267757a06ca072ec61b2b9968\",\"name\":\"Adriana Costa\",\"image\":{\"@type\":\"ImageObject\",\"inLanguage\":\"pt-BR\",\"@id\":\"https:\/\/www.manaus.am.gov.br\/semcom\/#\/schema\/person\/image\/\",\"url\":\"https:\/\/secure.gravatar.com\/avatar\/576258617ef7194f718179e766d57bd4?s=96&d=mm&r=g\",\"contentUrl\":\"https:\/\/secure.gravatar.com\/avatar\/576258617ef7194f718179e766d57bd4?s=96&d=mm&r=g\",\"caption\":\"Adriana Costa\"}}]}<\/script>\n<!-- \/ Yoast SEO plugin. -->","yoast_head_json":{"title":"Prefeitura de Manaus monitora e vistoria im\u00f3veis abandonados no centro hist\u00f3rico","description":"A Prefeitura de Manaus, via Instituto Municipal de Planejamento Urbano (Implurb), faz vistorias de forma permanente e os im\u00f3veis abandonados s\u00e3o foco dos trabalhos em campo da Ger\u00eancia de Patrim\u00f4nio Hist\u00f3rico (GPH).","robots":{"index":"index","follow":"follow","max-snippet":"max-snippet:-1","max-image-preview":"max-image-preview:large","max-video-preview":"max-video-preview:-1"},"canonical":"https:\/\/www.manaus.am.gov.br\/semcom\/prefeitura-implurb-nossocentro-2\/","og_locale":"pt_BR","og_type":"article","og_title":"Prefeitura de Manaus monitora e vistoria im\u00f3veis abandonados no centro hist\u00f3rico","og_description":"A Prefeitura de Manaus, via Instituto Municipal de Planejamento Urbano (Implurb), faz vistorias de forma permanente e os im\u00f3veis abandonados s\u00e3o foco dos trabalhos em campo da Ger\u00eancia de Patrim\u00f4nio Hist\u00f3rico (GPH).","og_url":"https:\/\/www.manaus.am.gov.br\/semcom\/prefeitura-implurb-nossocentro-2\/","og_site_name":"SEMCOM","article_published_time":"2026-04-28T13:43:22+00:00","article_modified_time":"2026-04-28T17:35:10+00:00","og_image":[{"width":799,"height":533,"url":"https:\/\/www.manaus.am.gov.br\/semcom\/wp-content\/uploads\/sites\/5\/2026\/04\/55226373750_f4a88abf5f_c-1.jpg","type":"image\/jpeg"}],"author":"Adriana Costa","twitter_card":"summary_large_image","twitter_misc":{"Written by":"Adriana Costa","Est. reading time":"4 minutos"},"schema":{"@context":"https:\/\/schema.org","@graph":[{"@type":"WebPage","@id":"https:\/\/www.manaus.am.gov.br\/semcom\/prefeitura-implurb-nossocentro-2\/","url":"https:\/\/www.manaus.am.gov.br\/semcom\/prefeitura-implurb-nossocentro-2\/","name":"Prefeitura de Manaus monitora e vistoria im\u00f3veis abandonados no centro hist\u00f3rico","isPartOf":{"@id":"https:\/\/www.manaus.am.gov.br\/semcom\/#website"},"primaryImageOfPage":{"@id":"https:\/\/www.manaus.am.gov.br\/semcom\/prefeitura-implurb-nossocentro-2\/#primaryimage"},"image":{"@id":"https:\/\/www.manaus.am.gov.br\/semcom\/prefeitura-implurb-nossocentro-2\/#primaryimage"},"thumbnailUrl":"https:\/\/www.manaus.am.gov.br\/semcom\/wp-content\/uploads\/sites\/5\/2026\/04\/55226373750_f4a88abf5f_c-1.jpg","datePublished":"2026-04-28T13:43:22+00:00","dateModified":"2026-04-28T17:35:10+00:00","author":{"@id":"https:\/\/www.manaus.am.gov.br\/semcom\/#\/schema\/person\/4e49f4e267757a06ca072ec61b2b9968"},"description":"A Prefeitura de Manaus, via Instituto Municipal de Planejamento Urbano (Implurb), faz vistorias de forma permanente e os im\u00f3veis abandonados s\u00e3o foco dos trabalhos em campo da Ger\u00eancia de Patrim\u00f4nio Hist\u00f3rico (GPH).","inLanguage":"pt-BR","potentialAction":[{"@type":"ReadAction","target":["https:\/\/www.manaus.am.gov.br\/semcom\/prefeitura-implurb-nossocentro-2\/"]}]},{"@type":"ImageObject","inLanguage":"pt-BR","@id":"https:\/\/www.manaus.am.gov.br\/semcom\/prefeitura-implurb-nossocentro-2\/#primaryimage","url":"https:\/\/www.manaus.am.gov.br\/semcom\/wp-content\/uploads\/sites\/5\/2026\/04\/55226373750_f4a88abf5f_c-1.jpg","contentUrl":"https:\/\/www.manaus.am.gov.br\/semcom\/wp-content\/uploads\/sites\/5\/2026\/04\/55226373750_f4a88abf5f_c-1.jpg","width":799,"height":533,"caption":"#paratodosverem - Servidores do Implurb realizam vistoria in loco a pr\u00e9dios hist\u00f3ricos no Centro"},{"@type":"WebSite","@id":"https:\/\/www.manaus.am.gov.br\/semcom\/#website","url":"https:\/\/www.manaus.am.gov.br\/semcom\/","name":"SEMCOM","description":"Secretaria Municipal de Comunica\u00e7\u00e3o","potentialAction":[{"@type":"SearchAction","target":{"@type":"EntryPoint","urlTemplate":"https:\/\/www.manaus.am.gov.br\/semcom\/?s={search_term_string}"},"query-input":"required name=search_term_string"}],"inLanguage":"pt-BR"},{"@type":"Person","@id":"https:\/\/www.manaus.am.gov.br\/semcom\/#\/schema\/person\/4e49f4e267757a06ca072ec61b2b9968","name":"Adriana Costa","image":{"@type":"ImageObject","inLanguage":"pt-BR","@id":"https:\/\/www.manaus.am.gov.br\/semcom\/#\/schema\/person\/image\/","url":"https:\/\/secure.gravatar.com\/avatar\/576258617ef7194f718179e766d57bd4?s=96&d=mm&r=g","contentUrl":"https:\/\/secure.gravatar.com\/avatar\/576258617ef7194f718179e766d57bd4?s=96&d=mm&r=g","caption":"Adriana Costa"}}]}},"_links":{"self":[{"href":"https:\/\/www.manaus.am.gov.br\/semcom\/wp-json\/wp\/v2\/posts\/257514"}],"collection":[{"href":"https:\/\/www.manaus.am.gov.br\/semcom\/wp-json\/wp\/v2\/posts"}],"about":[{"href":"https:\/\/www.manaus.am.gov.br\/semcom\/wp-json\/wp\/v2\/types\/post"}],"author":[{"embeddable":true,"href":"https:\/\/www.manaus.am.gov.br\/semcom\/wp-json\/wp\/v2\/users\/23"}],"replies":[{"embeddable":true,"href":"https:\/\/www.manaus.am.gov.br\/semcom\/wp-json\/wp\/v2\/comments?post=257514"}],"version-history":[{"count":3,"href":"https:\/\/www.manaus.am.gov.br\/semcom\/wp-json\/wp\/v2\/posts\/257514\/revisions"}],"predecessor-version":[{"id":257568,"href":"https:\/\/www.manaus.am.gov.br\/semcom\/wp-json\/wp\/v2\/posts\/257514\/revisions\/257568"}],"wp:featuredmedia":[{"embeddable":true,"href":"https:\/\/www.manaus.am.gov.br\/semcom\/wp-json\/wp\/v2\/media\/257516"}],"wp:attachment":[{"href":"https:\/\/www.manaus.am.gov.br\/semcom\/wp-json\/wp\/v2\/media?parent=257514"}],"wp:term":[{"taxonomy":"category","embeddable":true,"href":"https:\/\/www.manaus.am.gov.br\/semcom\/wp-json\/wp\/v2\/categories?post=257514"},{"taxonomy":"post_tag","embeddable":true,"href":"https:\/\/www.manaus.am.gov.br\/semcom\/wp-json\/wp\/v2\/tags?post=257514"}],"curies":[{"name":"wp","href":"https:\/\/api.w.org\/{rel}","templated":true}]}}