{"id":257508,"date":"2026-04-27T22:20:54","date_gmt":"2026-04-28T01:20:54","guid":{"rendered":"https:\/\/www.manaus.am.gov.br\/semcom\/recapeamento-via-zona-leste\/"},"modified":"2026-04-28T14:24:07","modified_gmt":"2026-04-28T17:24:07","slug":"recapeamento-via-zona-leste","status":"publish","type":"post","link":"https:\/\/www.manaus.am.gov.br\/semcom\/recapeamento-via-zona-leste\/","title":{"rendered":"Prefeitura de Manaus contempla via na zona Leste com 100 toneladas de massa asf\u00e1ltica em primeira etapa de recapeamento"},"content":{"rendered":"\n<p>A <a href=\"https:\/\/www.manaus.am.gov.br\/\">Prefeitura de Manaus<\/a>, por meio da <a href=\"https:\/\/www.instagram.com\/seminf.manaus\/\">Secretaria Municipal de Infraestrutura<\/a> (Seminf), iniciou, nesta segunda-feira, 27\/4, o recapeamento na rua das Mangabeiras, localizada no bairro Grande Vit\u00f3ria, zona Leste da capital. As equipes da secretaria de Obras realizam a revitaliza\u00e7\u00e3o na extens\u00e3o total da via, um trecho de um quil\u00f4metro, que, nesta etapa da obra, recebe 100 toneladas de massa asf\u00e1ltica.<\/p>\n\n\n\n<p>Ao total, ser\u00e3o aplicadas 700 toneladas de massa asf\u00e1ltica na extens\u00e3o total da via. Com as obras, a Prefeitura de Manaus garante mais qualidade de vida aos moradores, pedestres e condutores, por meio do servi\u00e7o de qualidade executado por equipes especializadas.&nbsp;<\/p>\n\n\n\n<p>O secret\u00e1rio municipal de Infraestrutura, Madson Rodrigues, destacou o compromisso da gest\u00e3o municipal em transformar a infraestrutura da cidade e aproximar os servi\u00e7os das necessidades reais da popula\u00e7\u00e3o.<\/p>\n\n\n\n<p>\u201cEsse \u00e9 um trabalho que vai muito al\u00e9m do asfalto. \u00c9 sobre devolver dignidade para quem vive aqui, para quem passa todos os dias por essa via. Seguimos uma determina\u00e7\u00e3o clara do prefeito Renato Junior, que \u00e9 estar presente nos bairros, olhando nos olhos das pessoas e levando solu\u00e7\u00f5es concretas. \u00c9 assim que a gente constr\u00f3i uma cidade melhor, com respeito e trabalho de verdade\u201d, afirmou o secret\u00e1rio.&nbsp;<\/p>\n\n\n\n<p>A mudan\u00e7a da realidade na \u00e1rea j\u00e1 \u00e9 percebida pelos moradores, que demonstraram sua imensa satisfa\u00e7\u00e3o com a execu\u00e7\u00e3o da frente de trabalho. \u201cEssas equipes est\u00e3o fazendo um \u00f3timo trabalho aqui na nossa rua. O asfalto est\u00e1 com uma espessura muito boa, esse trabalho est\u00e1 sendo de grande qualidade e est\u00e1 sendo muito bem feito, e eu quero agradecer \u00e0s equipes da Seminf, da prefeitura, que est\u00e3o trabalhando pelo bem da nossa comunidade\u201d, destacou o engenheiro el\u00e9trico, Moacir Batista, de 51 anos.<\/p>\n\n\n\n<p>A Prefeitura de Manaus segue com grandes obras em diferentes zonas da cidade, com foco em garantir melhores condi\u00e7\u00f5es vi\u00e1rias nos bairros.<\/p>\n\n\n\n<p><br><\/p>\n\n\n\n<p><br>\u2014- \u2014- \u2014-<br><strong>Texto <\/strong>&#8211; Maria Amed\/ Seminf&nbsp;<br><strong>Fotos &#8211; <\/strong>Sayanne Monteiro\/ Seminf<\/p>\n","protected":false},"excerpt":{"rendered":"","protected":false},"author":68,"featured_media":257509,"comment_status":"closed","ping_status":"closed","sticky":false,"template":"","format":"standard","meta":{"footnotes":""},"categories":[129],"tags":[77,20555,33,20556],"acf":[],"yoast_head":"<!-- This site is optimized with the Yoast SEO plugin v23.0 - https:\/\/yoast.com\/wordpress\/plugins\/seo\/ -->\n<title>Prefeitura de Manaus contempla via na zona Leste<\/title>\n<meta name=\"description\" content=\"A Prefeitura iniciou, nesta segunda-feira, 27\/4, o recapeamento na rua das Mangabeiras, localizada no bairro Grande Vit\u00f3ria, zona Leste.\" \/>\n<meta name=\"robots\" content=\"index, follow, max-snippet:-1, max-image-preview:large, max-video-preview:-1\" \/>\n<link rel=\"canonical\" href=\"https:\/\/www.manaus.am.gov.br\/semcom\/recapeamento-via-zona-leste\/\" \/>\n<meta property=\"og:locale\" content=\"pt_BR\" \/>\n<meta property=\"og:type\" content=\"article\" \/>\n<meta property=\"og:title\" content=\"Prefeitura de Manaus contempla via na zona Leste\" \/>\n<meta property=\"og:description\" content=\"A Prefeitura iniciou, nesta segunda-feira, 27\/4, o recapeamento na rua das Mangabeiras, localizada no bairro Grande Vit\u00f3ria, zona Leste.\" \/>\n<meta property=\"og:url\" content=\"https:\/\/www.manaus.am.gov.br\/semcom\/recapeamento-via-zona-leste\/\" \/>\n<meta property=\"og:site_name\" content=\"SEMCOM\" \/>\n<meta property=\"article:published_time\" content=\"2026-04-28T01:20:54+00:00\" \/>\n<meta property=\"article:modified_time\" content=\"2026-04-28T17:24:07+00:00\" \/>\n<meta property=\"og:image\" content=\"https:\/\/www.manaus.am.gov.br\/semcom\/wp-content\/uploads\/sites\/5\/2026\/04\/Prefeitura-de-Manaus-contempla-via-na-zona-Leste-com-100-toneladas-de-massa-asfaltica-em-primeira-etapa-de-recapeamento-.jpg\" \/>\n\t<meta property=\"og:image:width\" content=\"1600\" \/>\n\t<meta property=\"og:image:height\" content=\"1200\" \/>\n\t<meta property=\"og:image:type\" content=\"image\/jpeg\" \/>\n<meta name=\"author\" content=\"bvalente\" \/>\n<meta name=\"twitter:card\" content=\"summary_large_image\" \/>\n<meta name=\"twitter:label1\" content=\"Written by\" \/>\n\t<meta name=\"twitter:data1\" content=\"bvalente\" \/>\n\t<meta name=\"twitter:label2\" content=\"Est. reading time\" \/>\n\t<meta name=\"twitter:data2\" content=\"2 minutos\" \/>\n<script type=\"application\/ld+json\" class=\"yoast-schema-graph\">{\"@context\":\"https:\/\/schema.org\",\"@graph\":[{\"@type\":\"WebPage\",\"@id\":\"https:\/\/www.manaus.am.gov.br\/semcom\/recapeamento-via-zona-leste\/\",\"url\":\"https:\/\/www.manaus.am.gov.br\/semcom\/recapeamento-via-zona-leste\/\",\"name\":\"Prefeitura de Manaus contempla via na zona Leste\",\"isPartOf\":{\"@id\":\"https:\/\/www.manaus.am.gov.br\/semcom\/#website\"},\"primaryImageOfPage\":{\"@id\":\"https:\/\/www.manaus.am.gov.br\/semcom\/recapeamento-via-zona-leste\/#primaryimage\"},\"image\":{\"@id\":\"https:\/\/www.manaus.am.gov.br\/semcom\/recapeamento-via-zona-leste\/#primaryimage\"},\"thumbnailUrl\":\"https:\/\/www.manaus.am.gov.br\/semcom\/wp-content\/uploads\/sites\/5\/2026\/04\/Prefeitura-de-Manaus-contempla-via-na-zona-Leste-com-100-toneladas-de-massa-asfaltica-em-primeira-etapa-de-recapeamento-.jpg\",\"datePublished\":\"2026-04-28T01:20:54+00:00\",\"dateModified\":\"2026-04-28T17:24:07+00:00\",\"author\":{\"@id\":\"https:\/\/www.manaus.am.gov.br\/semcom\/#\/schema\/person\/466a0e03ae4b6062809046bd560ac955\"},\"description\":\"A Prefeitura iniciou, nesta segunda-feira, 27\/4, o recapeamento na rua das Mangabeiras, localizada no bairro Grande Vit\u00f3ria, zona Leste.\",\"inLanguage\":\"pt-BR\",\"potentialAction\":[{\"@type\":\"ReadAction\",\"target\":[\"https:\/\/www.manaus.am.gov.br\/semcom\/recapeamento-via-zona-leste\/\"]}]},{\"@type\":\"ImageObject\",\"inLanguage\":\"pt-BR\",\"@id\":\"https:\/\/www.manaus.am.gov.br\/semcom\/recapeamento-via-zona-leste\/#primaryimage\",\"url\":\"https:\/\/www.manaus.am.gov.br\/semcom\/wp-content\/uploads\/sites\/5\/2026\/04\/Prefeitura-de-Manaus-contempla-via-na-zona-Leste-com-100-toneladas-de-massa-asfaltica-em-primeira-etapa-de-recapeamento-.jpg\",\"contentUrl\":\"https:\/\/www.manaus.am.gov.br\/semcom\/wp-content\/uploads\/sites\/5\/2026\/04\/Prefeitura-de-Manaus-contempla-via-na-zona-Leste-com-100-toneladas-de-massa-asfaltica-em-primeira-etapa-de-recapeamento-.jpg\",\"width\":1600,\"height\":1200,\"caption\":\"#paratodosverem - Equipe da Seminf aplicando novo asfalto em via\"},{\"@type\":\"WebSite\",\"@id\":\"https:\/\/www.manaus.am.gov.br\/semcom\/#website\",\"url\":\"https:\/\/www.manaus.am.gov.br\/semcom\/\",\"name\":\"SEMCOM\",\"description\":\"Secretaria Municipal de Comunica\u00e7\u00e3o\",\"potentialAction\":[{\"@type\":\"SearchAction\",\"target\":{\"@type\":\"EntryPoint\",\"urlTemplate\":\"https:\/\/www.manaus.am.gov.br\/semcom\/?s={search_term_string}\"},\"query-input\":\"required name=search_term_string\"}],\"inLanguage\":\"pt-BR\"},{\"@type\":\"Person\",\"@id\":\"https:\/\/www.manaus.am.gov.br\/semcom\/#\/schema\/person\/466a0e03ae4b6062809046bd560ac955\",\"name\":\"bvalente\",\"image\":{\"@type\":\"ImageObject\",\"inLanguage\":\"pt-BR\",\"@id\":\"https:\/\/www.manaus.am.gov.br\/semcom\/#\/schema\/person\/image\/\",\"url\":\"https:\/\/secure.gravatar.com\/avatar\/3e69bc2b014bdad41adfec3a39de07d2?s=96&d=mm&r=g\",\"contentUrl\":\"https:\/\/secure.gravatar.com\/avatar\/3e69bc2b014bdad41adfec3a39de07d2?s=96&d=mm&r=g\",\"caption\":\"bvalente\"}}]}<\/script>\n<!-- \/ Yoast SEO plugin. -->","yoast_head_json":{"title":"Prefeitura de Manaus contempla via na zona Leste","description":"A Prefeitura iniciou, nesta segunda-feira, 27\/4, o recapeamento na rua das Mangabeiras, localizada no bairro Grande Vit\u00f3ria, zona Leste.","robots":{"index":"index","follow":"follow","max-snippet":"max-snippet:-1","max-image-preview":"max-image-preview:large","max-video-preview":"max-video-preview:-1"},"canonical":"https:\/\/www.manaus.am.gov.br\/semcom\/recapeamento-via-zona-leste\/","og_locale":"pt_BR","og_type":"article","og_title":"Prefeitura de Manaus contempla via na zona Leste","og_description":"A Prefeitura iniciou, nesta segunda-feira, 27\/4, o recapeamento na rua das Mangabeiras, localizada no bairro Grande Vit\u00f3ria, zona Leste.","og_url":"https:\/\/www.manaus.am.gov.br\/semcom\/recapeamento-via-zona-leste\/","og_site_name":"SEMCOM","article_published_time":"2026-04-28T01:20:54+00:00","article_modified_time":"2026-04-28T17:24:07+00:00","og_image":[{"width":1600,"height":1200,"url":"https:\/\/www.manaus.am.gov.br\/semcom\/wp-content\/uploads\/sites\/5\/2026\/04\/Prefeitura-de-Manaus-contempla-via-na-zona-Leste-com-100-toneladas-de-massa-asfaltica-em-primeira-etapa-de-recapeamento-.jpg","type":"image\/jpeg"}],"author":"bvalente","twitter_card":"summary_large_image","twitter_misc":{"Written by":"bvalente","Est. reading time":"2 minutos"},"schema":{"@context":"https:\/\/schema.org","@graph":[{"@type":"WebPage","@id":"https:\/\/www.manaus.am.gov.br\/semcom\/recapeamento-via-zona-leste\/","url":"https:\/\/www.manaus.am.gov.br\/semcom\/recapeamento-via-zona-leste\/","name":"Prefeitura de Manaus contempla via na zona Leste","isPartOf":{"@id":"https:\/\/www.manaus.am.gov.br\/semcom\/#website"},"primaryImageOfPage":{"@id":"https:\/\/www.manaus.am.gov.br\/semcom\/recapeamento-via-zona-leste\/#primaryimage"},"image":{"@id":"https:\/\/www.manaus.am.gov.br\/semcom\/recapeamento-via-zona-leste\/#primaryimage"},"thumbnailUrl":"https:\/\/www.manaus.am.gov.br\/semcom\/wp-content\/uploads\/sites\/5\/2026\/04\/Prefeitura-de-Manaus-contempla-via-na-zona-Leste-com-100-toneladas-de-massa-asfaltica-em-primeira-etapa-de-recapeamento-.jpg","datePublished":"2026-04-28T01:20:54+00:00","dateModified":"2026-04-28T17:24:07+00:00","author":{"@id":"https:\/\/www.manaus.am.gov.br\/semcom\/#\/schema\/person\/466a0e03ae4b6062809046bd560ac955"},"description":"A Prefeitura iniciou, nesta segunda-feira, 27\/4, o recapeamento na rua das Mangabeiras, localizada no bairro Grande Vit\u00f3ria, zona Leste.","inLanguage":"pt-BR","potentialAction":[{"@type":"ReadAction","target":["https:\/\/www.manaus.am.gov.br\/semcom\/recapeamento-via-zona-leste\/"]}]},{"@type":"ImageObject","inLanguage":"pt-BR","@id":"https:\/\/www.manaus.am.gov.br\/semcom\/recapeamento-via-zona-leste\/#primaryimage","url":"https:\/\/www.manaus.am.gov.br\/semcom\/wp-content\/uploads\/sites\/5\/2026\/04\/Prefeitura-de-Manaus-contempla-via-na-zona-Leste-com-100-toneladas-de-massa-asfaltica-em-primeira-etapa-de-recapeamento-.jpg","contentUrl":"https:\/\/www.manaus.am.gov.br\/semcom\/wp-content\/uploads\/sites\/5\/2026\/04\/Prefeitura-de-Manaus-contempla-via-na-zona-Leste-com-100-toneladas-de-massa-asfaltica-em-primeira-etapa-de-recapeamento-.jpg","width":1600,"height":1200,"caption":"#paratodosverem - Equipe da Seminf aplicando novo asfalto em via"},{"@type":"WebSite","@id":"https:\/\/www.manaus.am.gov.br\/semcom\/#website","url":"https:\/\/www.manaus.am.gov.br\/semcom\/","name":"SEMCOM","description":"Secretaria Municipal de Comunica\u00e7\u00e3o","potentialAction":[{"@type":"SearchAction","target":{"@type":"EntryPoint","urlTemplate":"https:\/\/www.manaus.am.gov.br\/semcom\/?s={search_term_string}"},"query-input":"required name=search_term_string"}],"inLanguage":"pt-BR"},{"@type":"Person","@id":"https:\/\/www.manaus.am.gov.br\/semcom\/#\/schema\/person\/466a0e03ae4b6062809046bd560ac955","name":"bvalente","image":{"@type":"ImageObject","inLanguage":"pt-BR","@id":"https:\/\/www.manaus.am.gov.br\/semcom\/#\/schema\/person\/image\/","url":"https:\/\/secure.gravatar.com\/avatar\/3e69bc2b014bdad41adfec3a39de07d2?s=96&d=mm&r=g","contentUrl":"https:\/\/secure.gravatar.com\/avatar\/3e69bc2b014bdad41adfec3a39de07d2?s=96&d=mm&r=g","caption":"bvalente"}}]}},"_links":{"self":[{"href":"https:\/\/www.manaus.am.gov.br\/semcom\/wp-json\/wp\/v2\/posts\/257508"}],"collection":[{"href":"https:\/\/www.manaus.am.gov.br\/semcom\/wp-json\/wp\/v2\/posts"}],"about":[{"href":"https:\/\/www.manaus.am.gov.br\/semcom\/wp-json\/wp\/v2\/types\/post"}],"author":[{"embeddable":true,"href":"https:\/\/www.manaus.am.gov.br\/semcom\/wp-json\/wp\/v2\/users\/68"}],"replies":[{"embeddable":true,"href":"https:\/\/www.manaus.am.gov.br\/semcom\/wp-json\/wp\/v2\/comments?post=257508"}],"version-history":[{"count":2,"href":"https:\/\/www.manaus.am.gov.br\/semcom\/wp-json\/wp\/v2\/posts\/257508\/revisions"}],"predecessor-version":[{"id":257564,"href":"https:\/\/www.manaus.am.gov.br\/semcom\/wp-json\/wp\/v2\/posts\/257508\/revisions\/257564"}],"wp:featuredmedia":[{"embeddable":true,"href":"https:\/\/www.manaus.am.gov.br\/semcom\/wp-json\/wp\/v2\/media\/257509"}],"wp:attachment":[{"href":"https:\/\/www.manaus.am.gov.br\/semcom\/wp-json\/wp\/v2\/media?parent=257508"}],"wp:term":[{"taxonomy":"category","embeddable":true,"href":"https:\/\/www.manaus.am.gov.br\/semcom\/wp-json\/wp\/v2\/categories?post=257508"},{"taxonomy":"post_tag","embeddable":true,"href":"https:\/\/www.manaus.am.gov.br\/semcom\/wp-json\/wp\/v2\/tags?post=257508"}],"curies":[{"name":"wp","href":"https:\/\/api.w.org\/{rel}","templated":true}]}}