{"id":257505,"date":"2026-04-27T21:53:09","date_gmt":"2026-04-28T00:53:09","guid":{"rendered":"https:\/\/www.manaus.am.gov.br\/semcom\/obra-de-drenagem-profunda-2\/"},"modified":"2026-04-28T14:21:10","modified_gmt":"2026-04-28T17:21:10","slug":"obra-de-drenagem-profunda-2","status":"publish","type":"post","link":"https:\/\/www.manaus.am.gov.br\/semcom\/obra-de-drenagem-profunda-2\/","title":{"rendered":"Prefeitura de Manaus conclui obra de drenagem profunda no bairro Santo Ant\u00f4nio e refor\u00e7a infraestrutura na zona Oeste"},"content":{"rendered":"\n<p>A <a href=\"https:\/\/www.manaus.am.gov.br\/\">Prefeitura de Manaus<\/a>, por meio da <a href=\"https:\/\/www.instagram.com\/seminf.manaus\/\">Secretaria Municipal de Infraestrutura<\/a> (Seminf), concluiu, nesta segunda-feira, 27\/4, a recupera\u00e7\u00e3o da rede de drenagem profunda da rua Costa e Silva, no bairro Santo Ant\u00f4nio, zona Oeste da capital. A interven\u00e7\u00e3o restabelece o pleno funcionamento do sistema e garante mais seguran\u00e7a e mobilidade para moradores da \u00e1rea.<\/p>\n\n\n\n<p>A obra foi executada ap\u00f3s o comprometimento da rede, causado pelo desgaste da tubula\u00e7\u00e3o associado ao intenso volume de \u00e1guas das chuvas. As equipes t\u00e9cnicas realizaram a substitui\u00e7\u00e3o dos tubos danificados por novas estruturas em concreto armado, al\u00e9m do anelamento de aproximadamente 10 metros da rede, refor\u00e7ando a durabilidade e efici\u00eancia do sistema de drenagem.<\/p>\n\n\n\n<p>O secret\u00e1rio municipal de Infraestrutura, Madson Rodrigues, destacou que as a\u00e7\u00f5es fazem parte de uma estrat\u00e9gia cont\u00ednua de atua\u00e7\u00e3o em toda a cidade. \u201cNosso compromisso \u00e9 n\u00e3o deixar nenhum bairro para tr\u00e1s. Estamos com equipes distribu\u00eddas em todas as zonas de Manaus, atuando com planejamento e rapidez. Essa \u00e9 uma determina\u00e7\u00e3o clara do prefeito Renato Junior, estar presente nas comunidades, acelerar os servi\u00e7os e garantir que a infraestrutura acompanhe o crescimento da cidade e as necessidades da popula\u00e7\u00e3o\u201d, afirmou o secret\u00e1rio Madson Rodrigues.<\/p>\n\n\n\n<p>Ap\u00f3s a etapa de drenagem profunda, os servi\u00e7os seguem com a execu\u00e7\u00e3o do aterro e a reconstru\u00e7\u00e3o da infraestrutura superficial da via, incluindo meio-fio, sarjeta e cal\u00e7ada, assegurando o escoamento adequado das \u00e1guas pluviais e a recupera\u00e7\u00e3o completa da \u00e1rea.<\/p>\n\n\n\n<p>Moradora da via, a dona de casa Geane Souza, de 56 anos, destacou o al\u00edvio com a conclus\u00e3o do servi\u00e7o. \u201cA gente fica preocupado quando v\u00ea a situa\u00e7\u00e3o piorando, com medo de acontecer algo mais grave. Mas a prefeitura veio, resolveu e trouxe tranquilidade para a gente. S\u00f3 temos a agradecer\u201d, relatou a moradora.<\/p>\n\n\n\n<p>A Prefeitura de Manaus mant\u00e9m o monitoramento constante das \u00e1reas que demandam interven\u00e7\u00f5es, intensificando os servi\u00e7os de drenagem e infraestrutura para reduzir riscos e melhorar a qualidade de vida da popula\u00e7\u00e3o, especialmente no per\u00edodo chuvoso.<\/p>\n\n\n\n<p><br>\u2014- \u2014- \u2014-<br><strong>Texto <\/strong>&#8211; Eduarda Lira\/Seminf<br><strong>Fotos &#8211; <\/strong>Luiz Felipe\/Seminf<\/p>\n","protected":false},"excerpt":{"rendered":"","protected":false},"author":68,"featured_media":257506,"comment_status":"closed","ping_status":"closed","sticky":false,"template":"","format":"standard","meta":{"footnotes":""},"categories":[47],"tags":[16939,77,20553,33,20554],"acf":[],"yoast_head":"<!-- This site is optimized with the Yoast SEO plugin v23.0 - https:\/\/yoast.com\/wordpress\/plugins\/seo\/ -->\n<title>PMM conclui obra de drenagem profunda no bairro Santo Ant\u00f4nio<\/title>\n<meta name=\"description\" content=\"A Prefeitura concluiu, nesta segunda-feira, 27\/4, a recupera\u00e7\u00e3o da rede de drenagem profunda da rua Costa e Silva, no bairro Santo Ant\u00f4nio.\" \/>\n<meta name=\"robots\" content=\"index, follow, max-snippet:-1, max-image-preview:large, max-video-preview:-1\" \/>\n<link rel=\"canonical\" href=\"https:\/\/www.manaus.am.gov.br\/semcom\/obra-de-drenagem-profunda-2\/\" \/>\n<meta property=\"og:locale\" content=\"pt_BR\" \/>\n<meta property=\"og:type\" content=\"article\" \/>\n<meta property=\"og:title\" content=\"PMM conclui obra de drenagem profunda no bairro Santo Ant\u00f4nio\" \/>\n<meta property=\"og:description\" content=\"A Prefeitura concluiu, nesta segunda-feira, 27\/4, a recupera\u00e7\u00e3o da rede de drenagem profunda da rua Costa e Silva, no bairro Santo Ant\u00f4nio.\" \/>\n<meta property=\"og:url\" content=\"https:\/\/www.manaus.am.gov.br\/semcom\/obra-de-drenagem-profunda-2\/\" \/>\n<meta property=\"og:site_name\" content=\"SEMCOM\" \/>\n<meta property=\"article:published_time\" content=\"2026-04-28T00:53:09+00:00\" \/>\n<meta property=\"article:modified_time\" content=\"2026-04-28T17:21:10+00:00\" \/>\n<meta property=\"og:image\" content=\"https:\/\/www.manaus.am.gov.br\/semcom\/wp-content\/uploads\/sites\/5\/2026\/04\/Prefeitura-de-Manaus-conclui-obra-de-drenagem-profunda-no-bairro-Santo-Antonio-e-reforca-infraestrutura-na-zona-Oeste-4.jpg\" \/>\n\t<meta property=\"og:image:width\" content=\"1600\" \/>\n\t<meta property=\"og:image:height\" content=\"1200\" \/>\n\t<meta property=\"og:image:type\" content=\"image\/jpeg\" \/>\n<meta name=\"author\" content=\"bvalente\" \/>\n<meta name=\"twitter:card\" content=\"summary_large_image\" \/>\n<meta name=\"twitter:label1\" content=\"Written by\" \/>\n\t<meta name=\"twitter:data1\" content=\"bvalente\" \/>\n\t<meta name=\"twitter:label2\" content=\"Est. reading time\" \/>\n\t<meta name=\"twitter:data2\" content=\"3 minutos\" \/>\n<script type=\"application\/ld+json\" class=\"yoast-schema-graph\">{\"@context\":\"https:\/\/schema.org\",\"@graph\":[{\"@type\":\"WebPage\",\"@id\":\"https:\/\/www.manaus.am.gov.br\/semcom\/obra-de-drenagem-profunda-2\/\",\"url\":\"https:\/\/www.manaus.am.gov.br\/semcom\/obra-de-drenagem-profunda-2\/\",\"name\":\"PMM conclui obra de drenagem profunda no bairro Santo Ant\u00f4nio\",\"isPartOf\":{\"@id\":\"https:\/\/www.manaus.am.gov.br\/semcom\/#website\"},\"primaryImageOfPage\":{\"@id\":\"https:\/\/www.manaus.am.gov.br\/semcom\/obra-de-drenagem-profunda-2\/#primaryimage\"},\"image\":{\"@id\":\"https:\/\/www.manaus.am.gov.br\/semcom\/obra-de-drenagem-profunda-2\/#primaryimage\"},\"thumbnailUrl\":\"https:\/\/www.manaus.am.gov.br\/semcom\/wp-content\/uploads\/sites\/5\/2026\/04\/Prefeitura-de-Manaus-conclui-obra-de-drenagem-profunda-no-bairro-Santo-Antonio-e-reforca-infraestrutura-na-zona-Oeste-4.jpg\",\"datePublished\":\"2026-04-28T00:53:09+00:00\",\"dateModified\":\"2026-04-28T17:21:10+00:00\",\"author\":{\"@id\":\"https:\/\/www.manaus.am.gov.br\/semcom\/#\/schema\/person\/466a0e03ae4b6062809046bd560ac955\"},\"description\":\"A Prefeitura concluiu, nesta segunda-feira, 27\/4, a recupera\u00e7\u00e3o da rede de drenagem profunda da rua Costa e Silva, no bairro Santo Ant\u00f4nio.\",\"inLanguage\":\"pt-BR\",\"potentialAction\":[{\"@type\":\"ReadAction\",\"target\":[\"https:\/\/www.manaus.am.gov.br\/semcom\/obra-de-drenagem-profunda-2\/\"]}]},{\"@type\":\"ImageObject\",\"inLanguage\":\"pt-BR\",\"@id\":\"https:\/\/www.manaus.am.gov.br\/semcom\/obra-de-drenagem-profunda-2\/#primaryimage\",\"url\":\"https:\/\/www.manaus.am.gov.br\/semcom\/wp-content\/uploads\/sites\/5\/2026\/04\/Prefeitura-de-Manaus-conclui-obra-de-drenagem-profunda-no-bairro-Santo-Antonio-e-reforca-infraestrutura-na-zona-Oeste-4.jpg\",\"contentUrl\":\"https:\/\/www.manaus.am.gov.br\/semcom\/wp-content\/uploads\/sites\/5\/2026\/04\/Prefeitura-de-Manaus-conclui-obra-de-drenagem-profunda-no-bairro-Santo-Antonio-e-reforca-infraestrutura-na-zona-Oeste-4.jpg\",\"width\":1600,\"height\":1200,\"caption\":\"#paratodosverem - Equipe da Seminf recuperando drenagem #paratodosverem - Equipe da Seminf recuperando drenagem\"},{\"@type\":\"WebSite\",\"@id\":\"https:\/\/www.manaus.am.gov.br\/semcom\/#website\",\"url\":\"https:\/\/www.manaus.am.gov.br\/semcom\/\",\"name\":\"SEMCOM\",\"description\":\"Secretaria Municipal de Comunica\u00e7\u00e3o\",\"potentialAction\":[{\"@type\":\"SearchAction\",\"target\":{\"@type\":\"EntryPoint\",\"urlTemplate\":\"https:\/\/www.manaus.am.gov.br\/semcom\/?s={search_term_string}\"},\"query-input\":\"required name=search_term_string\"}],\"inLanguage\":\"pt-BR\"},{\"@type\":\"Person\",\"@id\":\"https:\/\/www.manaus.am.gov.br\/semcom\/#\/schema\/person\/466a0e03ae4b6062809046bd560ac955\",\"name\":\"bvalente\",\"image\":{\"@type\":\"ImageObject\",\"inLanguage\":\"pt-BR\",\"@id\":\"https:\/\/www.manaus.am.gov.br\/semcom\/#\/schema\/person\/image\/\",\"url\":\"https:\/\/secure.gravatar.com\/avatar\/3e69bc2b014bdad41adfec3a39de07d2?s=96&d=mm&r=g\",\"contentUrl\":\"https:\/\/secure.gravatar.com\/avatar\/3e69bc2b014bdad41adfec3a39de07d2?s=96&d=mm&r=g\",\"caption\":\"bvalente\"}}]}<\/script>\n<!-- \/ Yoast SEO plugin. -->","yoast_head_json":{"title":"PMM conclui obra de drenagem profunda no bairro Santo Ant\u00f4nio","description":"A Prefeitura concluiu, nesta segunda-feira, 27\/4, a recupera\u00e7\u00e3o da rede de drenagem profunda da rua Costa e Silva, no bairro Santo Ant\u00f4nio.","robots":{"index":"index","follow":"follow","max-snippet":"max-snippet:-1","max-image-preview":"max-image-preview:large","max-video-preview":"max-video-preview:-1"},"canonical":"https:\/\/www.manaus.am.gov.br\/semcom\/obra-de-drenagem-profunda-2\/","og_locale":"pt_BR","og_type":"article","og_title":"PMM conclui obra de drenagem profunda no bairro Santo Ant\u00f4nio","og_description":"A Prefeitura concluiu, nesta segunda-feira, 27\/4, a recupera\u00e7\u00e3o da rede de drenagem profunda da rua Costa e Silva, no bairro Santo Ant\u00f4nio.","og_url":"https:\/\/www.manaus.am.gov.br\/semcom\/obra-de-drenagem-profunda-2\/","og_site_name":"SEMCOM","article_published_time":"2026-04-28T00:53:09+00:00","article_modified_time":"2026-04-28T17:21:10+00:00","og_image":[{"width":1600,"height":1200,"url":"https:\/\/www.manaus.am.gov.br\/semcom\/wp-content\/uploads\/sites\/5\/2026\/04\/Prefeitura-de-Manaus-conclui-obra-de-drenagem-profunda-no-bairro-Santo-Antonio-e-reforca-infraestrutura-na-zona-Oeste-4.jpg","type":"image\/jpeg"}],"author":"bvalente","twitter_card":"summary_large_image","twitter_misc":{"Written by":"bvalente","Est. reading time":"3 minutos"},"schema":{"@context":"https:\/\/schema.org","@graph":[{"@type":"WebPage","@id":"https:\/\/www.manaus.am.gov.br\/semcom\/obra-de-drenagem-profunda-2\/","url":"https:\/\/www.manaus.am.gov.br\/semcom\/obra-de-drenagem-profunda-2\/","name":"PMM conclui obra de drenagem profunda no bairro Santo Ant\u00f4nio","isPartOf":{"@id":"https:\/\/www.manaus.am.gov.br\/semcom\/#website"},"primaryImageOfPage":{"@id":"https:\/\/www.manaus.am.gov.br\/semcom\/obra-de-drenagem-profunda-2\/#primaryimage"},"image":{"@id":"https:\/\/www.manaus.am.gov.br\/semcom\/obra-de-drenagem-profunda-2\/#primaryimage"},"thumbnailUrl":"https:\/\/www.manaus.am.gov.br\/semcom\/wp-content\/uploads\/sites\/5\/2026\/04\/Prefeitura-de-Manaus-conclui-obra-de-drenagem-profunda-no-bairro-Santo-Antonio-e-reforca-infraestrutura-na-zona-Oeste-4.jpg","datePublished":"2026-04-28T00:53:09+00:00","dateModified":"2026-04-28T17:21:10+00:00","author":{"@id":"https:\/\/www.manaus.am.gov.br\/semcom\/#\/schema\/person\/466a0e03ae4b6062809046bd560ac955"},"description":"A Prefeitura concluiu, nesta segunda-feira, 27\/4, a recupera\u00e7\u00e3o da rede de drenagem profunda da rua Costa e Silva, no bairro Santo Ant\u00f4nio.","inLanguage":"pt-BR","potentialAction":[{"@type":"ReadAction","target":["https:\/\/www.manaus.am.gov.br\/semcom\/obra-de-drenagem-profunda-2\/"]}]},{"@type":"ImageObject","inLanguage":"pt-BR","@id":"https:\/\/www.manaus.am.gov.br\/semcom\/obra-de-drenagem-profunda-2\/#primaryimage","url":"https:\/\/www.manaus.am.gov.br\/semcom\/wp-content\/uploads\/sites\/5\/2026\/04\/Prefeitura-de-Manaus-conclui-obra-de-drenagem-profunda-no-bairro-Santo-Antonio-e-reforca-infraestrutura-na-zona-Oeste-4.jpg","contentUrl":"https:\/\/www.manaus.am.gov.br\/semcom\/wp-content\/uploads\/sites\/5\/2026\/04\/Prefeitura-de-Manaus-conclui-obra-de-drenagem-profunda-no-bairro-Santo-Antonio-e-reforca-infraestrutura-na-zona-Oeste-4.jpg","width":1600,"height":1200,"caption":"#paratodosverem - Equipe da Seminf recuperando drenagem #paratodosverem - Equipe da Seminf recuperando drenagem"},{"@type":"WebSite","@id":"https:\/\/www.manaus.am.gov.br\/semcom\/#website","url":"https:\/\/www.manaus.am.gov.br\/semcom\/","name":"SEMCOM","description":"Secretaria Municipal de Comunica\u00e7\u00e3o","potentialAction":[{"@type":"SearchAction","target":{"@type":"EntryPoint","urlTemplate":"https:\/\/www.manaus.am.gov.br\/semcom\/?s={search_term_string}"},"query-input":"required name=search_term_string"}],"inLanguage":"pt-BR"},{"@type":"Person","@id":"https:\/\/www.manaus.am.gov.br\/semcom\/#\/schema\/person\/466a0e03ae4b6062809046bd560ac955","name":"bvalente","image":{"@type":"ImageObject","inLanguage":"pt-BR","@id":"https:\/\/www.manaus.am.gov.br\/semcom\/#\/schema\/person\/image\/","url":"https:\/\/secure.gravatar.com\/avatar\/3e69bc2b014bdad41adfec3a39de07d2?s=96&d=mm&r=g","contentUrl":"https:\/\/secure.gravatar.com\/avatar\/3e69bc2b014bdad41adfec3a39de07d2?s=96&d=mm&r=g","caption":"bvalente"}}]}},"_links":{"self":[{"href":"https:\/\/www.manaus.am.gov.br\/semcom\/wp-json\/wp\/v2\/posts\/257505"}],"collection":[{"href":"https:\/\/www.manaus.am.gov.br\/semcom\/wp-json\/wp\/v2\/posts"}],"about":[{"href":"https:\/\/www.manaus.am.gov.br\/semcom\/wp-json\/wp\/v2\/types\/post"}],"author":[{"embeddable":true,"href":"https:\/\/www.manaus.am.gov.br\/semcom\/wp-json\/wp\/v2\/users\/68"}],"replies":[{"embeddable":true,"href":"https:\/\/www.manaus.am.gov.br\/semcom\/wp-json\/wp\/v2\/comments?post=257505"}],"version-history":[{"count":2,"href":"https:\/\/www.manaus.am.gov.br\/semcom\/wp-json\/wp\/v2\/posts\/257505\/revisions"}],"predecessor-version":[{"id":257563,"href":"https:\/\/www.manaus.am.gov.br\/semcom\/wp-json\/wp\/v2\/posts\/257505\/revisions\/257563"}],"wp:featuredmedia":[{"embeddable":true,"href":"https:\/\/www.manaus.am.gov.br\/semcom\/wp-json\/wp\/v2\/media\/257506"}],"wp:attachment":[{"href":"https:\/\/www.manaus.am.gov.br\/semcom\/wp-json\/wp\/v2\/media?parent=257505"}],"wp:term":[{"taxonomy":"category","embeddable":true,"href":"https:\/\/www.manaus.am.gov.br\/semcom\/wp-json\/wp\/v2\/categories?post=257505"},{"taxonomy":"post_tag","embeddable":true,"href":"https:\/\/www.manaus.am.gov.br\/semcom\/wp-json\/wp\/v2\/tags?post=257505"}],"curies":[{"name":"wp","href":"https:\/\/api.w.org\/{rel}","templated":true}]}}