{"id":257503,"date":"2026-04-27T21:26:10","date_gmt":"2026-04-28T00:26:10","guid":{"rendered":"https:\/\/www.manaus.am.gov.br\/semcom\/indenizacao-de-valorizacao\/"},"modified":"2026-04-28T14:19:58","modified_gmt":"2026-04-28T17:19:58","slug":"indenizacao-de-valorizacao","status":"publish","type":"post","link":"https:\/\/www.manaus.am.gov.br\/semcom\/indenizacao-de-valorizacao\/","title":{"rendered":"Gest\u00e3o da Semsa recebe ACSs e refor\u00e7a crit\u00e9rios para pagamento da indeniza\u00e7\u00e3o de valoriza\u00e7\u00e3o"},"content":{"rendered":"\n<p>Os gestores da <a href=\"https:\/\/www.instagram.com\/semsamanaus\/\">Secretaria Municipal de Sa\u00fade<\/a> (Semsa) realizaram uma reuni\u00e3o, nesta segunda-feira, 27\/4, com Agentes Comunit\u00e1rios\u00a0 de Sa\u00fade (ACS), para orientar a categoria sobre d\u00favidas pontuais relativas \u00e0 metodologia utilizada para calcular o valor da Indeniza\u00e7\u00e3o de Valoriza\u00e7\u00e3o Profissional e Reconhecimento para os Agentes Comunit\u00e1rios de Sa\u00fade (IVPR-ACS), cuja parcela de 2026 ser\u00e1 paga na folha de abril.<\/p>\n\n\n\n<p>A premia\u00e7\u00e3o foi institu\u00edda pela <a href=\"https:\/\/www.manaus.am.gov.br\/\">Prefeitura de Manaus<\/a> por meio da Lei 3.626\/2026, sancionada pelo prefeito Renato Junior com o objetivo de reconhecer o trabalho estrat\u00e9gico da categoria, que atualmente re\u00fane 1.859 servidores, e incentivar a busca por excel\u00eancia na realiza\u00e7\u00e3o das a\u00e7\u00f5es de preven\u00e7\u00e3o e promo\u00e7\u00e3o da sa\u00fade no \u00e2mbito do Sistema \u00danico de Sa\u00fade.<\/p>\n\n\n\n<p>O encontro aconteceu na sede da Semsa Manaus, na zona Centro-Sul, e reuniu em uma ampla mesa de conversa o secret\u00e1rio municipal de Sa\u00fade, Nagib Salem, o subsecret\u00e1rio de Gest\u00e3o da Sa\u00fade, Djalma Coelho, as diretoras de Gest\u00e3o e Regula\u00e7\u00e3o do Trabalho, Mircleide Santana, e de Intelig\u00eancia de Dados, Sanay Pedrosa, e t\u00e9cnicos das duas \u00e1reas, ACSs, representantes do Sindicato dos Agentes Comunit\u00e1rios de Sa\u00fade do Amazonas (Sincosam), al\u00e9m dos vereadores S\u00e9rgio Bar\u00e9 e Gilmar Nascimento.<\/p>\n\n\n\n<p>Durante a reuni\u00e3o, a equipe da Semsa apresentou o detalhamento da metodologia utilizada para calcular os valores a serem pagos aos ACSs nesta primeira parcela anual<\/p>\n\n\n\n<p>O titular da Semsa, Nagib Salem, refor\u00e7ou que o IVPR \u00e9 uma conquista hist\u00f3rica, que consolida o reconhecimento da gest\u00e3o ao trabalho dos agentes. \u201cNosso objetivo \u00e9 buscar o melhor para os ACSs, por isso ao calcularmos os \u00edndices de desempenho individual e coletivo, utilizamos os mesmos sistemas que o governo federal usa para avaliar as equipes da Estrat\u00e9gia Sa\u00fade da Fam\u00edlia, e estamos aqui para entender as d\u00favidas e buscar uma solu\u00e7\u00e3o para os servidores que n\u00e3o foram contemplados pela falta eventual de algum detalhe na Lei\u201d.<\/p>\n\n\n\n<p>Para esses casos, especialmente relacionados a licen\u00e7as m\u00e9dicas e atua\u00e7\u00e3o em fun\u00e7\u00f5es da administra\u00e7\u00e3o e do controle de endemias, o secret\u00e1rio orientou que os ACSs entrem com requerimentos individuais para que a situa\u00e7\u00e3o de cada um seja analisada. \u201cSe houver falhas, vamos corrigir\u201d, afirmou Nagib Salem.<\/p>\n\n\n\n<p>Como a defini\u00e7\u00e3o do valor da IVPR est\u00e1 relacionado a informa\u00e7\u00f5es de produ\u00e7\u00e3o registradas nos sistemas oficiais, como o e-SUS PEC, o subsecret\u00e1rio Djalma Coelho anunciou que a Semsa ir\u00e1 programar mais uma oficina destinada exclusivamente a orientar os ACSs na compreens\u00e3o dos sistemas digitais e no registro correto da produ\u00e7\u00e3o di\u00e1ria, assim como na pactua\u00e7\u00e3o das metas de produ\u00e7\u00e3o.<\/p>\n\n\n\n<p>\u201cJ\u00e1 realizamos duas oficinas de sa\u00fade digital contemplando todos os 1,8 mil ACSs e decidimos oferecer mais uma, para orientar novamente aqueles que ainda t\u00eam d\u00favidas quanto ao preenchimento das informa\u00e7\u00f5es e, assim, potencializar os resultados, evitando perdas em avalia\u00e7\u00f5es futuras\u201d, afirmou.<\/p>\n\n\n\n<p><strong>Desempenho&nbsp;<\/strong><\/p>\n\n\n\n<p>De acordo com a Lei, o valor de refer\u00eancia para c\u00e1lculo da premia\u00e7\u00e3o, baseada no desempenho individual e coletivo dos ACSs, \u00e9 a remunera\u00e7\u00e3o da categoria, que corresponde a R$ 3.242. O desempenho individual pode atingir o patamar de 75% desse valor e o coletivo, 25%.<\/p>\n\n\n\n<p>Tanto o desempenho individual quanto o coletivo podem receber os conceitos \u201c\u00d3timo\u201d, \u201cBom\u201d, \u201cSuficiente\u201d e \u201cRegular\u201d, sendo que os que alcan\u00e7am o conceito m\u00e1ximo recebem 100% da indeniza\u00e7\u00e3o e os demais recebem valores proporcionais \u2013 75%, 40% e 20%, respectivamente.<\/p>\n\n\n\n<p>De acordo com Nagib Salem, tanto quanto reconhecer o valor do trabalho dos agentes, considerados o principal elo entre o servi\u00e7o de sa\u00fade e a comunidade, a premia\u00e7\u00e3o visa motivar esses trabalhadores a buscar resultados cada vez mais expressivos, melhorando a qualidade de vida dos usu\u00e1rios e os indicadores que medem a sa\u00fade da popula\u00e7\u00e3o.<\/p>\n\n\n\n<p>Neste primeiro ano, que leva em conta dados de 2025, o total de 1.318 ACSs alcan\u00e7ou o conceito m\u00e1ximo \u201c\u00d3timo\u201d no desempenho individual e 164 receberam o mesmo conceito no desempenho coletivo. A avalia\u00e7\u00e3o considerou os crit\u00e9rios estabelecidos para a premia\u00e7\u00e3o: o alcance individual da meta de produ\u00e7\u00e3o programada e os resultados coletivos nos indicadores de qualidade, v\u00ednculo e acompanhamento territorial definidos pelo Minist\u00e9rio da Sa\u00fade.<\/p>\n\n\n\n<p>Os que alcan\u00e7aram o conceito \u201cBom\u201d no desempenho individual somam 99 servidores. Outros 48 ficaram com o conceito \u201cSuficiente\u201d e 372, com o &#8220;Regular\u201d. J\u00e1 na avalia\u00e7\u00e3o coletiva, 403 receberam o conceito \u201cBom\u201d, 485 receberam o conceito \u201cSuficiente&#8221; e 761, o &#8220;Regular\u201d.<\/p>\n\n\n\n<p>Com base nos dois desempenhos, 1.300 ACSs (aproximadamente 70% do total) ir\u00e3o receber entre R$ 2.000 e R$ 3.242 (teto da indeniza\u00e7\u00e3o). Outros 447 ir\u00e3o receber entre R$ 500 e R$ 1.500, e 65 ir\u00e3o receber menos de R$ 500.<\/p>\n\n\n\n<p>Al\u00e9m dos ACSs que atuam na \u00e1rea urbana, integram a categoria os Agentes Ind\u00edgenas de Sa\u00fade e os Agentes de Sa\u00fade Comunit\u00e1ria Rural, com atua\u00e7\u00e3o em territ\u00f3rios espec\u00edficos.<\/p>\n\n\n\n<p>Para o pagamento anual da Indeniza\u00e7\u00e3o de Valoriza\u00e7\u00e3o Profissional e Reconhecimento para os Agentes Comunit\u00e1rios de Sa\u00fade a ser pago na folha de pagamento deste m\u00eas, a Prefeitura de Manaus ir\u00e1 desembolsar o total de R$ 4,1 milh\u00f5es.<\/p>\n\n\n\n<p>O presidente do&nbsp; Sindicato dos Agentes Comunit\u00e1rios de Sa\u00fade do Amazonas (Sincosam), Carlos Alexandre Pereira, disse que a reuni\u00e3o teve um saldo positivo. \u201cA reuni\u00e3o foi muito positiva. Fomos orientados a como proceder para inserir nossas produ\u00e7\u00f5es nos sistemas e, assim, formalizar nossa atua\u00e7\u00e3o no territ\u00f3rio. A gest\u00e3o tamb\u00e9m nos orientou sobre as situa\u00e7\u00f5es que n\u00e3o foram contempladas nas metas estabelecidas\u201d, destacou.<\/p>\n\n\n\n<p>Tamb\u00e9m avaliaram positivamente o encontro dos vereadores S\u00e9rgio Bar\u00e9 e Gilmar Nascimento. Ambos parabenizaram a Semsa, pela iniciativa de propor a Lei, e os ACSs, pela conquista, e avaliaram que d\u00favidas s\u00e3o comuns quando se trata de Lei in\u00e9dita, sem a refer\u00eancia de outras leis municipais, que tratem do tema com a mesma especificidade.<\/p>\n\n\n\n<p>\u2014&#8211; \u2014- \u2014&#8211;&nbsp;<br><strong>Texto &#8211;<\/strong> Andr\u00e9a Arruda e T\u00e2nia Brand\u00e3o\/Semsa<br><strong>Fotos &#8211;&nbsp; <\/strong>Fernanda Moutinho\/Semsa<\/p>\n","protected":false},"excerpt":{"rendered":"","protected":false},"author":68,"featured_media":257504,"comment_status":"closed","ping_status":"closed","sticky":false,"template":"","format":"standard","meta":{"footnotes":""},"categories":[925],"tags":[20550,20551,77,20552,162],"acf":[],"yoast_head":"<!-- This site is optimized with the Yoast SEO plugin v23.0 - https:\/\/yoast.com\/wordpress\/plugins\/seo\/ -->\n<title>PMM recebe ACS e refor\u00e7a crit\u00e9rios para indeniza\u00e7\u00e3o<\/title>\n<meta name=\"description\" content=\"Os gestores da Secretaria Municipal de Sa\u00fade (Semsa) realizaram uma reuni\u00e3o, nesta segunda-feira, com Agentes Comunit\u00e1rios de Sa\u00fade (ACS).\" \/>\n<meta name=\"robots\" content=\"index, follow, max-snippet:-1, max-image-preview:large, max-video-preview:-1\" \/>\n<link rel=\"canonical\" href=\"https:\/\/www.manaus.am.gov.br\/semcom\/indenizacao-de-valorizacao\/\" \/>\n<meta property=\"og:locale\" content=\"pt_BR\" \/>\n<meta property=\"og:type\" content=\"article\" \/>\n<meta property=\"og:title\" content=\"PMM recebe ACS e refor\u00e7a crit\u00e9rios para indeniza\u00e7\u00e3o\" \/>\n<meta property=\"og:description\" content=\"Os gestores da Secretaria Municipal de Sa\u00fade (Semsa) realizaram uma reuni\u00e3o, nesta segunda-feira, com Agentes Comunit\u00e1rios de Sa\u00fade (ACS).\" \/>\n<meta property=\"og:url\" content=\"https:\/\/www.manaus.am.gov.br\/semcom\/indenizacao-de-valorizacao\/\" \/>\n<meta property=\"og:site_name\" content=\"SEMCOM\" \/>\n<meta property=\"article:published_time\" content=\"2026-04-28T00:26:10+00:00\" \/>\n<meta property=\"article:modified_time\" content=\"2026-04-28T17:19:58+00:00\" \/>\n<meta property=\"og:image\" content=\"https:\/\/www.manaus.am.gov.br\/semcom\/wp-content\/uploads\/sites\/5\/2026\/04\/Gestao-da-Semsa-recebe-ACSs-e-reforca-criterios-para-pagamento-da-indenizacao-de-valorizacao-3.jpg\" \/>\n\t<meta property=\"og:image:width\" content=\"1600\" \/>\n\t<meta property=\"og:image:height\" content=\"900\" \/>\n\t<meta property=\"og:image:type\" content=\"image\/jpeg\" \/>\n<meta name=\"author\" content=\"bvalente\" \/>\n<meta name=\"twitter:card\" content=\"summary_large_image\" \/>\n<meta name=\"twitter:label1\" content=\"Written by\" \/>\n\t<meta name=\"twitter:data1\" content=\"bvalente\" \/>\n\t<meta name=\"twitter:label2\" content=\"Est. reading time\" \/>\n\t<meta name=\"twitter:data2\" content=\"6 minutos\" \/>\n<script type=\"application\/ld+json\" class=\"yoast-schema-graph\">{\"@context\":\"https:\/\/schema.org\",\"@graph\":[{\"@type\":\"WebPage\",\"@id\":\"https:\/\/www.manaus.am.gov.br\/semcom\/indenizacao-de-valorizacao\/\",\"url\":\"https:\/\/www.manaus.am.gov.br\/semcom\/indenizacao-de-valorizacao\/\",\"name\":\"PMM recebe ACS e refor\u00e7a crit\u00e9rios para indeniza\u00e7\u00e3o\",\"isPartOf\":{\"@id\":\"https:\/\/www.manaus.am.gov.br\/semcom\/#website\"},\"primaryImageOfPage\":{\"@id\":\"https:\/\/www.manaus.am.gov.br\/semcom\/indenizacao-de-valorizacao\/#primaryimage\"},\"image\":{\"@id\":\"https:\/\/www.manaus.am.gov.br\/semcom\/indenizacao-de-valorizacao\/#primaryimage\"},\"thumbnailUrl\":\"https:\/\/www.manaus.am.gov.br\/semcom\/wp-content\/uploads\/sites\/5\/2026\/04\/Gestao-da-Semsa-recebe-ACSs-e-reforca-criterios-para-pagamento-da-indenizacao-de-valorizacao-3.jpg\",\"datePublished\":\"2026-04-28T00:26:10+00:00\",\"dateModified\":\"2026-04-28T17:19:58+00:00\",\"author\":{\"@id\":\"https:\/\/www.manaus.am.gov.br\/semcom\/#\/schema\/person\/466a0e03ae4b6062809046bd560ac955\"},\"description\":\"Os gestores da Secretaria Municipal de Sa\u00fade (Semsa) realizaram uma reuni\u00e3o, nesta segunda-feira, com Agentes Comunit\u00e1rios de Sa\u00fade (ACS).\",\"inLanguage\":\"pt-BR\",\"potentialAction\":[{\"@type\":\"ReadAction\",\"target\":[\"https:\/\/www.manaus.am.gov.br\/semcom\/indenizacao-de-valorizacao\/\"]}]},{\"@type\":\"ImageObject\",\"inLanguage\":\"pt-BR\",\"@id\":\"https:\/\/www.manaus.am.gov.br\/semcom\/indenizacao-de-valorizacao\/#primaryimage\",\"url\":\"https:\/\/www.manaus.am.gov.br\/semcom\/wp-content\/uploads\/sites\/5\/2026\/04\/Gestao-da-Semsa-recebe-ACSs-e-reforca-criterios-para-pagamento-da-indenizacao-de-valorizacao-3.jpg\",\"contentUrl\":\"https:\/\/www.manaus.am.gov.br\/semcom\/wp-content\/uploads\/sites\/5\/2026\/04\/Gestao-da-Semsa-recebe-ACSs-e-reforca-criterios-para-pagamento-da-indenizacao-de-valorizacao-3.jpg\",\"width\":1600,\"height\":900,\"caption\":\"#paratodosverem - Equipe da Semsa e ACSs durante encontro\"},{\"@type\":\"WebSite\",\"@id\":\"https:\/\/www.manaus.am.gov.br\/semcom\/#website\",\"url\":\"https:\/\/www.manaus.am.gov.br\/semcom\/\",\"name\":\"SEMCOM\",\"description\":\"Secretaria Municipal de Comunica\u00e7\u00e3o\",\"potentialAction\":[{\"@type\":\"SearchAction\",\"target\":{\"@type\":\"EntryPoint\",\"urlTemplate\":\"https:\/\/www.manaus.am.gov.br\/semcom\/?s={search_term_string}\"},\"query-input\":\"required name=search_term_string\"}],\"inLanguage\":\"pt-BR\"},{\"@type\":\"Person\",\"@id\":\"https:\/\/www.manaus.am.gov.br\/semcom\/#\/schema\/person\/466a0e03ae4b6062809046bd560ac955\",\"name\":\"bvalente\",\"image\":{\"@type\":\"ImageObject\",\"inLanguage\":\"pt-BR\",\"@id\":\"https:\/\/www.manaus.am.gov.br\/semcom\/#\/schema\/person\/image\/\",\"url\":\"https:\/\/secure.gravatar.com\/avatar\/3e69bc2b014bdad41adfec3a39de07d2?s=96&d=mm&r=g\",\"contentUrl\":\"https:\/\/secure.gravatar.com\/avatar\/3e69bc2b014bdad41adfec3a39de07d2?s=96&d=mm&r=g\",\"caption\":\"bvalente\"}}]}<\/script>\n<!-- \/ Yoast SEO plugin. -->","yoast_head_json":{"title":"PMM recebe ACS e refor\u00e7a crit\u00e9rios para indeniza\u00e7\u00e3o","description":"Os gestores da Secretaria Municipal de Sa\u00fade (Semsa) realizaram uma reuni\u00e3o, nesta segunda-feira, com Agentes Comunit\u00e1rios de Sa\u00fade (ACS).","robots":{"index":"index","follow":"follow","max-snippet":"max-snippet:-1","max-image-preview":"max-image-preview:large","max-video-preview":"max-video-preview:-1"},"canonical":"https:\/\/www.manaus.am.gov.br\/semcom\/indenizacao-de-valorizacao\/","og_locale":"pt_BR","og_type":"article","og_title":"PMM recebe ACS e refor\u00e7a crit\u00e9rios para indeniza\u00e7\u00e3o","og_description":"Os gestores da Secretaria Municipal de Sa\u00fade (Semsa) realizaram uma reuni\u00e3o, nesta segunda-feira, com Agentes Comunit\u00e1rios de Sa\u00fade (ACS).","og_url":"https:\/\/www.manaus.am.gov.br\/semcom\/indenizacao-de-valorizacao\/","og_site_name":"SEMCOM","article_published_time":"2026-04-28T00:26:10+00:00","article_modified_time":"2026-04-28T17:19:58+00:00","og_image":[{"width":1600,"height":900,"url":"https:\/\/www.manaus.am.gov.br\/semcom\/wp-content\/uploads\/sites\/5\/2026\/04\/Gestao-da-Semsa-recebe-ACSs-e-reforca-criterios-para-pagamento-da-indenizacao-de-valorizacao-3.jpg","type":"image\/jpeg"}],"author":"bvalente","twitter_card":"summary_large_image","twitter_misc":{"Written by":"bvalente","Est. reading time":"6 minutos"},"schema":{"@context":"https:\/\/schema.org","@graph":[{"@type":"WebPage","@id":"https:\/\/www.manaus.am.gov.br\/semcom\/indenizacao-de-valorizacao\/","url":"https:\/\/www.manaus.am.gov.br\/semcom\/indenizacao-de-valorizacao\/","name":"PMM recebe ACS e refor\u00e7a crit\u00e9rios para indeniza\u00e7\u00e3o","isPartOf":{"@id":"https:\/\/www.manaus.am.gov.br\/semcom\/#website"},"primaryImageOfPage":{"@id":"https:\/\/www.manaus.am.gov.br\/semcom\/indenizacao-de-valorizacao\/#primaryimage"},"image":{"@id":"https:\/\/www.manaus.am.gov.br\/semcom\/indenizacao-de-valorizacao\/#primaryimage"},"thumbnailUrl":"https:\/\/www.manaus.am.gov.br\/semcom\/wp-content\/uploads\/sites\/5\/2026\/04\/Gestao-da-Semsa-recebe-ACSs-e-reforca-criterios-para-pagamento-da-indenizacao-de-valorizacao-3.jpg","datePublished":"2026-04-28T00:26:10+00:00","dateModified":"2026-04-28T17:19:58+00:00","author":{"@id":"https:\/\/www.manaus.am.gov.br\/semcom\/#\/schema\/person\/466a0e03ae4b6062809046bd560ac955"},"description":"Os gestores da Secretaria Municipal de Sa\u00fade (Semsa) realizaram uma reuni\u00e3o, nesta segunda-feira, com Agentes Comunit\u00e1rios de Sa\u00fade (ACS).","inLanguage":"pt-BR","potentialAction":[{"@type":"ReadAction","target":["https:\/\/www.manaus.am.gov.br\/semcom\/indenizacao-de-valorizacao\/"]}]},{"@type":"ImageObject","inLanguage":"pt-BR","@id":"https:\/\/www.manaus.am.gov.br\/semcom\/indenizacao-de-valorizacao\/#primaryimage","url":"https:\/\/www.manaus.am.gov.br\/semcom\/wp-content\/uploads\/sites\/5\/2026\/04\/Gestao-da-Semsa-recebe-ACSs-e-reforca-criterios-para-pagamento-da-indenizacao-de-valorizacao-3.jpg","contentUrl":"https:\/\/www.manaus.am.gov.br\/semcom\/wp-content\/uploads\/sites\/5\/2026\/04\/Gestao-da-Semsa-recebe-ACSs-e-reforca-criterios-para-pagamento-da-indenizacao-de-valorizacao-3.jpg","width":1600,"height":900,"caption":"#paratodosverem - Equipe da Semsa e ACSs durante encontro"},{"@type":"WebSite","@id":"https:\/\/www.manaus.am.gov.br\/semcom\/#website","url":"https:\/\/www.manaus.am.gov.br\/semcom\/","name":"SEMCOM","description":"Secretaria Municipal de Comunica\u00e7\u00e3o","potentialAction":[{"@type":"SearchAction","target":{"@type":"EntryPoint","urlTemplate":"https:\/\/www.manaus.am.gov.br\/semcom\/?s={search_term_string}"},"query-input":"required name=search_term_string"}],"inLanguage":"pt-BR"},{"@type":"Person","@id":"https:\/\/www.manaus.am.gov.br\/semcom\/#\/schema\/person\/466a0e03ae4b6062809046bd560ac955","name":"bvalente","image":{"@type":"ImageObject","inLanguage":"pt-BR","@id":"https:\/\/www.manaus.am.gov.br\/semcom\/#\/schema\/person\/image\/","url":"https:\/\/secure.gravatar.com\/avatar\/3e69bc2b014bdad41adfec3a39de07d2?s=96&d=mm&r=g","contentUrl":"https:\/\/secure.gravatar.com\/avatar\/3e69bc2b014bdad41adfec3a39de07d2?s=96&d=mm&r=g","caption":"bvalente"}}]}},"_links":{"self":[{"href":"https:\/\/www.manaus.am.gov.br\/semcom\/wp-json\/wp\/v2\/posts\/257503"}],"collection":[{"href":"https:\/\/www.manaus.am.gov.br\/semcom\/wp-json\/wp\/v2\/posts"}],"about":[{"href":"https:\/\/www.manaus.am.gov.br\/semcom\/wp-json\/wp\/v2\/types\/post"}],"author":[{"embeddable":true,"href":"https:\/\/www.manaus.am.gov.br\/semcom\/wp-json\/wp\/v2\/users\/68"}],"replies":[{"embeddable":true,"href":"https:\/\/www.manaus.am.gov.br\/semcom\/wp-json\/wp\/v2\/comments?post=257503"}],"version-history":[{"count":1,"href":"https:\/\/www.manaus.am.gov.br\/semcom\/wp-json\/wp\/v2\/posts\/257503\/revisions"}],"predecessor-version":[{"id":257562,"href":"https:\/\/www.manaus.am.gov.br\/semcom\/wp-json\/wp\/v2\/posts\/257503\/revisions\/257562"}],"wp:featuredmedia":[{"embeddable":true,"href":"https:\/\/www.manaus.am.gov.br\/semcom\/wp-json\/wp\/v2\/media\/257504"}],"wp:attachment":[{"href":"https:\/\/www.manaus.am.gov.br\/semcom\/wp-json\/wp\/v2\/media?parent=257503"}],"wp:term":[{"taxonomy":"category","embeddable":true,"href":"https:\/\/www.manaus.am.gov.br\/semcom\/wp-json\/wp\/v2\/categories?post=257503"},{"taxonomy":"post_tag","embeddable":true,"href":"https:\/\/www.manaus.am.gov.br\/semcom\/wp-json\/wp\/v2\/tags?post=257503"}],"curies":[{"name":"wp","href":"https:\/\/api.w.org\/{rel}","templated":true}]}}