{"id":257500,"date":"2026-04-27T20:35:54","date_gmt":"2026-04-27T23:35:54","guid":{"rendered":"https:\/\/www.manaus.am.gov.br\/semcom\/reforco-drenagem-bairro-coroado\/"},"modified":"2026-04-28T13:56:10","modified_gmt":"2026-04-28T16:56:10","slug":"reforco-drenagem-bairro-coroado","status":"publish","type":"post","link":"https:\/\/www.manaus.am.gov.br\/semcom\/reforco-drenagem-bairro-coroado\/","title":{"rendered":"Prefeitura de Manaus refor\u00e7a drenagem no bairro Coroado ap\u00f3s chuvas e garante mais seguran\u00e7a \u00e0 popula\u00e7\u00e3o"},"content":{"rendered":"\n<p>A <a href=\"https:\/\/www.manaus.am.gov.br\/\">Prefeitura de Manaus<\/a>, por meio da <a href=\"https:\/\/www.instagram.com\/seminf.manaus\/\">Secretaria Municipal de Infraestrutura<\/a> (Seminf), executou, nesta segunda-feira, 27\/4, uma importante obra de recupera\u00e7\u00e3o de drenagem profunda na rua Afonso Br\u00e1s, no bairro Coroado, zona Leste da capital. A interven\u00e7\u00e3o foi necess\u00e1ria ap\u00f3s o sistema ser comprometido pelo grande volume de chuva registrado nos \u00faltimos dias.<\/p>\n\n\n\n<p>Durante os trabalhos, as equipes t\u00e9cnicas identificaram danos na tubula\u00e7\u00e3o, o que prejudicava o escoamento correto das \u00e1guas pluviais e aumentava o risco de alagamentos na \u00e1rea. Como solu\u00e7\u00e3o, foi realizada a substitui\u00e7\u00e3o dos tubos deteriorados por novas estruturas, mais resistentes e preparadas para suportar o fluxo intenso, garantindo maior efici\u00eancia ao sistema.<\/p>\n\n\n\n<p>O secret\u00e1rio municipal de Infraestrutura, Madson Rodrigues, destacou que a atua\u00e7\u00e3o r\u00e1pida das equipes tem sido fundamental para minimizar os impactos das chuvas e proteger a popula\u00e7\u00e3o. \u201cEstamos empenhados em chegar r\u00e1pido onde a cidade mais precisa. Quando a chuva castiga, a resposta tem que ser imediata. E \u00e9 essa a orienta\u00e7\u00e3o do prefeito Renato Junior, estar presente, agir com efici\u00eancia e cuidar das pessoas. Estamos nas ruas todos os dias, priorizando os pontos mais cr\u00edticos para devolver seguran\u00e7a e tranquilidade aos moradores\u201d, afirmou o secret\u00e1rio Madson Rodrigues.<\/p>\n\n\n\n<p>Morador da \u00e1rea, o aut\u00f4nomo Felipe Moraes, de 20 anos, reconheceu a agilidade da interven\u00e7\u00e3o e a import\u00e2ncia do servi\u00e7o. \u201cA gente estava precisando muito. Quando come\u00e7a a chover, a preocupa\u00e7\u00e3o \u00e9 grande. Mas dessa vez foi r\u00e1pido, as equipes chegaram cedo e j\u00e1 resolveram. Para a gente aqui, faz toda diferen\u00e7a\u201d, relatou o morador.<\/p>\n\n\n\n<p>A Prefeitura de Manaus segue monitorando de forma cont\u00ednua as \u00e1reas mais vulner\u00e1veis da cidade, intensificando os servi\u00e7os de manuten\u00e7\u00e3o e recupera\u00e7\u00e3o da drenagem. A meta \u00e9 reduzir riscos, evitar transtornos e garantir mais qualidade de vida, especialmente no per\u00edodo de chuvas intensas na capital amazonense.<\/p>\n\n\n\n<p><br>\u2014- \u2014- \u2014-<br><strong>Texto <\/strong>&#8211; Sayanne Monteiro\/ Seminf&nbsp;<br><strong>Fotos &#8211; <\/strong>Maria Amed\/ Seminf <strong>&nbsp;<\/strong><\/p>\n","protected":false},"excerpt":{"rendered":"","protected":false},"author":68,"featured_media":257501,"comment_status":"closed","ping_status":"closed","sticky":false,"template":"","format":"standard","meta":{"footnotes":""},"categories":[90],"tags":[20546,77,20547,33,897],"acf":[],"yoast_head":"<!-- This site is optimized with the Yoast SEO plugin v23.0 - https:\/\/yoast.com\/wordpress\/plugins\/seo\/ -->\n<title>Prefeitura de Manaus refor\u00e7a drenagem no bairro Coroado<\/title>\n<meta name=\"description\" content=\"A Prefeitura de Manaus executou, nesta segunda-feira, 27\/4, uma importante obra de recupera\u00e7\u00e3o de drenagem profunda na rua Afonso Br\u00e1s.\" \/>\n<meta name=\"robots\" content=\"index, follow, max-snippet:-1, max-image-preview:large, max-video-preview:-1\" \/>\n<link rel=\"canonical\" href=\"https:\/\/www.manaus.am.gov.br\/semcom\/reforco-drenagem-bairro-coroado\/\" \/>\n<meta property=\"og:locale\" content=\"pt_BR\" \/>\n<meta property=\"og:type\" content=\"article\" \/>\n<meta property=\"og:title\" content=\"Prefeitura de Manaus refor\u00e7a drenagem no bairro Coroado\" \/>\n<meta property=\"og:description\" content=\"A Prefeitura de Manaus executou, nesta segunda-feira, 27\/4, uma importante obra de recupera\u00e7\u00e3o de drenagem profunda na rua Afonso Br\u00e1s.\" \/>\n<meta property=\"og:url\" content=\"https:\/\/www.manaus.am.gov.br\/semcom\/reforco-drenagem-bairro-coroado\/\" \/>\n<meta property=\"og:site_name\" content=\"SEMCOM\" \/>\n<meta property=\"article:published_time\" content=\"2026-04-27T23:35:54+00:00\" \/>\n<meta property=\"article:modified_time\" content=\"2026-04-28T16:56:10+00:00\" \/>\n<meta property=\"og:image\" content=\"https:\/\/www.manaus.am.gov.br\/semcom\/wp-content\/uploads\/sites\/5\/2026\/04\/Prefeitura-de-Manaus-reforca-drenagem-no-bairro-Coroado-apos-chuvas-e-garante-mais-seguranca-a-populacao-2.jpg\" \/>\n\t<meta property=\"og:image:width\" content=\"1600\" \/>\n\t<meta property=\"og:image:height\" content=\"1200\" \/>\n\t<meta property=\"og:image:type\" content=\"image\/jpeg\" \/>\n<meta name=\"author\" content=\"bvalente\" \/>\n<meta name=\"twitter:card\" content=\"summary_large_image\" \/>\n<meta name=\"twitter:label1\" content=\"Written by\" \/>\n\t<meta name=\"twitter:data1\" content=\"bvalente\" \/>\n\t<meta name=\"twitter:label2\" content=\"Est. reading time\" \/>\n\t<meta name=\"twitter:data2\" content=\"2 minutos\" \/>\n<script type=\"application\/ld+json\" class=\"yoast-schema-graph\">{\"@context\":\"https:\/\/schema.org\",\"@graph\":[{\"@type\":\"WebPage\",\"@id\":\"https:\/\/www.manaus.am.gov.br\/semcom\/reforco-drenagem-bairro-coroado\/\",\"url\":\"https:\/\/www.manaus.am.gov.br\/semcom\/reforco-drenagem-bairro-coroado\/\",\"name\":\"Prefeitura de Manaus refor\u00e7a drenagem no bairro Coroado\",\"isPartOf\":{\"@id\":\"https:\/\/www.manaus.am.gov.br\/semcom\/#website\"},\"primaryImageOfPage\":{\"@id\":\"https:\/\/www.manaus.am.gov.br\/semcom\/reforco-drenagem-bairro-coroado\/#primaryimage\"},\"image\":{\"@id\":\"https:\/\/www.manaus.am.gov.br\/semcom\/reforco-drenagem-bairro-coroado\/#primaryimage\"},\"thumbnailUrl\":\"https:\/\/www.manaus.am.gov.br\/semcom\/wp-content\/uploads\/sites\/5\/2026\/04\/Prefeitura-de-Manaus-reforca-drenagem-no-bairro-Coroado-apos-chuvas-e-garante-mais-seguranca-a-populacao-2.jpg\",\"datePublished\":\"2026-04-27T23:35:54+00:00\",\"dateModified\":\"2026-04-28T16:56:10+00:00\",\"author\":{\"@id\":\"https:\/\/www.manaus.am.gov.br\/semcom\/#\/schema\/person\/466a0e03ae4b6062809046bd560ac955\"},\"description\":\"A Prefeitura de Manaus executou, nesta segunda-feira, 27\/4, uma importante obra de recupera\u00e7\u00e3o de drenagem profunda na rua Afonso Br\u00e1s.\",\"inLanguage\":\"pt-BR\",\"potentialAction\":[{\"@type\":\"ReadAction\",\"target\":[\"https:\/\/www.manaus.am.gov.br\/semcom\/reforco-drenagem-bairro-coroado\/\"]}]},{\"@type\":\"ImageObject\",\"inLanguage\":\"pt-BR\",\"@id\":\"https:\/\/www.manaus.am.gov.br\/semcom\/reforco-drenagem-bairro-coroado\/#primaryimage\",\"url\":\"https:\/\/www.manaus.am.gov.br\/semcom\/wp-content\/uploads\/sites\/5\/2026\/04\/Prefeitura-de-Manaus-reforca-drenagem-no-bairro-Coroado-apos-chuvas-e-garante-mais-seguranca-a-populacao-2.jpg\",\"contentUrl\":\"https:\/\/www.manaus.am.gov.br\/semcom\/wp-content\/uploads\/sites\/5\/2026\/04\/Prefeitura-de-Manaus-reforca-drenagem-no-bairro-Coroado-apos-chuvas-e-garante-mais-seguranca-a-populacao-2.jpg\",\"width\":1600,\"height\":1200,\"caption\":\"#paratodosverem - Equipe da Seminf recuperando drenagem\"},{\"@type\":\"WebSite\",\"@id\":\"https:\/\/www.manaus.am.gov.br\/semcom\/#website\",\"url\":\"https:\/\/www.manaus.am.gov.br\/semcom\/\",\"name\":\"SEMCOM\",\"description\":\"Secretaria Municipal de Comunica\u00e7\u00e3o\",\"potentialAction\":[{\"@type\":\"SearchAction\",\"target\":{\"@type\":\"EntryPoint\",\"urlTemplate\":\"https:\/\/www.manaus.am.gov.br\/semcom\/?s={search_term_string}\"},\"query-input\":\"required name=search_term_string\"}],\"inLanguage\":\"pt-BR\"},{\"@type\":\"Person\",\"@id\":\"https:\/\/www.manaus.am.gov.br\/semcom\/#\/schema\/person\/466a0e03ae4b6062809046bd560ac955\",\"name\":\"bvalente\",\"image\":{\"@type\":\"ImageObject\",\"inLanguage\":\"pt-BR\",\"@id\":\"https:\/\/www.manaus.am.gov.br\/semcom\/#\/schema\/person\/image\/\",\"url\":\"https:\/\/secure.gravatar.com\/avatar\/3e69bc2b014bdad41adfec3a39de07d2?s=96&d=mm&r=g\",\"contentUrl\":\"https:\/\/secure.gravatar.com\/avatar\/3e69bc2b014bdad41adfec3a39de07d2?s=96&d=mm&r=g\",\"caption\":\"bvalente\"}}]}<\/script>\n<!-- \/ Yoast SEO plugin. -->","yoast_head_json":{"title":"Prefeitura de Manaus refor\u00e7a drenagem no bairro Coroado","description":"A Prefeitura de Manaus executou, nesta segunda-feira, 27\/4, uma importante obra de recupera\u00e7\u00e3o de drenagem profunda na rua Afonso Br\u00e1s.","robots":{"index":"index","follow":"follow","max-snippet":"max-snippet:-1","max-image-preview":"max-image-preview:large","max-video-preview":"max-video-preview:-1"},"canonical":"https:\/\/www.manaus.am.gov.br\/semcom\/reforco-drenagem-bairro-coroado\/","og_locale":"pt_BR","og_type":"article","og_title":"Prefeitura de Manaus refor\u00e7a drenagem no bairro Coroado","og_description":"A Prefeitura de Manaus executou, nesta segunda-feira, 27\/4, uma importante obra de recupera\u00e7\u00e3o de drenagem profunda na rua Afonso Br\u00e1s.","og_url":"https:\/\/www.manaus.am.gov.br\/semcom\/reforco-drenagem-bairro-coroado\/","og_site_name":"SEMCOM","article_published_time":"2026-04-27T23:35:54+00:00","article_modified_time":"2026-04-28T16:56:10+00:00","og_image":[{"width":1600,"height":1200,"url":"https:\/\/www.manaus.am.gov.br\/semcom\/wp-content\/uploads\/sites\/5\/2026\/04\/Prefeitura-de-Manaus-reforca-drenagem-no-bairro-Coroado-apos-chuvas-e-garante-mais-seguranca-a-populacao-2.jpg","type":"image\/jpeg"}],"author":"bvalente","twitter_card":"summary_large_image","twitter_misc":{"Written by":"bvalente","Est. reading time":"2 minutos"},"schema":{"@context":"https:\/\/schema.org","@graph":[{"@type":"WebPage","@id":"https:\/\/www.manaus.am.gov.br\/semcom\/reforco-drenagem-bairro-coroado\/","url":"https:\/\/www.manaus.am.gov.br\/semcom\/reforco-drenagem-bairro-coroado\/","name":"Prefeitura de Manaus refor\u00e7a drenagem no bairro Coroado","isPartOf":{"@id":"https:\/\/www.manaus.am.gov.br\/semcom\/#website"},"primaryImageOfPage":{"@id":"https:\/\/www.manaus.am.gov.br\/semcom\/reforco-drenagem-bairro-coroado\/#primaryimage"},"image":{"@id":"https:\/\/www.manaus.am.gov.br\/semcom\/reforco-drenagem-bairro-coroado\/#primaryimage"},"thumbnailUrl":"https:\/\/www.manaus.am.gov.br\/semcom\/wp-content\/uploads\/sites\/5\/2026\/04\/Prefeitura-de-Manaus-reforca-drenagem-no-bairro-Coroado-apos-chuvas-e-garante-mais-seguranca-a-populacao-2.jpg","datePublished":"2026-04-27T23:35:54+00:00","dateModified":"2026-04-28T16:56:10+00:00","author":{"@id":"https:\/\/www.manaus.am.gov.br\/semcom\/#\/schema\/person\/466a0e03ae4b6062809046bd560ac955"},"description":"A Prefeitura de Manaus executou, nesta segunda-feira, 27\/4, uma importante obra de recupera\u00e7\u00e3o de drenagem profunda na rua Afonso Br\u00e1s.","inLanguage":"pt-BR","potentialAction":[{"@type":"ReadAction","target":["https:\/\/www.manaus.am.gov.br\/semcom\/reforco-drenagem-bairro-coroado\/"]}]},{"@type":"ImageObject","inLanguage":"pt-BR","@id":"https:\/\/www.manaus.am.gov.br\/semcom\/reforco-drenagem-bairro-coroado\/#primaryimage","url":"https:\/\/www.manaus.am.gov.br\/semcom\/wp-content\/uploads\/sites\/5\/2026\/04\/Prefeitura-de-Manaus-reforca-drenagem-no-bairro-Coroado-apos-chuvas-e-garante-mais-seguranca-a-populacao-2.jpg","contentUrl":"https:\/\/www.manaus.am.gov.br\/semcom\/wp-content\/uploads\/sites\/5\/2026\/04\/Prefeitura-de-Manaus-reforca-drenagem-no-bairro-Coroado-apos-chuvas-e-garante-mais-seguranca-a-populacao-2.jpg","width":1600,"height":1200,"caption":"#paratodosverem - Equipe da Seminf recuperando drenagem"},{"@type":"WebSite","@id":"https:\/\/www.manaus.am.gov.br\/semcom\/#website","url":"https:\/\/www.manaus.am.gov.br\/semcom\/","name":"SEMCOM","description":"Secretaria Municipal de Comunica\u00e7\u00e3o","potentialAction":[{"@type":"SearchAction","target":{"@type":"EntryPoint","urlTemplate":"https:\/\/www.manaus.am.gov.br\/semcom\/?s={search_term_string}"},"query-input":"required name=search_term_string"}],"inLanguage":"pt-BR"},{"@type":"Person","@id":"https:\/\/www.manaus.am.gov.br\/semcom\/#\/schema\/person\/466a0e03ae4b6062809046bd560ac955","name":"bvalente","image":{"@type":"ImageObject","inLanguage":"pt-BR","@id":"https:\/\/www.manaus.am.gov.br\/semcom\/#\/schema\/person\/image\/","url":"https:\/\/secure.gravatar.com\/avatar\/3e69bc2b014bdad41adfec3a39de07d2?s=96&d=mm&r=g","contentUrl":"https:\/\/secure.gravatar.com\/avatar\/3e69bc2b014bdad41adfec3a39de07d2?s=96&d=mm&r=g","caption":"bvalente"}}]}},"_links":{"self":[{"href":"https:\/\/www.manaus.am.gov.br\/semcom\/wp-json\/wp\/v2\/posts\/257500"}],"collection":[{"href":"https:\/\/www.manaus.am.gov.br\/semcom\/wp-json\/wp\/v2\/posts"}],"about":[{"href":"https:\/\/www.manaus.am.gov.br\/semcom\/wp-json\/wp\/v2\/types\/post"}],"author":[{"embeddable":true,"href":"https:\/\/www.manaus.am.gov.br\/semcom\/wp-json\/wp\/v2\/users\/68"}],"replies":[{"embeddable":true,"href":"https:\/\/www.manaus.am.gov.br\/semcom\/wp-json\/wp\/v2\/comments?post=257500"}],"version-history":[{"count":1,"href":"https:\/\/www.manaus.am.gov.br\/semcom\/wp-json\/wp\/v2\/posts\/257500\/revisions"}],"predecessor-version":[{"id":257554,"href":"https:\/\/www.manaus.am.gov.br\/semcom\/wp-json\/wp\/v2\/posts\/257500\/revisions\/257554"}],"wp:featuredmedia":[{"embeddable":true,"href":"https:\/\/www.manaus.am.gov.br\/semcom\/wp-json\/wp\/v2\/media\/257501"}],"wp:attachment":[{"href":"https:\/\/www.manaus.am.gov.br\/semcom\/wp-json\/wp\/v2\/media?parent=257500"}],"wp:term":[{"taxonomy":"category","embeddable":true,"href":"https:\/\/www.manaus.am.gov.br\/semcom\/wp-json\/wp\/v2\/categories?post=257500"},{"taxonomy":"post_tag","embeddable":true,"href":"https:\/\/www.manaus.am.gov.br\/semcom\/wp-json\/wp\/v2\/tags?post=257500"}],"curies":[{"name":"wp","href":"https:\/\/api.w.org\/{rel}","templated":true}]}}