{"id":257494,"date":"2026-04-27T18:57:53","date_gmt":"2026-04-27T22:57:53","guid":{"rendered":"https:\/\/www.manaus.am.gov.br\/semcom\/dialogo-e-integracao-setor-produtivo\/"},"modified":"2026-04-28T13:53:43","modified_gmt":"2026-04-28T16:53:43","slug":"dialogo-e-integracao-setor-produtivo","status":"publish","type":"post","link":"https:\/\/www.manaus.am.gov.br\/semcom\/dialogo-e-integracao-setor-produtivo\/","title":{"rendered":"Prefeito Renato Junior amplia di\u00e1logo e integra\u00e7\u00e3o com o setor produtivo durante reuni\u00e3o na CDL"},"content":{"rendered":"\n<p>O <a href=\"https:\/\/www.manaus.am.gov.br\/prefeitura\/prefeito\/\">prefeito<\/a> Renato Junior participou, nesta segunda-feira, 27\/4, de uma reuni\u00e3o estrat\u00e9gica na sede da C\u00e2mara de Dirigentes Lojistas de Manaus (CDL), onde fortaleceu o di\u00e1logo e a integra\u00e7\u00e3o com o setor produtivo da capital amazonense. O encontro reuniu o conselho diretor da entidade e empres\u00e1rios.<\/p>\n\n\n\n<p>A reuni\u00e3o tamb\u00e9m contou com a presen\u00e7a de secret\u00e1rios e representantes das secretarias municipais de Limpeza Urbana (<a href=\"https:\/\/www.instagram.com\/semulspmanaus\/\">Semulsp<\/a>), Seguran\u00e7a e Defesa Social (<a href=\"https:\/\/www.instagram.com\/semsegmanaus\/\">Semseg<\/a>), Mulher, Assist\u00eancia Social e Cidadania (<a href=\"https:\/\/www.instagram.com\/semasc_manaus\/\">Semasc<\/a>), Infraestrutura (<a href=\"https:\/\/www.instagram.com\/seminf.manaus\/\">Seminf<\/a>), de Abastecimento, Centro e Com\u00e9rcio Informal (<a href=\"https:\/\/www.instagram.com\/semaccmanaus\/\">Semacc<\/a>) e dos institutos de Planejamento Urbano (<a href=\"https:\/\/www.instagram.com\/implurb\/\">Implurb<\/a>) e Mobilidade Urbana (<a href=\"https:\/\/www.instagram.com\/immu_manaus\/\">IMMU<\/a>).<\/p>\n\n\n\n<p>Durante o encontro, o prefeito refor\u00e7ou o compromisso com a classe produtiva, destacando que o papel da prefeitura \u00e9 facilitar a vida de quem gera economia. &#8220;Ser prefeito de Manaus \u00e9 ser funcion\u00e1rio do picolezeiro ao maior empres\u00e1rio. Esse \u00e9 o nosso desafio e \u00e9 o que vamos continuar fazendo&#8221;, afirmou Renato Junior.&nbsp;<\/p>\n\n\n\n<p>O prefeito frisou que a reuni\u00e3o foi uma oportunidade para ouvir demandas da classe e para a gest\u00e3o municipal apresentar suas propostas, refor\u00e7ando que sempre que esse di\u00e1logo ocorreu foi proveitoso para o munic\u00edpio. &#8220;Estamos aqui ouvindo as demandas de tr\u00e2nsito, plano diretor, mobilidade e saneamento. S\u00e3o novos projetos de engenharia para a nossa metr\u00f3pole que saem fortalecidos desse di\u00e1logo. Sempre que a CDL nos convida \u00e9 sempre muito proveitoso e d\u00e1 resultados, como a pra\u00e7a dos Rem\u00e9dios, que foi revitalizada, e a constru\u00e7\u00e3o da Casa de Passagem, que tamb\u00e9m foi um pedido da CDL&#8221;.<br><\/p>\n\n\n\n<figure class=\"wp-block-image size-large\"><img loading=\"lazy\" decoding=\"async\" width=\"1024\" height=\"683\" src=\"https:\/\/www.manaus.am.gov.br\/semcom\/wp-content\/uploads\/sites\/5\/2026\/04\/WhatsApp-Image-2026-04-27-at-17.27.14-1024x683.jpeg\" alt=\"\" class=\"wp-image-257495\" srcset=\"https:\/\/www.manaus.am.gov.br\/semcom\/wp-content\/uploads\/sites\/5\/2026\/04\/WhatsApp-Image-2026-04-27-at-17.27.14-1024x683.jpeg 1024w, https:\/\/www.manaus.am.gov.br\/semcom\/wp-content\/uploads\/sites\/5\/2026\/04\/WhatsApp-Image-2026-04-27-at-17.27.14-300x200.jpeg 300w, https:\/\/www.manaus.am.gov.br\/semcom\/wp-content\/uploads\/sites\/5\/2026\/04\/WhatsApp-Image-2026-04-27-at-17.27.14-768x512.jpeg 768w, https:\/\/www.manaus.am.gov.br\/semcom\/wp-content\/uploads\/sites\/5\/2026\/04\/WhatsApp-Image-2026-04-27-at-17.27.14.jpeg 1280w\" sizes=\"(max-width: 1024px) 100vw, 1024px\" \/><figcaption class=\"wp-element-caption\">#paratodosverem &#8211; Prefeito Renato Junior, conselho diretor da entidade e empres\u00e1rios durante reuni\u00e3o<\/figcaption><\/figure>\n\n\n\n<p><strong>Opera\u00e7\u00e3o no Centro<\/strong><\/p>\n\n\n\n<p>Respondendo \u00e0s solicita\u00e7\u00f5es dos lojistas sobre infraestrutura e a organiza\u00e7\u00e3o, o chefe do Executivo municipal anunciou que o cronograma de obras ser\u00e1 intensificado no pr\u00f3ximo m\u00eas. &#8220;J\u00e1 na segunda quinzena de maio, voltaremos com um grande efetivo, j\u00e1 com o ver\u00e3o no centro de Manaus. O Centro \u00e9 um trabalho mensal, anual, n\u00e3o para. O Centro precisa todo tempo de aten\u00e7\u00e3o, \u00e9 o nosso idoso, nossa estrutura velhinha, que precisa estar sempre cuidando e sendo atrativa&#8221;, comparou Renato Junior, garantindo refor\u00e7o em frentes de recapeamento, drenagem profunda e limpeza.<\/p>\n\n\n\n<p>O presidente da CDL Manaus, Ralph Assayag, destacou a import\u00e2ncia de ter um gestor que compartilhe da mesma vis\u00e3o de futuro para a cidade. Para Assayag, a abertura da prefeitura para ouvir o com\u00e9rcio \u00e9 o diferencial para que as solu\u00e7\u00f5es sejam r\u00e1pidas e eficazes. &#8220;Falar com o Renato \u00e9 muito bom, porque ele tem uma vis\u00e3o e sonhos que s\u00e3o os mesmos que os nossos. Ele pensa a cidade mais bonita e melhor&#8221;, declarou o presidente da CDL. &#8220;Esta \u00e9 a primeira de muitas reuni\u00f5es para incorporarmos as necessidades da sociedade dentro da prefeitura&#8221;.<\/p>\n\n\n\n<p>Entre os pontos discutidos que receber\u00e3o aten\u00e7\u00e3o imediata da gest\u00e3o municipal, com o suporte das secretarias presentes, est\u00e3o: solu\u00e7\u00f5es para o problema dos pichadores e reordenamento dos ambulantes que ocupam cal\u00e7adas e vagas da Zona Azul; Adapta\u00e7\u00e3o de caminh\u00f5es de lixo com ca\u00e7apas espec\u00edficas para o Centro, evitando que res\u00edduos fiquem acumulados nas ruas e a\u00e7\u00f5es de suporte para a quest\u00e3o dos usu\u00e1rios de drogas.&nbsp;<\/p>\n\n\n\n<p><strong>Resultados da coopera\u00e7\u00e3o&nbsp;<\/strong><\/p>\n\n\n\n<p>A coopera\u00e7\u00e3o t\u00e9cnica entre a Prefeitura de Manaus e a C\u00e2mara de Dirigentes Lojistas consolidou-se como um dos principais eixos de transforma\u00e7\u00e3o da regi\u00e3o central da capital.&nbsp;<\/p>\n\n\n\n<p>A gest\u00e3o municipal atendeu a demandas hist\u00f3ricas da CDL Manaus e do setor comercial, que h\u00e1 d\u00e9cadas ansiavam por um olhar diferenciado para o Centro. Esse planejamento integrado abrange eixos fundamentais como o social, a infraestrutura e o turismo, respondendo diretamente aos anseios de quem vive e trabalha na regi\u00e3o.<\/p>\n\n\n\n<p>Embora a seguran\u00e7a p\u00fablica de natureza ostensiva seja responsabilidade principal do Governo do Estado, a prefeitura investiu no fortalecimento da Guarda Municipal de Manaus (GMM) para atuar de forma complementar e integrada. Atendendo ao setor lojista, a GMM estabeleceu um efetivo fixo e patrulhamento cont\u00ednuo no Centro. Com agentes armados e devidamente treinados, a guarda contribui para a vigil\u00e2ncia de pr\u00e9dios p\u00fablicos, pra\u00e7as e \u00e1reas de grande circula\u00e7\u00e3o.<\/p>\n\n\n\n<p>A revitaliza\u00e7\u00e3o do Centro valoriza o patrim\u00f4nio e integra a cidade ao rio Negro com entregas e projetos estrat\u00e9gicos, como o mirante L\u00facia Almeida, p\u00eder Manaus 355 e o Casar\u00e3o Thiago de Mello. Para o futuro, est\u00e3o previstos o Aqu\u00e1rio Municipal e a constru\u00e7\u00e3o de um novo Casar\u00e3o da Inova\u00e7\u00e3o, voltado ao empreendedorismo tecnol\u00f3gico e \u00e0 economia criativa. Al\u00e9m disso, a Faixa Liberada da Get\u00falio Vargas incentiva a popula\u00e7\u00e3o a ocupar o Centro nos fins de semana.<\/p>\n\n\n\n<p><strong>Requalifica\u00e7\u00e3o&nbsp;<\/strong><\/p>\n\n\n\n<p>O trabalho de requalifica\u00e7\u00e3o une organiza\u00e7\u00e3o urbana e suporte humano. A pra\u00e7a dos Rem\u00e9dios, por exemplo, foi reformada e devolvida \u00e0 popula\u00e7\u00e3o ap\u00f3s o reordenamento de \u00e1reas ocupadas irregularmente. No campo da integra\u00e7\u00e3o social, o suporte \u00e0 vulnerabilidade foi fortalecido com a Casa de Passagem Padre Orlando Barbosa, que opera em conjunto com o Centro Pop e o Centro de Atendimento e Desenvolvimento Social (Cads). Essa rede oferece acolhimento e dignidade, auxiliando diretamente no reordenamento social do centro hist\u00f3rico.<\/p>\n\n\n\n<p>Com a proximidade do fim do inverno amaz\u00f4nico, a prefeitura intensificar\u00e1 as frentes de infraestrutura e limpeza p\u00fablica. A meta \u00e9 garantir que a recupera\u00e7\u00e3o das vias e a manuten\u00e7\u00e3o dos espa\u00e7os revitalizados avancem em ritmo acelerado, mantendo o Centro atrativo para novos investimentos e visita\u00e7\u00e3o.<\/p>\n\n\n\n<p>&#8212; &#8212; &#8212;<br><strong>Texto \u2013<\/strong> Geraldo Farias\/Semcom<br><strong>Fotos &#8211;<\/strong> Carlos Oliveira\/Assessoria Prefeito&nbsp;<\/p>\n","protected":false},"excerpt":{"rendered":"","protected":false},"author":68,"featured_media":257496,"comment_status":"closed","ping_status":"closed","sticky":false,"template":"","format":"standard","meta":{"footnotes":""},"categories":[2179],"tags":[20544,20135,77,20545],"acf":[],"yoast_head":"<!-- This site is optimized with the Yoast SEO plugin v23.0 - https:\/\/yoast.com\/wordpress\/plugins\/seo\/ -->\n<title>Renato Junior amplia di\u00e1logo e integra\u00e7\u00e3o com o setor produtivo<\/title>\n<meta name=\"description\" content=\"O prefeito Renato Junior participou, nesta segunda-feira, de uma reuni\u00e3o estrat\u00e9gica na sede da C\u00e2mara de Dirigentes Lojistas de Manaus.\" \/>\n<meta name=\"robots\" content=\"index, follow, max-snippet:-1, max-image-preview:large, max-video-preview:-1\" \/>\n<link rel=\"canonical\" href=\"https:\/\/www.manaus.am.gov.br\/semcom\/dialogo-e-integracao-setor-produtivo\/\" \/>\n<meta property=\"og:locale\" content=\"pt_BR\" \/>\n<meta property=\"og:type\" content=\"article\" \/>\n<meta property=\"og:title\" content=\"Renato Junior amplia di\u00e1logo e integra\u00e7\u00e3o com o setor produtivo\" \/>\n<meta property=\"og:description\" content=\"O prefeito Renato Junior participou, nesta segunda-feira, de uma reuni\u00e3o estrat\u00e9gica na sede da C\u00e2mara de Dirigentes Lojistas de Manaus.\" \/>\n<meta property=\"og:url\" content=\"https:\/\/www.manaus.am.gov.br\/semcom\/dialogo-e-integracao-setor-produtivo\/\" \/>\n<meta property=\"og:site_name\" content=\"SEMCOM\" \/>\n<meta property=\"article:published_time\" content=\"2026-04-27T22:57:53+00:00\" \/>\n<meta property=\"article:modified_time\" content=\"2026-04-28T16:53:43+00:00\" \/>\n<meta property=\"og:image\" content=\"https:\/\/www.manaus.am.gov.br\/semcom\/wp-content\/uploads\/sites\/5\/2026\/04\/WhatsApp-Image-2026-04-27-at-17.27.16.jpeg\" \/>\n\t<meta property=\"og:image:width\" content=\"1280\" \/>\n\t<meta property=\"og:image:height\" content=\"854\" \/>\n\t<meta property=\"og:image:type\" content=\"image\/jpeg\" \/>\n<meta name=\"author\" content=\"bvalente\" \/>\n<meta name=\"twitter:card\" content=\"summary_large_image\" \/>\n<meta name=\"twitter:label1\" content=\"Written by\" \/>\n\t<meta name=\"twitter:data1\" content=\"bvalente\" \/>\n\t<meta name=\"twitter:label2\" content=\"Est. reading time\" \/>\n\t<meta name=\"twitter:data2\" content=\"6 minutos\" \/>\n<script type=\"application\/ld+json\" class=\"yoast-schema-graph\">{\"@context\":\"https:\/\/schema.org\",\"@graph\":[{\"@type\":\"WebPage\",\"@id\":\"https:\/\/www.manaus.am.gov.br\/semcom\/dialogo-e-integracao-setor-produtivo\/\",\"url\":\"https:\/\/www.manaus.am.gov.br\/semcom\/dialogo-e-integracao-setor-produtivo\/\",\"name\":\"Renato Junior amplia di\u00e1logo e integra\u00e7\u00e3o com o setor produtivo\",\"isPartOf\":{\"@id\":\"https:\/\/www.manaus.am.gov.br\/semcom\/#website\"},\"primaryImageOfPage\":{\"@id\":\"https:\/\/www.manaus.am.gov.br\/semcom\/dialogo-e-integracao-setor-produtivo\/#primaryimage\"},\"image\":{\"@id\":\"https:\/\/www.manaus.am.gov.br\/semcom\/dialogo-e-integracao-setor-produtivo\/#primaryimage\"},\"thumbnailUrl\":\"https:\/\/www.manaus.am.gov.br\/semcom\/wp-content\/uploads\/sites\/5\/2026\/04\/WhatsApp-Image-2026-04-27-at-17.27.16.jpeg\",\"datePublished\":\"2026-04-27T22:57:53+00:00\",\"dateModified\":\"2026-04-28T16:53:43+00:00\",\"author\":{\"@id\":\"https:\/\/www.manaus.am.gov.br\/semcom\/#\/schema\/person\/466a0e03ae4b6062809046bd560ac955\"},\"description\":\"O prefeito Renato Junior participou, nesta segunda-feira, de uma reuni\u00e3o estrat\u00e9gica na sede da C\u00e2mara de Dirigentes Lojistas de Manaus.\",\"inLanguage\":\"pt-BR\",\"potentialAction\":[{\"@type\":\"ReadAction\",\"target\":[\"https:\/\/www.manaus.am.gov.br\/semcom\/dialogo-e-integracao-setor-produtivo\/\"]}]},{\"@type\":\"ImageObject\",\"inLanguage\":\"pt-BR\",\"@id\":\"https:\/\/www.manaus.am.gov.br\/semcom\/dialogo-e-integracao-setor-produtivo\/#primaryimage\",\"url\":\"https:\/\/www.manaus.am.gov.br\/semcom\/wp-content\/uploads\/sites\/5\/2026\/04\/WhatsApp-Image-2026-04-27-at-17.27.16.jpeg\",\"contentUrl\":\"https:\/\/www.manaus.am.gov.br\/semcom\/wp-content\/uploads\/sites\/5\/2026\/04\/WhatsApp-Image-2026-04-27-at-17.27.16.jpeg\",\"width\":1280,\"height\":854,\"caption\":\"#paratodosverem - Prefeito Renato Junior discursando durante reuni\u00e3o na C\u00e2mara de Dirigentes Lojistas de Manaus (CDL)\"},{\"@type\":\"WebSite\",\"@id\":\"https:\/\/www.manaus.am.gov.br\/semcom\/#website\",\"url\":\"https:\/\/www.manaus.am.gov.br\/semcom\/\",\"name\":\"SEMCOM\",\"description\":\"Secretaria Municipal de Comunica\u00e7\u00e3o\",\"potentialAction\":[{\"@type\":\"SearchAction\",\"target\":{\"@type\":\"EntryPoint\",\"urlTemplate\":\"https:\/\/www.manaus.am.gov.br\/semcom\/?s={search_term_string}\"},\"query-input\":\"required name=search_term_string\"}],\"inLanguage\":\"pt-BR\"},{\"@type\":\"Person\",\"@id\":\"https:\/\/www.manaus.am.gov.br\/semcom\/#\/schema\/person\/466a0e03ae4b6062809046bd560ac955\",\"name\":\"bvalente\",\"image\":{\"@type\":\"ImageObject\",\"inLanguage\":\"pt-BR\",\"@id\":\"https:\/\/www.manaus.am.gov.br\/semcom\/#\/schema\/person\/image\/\",\"url\":\"https:\/\/secure.gravatar.com\/avatar\/3e69bc2b014bdad41adfec3a39de07d2?s=96&d=mm&r=g\",\"contentUrl\":\"https:\/\/secure.gravatar.com\/avatar\/3e69bc2b014bdad41adfec3a39de07d2?s=96&d=mm&r=g\",\"caption\":\"bvalente\"}}]}<\/script>\n<!-- \/ Yoast SEO plugin. -->","yoast_head_json":{"title":"Renato Junior amplia di\u00e1logo e integra\u00e7\u00e3o com o setor produtivo","description":"O prefeito Renato Junior participou, nesta segunda-feira, de uma reuni\u00e3o estrat\u00e9gica na sede da C\u00e2mara de Dirigentes Lojistas de Manaus.","robots":{"index":"index","follow":"follow","max-snippet":"max-snippet:-1","max-image-preview":"max-image-preview:large","max-video-preview":"max-video-preview:-1"},"canonical":"https:\/\/www.manaus.am.gov.br\/semcom\/dialogo-e-integracao-setor-produtivo\/","og_locale":"pt_BR","og_type":"article","og_title":"Renato Junior amplia di\u00e1logo e integra\u00e7\u00e3o com o setor produtivo","og_description":"O prefeito Renato Junior participou, nesta segunda-feira, de uma reuni\u00e3o estrat\u00e9gica na sede da C\u00e2mara de Dirigentes Lojistas de Manaus.","og_url":"https:\/\/www.manaus.am.gov.br\/semcom\/dialogo-e-integracao-setor-produtivo\/","og_site_name":"SEMCOM","article_published_time":"2026-04-27T22:57:53+00:00","article_modified_time":"2026-04-28T16:53:43+00:00","og_image":[{"width":1280,"height":854,"url":"https:\/\/www.manaus.am.gov.br\/semcom\/wp-content\/uploads\/sites\/5\/2026\/04\/WhatsApp-Image-2026-04-27-at-17.27.16.jpeg","type":"image\/jpeg"}],"author":"bvalente","twitter_card":"summary_large_image","twitter_misc":{"Written by":"bvalente","Est. reading time":"6 minutos"},"schema":{"@context":"https:\/\/schema.org","@graph":[{"@type":"WebPage","@id":"https:\/\/www.manaus.am.gov.br\/semcom\/dialogo-e-integracao-setor-produtivo\/","url":"https:\/\/www.manaus.am.gov.br\/semcom\/dialogo-e-integracao-setor-produtivo\/","name":"Renato Junior amplia di\u00e1logo e integra\u00e7\u00e3o com o setor produtivo","isPartOf":{"@id":"https:\/\/www.manaus.am.gov.br\/semcom\/#website"},"primaryImageOfPage":{"@id":"https:\/\/www.manaus.am.gov.br\/semcom\/dialogo-e-integracao-setor-produtivo\/#primaryimage"},"image":{"@id":"https:\/\/www.manaus.am.gov.br\/semcom\/dialogo-e-integracao-setor-produtivo\/#primaryimage"},"thumbnailUrl":"https:\/\/www.manaus.am.gov.br\/semcom\/wp-content\/uploads\/sites\/5\/2026\/04\/WhatsApp-Image-2026-04-27-at-17.27.16.jpeg","datePublished":"2026-04-27T22:57:53+00:00","dateModified":"2026-04-28T16:53:43+00:00","author":{"@id":"https:\/\/www.manaus.am.gov.br\/semcom\/#\/schema\/person\/466a0e03ae4b6062809046bd560ac955"},"description":"O prefeito Renato Junior participou, nesta segunda-feira, de uma reuni\u00e3o estrat\u00e9gica na sede da C\u00e2mara de Dirigentes Lojistas de Manaus.","inLanguage":"pt-BR","potentialAction":[{"@type":"ReadAction","target":["https:\/\/www.manaus.am.gov.br\/semcom\/dialogo-e-integracao-setor-produtivo\/"]}]},{"@type":"ImageObject","inLanguage":"pt-BR","@id":"https:\/\/www.manaus.am.gov.br\/semcom\/dialogo-e-integracao-setor-produtivo\/#primaryimage","url":"https:\/\/www.manaus.am.gov.br\/semcom\/wp-content\/uploads\/sites\/5\/2026\/04\/WhatsApp-Image-2026-04-27-at-17.27.16.jpeg","contentUrl":"https:\/\/www.manaus.am.gov.br\/semcom\/wp-content\/uploads\/sites\/5\/2026\/04\/WhatsApp-Image-2026-04-27-at-17.27.16.jpeg","width":1280,"height":854,"caption":"#paratodosverem - Prefeito Renato Junior discursando durante reuni\u00e3o na C\u00e2mara de Dirigentes Lojistas de Manaus (CDL)"},{"@type":"WebSite","@id":"https:\/\/www.manaus.am.gov.br\/semcom\/#website","url":"https:\/\/www.manaus.am.gov.br\/semcom\/","name":"SEMCOM","description":"Secretaria Municipal de Comunica\u00e7\u00e3o","potentialAction":[{"@type":"SearchAction","target":{"@type":"EntryPoint","urlTemplate":"https:\/\/www.manaus.am.gov.br\/semcom\/?s={search_term_string}"},"query-input":"required name=search_term_string"}],"inLanguage":"pt-BR"},{"@type":"Person","@id":"https:\/\/www.manaus.am.gov.br\/semcom\/#\/schema\/person\/466a0e03ae4b6062809046bd560ac955","name":"bvalente","image":{"@type":"ImageObject","inLanguage":"pt-BR","@id":"https:\/\/www.manaus.am.gov.br\/semcom\/#\/schema\/person\/image\/","url":"https:\/\/secure.gravatar.com\/avatar\/3e69bc2b014bdad41adfec3a39de07d2?s=96&d=mm&r=g","contentUrl":"https:\/\/secure.gravatar.com\/avatar\/3e69bc2b014bdad41adfec3a39de07d2?s=96&d=mm&r=g","caption":"bvalente"}}]}},"_links":{"self":[{"href":"https:\/\/www.manaus.am.gov.br\/semcom\/wp-json\/wp\/v2\/posts\/257494"}],"collection":[{"href":"https:\/\/www.manaus.am.gov.br\/semcom\/wp-json\/wp\/v2\/posts"}],"about":[{"href":"https:\/\/www.manaus.am.gov.br\/semcom\/wp-json\/wp\/v2\/types\/post"}],"author":[{"embeddable":true,"href":"https:\/\/www.manaus.am.gov.br\/semcom\/wp-json\/wp\/v2\/users\/68"}],"replies":[{"embeddable":true,"href":"https:\/\/www.manaus.am.gov.br\/semcom\/wp-json\/wp\/v2\/comments?post=257494"}],"version-history":[{"count":3,"href":"https:\/\/www.manaus.am.gov.br\/semcom\/wp-json\/wp\/v2\/posts\/257494\/revisions"}],"predecessor-version":[{"id":257553,"href":"https:\/\/www.manaus.am.gov.br\/semcom\/wp-json\/wp\/v2\/posts\/257494\/revisions\/257553"}],"wp:featuredmedia":[{"embeddable":true,"href":"https:\/\/www.manaus.am.gov.br\/semcom\/wp-json\/wp\/v2\/media\/257496"}],"wp:attachment":[{"href":"https:\/\/www.manaus.am.gov.br\/semcom\/wp-json\/wp\/v2\/media?parent=257494"}],"wp:term":[{"taxonomy":"category","embeddable":true,"href":"https:\/\/www.manaus.am.gov.br\/semcom\/wp-json\/wp\/v2\/categories?post=257494"},{"taxonomy":"post_tag","embeddable":true,"href":"https:\/\/www.manaus.am.gov.br\/semcom\/wp-json\/wp\/v2\/tags?post=257494"}],"curies":[{"name":"wp","href":"https:\/\/api.w.org\/{rel}","templated":true}]}}