{"id":257492,"date":"2026-04-27T19:47:10","date_gmt":"2026-04-27T22:47:10","guid":{"rendered":"https:\/\/www.manaus.am.gov.br\/semcom\/recuperacao-de-drenagem-e-escadaria\/"},"modified":"2026-04-28T13:50:21","modified_gmt":"2026-04-28T16:50:21","slug":"recuperacao-da-rede-de-drenagem-e-escadaria","status":"publish","type":"post","link":"https:\/\/www.manaus.am.gov.br\/semcom\/recuperacao-da-rede-de-drenagem-e-escadaria\/","title":{"rendered":"Prefeitura de Manaus avan\u00e7a na recupera\u00e7\u00e3o de drenagem e escadaria no bairro S\u00e3o Raimundo, na zona Oeste"},"content":{"rendered":"\n<p>A <a href=\"https:\/\/www.manaus.am.gov.br\/\">Prefeitura de Manaus<\/a>, por meio da <a href=\"https:\/\/www.instagram.com\/seminf.manaus\/\">Secretaria Municipal de Infraestrutura<\/a> (Seminf), alcan\u00e7a a etapa final, nesta segunda-feira, 27\/4, das obras de manuten\u00e7\u00e3o da rede de drenagem profunda da rua Boa Vista, no bairro S\u00e3o Raimundo, zona Oeste da capital. A interven\u00e7\u00e3o foi executada ap\u00f3s as fortes chuvas comprometerem a estrutura da galeria subterr\u00e2nea, provocando a abertura de uma cratera na escadaria da \u00e1rea.<\/p>\n\n\n\n<p>De forma \u00e1gil, as equipes da Seminf iniciaram os servi\u00e7os para conter os danos e restabelecer a normalidade no local. O trabalho inclui o anelamento da tubula\u00e7\u00e3o, t\u00e9cnica que atua na veda\u00e7\u00e3o e realinhamento dos tubos, seguido do aterro e da reconstru\u00e7\u00e3o da escadaria em concreto, garantindo novamente o acesso seguro e o escoamento adequado das \u00e1guas pluviais.<\/p>\n\n\n\n<p>O secret\u00e1rio municipal de Infraestrutura, Madson Rodrigues, destacou o compromisso da gest\u00e3o com a popula\u00e7\u00e3o e refor\u00e7ou a orienta\u00e7\u00e3o direta do prefeito Renato Junior.&nbsp;<\/p>\n\n\n\n<p>\u201cNosso trabalho come\u00e7a ouvindo as pessoas e entendendo a urg\u00eancia de cada situa\u00e7\u00e3o. Quando fomos acionados sobre a cratera na escadaria da rua Boa Vista, sab\u00edamos que ali n\u00e3o era s\u00f3 um problema de infraestrutura, mas de seguran\u00e7a para quem passa todos os dias pelo local. Por determina\u00e7\u00e3o do prefeito Renato Junior, nossa prioridade \u00e9 agir r\u00e1pido e com qualidade, garantindo que a popula\u00e7\u00e3o volte a circular com tranquilidade e dignidade\u201d, afirmou o secret\u00e1rio.<\/p>\n\n\n\n<p>Com mais essa a\u00e7\u00e3o, a Seminf segue levando solu\u00e7\u00f5es concretas \u00e0s comunidades e transformando a realidade de quem mais precisa. A Prefeitura de Manaus reafirma o compromisso com a melhoria da infraestrutura urbana e com a qualidade de vida da popula\u00e7\u00e3o manauara.<\/p>\n\n\n\n<p><br>\u2014- \u2014- \u2014-<br><strong>Texto <\/strong>&#8211; Eduarda Lira\/Seminf<br><strong>Fotos &#8211; <\/strong>Luiz Felipe\/Seminf<\/p>\n","protected":false},"excerpt":{"rendered":"","protected":false},"author":68,"featured_media":257493,"comment_status":"closed","ping_status":"closed","sticky":false,"template":"","format":"standard","meta":{"footnotes":""},"categories":[27],"tags":[20542,77,20543,33,897],"acf":[],"yoast_head":"<!-- This site is optimized with the Yoast SEO plugin v23.0 - https:\/\/yoast.com\/wordpress\/plugins\/seo\/ -->\n<title>PMM avan\u00e7a na recupera\u00e7\u00e3o de drenagem e escadaria<\/title>\n<meta name=\"description\" content=\"A Prefeitura alcan\u00e7a a etapa final, nesta segunda-feira, 27\/4, das obras de manuten\u00e7\u00e3o da rede de drenagem profunda da rua Boa Vista.\" \/>\n<meta name=\"robots\" content=\"index, follow, max-snippet:-1, max-image-preview:large, max-video-preview:-1\" \/>\n<link rel=\"canonical\" href=\"https:\/\/www.manaus.am.gov.br\/semcom\/recuperacao-de-drenagem-e-escadaria\/\" \/>\n<meta property=\"og:locale\" content=\"pt_BR\" \/>\n<meta property=\"og:type\" content=\"article\" \/>\n<meta property=\"og:title\" content=\"PMM avan\u00e7a na recupera\u00e7\u00e3o de drenagem e escadaria\" \/>\n<meta property=\"og:description\" content=\"A Prefeitura alcan\u00e7a a etapa final, nesta segunda-feira, 27\/4, das obras de manuten\u00e7\u00e3o da rede de drenagem profunda da rua Boa Vista.\" \/>\n<meta property=\"og:url\" content=\"https:\/\/www.manaus.am.gov.br\/semcom\/recuperacao-de-drenagem-e-escadaria\/\" \/>\n<meta property=\"og:site_name\" content=\"SEMCOM\" \/>\n<meta property=\"article:published_time\" content=\"2026-04-27T22:47:10+00:00\" \/>\n<meta property=\"article:modified_time\" content=\"2026-04-28T16:50:21+00:00\" \/>\n<meta property=\"og:image\" content=\"https:\/\/www.manaus.am.gov.br\/semcom\/wp-content\/uploads\/sites\/5\/2026\/04\/Prefeitura-de-Manaus-avanca-na-recuperacao-de-drenagem-e-escadaria-no-bairro-Sao-Raimundo-na-zona-Oeste-2.jpg\" \/>\n\t<meta property=\"og:image:width\" content=\"1600\" \/>\n\t<meta property=\"og:image:height\" content=\"1200\" \/>\n\t<meta property=\"og:image:type\" content=\"image\/jpeg\" \/>\n<meta name=\"author\" content=\"bvalente\" \/>\n<meta name=\"twitter:card\" content=\"summary_large_image\" \/>\n<meta name=\"twitter:label1\" content=\"Written by\" \/>\n\t<meta name=\"twitter:data1\" content=\"bvalente\" \/>\n\t<meta name=\"twitter:label2\" content=\"Est. reading time\" \/>\n\t<meta name=\"twitter:data2\" content=\"2 minutos\" \/>\n<script type=\"application\/ld+json\" class=\"yoast-schema-graph\">{\"@context\":\"https:\/\/schema.org\",\"@graph\":[{\"@type\":\"WebPage\",\"@id\":\"https:\/\/www.manaus.am.gov.br\/semcom\/recuperacao-de-drenagem-e-escadaria\/\",\"url\":\"https:\/\/www.manaus.am.gov.br\/semcom\/recuperacao-de-drenagem-e-escadaria\/\",\"name\":\"PMM avan\u00e7a na recupera\u00e7\u00e3o de drenagem e escadaria\",\"isPartOf\":{\"@id\":\"https:\/\/www.manaus.am.gov.br\/semcom\/#website\"},\"primaryImageOfPage\":{\"@id\":\"https:\/\/www.manaus.am.gov.br\/semcom\/recuperacao-de-drenagem-e-escadaria\/#primaryimage\"},\"image\":{\"@id\":\"https:\/\/www.manaus.am.gov.br\/semcom\/recuperacao-de-drenagem-e-escadaria\/#primaryimage\"},\"thumbnailUrl\":\"https:\/\/www.manaus.am.gov.br\/semcom\/wp-content\/uploads\/sites\/5\/2026\/04\/Prefeitura-de-Manaus-avanca-na-recuperacao-de-drenagem-e-escadaria-no-bairro-Sao-Raimundo-na-zona-Oeste-2.jpg\",\"datePublished\":\"2026-04-27T22:47:10+00:00\",\"dateModified\":\"2026-04-28T16:50:21+00:00\",\"author\":{\"@id\":\"https:\/\/www.manaus.am.gov.br\/semcom\/#\/schema\/person\/466a0e03ae4b6062809046bd560ac955\"},\"description\":\"A Prefeitura alcan\u00e7a a etapa final, nesta segunda-feira, 27\/4, das obras de manuten\u00e7\u00e3o da rede de drenagem profunda da rua Boa Vista.\",\"inLanguage\":\"pt-BR\",\"potentialAction\":[{\"@type\":\"ReadAction\",\"target\":[\"https:\/\/www.manaus.am.gov.br\/semcom\/recuperacao-de-drenagem-e-escadaria\/\"]}]},{\"@type\":\"ImageObject\",\"inLanguage\":\"pt-BR\",\"@id\":\"https:\/\/www.manaus.am.gov.br\/semcom\/recuperacao-de-drenagem-e-escadaria\/#primaryimage\",\"url\":\"https:\/\/www.manaus.am.gov.br\/semcom\/wp-content\/uploads\/sites\/5\/2026\/04\/Prefeitura-de-Manaus-avanca-na-recuperacao-de-drenagem-e-escadaria-no-bairro-Sao-Raimundo-na-zona-Oeste-2.jpg\",\"contentUrl\":\"https:\/\/www.manaus.am.gov.br\/semcom\/wp-content\/uploads\/sites\/5\/2026\/04\/Prefeitura-de-Manaus-avanca-na-recuperacao-de-drenagem-e-escadaria-no-bairro-Sao-Raimundo-na-zona-Oeste-2.jpg\",\"width\":1600,\"height\":1200,\"caption\":\"#paratodosverem - Equipe da Seminf realizando a recupera\u00e7\u00e3o da rede de drenagem profunda e da escadaria da rua Boa Vista\"},{\"@type\":\"WebSite\",\"@id\":\"https:\/\/www.manaus.am.gov.br\/semcom\/#website\",\"url\":\"https:\/\/www.manaus.am.gov.br\/semcom\/\",\"name\":\"SEMCOM\",\"description\":\"Secretaria Municipal de Comunica\u00e7\u00e3o\",\"potentialAction\":[{\"@type\":\"SearchAction\",\"target\":{\"@type\":\"EntryPoint\",\"urlTemplate\":\"https:\/\/www.manaus.am.gov.br\/semcom\/?s={search_term_string}\"},\"query-input\":\"required name=search_term_string\"}],\"inLanguage\":\"pt-BR\"},{\"@type\":\"Person\",\"@id\":\"https:\/\/www.manaus.am.gov.br\/semcom\/#\/schema\/person\/466a0e03ae4b6062809046bd560ac955\",\"name\":\"bvalente\",\"image\":{\"@type\":\"ImageObject\",\"inLanguage\":\"pt-BR\",\"@id\":\"https:\/\/www.manaus.am.gov.br\/semcom\/#\/schema\/person\/image\/\",\"url\":\"https:\/\/secure.gravatar.com\/avatar\/3e69bc2b014bdad41adfec3a39de07d2?s=96&d=mm&r=g\",\"contentUrl\":\"https:\/\/secure.gravatar.com\/avatar\/3e69bc2b014bdad41adfec3a39de07d2?s=96&d=mm&r=g\",\"caption\":\"bvalente\"}}]}<\/script>\n<!-- \/ Yoast SEO plugin. -->","yoast_head_json":{"title":"PMM avan\u00e7a na recupera\u00e7\u00e3o de drenagem e escadaria","description":"A Prefeitura alcan\u00e7a a etapa final, nesta segunda-feira, 27\/4, das obras de manuten\u00e7\u00e3o da rede de drenagem profunda da rua Boa Vista.","robots":{"index":"index","follow":"follow","max-snippet":"max-snippet:-1","max-image-preview":"max-image-preview:large","max-video-preview":"max-video-preview:-1"},"canonical":"https:\/\/www.manaus.am.gov.br\/semcom\/recuperacao-de-drenagem-e-escadaria\/","og_locale":"pt_BR","og_type":"article","og_title":"PMM avan\u00e7a na recupera\u00e7\u00e3o de drenagem e escadaria","og_description":"A Prefeitura alcan\u00e7a a etapa final, nesta segunda-feira, 27\/4, das obras de manuten\u00e7\u00e3o da rede de drenagem profunda da rua Boa Vista.","og_url":"https:\/\/www.manaus.am.gov.br\/semcom\/recuperacao-de-drenagem-e-escadaria\/","og_site_name":"SEMCOM","article_published_time":"2026-04-27T22:47:10+00:00","article_modified_time":"2026-04-28T16:50:21+00:00","og_image":[{"width":1600,"height":1200,"url":"https:\/\/www.manaus.am.gov.br\/semcom\/wp-content\/uploads\/sites\/5\/2026\/04\/Prefeitura-de-Manaus-avanca-na-recuperacao-de-drenagem-e-escadaria-no-bairro-Sao-Raimundo-na-zona-Oeste-2.jpg","type":"image\/jpeg"}],"author":"bvalente","twitter_card":"summary_large_image","twitter_misc":{"Written by":"bvalente","Est. reading time":"2 minutos"},"schema":{"@context":"https:\/\/schema.org","@graph":[{"@type":"WebPage","@id":"https:\/\/www.manaus.am.gov.br\/semcom\/recuperacao-de-drenagem-e-escadaria\/","url":"https:\/\/www.manaus.am.gov.br\/semcom\/recuperacao-de-drenagem-e-escadaria\/","name":"PMM avan\u00e7a na recupera\u00e7\u00e3o de drenagem e escadaria","isPartOf":{"@id":"https:\/\/www.manaus.am.gov.br\/semcom\/#website"},"primaryImageOfPage":{"@id":"https:\/\/www.manaus.am.gov.br\/semcom\/recuperacao-de-drenagem-e-escadaria\/#primaryimage"},"image":{"@id":"https:\/\/www.manaus.am.gov.br\/semcom\/recuperacao-de-drenagem-e-escadaria\/#primaryimage"},"thumbnailUrl":"https:\/\/www.manaus.am.gov.br\/semcom\/wp-content\/uploads\/sites\/5\/2026\/04\/Prefeitura-de-Manaus-avanca-na-recuperacao-de-drenagem-e-escadaria-no-bairro-Sao-Raimundo-na-zona-Oeste-2.jpg","datePublished":"2026-04-27T22:47:10+00:00","dateModified":"2026-04-28T16:50:21+00:00","author":{"@id":"https:\/\/www.manaus.am.gov.br\/semcom\/#\/schema\/person\/466a0e03ae4b6062809046bd560ac955"},"description":"A Prefeitura alcan\u00e7a a etapa final, nesta segunda-feira, 27\/4, das obras de manuten\u00e7\u00e3o da rede de drenagem profunda da rua Boa Vista.","inLanguage":"pt-BR","potentialAction":[{"@type":"ReadAction","target":["https:\/\/www.manaus.am.gov.br\/semcom\/recuperacao-de-drenagem-e-escadaria\/"]}]},{"@type":"ImageObject","inLanguage":"pt-BR","@id":"https:\/\/www.manaus.am.gov.br\/semcom\/recuperacao-de-drenagem-e-escadaria\/#primaryimage","url":"https:\/\/www.manaus.am.gov.br\/semcom\/wp-content\/uploads\/sites\/5\/2026\/04\/Prefeitura-de-Manaus-avanca-na-recuperacao-de-drenagem-e-escadaria-no-bairro-Sao-Raimundo-na-zona-Oeste-2.jpg","contentUrl":"https:\/\/www.manaus.am.gov.br\/semcom\/wp-content\/uploads\/sites\/5\/2026\/04\/Prefeitura-de-Manaus-avanca-na-recuperacao-de-drenagem-e-escadaria-no-bairro-Sao-Raimundo-na-zona-Oeste-2.jpg","width":1600,"height":1200,"caption":"#paratodosverem - Equipe da Seminf realizando a recupera\u00e7\u00e3o da rede de drenagem profunda e da escadaria da rua Boa Vista"},{"@type":"WebSite","@id":"https:\/\/www.manaus.am.gov.br\/semcom\/#website","url":"https:\/\/www.manaus.am.gov.br\/semcom\/","name":"SEMCOM","description":"Secretaria Municipal de Comunica\u00e7\u00e3o","potentialAction":[{"@type":"SearchAction","target":{"@type":"EntryPoint","urlTemplate":"https:\/\/www.manaus.am.gov.br\/semcom\/?s={search_term_string}"},"query-input":"required name=search_term_string"}],"inLanguage":"pt-BR"},{"@type":"Person","@id":"https:\/\/www.manaus.am.gov.br\/semcom\/#\/schema\/person\/466a0e03ae4b6062809046bd560ac955","name":"bvalente","image":{"@type":"ImageObject","inLanguage":"pt-BR","@id":"https:\/\/www.manaus.am.gov.br\/semcom\/#\/schema\/person\/image\/","url":"https:\/\/secure.gravatar.com\/avatar\/3e69bc2b014bdad41adfec3a39de07d2?s=96&d=mm&r=g","contentUrl":"https:\/\/secure.gravatar.com\/avatar\/3e69bc2b014bdad41adfec3a39de07d2?s=96&d=mm&r=g","caption":"bvalente"}}]}},"_links":{"self":[{"href":"https:\/\/www.manaus.am.gov.br\/semcom\/wp-json\/wp\/v2\/posts\/257492"}],"collection":[{"href":"https:\/\/www.manaus.am.gov.br\/semcom\/wp-json\/wp\/v2\/posts"}],"about":[{"href":"https:\/\/www.manaus.am.gov.br\/semcom\/wp-json\/wp\/v2\/types\/post"}],"author":[{"embeddable":true,"href":"https:\/\/www.manaus.am.gov.br\/semcom\/wp-json\/wp\/v2\/users\/68"}],"replies":[{"embeddable":true,"href":"https:\/\/www.manaus.am.gov.br\/semcom\/wp-json\/wp\/v2\/comments?post=257492"}],"version-history":[{"count":1,"href":"https:\/\/www.manaus.am.gov.br\/semcom\/wp-json\/wp\/v2\/posts\/257492\/revisions"}],"predecessor-version":[{"id":257551,"href":"https:\/\/www.manaus.am.gov.br\/semcom\/wp-json\/wp\/v2\/posts\/257492\/revisions\/257551"}],"wp:featuredmedia":[{"embeddable":true,"href":"https:\/\/www.manaus.am.gov.br\/semcom\/wp-json\/wp\/v2\/media\/257493"}],"wp:attachment":[{"href":"https:\/\/www.manaus.am.gov.br\/semcom\/wp-json\/wp\/v2\/media?parent=257492"}],"wp:term":[{"taxonomy":"category","embeddable":true,"href":"https:\/\/www.manaus.am.gov.br\/semcom\/wp-json\/wp\/v2\/categories?post=257492"},{"taxonomy":"post_tag","embeddable":true,"href":"https:\/\/www.manaus.am.gov.br\/semcom\/wp-json\/wp\/v2\/tags?post=257492"}],"curies":[{"name":"wp","href":"https:\/\/api.w.org\/{rel}","templated":true}]}}