{"id":257486,"date":"2026-04-27T18:05:22","date_gmt":"2026-04-27T21:05:22","guid":{"rendered":"https:\/\/www.manaus.am.gov.br\/semcom\/educacao-transito-base-aerea\/"},"modified":"2026-04-28T13:40:52","modified_gmt":"2026-04-28T16:40:52","slug":"educacao-transito-base-aerea","status":"publish","type":"post","link":"https:\/\/www.manaus.am.gov.br\/semcom\/educacao-transito-base-aerea\/","title":{"rendered":"Prefeitura de Manaus leva educa\u00e7\u00e3o no tr\u00e2nsito \u00e0 Base A\u00e9rea e refor\u00e7a orienta\u00e7\u00e3o aos militares\u00a0"},"content":{"rendered":"\n<p>A <a href=\"https:\/\/www.manaus.am.gov.br\/\">Prefeitura de Manaus<\/a>, por meio do <a href=\"https:\/\/www.instagram.com\/immu_manaus\/\">Instituto Municipal de Mobilidade Urbana<\/a> (IMMU), intensificou as a\u00e7\u00f5es de educa\u00e7\u00e3o no tr\u00e2nsito e realizou, na tarde desta segunda-feira, 27\/4, a palestra \u201cCondutor Consciente\u201d na Base A\u00e9rea de Manaus, na zona Sul da cidade. A iniciativa teve como foco orientar militares, em sua maioria jovens, sobre pr\u00e1ticas seguras de condu\u00e7\u00e3o, especialmente no uso de motocicletas e viaturas oficiais.<\/p>\n\n\n\n<p>A a\u00e7\u00e3o foi direcionada ao efetivo de oficiais, graduados, cabos e soldados do 2\u00ba Grupo de Defesa Antia\u00e9rea (2\u00ba GDAAE), muitos deles usu\u00e1rios frequentes de motocicletas no deslocamento di\u00e1rio pela capital. Durante a atividade, foram abordadas regras de circula\u00e7\u00e3o, parada e estacionamento, al\u00e9m de atualiza\u00e7\u00f5es da legisla\u00e7\u00e3o de tr\u00e2nsito vigente, com \u00eanfase na preven\u00e7\u00e3o de sinistros e na preserva\u00e7\u00e3o da vida.<\/p>\n\n\n\n<p>O educador de tr\u00e2nsito do IMMU, Wenrison Freitas, destacou a import\u00e2ncia da conscientiza\u00e7\u00e3o cont\u00ednua dentro de institui\u00e7\u00f5es com grande n\u00famero de condutores jovens. \u201cA educa\u00e7\u00e3o \u00e9 a base para um tr\u00e2nsito mais seguro. Nosso objetivo \u00e9 orientar, atualizar e provocar uma reflex\u00e3o sobre comportamentos no tr\u00e2nsito, principalmente entre motociclistas, que est\u00e3o mais expostos aos riscos nas vias\u201d, afirmou.<\/p>\n\n\n\n<p>O major Querz\u00e9, chefe da Se\u00e7\u00e3o de Opera\u00e7\u00f5es do 2\u00ba GDAAE, ressaltou a relev\u00e2ncia da parceria com a Prefeitura de Manaus para refor\u00e7ar a seguran\u00e7a do efetivo. \u201cNosso objetivo com essa intera\u00e7\u00e3o \u00e9 conscientizar os militares sobre a import\u00e2ncia do cumprimento das leis de tr\u00e2nsito e tamb\u00e9m atualiz\u00e1-los sobre as normas em vigor. Temos um efetivo jovem, muitos motociclistas, e diante de casos recentes de acidentes, buscamos essa orienta\u00e7\u00e3o com uma autoridade competente para preservar a integridade dos nossos militares\u201d, declarou.<\/p>\n\n\n\n<p>Militares que participaram da palestra tamb\u00e9m reconheceram a import\u00e2ncia da iniciativa para o dia a dia nas ruas de Manaus, destacando que o conhecimento adquirido contribui para uma condu\u00e7\u00e3o mais respons\u00e1vel e segura.<\/p>\n\n\n\n<p>A a\u00e7\u00e3o integra o conjunto de estrat\u00e9gias da Prefeitura de Manaus voltadas \u00e0 redu\u00e7\u00e3o de acidentes de tr\u00e2nsito, priorizando a educa\u00e7\u00e3o como ferramenta essencial para salvar vidas e promover um tr\u00e2nsito mais seguro na capital amazonense.<\/p>\n\n\n\n<p><br>\u2014&#8211; \u2014- \u2014-&nbsp;<br><strong>Texto \u2013 <\/strong>Marcelo Lima \/ IMMU<br><strong>Fotos \u2013 <\/strong>Kamile Brand\u00e3o \/ Base A\u00e9rea<\/p>\n","protected":false},"excerpt":{"rendered":"","protected":false},"author":68,"featured_media":257487,"comment_status":"closed","ping_status":"closed","sticky":false,"template":"","format":"standard","meta":{"footnotes":""},"categories":[268],"tags":[1117,20538,12,20539,77],"acf":[],"yoast_head":"<!-- This site is optimized with the Yoast SEO plugin v23.0 - https:\/\/yoast.com\/wordpress\/plugins\/seo\/ -->\n<title>Prefeitura de Manaus leva educa\u00e7\u00e3o no tr\u00e2nsito \u00e0 Base A\u00e9rea<\/title>\n<meta name=\"description\" content=\"A Prefeitura de Manaus, intensificou as a\u00e7\u00f5es de educa\u00e7\u00e3o no tr\u00e2nsito e realizou, na tarde desta segunda, a palestra \u201cCondutor Consciente\u201d.\" \/>\n<meta name=\"robots\" content=\"index, follow, max-snippet:-1, max-image-preview:large, max-video-preview:-1\" \/>\n<link rel=\"canonical\" href=\"https:\/\/www.manaus.am.gov.br\/semcom\/educacao-transito-base-aerea\/\" \/>\n<meta property=\"og:locale\" content=\"pt_BR\" \/>\n<meta property=\"og:type\" content=\"article\" \/>\n<meta property=\"og:title\" content=\"Prefeitura de Manaus leva educa\u00e7\u00e3o no tr\u00e2nsito \u00e0 Base A\u00e9rea\" \/>\n<meta property=\"og:description\" content=\"A Prefeitura de Manaus, intensificou as a\u00e7\u00f5es de educa\u00e7\u00e3o no tr\u00e2nsito e realizou, na tarde desta segunda, a palestra \u201cCondutor Consciente\u201d.\" \/>\n<meta property=\"og:url\" content=\"https:\/\/www.manaus.am.gov.br\/semcom\/educacao-transito-base-aerea\/\" \/>\n<meta property=\"og:site_name\" content=\"SEMCOM\" \/>\n<meta property=\"article:published_time\" content=\"2026-04-27T21:05:22+00:00\" \/>\n<meta property=\"article:modified_time\" content=\"2026-04-28T16:40:52+00:00\" \/>\n<meta property=\"og:image\" content=\"https:\/\/www.manaus.am.gov.br\/semcom\/wp-content\/uploads\/sites\/5\/2026\/04\/Prefeitura-de-Manaus-leva-educacao-no-transito-a-Base-Aerea-e-reforca-orientacao-aos-militares.jpeg\" \/>\n\t<meta property=\"og:image:width\" content=\"1280\" \/>\n\t<meta property=\"og:image:height\" content=\"960\" \/>\n\t<meta property=\"og:image:type\" content=\"image\/jpeg\" \/>\n<meta name=\"author\" content=\"bvalente\" \/>\n<meta name=\"twitter:card\" content=\"summary_large_image\" \/>\n<meta name=\"twitter:label1\" content=\"Written by\" \/>\n\t<meta name=\"twitter:data1\" content=\"bvalente\" \/>\n\t<meta name=\"twitter:label2\" content=\"Est. reading time\" \/>\n\t<meta name=\"twitter:data2\" content=\"3 minutos\" \/>\n<script type=\"application\/ld+json\" class=\"yoast-schema-graph\">{\"@context\":\"https:\/\/schema.org\",\"@graph\":[{\"@type\":\"WebPage\",\"@id\":\"https:\/\/www.manaus.am.gov.br\/semcom\/educacao-transito-base-aerea\/\",\"url\":\"https:\/\/www.manaus.am.gov.br\/semcom\/educacao-transito-base-aerea\/\",\"name\":\"Prefeitura de Manaus leva educa\u00e7\u00e3o no tr\u00e2nsito \u00e0 Base A\u00e9rea\",\"isPartOf\":{\"@id\":\"https:\/\/www.manaus.am.gov.br\/semcom\/#website\"},\"primaryImageOfPage\":{\"@id\":\"https:\/\/www.manaus.am.gov.br\/semcom\/educacao-transito-base-aerea\/#primaryimage\"},\"image\":{\"@id\":\"https:\/\/www.manaus.am.gov.br\/semcom\/educacao-transito-base-aerea\/#primaryimage\"},\"thumbnailUrl\":\"https:\/\/www.manaus.am.gov.br\/semcom\/wp-content\/uploads\/sites\/5\/2026\/04\/Prefeitura-de-Manaus-leva-educacao-no-transito-a-Base-Aerea-e-reforca-orientacao-aos-militares.jpeg\",\"datePublished\":\"2026-04-27T21:05:22+00:00\",\"dateModified\":\"2026-04-28T16:40:52+00:00\",\"author\":{\"@id\":\"https:\/\/www.manaus.am.gov.br\/semcom\/#\/schema\/person\/466a0e03ae4b6062809046bd560ac955\"},\"description\":\"A Prefeitura de Manaus, intensificou as a\u00e7\u00f5es de educa\u00e7\u00e3o no tr\u00e2nsito e realizou, na tarde desta segunda, a palestra \u201cCondutor Consciente\u201d.\",\"inLanguage\":\"pt-BR\",\"potentialAction\":[{\"@type\":\"ReadAction\",\"target\":[\"https:\/\/www.manaus.am.gov.br\/semcom\/educacao-transito-base-aerea\/\"]}]},{\"@type\":\"ImageObject\",\"inLanguage\":\"pt-BR\",\"@id\":\"https:\/\/www.manaus.am.gov.br\/semcom\/educacao-transito-base-aerea\/#primaryimage\",\"url\":\"https:\/\/www.manaus.am.gov.br\/semcom\/wp-content\/uploads\/sites\/5\/2026\/04\/Prefeitura-de-Manaus-leva-educacao-no-transito-a-Base-Aerea-e-reforca-orientacao-aos-militares.jpeg\",\"contentUrl\":\"https:\/\/www.manaus.am.gov.br\/semcom\/wp-content\/uploads\/sites\/5\/2026\/04\/Prefeitura-de-Manaus-leva-educacao-no-transito-a-Base-Aerea-e-reforca-orientacao-aos-militares.jpeg\",\"width\":1280,\"height\":960,\"caption\":\"#paratodosverem - Agente do IMMU durante palestra para militares\"},{\"@type\":\"WebSite\",\"@id\":\"https:\/\/www.manaus.am.gov.br\/semcom\/#website\",\"url\":\"https:\/\/www.manaus.am.gov.br\/semcom\/\",\"name\":\"SEMCOM\",\"description\":\"Secretaria Municipal de Comunica\u00e7\u00e3o\",\"potentialAction\":[{\"@type\":\"SearchAction\",\"target\":{\"@type\":\"EntryPoint\",\"urlTemplate\":\"https:\/\/www.manaus.am.gov.br\/semcom\/?s={search_term_string}\"},\"query-input\":\"required name=search_term_string\"}],\"inLanguage\":\"pt-BR\"},{\"@type\":\"Person\",\"@id\":\"https:\/\/www.manaus.am.gov.br\/semcom\/#\/schema\/person\/466a0e03ae4b6062809046bd560ac955\",\"name\":\"bvalente\",\"image\":{\"@type\":\"ImageObject\",\"inLanguage\":\"pt-BR\",\"@id\":\"https:\/\/www.manaus.am.gov.br\/semcom\/#\/schema\/person\/image\/\",\"url\":\"https:\/\/secure.gravatar.com\/avatar\/3e69bc2b014bdad41adfec3a39de07d2?s=96&d=mm&r=g\",\"contentUrl\":\"https:\/\/secure.gravatar.com\/avatar\/3e69bc2b014bdad41adfec3a39de07d2?s=96&d=mm&r=g\",\"caption\":\"bvalente\"}}]}<\/script>\n<!-- \/ Yoast SEO plugin. -->","yoast_head_json":{"title":"Prefeitura de Manaus leva educa\u00e7\u00e3o no tr\u00e2nsito \u00e0 Base A\u00e9rea","description":"A Prefeitura de Manaus, intensificou as a\u00e7\u00f5es de educa\u00e7\u00e3o no tr\u00e2nsito e realizou, na tarde desta segunda, a palestra \u201cCondutor Consciente\u201d.","robots":{"index":"index","follow":"follow","max-snippet":"max-snippet:-1","max-image-preview":"max-image-preview:large","max-video-preview":"max-video-preview:-1"},"canonical":"https:\/\/www.manaus.am.gov.br\/semcom\/educacao-transito-base-aerea\/","og_locale":"pt_BR","og_type":"article","og_title":"Prefeitura de Manaus leva educa\u00e7\u00e3o no tr\u00e2nsito \u00e0 Base A\u00e9rea","og_description":"A Prefeitura de Manaus, intensificou as a\u00e7\u00f5es de educa\u00e7\u00e3o no tr\u00e2nsito e realizou, na tarde desta segunda, a palestra \u201cCondutor Consciente\u201d.","og_url":"https:\/\/www.manaus.am.gov.br\/semcom\/educacao-transito-base-aerea\/","og_site_name":"SEMCOM","article_published_time":"2026-04-27T21:05:22+00:00","article_modified_time":"2026-04-28T16:40:52+00:00","og_image":[{"width":1280,"height":960,"url":"https:\/\/www.manaus.am.gov.br\/semcom\/wp-content\/uploads\/sites\/5\/2026\/04\/Prefeitura-de-Manaus-leva-educacao-no-transito-a-Base-Aerea-e-reforca-orientacao-aos-militares.jpeg","type":"image\/jpeg"}],"author":"bvalente","twitter_card":"summary_large_image","twitter_misc":{"Written by":"bvalente","Est. reading time":"3 minutos"},"schema":{"@context":"https:\/\/schema.org","@graph":[{"@type":"WebPage","@id":"https:\/\/www.manaus.am.gov.br\/semcom\/educacao-transito-base-aerea\/","url":"https:\/\/www.manaus.am.gov.br\/semcom\/educacao-transito-base-aerea\/","name":"Prefeitura de Manaus leva educa\u00e7\u00e3o no tr\u00e2nsito \u00e0 Base A\u00e9rea","isPartOf":{"@id":"https:\/\/www.manaus.am.gov.br\/semcom\/#website"},"primaryImageOfPage":{"@id":"https:\/\/www.manaus.am.gov.br\/semcom\/educacao-transito-base-aerea\/#primaryimage"},"image":{"@id":"https:\/\/www.manaus.am.gov.br\/semcom\/educacao-transito-base-aerea\/#primaryimage"},"thumbnailUrl":"https:\/\/www.manaus.am.gov.br\/semcom\/wp-content\/uploads\/sites\/5\/2026\/04\/Prefeitura-de-Manaus-leva-educacao-no-transito-a-Base-Aerea-e-reforca-orientacao-aos-militares.jpeg","datePublished":"2026-04-27T21:05:22+00:00","dateModified":"2026-04-28T16:40:52+00:00","author":{"@id":"https:\/\/www.manaus.am.gov.br\/semcom\/#\/schema\/person\/466a0e03ae4b6062809046bd560ac955"},"description":"A Prefeitura de Manaus, intensificou as a\u00e7\u00f5es de educa\u00e7\u00e3o no tr\u00e2nsito e realizou, na tarde desta segunda, a palestra \u201cCondutor Consciente\u201d.","inLanguage":"pt-BR","potentialAction":[{"@type":"ReadAction","target":["https:\/\/www.manaus.am.gov.br\/semcom\/educacao-transito-base-aerea\/"]}]},{"@type":"ImageObject","inLanguage":"pt-BR","@id":"https:\/\/www.manaus.am.gov.br\/semcom\/educacao-transito-base-aerea\/#primaryimage","url":"https:\/\/www.manaus.am.gov.br\/semcom\/wp-content\/uploads\/sites\/5\/2026\/04\/Prefeitura-de-Manaus-leva-educacao-no-transito-a-Base-Aerea-e-reforca-orientacao-aos-militares.jpeg","contentUrl":"https:\/\/www.manaus.am.gov.br\/semcom\/wp-content\/uploads\/sites\/5\/2026\/04\/Prefeitura-de-Manaus-leva-educacao-no-transito-a-Base-Aerea-e-reforca-orientacao-aos-militares.jpeg","width":1280,"height":960,"caption":"#paratodosverem - Agente do IMMU durante palestra para militares"},{"@type":"WebSite","@id":"https:\/\/www.manaus.am.gov.br\/semcom\/#website","url":"https:\/\/www.manaus.am.gov.br\/semcom\/","name":"SEMCOM","description":"Secretaria Municipal de Comunica\u00e7\u00e3o","potentialAction":[{"@type":"SearchAction","target":{"@type":"EntryPoint","urlTemplate":"https:\/\/www.manaus.am.gov.br\/semcom\/?s={search_term_string}"},"query-input":"required name=search_term_string"}],"inLanguage":"pt-BR"},{"@type":"Person","@id":"https:\/\/www.manaus.am.gov.br\/semcom\/#\/schema\/person\/466a0e03ae4b6062809046bd560ac955","name":"bvalente","image":{"@type":"ImageObject","inLanguage":"pt-BR","@id":"https:\/\/www.manaus.am.gov.br\/semcom\/#\/schema\/person\/image\/","url":"https:\/\/secure.gravatar.com\/avatar\/3e69bc2b014bdad41adfec3a39de07d2?s=96&d=mm&r=g","contentUrl":"https:\/\/secure.gravatar.com\/avatar\/3e69bc2b014bdad41adfec3a39de07d2?s=96&d=mm&r=g","caption":"bvalente"}}]}},"_links":{"self":[{"href":"https:\/\/www.manaus.am.gov.br\/semcom\/wp-json\/wp\/v2\/posts\/257486"}],"collection":[{"href":"https:\/\/www.manaus.am.gov.br\/semcom\/wp-json\/wp\/v2\/posts"}],"about":[{"href":"https:\/\/www.manaus.am.gov.br\/semcom\/wp-json\/wp\/v2\/types\/post"}],"author":[{"embeddable":true,"href":"https:\/\/www.manaus.am.gov.br\/semcom\/wp-json\/wp\/v2\/users\/68"}],"replies":[{"embeddable":true,"href":"https:\/\/www.manaus.am.gov.br\/semcom\/wp-json\/wp\/v2\/comments?post=257486"}],"version-history":[{"count":1,"href":"https:\/\/www.manaus.am.gov.br\/semcom\/wp-json\/wp\/v2\/posts\/257486\/revisions"}],"predecessor-version":[{"id":257544,"href":"https:\/\/www.manaus.am.gov.br\/semcom\/wp-json\/wp\/v2\/posts\/257486\/revisions\/257544"}],"wp:featuredmedia":[{"embeddable":true,"href":"https:\/\/www.manaus.am.gov.br\/semcom\/wp-json\/wp\/v2\/media\/257487"}],"wp:attachment":[{"href":"https:\/\/www.manaus.am.gov.br\/semcom\/wp-json\/wp\/v2\/media?parent=257486"}],"wp:term":[{"taxonomy":"category","embeddable":true,"href":"https:\/\/www.manaus.am.gov.br\/semcom\/wp-json\/wp\/v2\/categories?post=257486"},{"taxonomy":"post_tag","embeddable":true,"href":"https:\/\/www.manaus.am.gov.br\/semcom\/wp-json\/wp\/v2\/tags?post=257486"}],"curies":[{"name":"wp","href":"https:\/\/api.w.org\/{rel}","templated":true}]}}