{"id":257437,"date":"2026-04-27T15:45:50","date_gmt":"2026-04-27T19:45:50","guid":{"rendered":"https:\/\/www.manaus.am.gov.br\/semcom\/festa-do-trabalhador-ponta-negra\/"},"modified":"2026-04-27T17:22:50","modified_gmt":"2026-04-27T20:22:50","slug":"festa-do-trabalhador-ponta-negra","status":"publish","type":"post","link":"https:\/\/www.manaus.am.gov.br\/semcom\/festa-do-trabalhador-ponta-negra\/","title":{"rendered":"Prefeitura promove \u2018Festa do Trabalhador\u2019 com programa\u00e7\u00e3o cultural e gastron\u00f4mica na Ponta Negra"},"content":{"rendered":"\n<p>Em comemora\u00e7\u00e3o ao Dia do Trabalhador, a Prefeitura de Manaus, por meio da Secretaria Municipal do Trabalho, Empreendedorismo e Inova\u00e7\u00e3o (Semtepi), realiza, nesta sexta-feira, 1\u00ba\/5, a partir das 16h, a \u201cFesta do Trabalhador\u201d, no complexo tur\u00edstico Ponta Negra, zona Oeste, com uma programa\u00e7\u00e3o especial voltada \u00e0 valoriza\u00e7\u00e3o dos trabalhadores manauaras, ao fortalecimento do empreendedorismo local e \u00e0 promo\u00e7\u00e3o de oportunidades de gera\u00e7\u00e3o de renda.<\/p>\n\n\n\n<p>Com atividades distribu\u00eddas entre o Espa\u00e7o do Empreendedor, a Casa de Praia Zezinho Corr\u00eaa e o anfiteatro da Ponta Negra, o evento re\u00fane cultura, lazer, esporte e economia criativa em um dos principais cart\u00f5es-postais da capital amazonense.<\/p>\n\n\n\n<p>De acordo com o secret\u00e1rio da Semtepi, Alonso Oliveira, a iniciativa tem como objetivo reconhecer a import\u00e2ncia de quem movimenta a economia da cidade, promovendo a ocupa\u00e7\u00e3o qualificada dos espa\u00e7os p\u00fablicos e incentivando o desenvolvimento econ\u00f4mico local por meio da valoriza\u00e7\u00e3o de pequenos empreendedores, trabalhadores formais e informais, artistas e empreendedores da economia criativa.<\/p>\n\n\n\n<p>\u201cA \u2018Festa do Trabalhador\u2019 \u00e9 um reconhecimento a cada homem e mulher que contribui diariamente para o crescimento da nossa cidade. Mais do que uma homenagem, este evento \u00e9 uma oportunidade de gerar renda, valorizar empreendedores e fortalecer a economia local\u201d, destacou Alonso Oliveira.<\/p>\n\n\n\n<p>Al\u00e9m da programa\u00e7\u00e3o da sexta-feira, o p\u00fablico poder\u00e1 visitar a Feira Gastron\u00f4mica do Trabalhador, que acontece de forma cont\u00ednua entre os dias 29\/4 e 3\/5, no Espa\u00e7o do Empreendedor, com a participa\u00e7\u00e3o de expositores da gastronomia local. A feira ser\u00e1 uma vitrine para empreendedores manauaras apresentarem seus produtos, ampliarem sua visibilidade e gerarem renda em um ambiente de grande circula\u00e7\u00e3o de moradores e turistas.<\/p>\n\n\n\n<p>No dia 1\u00ba\/5, data em que se celebra o Dia do Trabalhador, a programa\u00e7\u00e3o especial ter\u00e1 in\u00edcio na Casa de Praia Zezinho Corr\u00eaa, a partir das 16h, com aula de Fit Dance aberta ao p\u00fablico, promovendo entretenimento e integra\u00e7\u00e3o para todas as idades.<\/p>\n\n\n\n<p>Encerrando a programa\u00e7\u00e3o especial do feriado, o anfiteatro da Ponta Negra receber\u00e1, a partir das 17h, uma sequ\u00eancia de atra\u00e7\u00f5es musicais com shows do DJ Jhon, banda Chora Cachorro, Mikeal e banda e Forr\u00f3 Brizado, garantindo anima\u00e7\u00e3o e entretenimento para trabalhadores, fam\u00edlias e visitantes que estar\u00e3o no local.<\/p>\n\n\n\n<figure class=\"wp-block-image size-large\"><img loading=\"lazy\" decoding=\"async\" width=\"1024\" height=\"683\" src=\"https:\/\/www.manaus.am.gov.br\/semcom\/wp-content\/uploads\/sites\/5\/2026\/04\/54489487087_a3abac25ef_k-1024x683.jpg\" alt=\"\" class=\"wp-image-257439\" srcset=\"https:\/\/www.manaus.am.gov.br\/semcom\/wp-content\/uploads\/sites\/5\/2026\/04\/54489487087_a3abac25ef_k-1024x683.jpg 1024w, https:\/\/www.manaus.am.gov.br\/semcom\/wp-content\/uploads\/sites\/5\/2026\/04\/54489487087_a3abac25ef_k-300x200.jpg 300w, https:\/\/www.manaus.am.gov.br\/semcom\/wp-content\/uploads\/sites\/5\/2026\/04\/54489487087_a3abac25ef_k-768x512.jpg 768w, https:\/\/www.manaus.am.gov.br\/semcom\/wp-content\/uploads\/sites\/5\/2026\/04\/54489487087_a3abac25ef_k-1536x1024.jpg 1536w, https:\/\/www.manaus.am.gov.br\/semcom\/wp-content\/uploads\/sites\/5\/2026\/04\/54489487087_a3abac25ef_k.jpg 2048w\" sizes=\"(max-width: 1024px) 100vw, 1024px\" \/><figcaption class=\"wp-element-caption\">#paratodosverem &#8211; Casa de Praia Zezinho Corr\u00eaa<\/figcaption><\/figure>\n\n\n\n<p>&#8212; &#8212; &#8212;<\/p>\n\n\n\n<p><strong>Texto <\/strong>&#8211; Asafe Augusto\/Semtepi<\/p>\n\n\n\n<p><strong>Fotos<\/strong> &#8211; Jo\u00e3o Viana\/Arquivo Semcom<\/p>\n\n\n\n<p><strong>Dispon\u00edveis em &#8211; <\/strong><a href=\"https:\/\/flic.kr\/s\/aHBqjCcvwM\" target=\"_blank\" rel=\"noreferrer noopener\">https:\/\/flic.kr\/s\/aHBqjCcvwM<\/a><\/p>\n","protected":false},"excerpt":{"rendered":"","protected":false},"author":39,"featured_media":257438,"comment_status":"closed","ping_status":"closed","sticky":false,"template":"","format":"standard","meta":{"footnotes":""},"categories":[4097],"tags":[14635,458,77,20537,22],"acf":[],"yoast_head":"<!-- This site is optimized with the Yoast SEO plugin v23.0 - https:\/\/yoast.com\/wordpress\/plugins\/seo\/ -->\n<title>Prefeitura promove \u2018Festa do Trabalhador\u2019 na Ponta Negra<\/title>\n<meta name=\"description\" content=\"Prefeitura de Manaus promove \u2018Festa do Trabalhador\u2019 com programa\u00e7\u00e3o cultural e gastron\u00f4mica na Ponta Negra.\" \/>\n<meta name=\"robots\" content=\"index, follow, max-snippet:-1, max-image-preview:large, max-video-preview:-1\" \/>\n<link rel=\"canonical\" href=\"https:\/\/www.manaus.am.gov.br\/semcom\/festa-do-trabalhador-ponta-negra\/\" \/>\n<meta property=\"og:locale\" content=\"pt_BR\" \/>\n<meta property=\"og:type\" content=\"article\" \/>\n<meta property=\"og:title\" content=\"Prefeitura promove \u2018Festa do Trabalhador\u2019 na Ponta Negra\" \/>\n<meta property=\"og:description\" content=\"Prefeitura de Manaus promove \u2018Festa do Trabalhador\u2019 com programa\u00e7\u00e3o cultural e gastron\u00f4mica na Ponta Negra.\" \/>\n<meta property=\"og:url\" content=\"https:\/\/www.manaus.am.gov.br\/semcom\/festa-do-trabalhador-ponta-negra\/\" \/>\n<meta property=\"og:site_name\" content=\"SEMCOM\" \/>\n<meta property=\"article:published_time\" content=\"2026-04-27T19:45:50+00:00\" \/>\n<meta property=\"article:modified_time\" content=\"2026-04-27T20:22:50+00:00\" \/>\n<meta property=\"og:image\" content=\"https:\/\/www.manaus.am.gov.br\/semcom\/wp-content\/uploads\/sites\/5\/2026\/04\/54490339651_826ccbe642_k.jpg\" \/>\n\t<meta property=\"og:image:width\" content=\"2048\" \/>\n\t<meta property=\"og:image:height\" content=\"1365\" \/>\n\t<meta property=\"og:image:type\" content=\"image\/jpeg\" \/>\n<meta name=\"author\" content=\"Bruna Greco\" \/>\n<meta name=\"twitter:card\" content=\"summary_large_image\" \/>\n<meta name=\"twitter:label1\" content=\"Written by\" \/>\n\t<meta name=\"twitter:data1\" content=\"Bruna Greco\" \/>\n\t<meta name=\"twitter:label2\" content=\"Est. reading time\" \/>\n\t<meta name=\"twitter:data2\" content=\"3 minutos\" \/>\n<script type=\"application\/ld+json\" class=\"yoast-schema-graph\">{\"@context\":\"https:\/\/schema.org\",\"@graph\":[{\"@type\":\"WebPage\",\"@id\":\"https:\/\/www.manaus.am.gov.br\/semcom\/festa-do-trabalhador-ponta-negra\/\",\"url\":\"https:\/\/www.manaus.am.gov.br\/semcom\/festa-do-trabalhador-ponta-negra\/\",\"name\":\"Prefeitura promove \u2018Festa do Trabalhador\u2019 na Ponta Negra\",\"isPartOf\":{\"@id\":\"https:\/\/www.manaus.am.gov.br\/semcom\/#website\"},\"primaryImageOfPage\":{\"@id\":\"https:\/\/www.manaus.am.gov.br\/semcom\/festa-do-trabalhador-ponta-negra\/#primaryimage\"},\"image\":{\"@id\":\"https:\/\/www.manaus.am.gov.br\/semcom\/festa-do-trabalhador-ponta-negra\/#primaryimage\"},\"thumbnailUrl\":\"https:\/\/www.manaus.am.gov.br\/semcom\/wp-content\/uploads\/sites\/5\/2026\/04\/54490339651_826ccbe642_k.jpg\",\"datePublished\":\"2026-04-27T19:45:50+00:00\",\"dateModified\":\"2026-04-27T20:22:50+00:00\",\"author\":{\"@id\":\"https:\/\/www.manaus.am.gov.br\/semcom\/#\/schema\/person\/05d223aea2bf115f9883a6ff3683d81b\"},\"description\":\"Prefeitura de Manaus promove \u2018Festa do Trabalhador\u2019 com programa\u00e7\u00e3o cultural e gastron\u00f4mica na Ponta Negra.\",\"inLanguage\":\"pt-BR\",\"potentialAction\":[{\"@type\":\"ReadAction\",\"target\":[\"https:\/\/www.manaus.am.gov.br\/semcom\/festa-do-trabalhador-ponta-negra\/\"]}]},{\"@type\":\"ImageObject\",\"inLanguage\":\"pt-BR\",\"@id\":\"https:\/\/www.manaus.am.gov.br\/semcom\/festa-do-trabalhador-ponta-negra\/#primaryimage\",\"url\":\"https:\/\/www.manaus.am.gov.br\/semcom\/wp-content\/uploads\/sites\/5\/2026\/04\/54490339651_826ccbe642_k.jpg\",\"contentUrl\":\"https:\/\/www.manaus.am.gov.br\/semcom\/wp-content\/uploads\/sites\/5\/2026\/04\/54490339651_826ccbe642_k.jpg\",\"width\":2048,\"height\":1365,\"caption\":\"#paratodosverem - Anfiteatro da Ponta Negra recebendo atra\u00e7\u00e3o da Festa do Trabalhador\"},{\"@type\":\"WebSite\",\"@id\":\"https:\/\/www.manaus.am.gov.br\/semcom\/#website\",\"url\":\"https:\/\/www.manaus.am.gov.br\/semcom\/\",\"name\":\"SEMCOM\",\"description\":\"Secretaria Municipal de Comunica\u00e7\u00e3o\",\"potentialAction\":[{\"@type\":\"SearchAction\",\"target\":{\"@type\":\"EntryPoint\",\"urlTemplate\":\"https:\/\/www.manaus.am.gov.br\/semcom\/?s={search_term_string}\"},\"query-input\":\"required name=search_term_string\"}],\"inLanguage\":\"pt-BR\"},{\"@type\":\"Person\",\"@id\":\"https:\/\/www.manaus.am.gov.br\/semcom\/#\/schema\/person\/05d223aea2bf115f9883a6ff3683d81b\",\"name\":\"Bruna Greco\",\"image\":{\"@type\":\"ImageObject\",\"inLanguage\":\"pt-BR\",\"@id\":\"https:\/\/www.manaus.am.gov.br\/semcom\/#\/schema\/person\/image\/\",\"url\":\"https:\/\/secure.gravatar.com\/avatar\/9c877d1a6adc2a055330e5c09a8653ce?s=96&d=mm&r=g\",\"contentUrl\":\"https:\/\/secure.gravatar.com\/avatar\/9c877d1a6adc2a055330e5c09a8653ce?s=96&d=mm&r=g\",\"caption\":\"Bruna Greco\"}}]}<\/script>\n<!-- \/ Yoast SEO plugin. -->","yoast_head_json":{"title":"Prefeitura promove \u2018Festa do Trabalhador\u2019 na Ponta Negra","description":"Prefeitura de Manaus promove \u2018Festa do Trabalhador\u2019 com programa\u00e7\u00e3o cultural e gastron\u00f4mica na Ponta Negra.","robots":{"index":"index","follow":"follow","max-snippet":"max-snippet:-1","max-image-preview":"max-image-preview:large","max-video-preview":"max-video-preview:-1"},"canonical":"https:\/\/www.manaus.am.gov.br\/semcom\/festa-do-trabalhador-ponta-negra\/","og_locale":"pt_BR","og_type":"article","og_title":"Prefeitura promove \u2018Festa do Trabalhador\u2019 na Ponta Negra","og_description":"Prefeitura de Manaus promove \u2018Festa do Trabalhador\u2019 com programa\u00e7\u00e3o cultural e gastron\u00f4mica na Ponta Negra.","og_url":"https:\/\/www.manaus.am.gov.br\/semcom\/festa-do-trabalhador-ponta-negra\/","og_site_name":"SEMCOM","article_published_time":"2026-04-27T19:45:50+00:00","article_modified_time":"2026-04-27T20:22:50+00:00","og_image":[{"width":2048,"height":1365,"url":"https:\/\/www.manaus.am.gov.br\/semcom\/wp-content\/uploads\/sites\/5\/2026\/04\/54490339651_826ccbe642_k.jpg","type":"image\/jpeg"}],"author":"Bruna Greco","twitter_card":"summary_large_image","twitter_misc":{"Written by":"Bruna Greco","Est. reading time":"3 minutos"},"schema":{"@context":"https:\/\/schema.org","@graph":[{"@type":"WebPage","@id":"https:\/\/www.manaus.am.gov.br\/semcom\/festa-do-trabalhador-ponta-negra\/","url":"https:\/\/www.manaus.am.gov.br\/semcom\/festa-do-trabalhador-ponta-negra\/","name":"Prefeitura promove \u2018Festa do Trabalhador\u2019 na Ponta Negra","isPartOf":{"@id":"https:\/\/www.manaus.am.gov.br\/semcom\/#website"},"primaryImageOfPage":{"@id":"https:\/\/www.manaus.am.gov.br\/semcom\/festa-do-trabalhador-ponta-negra\/#primaryimage"},"image":{"@id":"https:\/\/www.manaus.am.gov.br\/semcom\/festa-do-trabalhador-ponta-negra\/#primaryimage"},"thumbnailUrl":"https:\/\/www.manaus.am.gov.br\/semcom\/wp-content\/uploads\/sites\/5\/2026\/04\/54490339651_826ccbe642_k.jpg","datePublished":"2026-04-27T19:45:50+00:00","dateModified":"2026-04-27T20:22:50+00:00","author":{"@id":"https:\/\/www.manaus.am.gov.br\/semcom\/#\/schema\/person\/05d223aea2bf115f9883a6ff3683d81b"},"description":"Prefeitura de Manaus promove \u2018Festa do Trabalhador\u2019 com programa\u00e7\u00e3o cultural e gastron\u00f4mica na Ponta Negra.","inLanguage":"pt-BR","potentialAction":[{"@type":"ReadAction","target":["https:\/\/www.manaus.am.gov.br\/semcom\/festa-do-trabalhador-ponta-negra\/"]}]},{"@type":"ImageObject","inLanguage":"pt-BR","@id":"https:\/\/www.manaus.am.gov.br\/semcom\/festa-do-trabalhador-ponta-negra\/#primaryimage","url":"https:\/\/www.manaus.am.gov.br\/semcom\/wp-content\/uploads\/sites\/5\/2026\/04\/54490339651_826ccbe642_k.jpg","contentUrl":"https:\/\/www.manaus.am.gov.br\/semcom\/wp-content\/uploads\/sites\/5\/2026\/04\/54490339651_826ccbe642_k.jpg","width":2048,"height":1365,"caption":"#paratodosverem - Anfiteatro da Ponta Negra recebendo atra\u00e7\u00e3o da Festa do Trabalhador"},{"@type":"WebSite","@id":"https:\/\/www.manaus.am.gov.br\/semcom\/#website","url":"https:\/\/www.manaus.am.gov.br\/semcom\/","name":"SEMCOM","description":"Secretaria Municipal de Comunica\u00e7\u00e3o","potentialAction":[{"@type":"SearchAction","target":{"@type":"EntryPoint","urlTemplate":"https:\/\/www.manaus.am.gov.br\/semcom\/?s={search_term_string}"},"query-input":"required name=search_term_string"}],"inLanguage":"pt-BR"},{"@type":"Person","@id":"https:\/\/www.manaus.am.gov.br\/semcom\/#\/schema\/person\/05d223aea2bf115f9883a6ff3683d81b","name":"Bruna Greco","image":{"@type":"ImageObject","inLanguage":"pt-BR","@id":"https:\/\/www.manaus.am.gov.br\/semcom\/#\/schema\/person\/image\/","url":"https:\/\/secure.gravatar.com\/avatar\/9c877d1a6adc2a055330e5c09a8653ce?s=96&d=mm&r=g","contentUrl":"https:\/\/secure.gravatar.com\/avatar\/9c877d1a6adc2a055330e5c09a8653ce?s=96&d=mm&r=g","caption":"Bruna Greco"}}]}},"_links":{"self":[{"href":"https:\/\/www.manaus.am.gov.br\/semcom\/wp-json\/wp\/v2\/posts\/257437"}],"collection":[{"href":"https:\/\/www.manaus.am.gov.br\/semcom\/wp-json\/wp\/v2\/posts"}],"about":[{"href":"https:\/\/www.manaus.am.gov.br\/semcom\/wp-json\/wp\/v2\/types\/post"}],"author":[{"embeddable":true,"href":"https:\/\/www.manaus.am.gov.br\/semcom\/wp-json\/wp\/v2\/users\/39"}],"replies":[{"embeddable":true,"href":"https:\/\/www.manaus.am.gov.br\/semcom\/wp-json\/wp\/v2\/comments?post=257437"}],"version-history":[{"count":7,"href":"https:\/\/www.manaus.am.gov.br\/semcom\/wp-json\/wp\/v2\/posts\/257437\/revisions"}],"predecessor-version":[{"id":257477,"href":"https:\/\/www.manaus.am.gov.br\/semcom\/wp-json\/wp\/v2\/posts\/257437\/revisions\/257477"}],"wp:featuredmedia":[{"embeddable":true,"href":"https:\/\/www.manaus.am.gov.br\/semcom\/wp-json\/wp\/v2\/media\/257438"}],"wp:attachment":[{"href":"https:\/\/www.manaus.am.gov.br\/semcom\/wp-json\/wp\/v2\/media?parent=257437"}],"wp:term":[{"taxonomy":"category","embeddable":true,"href":"https:\/\/www.manaus.am.gov.br\/semcom\/wp-json\/wp\/v2\/categories?post=257437"},{"taxonomy":"post_tag","embeddable":true,"href":"https:\/\/www.manaus.am.gov.br\/semcom\/wp-json\/wp\/v2\/tags?post=257437"}],"curies":[{"name":"wp","href":"https:\/\/api.w.org\/{rel}","templated":true}]}}