{"id":257422,"date":"2026-04-27T16:06:48","date_gmt":"2026-04-27T19:06:48","guid":{"rendered":"https:\/\/www.manaus.am.gov.br\/semcom\/prefeitura-ageman-e\/"},"modified":"2026-04-28T13:38:59","modified_gmt":"2026-04-28T16:38:59","slug":"prefeitura-ageman-esg","status":"publish","type":"post","link":"https:\/\/www.manaus.am.gov.br\/semcom\/prefeitura-ageman-esg\/","title":{"rendered":"Ageman inicia diagn\u00f3stico para implanta\u00e7\u00e3o de Sistema de Gest\u00e3o Integrada ESG-Regulat\u00f3rio"},"content":{"rendered":"\n<p>A <a href=\"https:\/\/www.instagram.com\/ageman_manaus\/\">Ag\u00eancia Reguladora dos Servi\u00e7os P\u00fablicos Delegados do Munic\u00edpio de Manaus<\/a> (Ageman) iniciou a elabora\u00e7\u00e3o de um diagn\u00f3stico institucional voltado \u00e0 implanta\u00e7\u00e3o do Sistema de Gest\u00e3o Integrada ESG-Regulat\u00f3rio.<\/p>\n\n\n\n<p>O trabalho \u00e9 desenvolvido em parceria com a Inaj\u00e1 Estrat\u00e9gia Integrada Ltda. (Escola do ESG) e tem como objetivo estruturar e institucionalizar pr\u00e1ticas alinhadas aos princ\u00edpios ambientais, sociais e de governan\u00e7a no \u00e2mbito do \u00f3rg\u00e3o regulador municipal.<\/p>\n\n\n\n<p>A especialista em ESG e Sustentabilidade Corporativa pela Funda\u00e7\u00e3o Getulio Vargas (FGV) e gestora da Escola do ESG, Elendrea Cavalcante, destaca a import\u00e2ncia dessa etapa para orientar a implementa\u00e7\u00e3o do sistema. \u201cToda institui\u00e7\u00e3o precisa desse diagn\u00f3stico para fundamentar as pr\u00f3ximas etapas com precis\u00e3o, permitindo estabelecer metas e indicadores adequados \u00e0 sua realidade\u201d, afirmou.<\/p>\n\n\n\n<p>A fase inclui entrevistas com servidores, diretores da ag\u00eancia e representantes das concession\u00e1rias reguladas pela Ageman, como \u00c1guas de Manaus, Manaus Luz e a empresa Tecnologia de Tr\u00e2nsito da Amaz\u00f4nia SPE Ltda., respons\u00e1vel pela gest\u00e3o do servi\u00e7o Zona Azul.<\/p>\n\n\n\n<p>A coordenadora de ESG da Ageman, Carmem Hellena Langbeck, explica que essa etapa \u00e9 fundamental para compreender as rotinas e protocolos da institui\u00e7\u00e3o, subsidiando o mapeamento de riscos regulat\u00f3rios, a defini\u00e7\u00e3o de indicadores de desempenho ESG e a estrutura\u00e7\u00e3o de um modelo de governan\u00e7a com mecanismos de monitoramento e avalia\u00e7\u00e3o cont\u00ednua.<\/p>\n\n\n\n<p>Ap\u00f3s a consolida\u00e7\u00e3o das informa\u00e7\u00f5es e a apresenta\u00e7\u00e3o do diagn\u00f3stico \u00e0 gest\u00e3o da ag\u00eancia, o pr\u00f3ximo passo ser\u00e1 a elabora\u00e7\u00e3o de uma resolu\u00e7\u00e3o normativa que instituir\u00e1 a Pol\u00edtica Integrada de Governan\u00e7a e Responsabilidade Socioambiental (ESG) da Ageman. O documento ser\u00e1 submetido \u00e0 an\u00e1lise do Conselho Municipal de Regula\u00e7\u00e3o dos Servi\u00e7os P\u00fablicos Delegados do Munic\u00edpio de Manaus (CMR).<\/p>\n\n\n\n<p>\u201cA partir dessa resolu\u00e7\u00e3o, teremos a padroniza\u00e7\u00e3o do sistema. Por se tratar de uma autarquia municipal, esse modelo poder\u00e1 servir de refer\u00eancia para outros \u00f3rg\u00e3os da Prefeitura de Manaus, consolidando uma estrat\u00e9gia de gest\u00e3o baseada em responsabilidade socioambiental e governan\u00e7a. \u00c9 transformar o discurso em a\u00e7\u00e3o e fortalecer institui\u00e7\u00f5es mais resilientes e pol\u00edticas p\u00fablicas mais eficazes\u201d, destacou Carmem.<\/p>\n\n\n\n<p>Com a iniciativa, a Ageman se posiciona como uma das primeiras ag\u00eancias reguladoras infranacionais a avan\u00e7ar na implanta\u00e7\u00e3o de um sistema estruturado de gest\u00e3o ESG, iniciado h\u00e1 dois anos com a implanta\u00e7\u00e3o do Programa de Educa\u00e7\u00e3o Ambiental da ag\u00eancia, o qual re\u00fane v\u00e1rias iniciativas voltadas ao gerenciamento dos res\u00edduos (papel\u00e3o, papel, pl\u00e1stico, \u00f3leo de cozinha, pilhas e baterias entre outros).<\/p>\n\n\n\n<p>&#8212; &#8212; &#8212;<\/p>\n\n\n\n<p><strong>Texto<\/strong>&nbsp;&#8211; Tereza Te\u00f3filo\/Ageman<br><strong>Fotos<\/strong>&nbsp;\u2013 Divulga\u00e7\u00e3o\/Ageman<\/p>\n","protected":false},"excerpt":{"rendered":"","protected":false},"author":23,"featured_media":257424,"comment_status":"closed","ping_status":"closed","sticky":false,"template":"","format":"standard","meta":{"footnotes":""},"categories":[2807],"tags":[215,4310,11592,20536,6009,979,77],"acf":[],"yoast_head":"<!-- This site is optimized with the Yoast SEO plugin v23.0 - https:\/\/yoast.com\/wordpress\/plugins\/seo\/ -->\n<title>Ageman inicia diagn\u00f3stico para implanta\u00e7\u00e3o de Sistema de Gest\u00e3o Integrada ESG-Regulat\u00f3rio<\/title>\n<meta name=\"description\" content=\"A Ag\u00eancia Reguladora dos Servi\u00e7os P\u00fablicos Delegados do Munic\u00edpio de Manaus (Ageman) iniciou a elabora\u00e7\u00e3o de um diagn\u00f3stico institucional voltado \u00e0 implanta\u00e7\u00e3o do Sistema de Gest\u00e3o Integrada ESG-Regulat\u00f3rio.\" \/>\n<meta name=\"robots\" content=\"index, follow, max-snippet:-1, max-image-preview:large, max-video-preview:-1\" \/>\n<link rel=\"canonical\" href=\"https:\/\/www.manaus.am.gov.br\/semcom\/prefeitura-ageman-esg\/\" \/>\n<meta property=\"og:locale\" content=\"pt_BR\" \/>\n<meta property=\"og:type\" content=\"article\" \/>\n<meta property=\"og:title\" content=\"Ageman inicia diagn\u00f3stico para implanta\u00e7\u00e3o de Sistema de Gest\u00e3o Integrada ESG-Regulat\u00f3rio\" \/>\n<meta property=\"og:description\" content=\"A Ag\u00eancia Reguladora dos Servi\u00e7os P\u00fablicos Delegados do Munic\u00edpio de Manaus (Ageman) iniciou a elabora\u00e7\u00e3o de um diagn\u00f3stico institucional voltado \u00e0 implanta\u00e7\u00e3o do Sistema de Gest\u00e3o Integrada ESG-Regulat\u00f3rio.\" \/>\n<meta property=\"og:url\" content=\"https:\/\/www.manaus.am.gov.br\/semcom\/prefeitura-ageman-esg\/\" \/>\n<meta property=\"og:site_name\" content=\"SEMCOM\" \/>\n<meta property=\"article:published_time\" content=\"2026-04-27T19:06:48+00:00\" \/>\n<meta property=\"article:modified_time\" content=\"2026-04-28T16:38:59+00:00\" \/>\n<meta property=\"og:image\" content=\"https:\/\/www.manaus.am.gov.br\/semcom\/wp-content\/uploads\/sites\/5\/2026\/04\/54415654316_0ee2155b67_o-1024x683.jpg\" \/>\n\t<meta property=\"og:image:width\" content=\"1024\" \/>\n\t<meta property=\"og:image:height\" content=\"683\" \/>\n\t<meta property=\"og:image:type\" content=\"image\/jpeg\" \/>\n<meta name=\"author\" content=\"Adriana Costa\" \/>\n<meta name=\"twitter:card\" content=\"summary_large_image\" \/>\n<meta name=\"twitter:label1\" content=\"Written by\" \/>\n\t<meta name=\"twitter:data1\" content=\"Adriana Costa\" \/>\n\t<meta name=\"twitter:label2\" content=\"Est. reading time\" \/>\n\t<meta name=\"twitter:data2\" content=\"3 minutos\" \/>\n<script type=\"application\/ld+json\" class=\"yoast-schema-graph\">{\"@context\":\"https:\/\/schema.org\",\"@graph\":[{\"@type\":\"WebPage\",\"@id\":\"https:\/\/www.manaus.am.gov.br\/semcom\/prefeitura-ageman-esg\/\",\"url\":\"https:\/\/www.manaus.am.gov.br\/semcom\/prefeitura-ageman-esg\/\",\"name\":\"Ageman inicia diagn\u00f3stico para implanta\u00e7\u00e3o de Sistema de Gest\u00e3o Integrada ESG-Regulat\u00f3rio\",\"isPartOf\":{\"@id\":\"https:\/\/www.manaus.am.gov.br\/semcom\/#website\"},\"primaryImageOfPage\":{\"@id\":\"https:\/\/www.manaus.am.gov.br\/semcom\/prefeitura-ageman-esg\/#primaryimage\"},\"image\":{\"@id\":\"https:\/\/www.manaus.am.gov.br\/semcom\/prefeitura-ageman-esg\/#primaryimage\"},\"thumbnailUrl\":\"https:\/\/www.manaus.am.gov.br\/semcom\/wp-content\/uploads\/sites\/5\/2026\/04\/54415654316_0ee2155b67_o.jpg\",\"datePublished\":\"2026-04-27T19:06:48+00:00\",\"dateModified\":\"2026-04-28T16:38:59+00:00\",\"author\":{\"@id\":\"https:\/\/www.manaus.am.gov.br\/semcom\/#\/schema\/person\/4e49f4e267757a06ca072ec61b2b9968\"},\"description\":\"A Ag\u00eancia Reguladora dos Servi\u00e7os P\u00fablicos Delegados do Munic\u00edpio de Manaus (Ageman) iniciou a elabora\u00e7\u00e3o de um diagn\u00f3stico institucional voltado \u00e0 implanta\u00e7\u00e3o do Sistema de Gest\u00e3o Integrada ESG-Regulat\u00f3rio.\",\"inLanguage\":\"pt-BR\",\"potentialAction\":[{\"@type\":\"ReadAction\",\"target\":[\"https:\/\/www.manaus.am.gov.br\/semcom\/prefeitura-ageman-esg\/\"]}]},{\"@type\":\"ImageObject\",\"inLanguage\":\"pt-BR\",\"@id\":\"https:\/\/www.manaus.am.gov.br\/semcom\/prefeitura-ageman-esg\/#primaryimage\",\"url\":\"https:\/\/www.manaus.am.gov.br\/semcom\/wp-content\/uploads\/sites\/5\/2026\/04\/54415654316_0ee2155b67_o.jpg\",\"contentUrl\":\"https:\/\/www.manaus.am.gov.br\/semcom\/wp-content\/uploads\/sites\/5\/2026\/04\/54415654316_0ee2155b67_o.jpg\",\"width\":5760,\"height\":3840,\"caption\":\"#paratodosverem - Fachada da Ageman, \u00f3rg\u00e3o regular municipal em processo de implementa\u00e7\u00e3o do Sistema de Gest\u00e3o Integrada ESG-Regulat\u00f3rio\"},{\"@type\":\"WebSite\",\"@id\":\"https:\/\/www.manaus.am.gov.br\/semcom\/#website\",\"url\":\"https:\/\/www.manaus.am.gov.br\/semcom\/\",\"name\":\"SEMCOM\",\"description\":\"Secretaria Municipal de Comunica\u00e7\u00e3o\",\"potentialAction\":[{\"@type\":\"SearchAction\",\"target\":{\"@type\":\"EntryPoint\",\"urlTemplate\":\"https:\/\/www.manaus.am.gov.br\/semcom\/?s={search_term_string}\"},\"query-input\":\"required name=search_term_string\"}],\"inLanguage\":\"pt-BR\"},{\"@type\":\"Person\",\"@id\":\"https:\/\/www.manaus.am.gov.br\/semcom\/#\/schema\/person\/4e49f4e267757a06ca072ec61b2b9968\",\"name\":\"Adriana Costa\",\"image\":{\"@type\":\"ImageObject\",\"inLanguage\":\"pt-BR\",\"@id\":\"https:\/\/www.manaus.am.gov.br\/semcom\/#\/schema\/person\/image\/\",\"url\":\"https:\/\/secure.gravatar.com\/avatar\/576258617ef7194f718179e766d57bd4?s=96&d=mm&r=g\",\"contentUrl\":\"https:\/\/secure.gravatar.com\/avatar\/576258617ef7194f718179e766d57bd4?s=96&d=mm&r=g\",\"caption\":\"Adriana Costa\"}}]}<\/script>\n<!-- \/ Yoast SEO plugin. -->","yoast_head_json":{"title":"Ageman inicia diagn\u00f3stico para implanta\u00e7\u00e3o de Sistema de Gest\u00e3o Integrada ESG-Regulat\u00f3rio","description":"A Ag\u00eancia Reguladora dos Servi\u00e7os P\u00fablicos Delegados do Munic\u00edpio de Manaus (Ageman) iniciou a elabora\u00e7\u00e3o de um diagn\u00f3stico institucional voltado \u00e0 implanta\u00e7\u00e3o do Sistema de Gest\u00e3o Integrada ESG-Regulat\u00f3rio.","robots":{"index":"index","follow":"follow","max-snippet":"max-snippet:-1","max-image-preview":"max-image-preview:large","max-video-preview":"max-video-preview:-1"},"canonical":"https:\/\/www.manaus.am.gov.br\/semcom\/prefeitura-ageman-esg\/","og_locale":"pt_BR","og_type":"article","og_title":"Ageman inicia diagn\u00f3stico para implanta\u00e7\u00e3o de Sistema de Gest\u00e3o Integrada ESG-Regulat\u00f3rio","og_description":"A Ag\u00eancia Reguladora dos Servi\u00e7os P\u00fablicos Delegados do Munic\u00edpio de Manaus (Ageman) iniciou a elabora\u00e7\u00e3o de um diagn\u00f3stico institucional voltado \u00e0 implanta\u00e7\u00e3o do Sistema de Gest\u00e3o Integrada ESG-Regulat\u00f3rio.","og_url":"https:\/\/www.manaus.am.gov.br\/semcom\/prefeitura-ageman-esg\/","og_site_name":"SEMCOM","article_published_time":"2026-04-27T19:06:48+00:00","article_modified_time":"2026-04-28T16:38:59+00:00","og_image":[{"width":1024,"height":683,"url":"https:\/\/www.manaus.am.gov.br\/semcom\/wp-content\/uploads\/sites\/5\/2026\/04\/54415654316_0ee2155b67_o-1024x683.jpg","type":"image\/jpeg"}],"author":"Adriana Costa","twitter_card":"summary_large_image","twitter_misc":{"Written by":"Adriana Costa","Est. reading time":"3 minutos"},"schema":{"@context":"https:\/\/schema.org","@graph":[{"@type":"WebPage","@id":"https:\/\/www.manaus.am.gov.br\/semcom\/prefeitura-ageman-esg\/","url":"https:\/\/www.manaus.am.gov.br\/semcom\/prefeitura-ageman-esg\/","name":"Ageman inicia diagn\u00f3stico para implanta\u00e7\u00e3o de Sistema de Gest\u00e3o Integrada ESG-Regulat\u00f3rio","isPartOf":{"@id":"https:\/\/www.manaus.am.gov.br\/semcom\/#website"},"primaryImageOfPage":{"@id":"https:\/\/www.manaus.am.gov.br\/semcom\/prefeitura-ageman-esg\/#primaryimage"},"image":{"@id":"https:\/\/www.manaus.am.gov.br\/semcom\/prefeitura-ageman-esg\/#primaryimage"},"thumbnailUrl":"https:\/\/www.manaus.am.gov.br\/semcom\/wp-content\/uploads\/sites\/5\/2026\/04\/54415654316_0ee2155b67_o.jpg","datePublished":"2026-04-27T19:06:48+00:00","dateModified":"2026-04-28T16:38:59+00:00","author":{"@id":"https:\/\/www.manaus.am.gov.br\/semcom\/#\/schema\/person\/4e49f4e267757a06ca072ec61b2b9968"},"description":"A Ag\u00eancia Reguladora dos Servi\u00e7os P\u00fablicos Delegados do Munic\u00edpio de Manaus (Ageman) iniciou a elabora\u00e7\u00e3o de um diagn\u00f3stico institucional voltado \u00e0 implanta\u00e7\u00e3o do Sistema de Gest\u00e3o Integrada ESG-Regulat\u00f3rio.","inLanguage":"pt-BR","potentialAction":[{"@type":"ReadAction","target":["https:\/\/www.manaus.am.gov.br\/semcom\/prefeitura-ageman-esg\/"]}]},{"@type":"ImageObject","inLanguage":"pt-BR","@id":"https:\/\/www.manaus.am.gov.br\/semcom\/prefeitura-ageman-esg\/#primaryimage","url":"https:\/\/www.manaus.am.gov.br\/semcom\/wp-content\/uploads\/sites\/5\/2026\/04\/54415654316_0ee2155b67_o.jpg","contentUrl":"https:\/\/www.manaus.am.gov.br\/semcom\/wp-content\/uploads\/sites\/5\/2026\/04\/54415654316_0ee2155b67_o.jpg","width":5760,"height":3840,"caption":"#paratodosverem - Fachada da Ageman, \u00f3rg\u00e3o regular municipal em processo de implementa\u00e7\u00e3o do Sistema de Gest\u00e3o Integrada ESG-Regulat\u00f3rio"},{"@type":"WebSite","@id":"https:\/\/www.manaus.am.gov.br\/semcom\/#website","url":"https:\/\/www.manaus.am.gov.br\/semcom\/","name":"SEMCOM","description":"Secretaria Municipal de Comunica\u00e7\u00e3o","potentialAction":[{"@type":"SearchAction","target":{"@type":"EntryPoint","urlTemplate":"https:\/\/www.manaus.am.gov.br\/semcom\/?s={search_term_string}"},"query-input":"required name=search_term_string"}],"inLanguage":"pt-BR"},{"@type":"Person","@id":"https:\/\/www.manaus.am.gov.br\/semcom\/#\/schema\/person\/4e49f4e267757a06ca072ec61b2b9968","name":"Adriana Costa","image":{"@type":"ImageObject","inLanguage":"pt-BR","@id":"https:\/\/www.manaus.am.gov.br\/semcom\/#\/schema\/person\/image\/","url":"https:\/\/secure.gravatar.com\/avatar\/576258617ef7194f718179e766d57bd4?s=96&d=mm&r=g","contentUrl":"https:\/\/secure.gravatar.com\/avatar\/576258617ef7194f718179e766d57bd4?s=96&d=mm&r=g","caption":"Adriana Costa"}}]}},"_links":{"self":[{"href":"https:\/\/www.manaus.am.gov.br\/semcom\/wp-json\/wp\/v2\/posts\/257422"}],"collection":[{"href":"https:\/\/www.manaus.am.gov.br\/semcom\/wp-json\/wp\/v2\/posts"}],"about":[{"href":"https:\/\/www.manaus.am.gov.br\/semcom\/wp-json\/wp\/v2\/types\/post"}],"author":[{"embeddable":true,"href":"https:\/\/www.manaus.am.gov.br\/semcom\/wp-json\/wp\/v2\/users\/23"}],"replies":[{"embeddable":true,"href":"https:\/\/www.manaus.am.gov.br\/semcom\/wp-json\/wp\/v2\/comments?post=257422"}],"version-history":[{"count":2,"href":"https:\/\/www.manaus.am.gov.br\/semcom\/wp-json\/wp\/v2\/posts\/257422\/revisions"}],"predecessor-version":[{"id":257543,"href":"https:\/\/www.manaus.am.gov.br\/semcom\/wp-json\/wp\/v2\/posts\/257422\/revisions\/257543"}],"wp:featuredmedia":[{"embeddable":true,"href":"https:\/\/www.manaus.am.gov.br\/semcom\/wp-json\/wp\/v2\/media\/257424"}],"wp:attachment":[{"href":"https:\/\/www.manaus.am.gov.br\/semcom\/wp-json\/wp\/v2\/media?parent=257422"}],"wp:term":[{"taxonomy":"category","embeddable":true,"href":"https:\/\/www.manaus.am.gov.br\/semcom\/wp-json\/wp\/v2\/categories?post=257422"},{"taxonomy":"post_tag","embeddable":true,"href":"https:\/\/www.manaus.am.gov.br\/semcom\/wp-json\/wp\/v2\/tags?post=257422"}],"curies":[{"name":"wp","href":"https:\/\/api.w.org\/{rel}","templated":true}]}}