{"id":257418,"date":"2026-04-27T15:04:43","date_gmt":"2026-04-27T19:04:43","guid":{"rendered":"https:\/\/www.manaus.am.gov.br\/semcom\/54-unidades-saude-horario-ampliado\/"},"modified":"2026-04-27T15:04:43","modified_gmt":"2026-04-27T19:04:43","slug":"54-unidades-saude-horario-ampliado","status":"publish","type":"post","link":"https:\/\/www.manaus.am.gov.br\/semcom\/54-unidades-saude-horario-ampliado\/","title":{"rendered":"Mais de 50 unidades de sa\u00fade da Prefeitura de Manaus funcionam em hor\u00e1rio ampliado"},"content":{"rendered":"\n<p>O cuidado com a sa\u00fade n\u00e3o tem hora, por isso a Prefeitura de Manaus conta com unidades que ofertam procedimentos e servi\u00e7os da Aten\u00e7\u00e3o Prim\u00e1ria \u00e0 Sa\u00fade (APS) em hor\u00e1rio ampliado, de segunda a sexta-feira, incluindo parte do hor\u00e1rio noturno, e tamb\u00e9m aos s\u00e1bados, domingos e feriados. Os estabelecimentos, gerenciados pela Secretaria Municipal de Sa\u00fade (Semsa), est\u00e3o distribu\u00eddos nas zonas distritais de sa\u00fade da \u00e1rea urbana, Norte, Leste, Oeste e Sul.<\/p>\n\n\n\n<p>Ao todo, 54 Unidades de Sa\u00fade da Fam\u00edlia (USFs) da Semsa ofertam atendimento em hor\u00e1rio estendido em Manaus. Os estabelecimentos facilitam o acesso aos servi\u00e7os do Sistema \u00danico de Sa\u00fade (SUS) para usu\u00e1rios que trabalham ou estudam, e que t\u00eam pouco tempo dispon\u00edvel para comparecer a uma unidade b\u00e1sica no hor\u00e1rio comercial.<\/p>\n\n\n\n<p>A assessora da Subsecretaria de Gest\u00e3o da Sa\u00fade da Semsa, Aldeniza Ara\u00fajo, aponta que a implementa\u00e7\u00e3o de unidades de sa\u00fade com funcionamento em hor\u00e1rio estendido contribui para ampliar o acesso a consultas m\u00e9dicas e de enfermagem, vacina\u00e7\u00e3o, curativos, entre outros servi\u00e7os contemplados na carteira da rede municipal de sa\u00fade, proporcionando uma maior resolutividade na Aten\u00e7\u00e3o Prim\u00e1ria.<\/p>\n\n\n\n<p>\u201cA pessoa n\u00e3o precisa mais pedir licen\u00e7a do trabalho ou faltar \u00e0s aulas para acessar programas e a\u00e7\u00f5es relevantes da APS, como a vacina\u00e7\u00e3o e o manejo de diabetes e hipertens\u00e3o arterial. Gra\u00e7as a essas unidades, ela pode ter suas necessidades de sa\u00fade atendidas de forma efetiva e cont\u00ednua\u201d, relata a assessora.<\/p>\n\n\n\n<p><strong>Amplia\u00e7\u00e3o no atendimento<\/strong><\/p>\n\n\n\n<p>Dentre as 54 unidades de hor\u00e1rio ampliado da Semsa, 44 atendem os comunit\u00e1rios em regime semanal de 60 horas, funcionando de segunda a sexta-feira, em dias \u00fateis, no hor\u00e1rio das 6h \u00e0s 18h ou das 7h \u00e0s 19h. S\u00e3o pelo menos seis estabelecimentos nesse modelo em cada uma das zonas geogr\u00e1ficas urbanas da capital.<\/p>\n\n\n\n<p>Outras oito unidades, sendo pelo menos uma em cada zona, funcionam 75 horas por semana, atendendo a popula\u00e7\u00e3o das 7h \u00e0s 21h, de segunda a sexta-feira, e tamb\u00e9m aos s\u00e1bados, das 7h \u00e0s 12h.<\/p>\n\n\n\n<p>A popula\u00e7\u00e3o pode ainda ter acesso aos servi\u00e7os b\u00e1sicos de sa\u00fade todos os dias, na USF Carmen Nicolau, no bairro Lago Azul, zona Norte, e na USF Leonor de Freitas, no bairro Compensa, zona Oeste. As duas unidades atendem de segunda a sexta-feira, das 7h \u00e0s 19h, e nos s\u00e1bados, domingos e feriados, das 8h \u00e0s 18h.<\/p>\n\n\n\n<p><strong>Acesso e acolhimento<\/strong><\/p>\n\n\n\n<p>Os usu\u00e1rios das unidades de sa\u00fade de hor\u00e1rio ampliado da Semsa t\u00eam maior flexibilidade na busca pelos atendimentos da Aten\u00e7\u00e3o Prim\u00e1ria. Conforme a assistente social Delzuita Pinheiro da Silva, diretora da USF Maria Leonor Brilhante, no bairro Tancredo Neves, zona Leste, \u00e0 exce\u00e7\u00e3o da coleta de exames laboratoriais, todos os demais servi\u00e7os e procedimentos b\u00e1sicos dispon\u00edveis no hor\u00e1rio regular s\u00e3o ofertados tamb\u00e9m no hor\u00e1rio noturno, nos dias \u00fateis, e aos s\u00e1bados, pela manh\u00e3.<\/p>\n\n\n\n<p>\u201cOrganizamos a agenda para conseguir atender as demandas dos usu\u00e1rios que chegam \u00e0 unidade. Saber acolher o comunit\u00e1rio e dar a ele uma resposta positiva faz com que nosso atendimento seja sempre movimentado\u201d, avalia a gestora.<\/p>\n\n\n\n<p>Segundo Delzuita, consultas m\u00e9dicas e de enfermagem, atendimento antirr\u00e1bico e coleta do exame preventivo do c\u00e2ncer do colo do \u00fatero s\u00e3o alguns dos servi\u00e7os mais procurados pelos comunit\u00e1rios da zona Leste nos dias e hor\u00e1rios fora do expediente regular. A USF, ela explica, tem m\u00e9dicos, enfermeiros e dentistas para atendimento da demanda espont\u00e2nea e de consultas agendadas em todos os hor\u00e1rios.<\/p>\n\n\n\n<p>\u201cTamb\u00e9m temos um bom p\u00fablico que busca a vacina\u00e7\u00e3o aos s\u00e1bados, com uma resposta bastante positiva no servi\u00e7o. A nossa farm\u00e1cia, que disponibiliza de medicamentos b\u00e1sicos a antirretrovirais, \u00e9 outro ponto forte da procura aos s\u00e1bados\u201d, relata.<\/p>\n\n\n\n<p>A diretora aponta que muitos usu\u00e1rios, por outro lado, desconhecem ainda o funcionamento estendido na Maria Leonor Brilhante, e ficam surpresos quando descobrem que a unidade tamb\u00e9m atende no hor\u00e1rio noturno e nos s\u00e1bados. \u201cQuando as pessoas ficam sabendo que a unidade tem funcionamento ampliado, ficam felizes de ver que podem ser atendidas em hor\u00e1rios alternativos\u201d, conclui.<\/p>\n\n\n\n<p><strong>Confira os endere\u00e7os, dias e hor\u00e1rios de atendimento das unidades de hor\u00e1rio ampliado da Semsa:<\/strong><\/p>\n\n\n\n<p><strong>Zona Norte<\/strong><\/p>\n\n\n\n<p><strong>USF Carmem Nicolau<\/strong><\/p>\n\n\n\n<p>Rua Santa Tereza D\u2019\u00c1vila, s\/n\u00ba, Lago Azul<\/p>\n\n\n\n<p>Segunda a sexta-feira, das 7h \u00e0s 21h; s\u00e1bado, domingo e feriados, das 8h \u00e0s 18h<\/p>\n\n\n\n<p><strong>USF Major PM S\u00e1lvio Belota<\/strong><\/p>\n\n\n\n<p>Rua Jo\u00e3o de Montefusco (antiga rua das Samambaias), n\u00ba 786, Santa Etelvina<\/p>\n\n\n\n<p>Segunda a sexta-feira, das 7h \u00e0s 21h; s\u00e1bado, das 7h \u00e0s 12h<\/p>\n\n\n\n<p><strong>USF Balbina Mestrinho<\/strong><\/p>\n\n\n\n<p>Rua Major Silv\u00e9rio J. Nery (antiga rua 17), n\u00ba 170, N\u00facleo 3, Cidade Nova<\/p>\n\n\n\n<p>Segunda a sexta-feira, das 7h \u00e0s 21h; s\u00e1bado, das 7h \u00e0s 12h<\/p>\n\n\n\n<p><strong>USF Arthur Virg\u00edlio Filho<\/strong><\/p>\n\n\n\n<p>Travessa 10, n\u00ba 3.015, Novo Aleixo<\/p>\n\n\n\n<p>Segunda a sexta-feira, das 7h \u00e0s 19h<\/p>\n\n\n\n<p><strong>USF F\u00e1tima Andrade<\/strong><\/p>\n\n\n\n<p>Rua 52, quadra 65, s\/n\u00ba, conjunto Amazonino Mendes (Mutir\u00e3o), Novo Aleixo<\/p>\n\n\n\n<p>Segunda a sexta-feira, das 7h \u00e0s 19h<\/p>\n\n\n\n<p><strong>USF Dr. Jos\u00e9 Figlioulo<\/strong><\/p>\n\n\n\n<p>Rua Rio Arinos, s\/n\u00ba, conjunto Residencial Viver Melhor, Lago Azul<\/p>\n\n\n\n<p>Segunda a sexta-feira, das 7h \u00e0s 19h<\/p>\n\n\n\n<p><strong>USF Professor Carlson Gracie<\/strong><\/p>\n\n\n\n<p>Avenida Cura\u00e7ao, s\/n\u00ba, conjunto Cidad\u00e3o V, Nova Cidade<\/p>\n\n\n\n<p>Segunda a sexta-feira, das 7h \u00e0s 19h<\/p>\n\n\n\n<p><strong>USF Frei Val\u00e9rio Di Carlo<\/strong><\/p>\n\n\n\n<p>Rua Bom Jesus, s\/n\u00ba, Novo Israel<\/p>\n\n\n\n<p>Segunda a sexta-feira, das 7h \u00e0s 19h<\/p>\n\n\n\n<p><strong>USF Armando Mendes<\/strong><\/p>\n\n\n\n<p>Rua Aragar\u00e7as (antiga rua 5), s\/n\u00ba, conjunto Manoa, Col\u00f4nia Santo Ant\u00f4nio<\/p>\n\n\n\n<p>Segunda a sexta-feira, das 7h \u00e0s 19h<\/p>\n\n\n\n<p><strong>Zona Leste<\/strong><\/p>\n\n\n\n<p><strong>USF Alfredo Campos<\/strong><\/p>\n\n\n\n<p>Alameda Cosme Ferreira, s\/n\u00ba, Zumbi dos Palmares<\/p>\n\n\n\n<p>Segunda a sexta-feira, das 7h \u00e0s 21h; s\u00e1bado, das 7h \u00e0s 12h<\/p>\n\n\n\n<p><strong>USF Dr. Jos\u00e9 Amazonas Palhano<\/strong><\/p>\n\n\n\n<p>Rua Ant\u00f4nio Matias, s\/n\u00ba, S\u00e3o Jos\u00e9 Oper\u00e1rio<\/p>\n\n\n\n<p>Segunda a sexta-feira, das 7h \u00e0s 21h; s\u00e1bado, das 7h \u00e0s 12h<\/p>\n\n\n\n<p><strong>USF Maria Leonor Brilhante<\/strong><\/p>\n\n\n\n<p>Avenida Autaz Mirim, n\u00ba 8.004, Tancredo Neves<\/p>\n\n\n\n<p>Segunda a sexta-feira, das 7h \u00e0s 21h; s\u00e1bado, das 7h \u00e0s 12h<\/p>\n\n\n\n<p><strong>USF Desembargador F\u00e1bio do Couto Valle<\/strong><\/p>\n\n\n\n<p>Avenida Brigadeiro Hil\u00e1rio Gurj\u00e3o, s\/n\u00ba, Jorge Teixeira<\/p>\n\n\n\n<p>Segunda a sexta-feira, das 6h \u00e0s 18h<\/p>\n\n\n\n<p><strong>USF Enf\u00aa Ivone Lima dos Santos<\/strong><\/p>\n\n\n\n<p>Rua Lu\u00eds Corrente, s\/n\u00ba, conjunto Ouro Verde, Coroado<\/p>\n\n\n\n<p>Segunda a sexta-feira, das 6h \u00e0s 18h<\/p>\n\n\n\n<p><strong>USF Dr. Silas de Oliveira Santos<\/strong><\/p>\n\n\n\n<p>Rua Rio Guapor\u00e9, s\/n\u00ba, conjunto Castanheiras, Gilberto Mestrinho<\/p>\n\n\n\n<p>Segunda a sexta-feira, das 6h \u00e0s 18h<\/p>\n\n\n\n<p><strong>USF Enf\u00aa Josephina de Melo<\/strong><\/p>\n\n\n\n<p>Rua Cupi\u00faba, n\u00ba 232, Jorge Teixeira<\/p>\n\n\n\n<p>Segunda a sexta-feira, das 6h \u00e0s 18h<\/p>\n\n\n\n<p><strong>USF Waldir Bugalho de Medeiros<\/strong><\/p>\n\n\n\n<p>Rua Sete de Setembro, n\u00ba 871, Jorge Teixeira<\/p>\n\n\n\n<p>Segunda a sexta-feira, das 6h \u00e0s 18h<\/p>\n\n\n\n<p><strong>USF Senador Severiano Nunes<\/strong><\/p>\n\n\n\n<p>Rua das D\u00e1lias, s\/n\u00ba, Jorge Teixeira<\/p>\n\n\n\n<p>Segunda a sexta-feira, das 6h \u00e0s 18hS<\/p>\n\n\n\n<p><strong>USF Dr. Jos\u00e9 Avelino Pereira<\/strong><\/p>\n\n\n\n<p>Rua Cravinho, s\/n\u00ba, conjunto Jo\u00e3o Paulo, Jorge Teixeira<\/p>\n\n\n\n<p>Segunda a sexta-feira, das 6h \u00e0s 18h<\/p>\n\n\n\n<p><strong>USF Gebes de Melo Medeiros Filho<\/strong><\/p>\n\n\n\n<p>Rua dos Pirarucus, n\u00ba 100, Jorge Teixeira<\/p>\n\n\n\n<p>Segunda a sexta-feira, das 6h \u00e0s 18h<\/p>\n\n\n\n<p><strong>USF Agnaldo Gomes da Costa<\/strong><\/p>\n\n\n\n<p>Rua Piracutu, s\/n\u00ba, conjunto Colina do Aleixo, S\u00e3o Jos\u00e9 Oper\u00e1rio<\/p>\n\n\n\n<p>Segunda a sexta-feira, das 6h \u00e0s 18h<\/p>\n\n\n\n<p><strong>USF Dr. Gilson Moreira<\/strong><\/p>\n\n\n\n<p>Rua Prof\u00aa Luiza do Nascimento, s\/n\u00ba, Zumbi dos Palmares<\/p>\n\n\n\n<p>Segunda a sexta-feira, das 6h \u00e0s 18h<\/p>\n\n\n\n<p><strong>USF Dra. Luiza do Carmo Ribeiro Fernandes<\/strong><\/p>\n\n\n\n<p>Avenida Ministro Mario Andreazza, n\u00ba 5.585, conjunto Vila da Felicidade, Mauazinho<\/p>\n\n\n\n<p>Segunda a sexta-feira, das 6h \u00e0s 18h<\/p>\n\n\n\n<p><strong>USF Geraldo Magela<\/strong><\/p>\n\n\n\n<p>Rua Rio Envira, s\/n\u00ba, quadra 24, Armando Mendes<\/p>\n\n\n\n<p>Segunda a sexta-feira, das 6h \u00e0s 18h<\/p>\n\n\n\n<p><strong>USF Guilherme Alexandre<\/strong><\/p>\n\n\n\n<p>Rua Nova Rep\u00fablica, n\u00ba 575, Col\u00f4nia Ant\u00f4nio Aleixo<\/p>\n\n\n\n<p>Segunda a sexta-feira, das 6h \u00e0s 18h<\/p>\n\n\n\n<p><strong>USF Mauazinho<\/strong><\/p>\n\n\n\n<p>Avenida Arica, n\u00ba 113, Mauazinho<\/p>\n\n\n\n<p>Segunda a sexta-feira, das 6h \u00e0s 18h<\/p>\n\n\n\n<p><strong>USF Jo\u00e3o Nogueira da Matta<\/strong><\/p>\n\n\n\n<p>Rua Dr. Daniel, n\u00ba 77, Zumbi dos Palmares<\/p>\n\n\n\n<p>Segunda a sexta-feira, das 6h \u00e0s 18h<\/p>\n\n\n\n<p><strong>Zona Oeste<\/strong><\/p>\n\n\n\n<p><strong>USF Leonor de Freitas<\/strong><\/p>\n\n\n\n<p>Avenida Brasil, s\/n\u00ba, Compensa 2<\/p>\n\n\n\n<p>Segunda a sexta-feira, das 7h \u00e0s 21h; s\u00e1bado, domingo e feriados, das 8h \u00e0s 18h<\/p>\n\n\n\n<p><strong>USF Deodato de Miranda Le\u00e3o<\/strong><\/p>\n\n\n\n<p>Avenida Presidente Dutra, s\/n\u00ba, Gl\u00f3ria<\/p>\n\n\n\n<p>Segunda a sexta-feira, das 7h \u00e0s 21h; s\u00e1bado, das 7h \u00e0s 12h<\/p>\n\n\n\n<p><strong>USF Mansour Bulbol<\/strong><\/p>\n\n\n\n<p>Avenida Desembargador Jo\u00e3o Machado, n\u00ba 741, Alvorada<\/p>\n\n\n\n<p>Segunda a sexta-feira, das 7h \u00e0s 19h<\/p>\n\n\n\n<p><strong>USF Dom Milton Corr\u00eaa<\/strong><\/p>\n\n\n\n<p>Rua Tiradentes, s\/n\u00ba, Santo Agostinho<\/p>\n\n\n\n<p>Segunda a sexta-feira, das 7h \u00e0s 19h<\/p>\n\n\n\n<p><strong>USF S\u00e3o Vicente de Paulo<\/strong><\/p>\n\n\n\n<p>Rua do Ros\u00e1rio (antiga S\u00e3o Tom\u00e9), s\/n\u00ba, S\u00e3o Raimundo<\/p>\n\n\n\n<p>Segunda a sexta-feira, das 7h \u00e0s 19h<\/p>\n\n\n\n<p><strong>USF Adalgiza Barbosa de Lima<\/strong><\/p>\n\n\n\n<p>Avenida Laguna, s\/n\u00ba, L\u00edrio do Vale<\/p>\n\n\n\n<p>Segunda a sexta-feira, das 7h \u00e0s 19h<\/p>\n\n\n\n<p><strong>USF Santo Ant\u00f4nio<\/strong><\/p>\n\n\n\n<p>Rua Lauro Bittencourt, s\/n\u00ba, Santo Ant\u00f4nio<\/p>\n\n\n\n<p>Segunda a sexta-feira, das 7h \u00e0s 19h<\/p>\n\n\n\n<p><strong>USF Vila da Prata<\/strong><\/p>\n\n\n\n<p>Rua Prom\u00e9cio, s\/n\u00ba, Vila da Prata<\/p>\n\n\n\n<p>Segunda a sexta-feira, das 7h \u00e0s 19h<\/p>\n\n\n\n<p><strong>USF Bairro da Paz<\/strong><\/p>\n\n\n\n<p>Rua Comandante Paulo Varella, n\u00ba 51, Bairro da Paz<\/p>\n\n\n\n<p>Segunda a sexta-feira, das 7h \u00e0s 19h<\/p>\n\n\n\n<p><strong>USF Dr. Jos\u00e9 Raimundo Franco de S\u00e1<\/strong><\/p>\n\n\n\n<p>Rua Virg\u00edlio Ferreira, n\u00ba 150, Nova Esperan\u00e7a<\/p>\n\n\n\n<p>Segunda a sexta-feira, das 7h \u00e0s 19h<\/p>\n\n\n\n<p><strong>USF Reden\u00e7\u00e3o<\/strong><\/p>\n\n\n\n<p>Travessa Olinda (antiga rua Olinda), n\u00ba 22, Reden\u00e7\u00e3o<\/p>\n\n\n\n<p>Segunda a sexta-feira, das 7h \u00e0s 19h<\/p>\n\n\n\n<p><strong>USF Ajuricaba<\/strong><\/p>\n\n\n\n<p>Rua Gusm\u00e2nia (antiga avenida Leste), s\/n\u00ba, Alvorada<\/p>\n\n\n\n<p>Segunda a sexta-feira, das 6h \u00e0s 18h<\/p>\n\n\n\n<p><strong>USF Dr. Rayol dos Santos<\/strong><\/p>\n\n\n\n<p>Rua Manoel Batista, s\/n\u00ba, S\u00e3o Jorge<\/p>\n\n\n\n<p>Segunda a sexta-feira, das 6h \u00e0s 18h<\/p>\n\n\n\n<p><strong>USF Maria Ida Mentoni<\/strong><\/p>\n\n\n\n<p>Rua Ajuricaba, S\u00e3o Jorge<\/p>\n\n\n\n<p>Segunda a sexta-feira, das 6h \u00e0s 18h<\/p>\n\n\n\n<p><strong>Zona Sul<\/strong><\/p>\n\n\n\n<p><strong>USF Dr. Jos\u00e9 Rayol dos Santos<\/strong><\/p>\n\n\n\n<p>Avenida Constantino Nery, s\/n\u00ba, Chapada<\/p>\n\n\n\n<p>Segunda a sexta-feira, das 7h \u00e0s 21h; s\u00e1bado, das 7h \u00e0s 12h<\/p>\n\n\n\n<p><strong>USF Rosa Pereira de Almeida<\/strong><\/p>\n\n\n\n<p>Rua Dona Mimi, s\/n\u00ba, Morro da Liberdade<\/p>\n\n\n\n<p>Segunda a sexta-feira, das 7h \u00e0s 21h; s\u00e1bado, das 7h \u00e0s 12h<\/p>\n\n\n\n<p><strong>USF S\u00e3o Francisco<\/strong><\/p>\n\n\n\n<p>Endere\u00e7o: Rua Rodolfo Valle, s\/n\u00ba, S\u00e3o Francisco<\/p>\n\n\n\n<p>Hor\u00e1rio de atendimento: Segunda a sexta-feira \u2013 7h \u00e0s 19h<\/p>\n\n\n\n<p><strong>USF Nilton Lins<\/strong><\/p>\n\n\n\n<p>Rua Inglaterra, n\u00ba 3.159, Flores<\/p>\n\n\n\n<p>Segunda a sexta-feira, das 6h \u00e0s 18h<\/p>\n\n\n\n<p><strong>USF Dr. Luiz Montenegro<\/strong><\/p>\n\n\n\n<p>Rua Pico das \u00c1guas, beco Abrolhos, n\u00ba 527, Nossa Senhora das Gra\u00e7as<\/p>\n\n\n\n<p>Segunda a sexta-feira, das 7h \u00e0s 19h<\/p>\n\n\n\n<p><strong>USF Theom\u00e1rio Pinto da Costa<\/strong><\/p>\n\n\n\n<p>Rua Nazareth Mesquita, s\/n\u00ba, Parque 10 de Novembro<\/p>\n\n\n\n<p>Segunda a sexta-feira, das 6h \u00e0s 18h<\/p>\n\n\n\n<p><strong>USF Dr. Ant\u00f4nio Reis<\/strong><\/p>\n\n\n\n<p>Rua Escandin\u00e1via, s\/n\u00ba, S\u00e3o L\u00e1zaro<\/p>\n\n\n\n<p>Segunda a sexta-feira, das 6h \u00e0s 18h<\/p>\n\n\n\n<p><strong>USF S\u00e3o Francisco<\/strong><\/p>\n\n\n\n<p>Rua Rodolfo Valle, esquina com rua Jonas da Silva, s\/n\u00ba, S\u00e3o Francisco<\/p>\n\n\n\n<p>Segunda a sexta-feira, das 7h \u00e0s 19h<\/p>\n\n\n\n<p><strong>USF Japiim<\/strong><\/p>\n\n\n\n<p>Rua Sauim, n\u00ba 70, conjunto 31 de Mar\u00e7o, Japiim<\/p>\n\n\n\n<p>Segunda a sexta-feira, das 6h \u00e0s 18h<\/p>\n\n\n\n<p><strong>USF Petr\u00f3polis<\/strong><\/p>\n\n\n\n<p>Rua Delfim de Souza, s\/n\u00ba, Petr\u00f3polis<\/p>\n\n\n\n<p>Segunda a sexta-feira, das 6h \u00e0s 18h<\/p>\n\n\n\n<p><strong>USF Frank Rosemberg Calderon<\/strong><\/p>\n\n\n\n<p>Rua Boa Esperan\u00e7a, n\u00ba 282, Crespo<\/p>\n\n\n\n<p>Segunda a sexta-feira, das 6h \u00e0s 18h<\/p>\n\n\n\n<p><strong>USF Megumo Kado<\/strong><\/p>\n\n\n\n<p>Rua Inoc\u00eancio de Ara\u00fajo, n\u00ba 51, Educandos<\/p>\n\n\n\n<p>Segunda a sexta-feira, das 7h \u00e0s 19h<\/p>\n\n\n\n<p><strong>USF Santa Luzia<\/strong><\/p>\n\n\n\n<p>Rua Leopoldo Neves, s\/n\u00ba, Santa Luzia<\/p>\n\n\n\n<p>Segunda a sexta-feira, das 7h \u00e0s 19h<\/p>\n\n\n\n<p><strong>USF Vicente Pallotti<\/strong><\/p>\n\n\n\n<p>Rua Apurin\u00e3, n\u00ba 279, Pra\u00e7a 14 de Janeiro<\/p>\n\n\n\n<p>Segunda a sexta-feira, das 6h \u00e0s 18h<\/p>\n\n\n\n<figure class=\"wp-block-image size-large\"><img loading=\"lazy\" decoding=\"async\" width=\"1024\" height=\"682\" src=\"https:\/\/www.manaus.am.gov.br\/semcom\/wp-content\/uploads\/sites\/5\/2026\/04\/SEMSA-MANAUS-Unidades-Horario-Ampliado-4-1024x682.jpeg\" alt=\"\" class=\"wp-image-257420\" srcset=\"https:\/\/www.manaus.am.gov.br\/semcom\/wp-content\/uploads\/sites\/5\/2026\/04\/SEMSA-MANAUS-Unidades-Horario-Ampliado-4-1024x682.jpeg 1024w, https:\/\/www.manaus.am.gov.br\/semcom\/wp-content\/uploads\/sites\/5\/2026\/04\/SEMSA-MANAUS-Unidades-Horario-Ampliado-4-300x200.jpeg 300w, https:\/\/www.manaus.am.gov.br\/semcom\/wp-content\/uploads\/sites\/5\/2026\/04\/SEMSA-MANAUS-Unidades-Horario-Ampliado-4-768x512.jpeg 768w, https:\/\/www.manaus.am.gov.br\/semcom\/wp-content\/uploads\/sites\/5\/2026\/04\/SEMSA-MANAUS-Unidades-Horario-Ampliado-4-1536x1023.jpeg 1536w, https:\/\/www.manaus.am.gov.br\/semcom\/wp-content\/uploads\/sites\/5\/2026\/04\/SEMSA-MANAUS-Unidades-Horario-Ampliado-4.jpeg 1600w\" sizes=\"(max-width: 1024px) 100vw, 1024px\" \/><figcaption class=\"wp-element-caption\">#paratodosverem &#8211; Servi\u00e7o<\/figcaption><\/figure>\n\n\n\n<p>&#8212; &#8212; &#8212;&nbsp;<\/p>\n\n\n\n<p><strong>Texto &#8211;&nbsp;<\/strong>Jony Clay Borges\/Semsa<\/p>\n\n\n\n<p><strong>Fotos &#8211;&nbsp;<\/strong>Divulga\u00e7\u00e3o\/Semsa<\/p>\n\n\n\n<p> <\/p>\n","protected":false},"excerpt":{"rendered":"","protected":false},"author":39,"featured_media":257419,"comment_status":"closed","ping_status":"closed","sticky":false,"template":"","format":"standard","meta":{"footnotes":""},"categories":[213],"tags":[20533,20534,77,20535,162],"acf":[],"yoast_head":"<!-- This site is optimized with the Yoast SEO plugin v23.0 - https:\/\/yoast.com\/wordpress\/plugins\/seo\/ -->\n<title>Mais de 50 unidades de sa\u00fade funcionam em hor\u00e1rio ampliado<\/title>\n<meta name=\"description\" content=\"Mais de 50 unidades de sa\u00fade da Prefeitura de Manaus, por meio da Semsa, funcionam em hor\u00e1rio ampliado na cidade.\" \/>\n<meta name=\"robots\" content=\"index, follow, max-snippet:-1, max-image-preview:large, max-video-preview:-1\" \/>\n<link rel=\"canonical\" href=\"https:\/\/www.manaus.am.gov.br\/semcom\/54-unidades-saude-horario-ampliado\/\" \/>\n<meta property=\"og:locale\" content=\"pt_BR\" \/>\n<meta property=\"og:type\" content=\"article\" \/>\n<meta property=\"og:title\" content=\"Mais de 50 unidades de sa\u00fade funcionam em hor\u00e1rio ampliado\" \/>\n<meta property=\"og:description\" content=\"Mais de 50 unidades de sa\u00fade da Prefeitura de Manaus, por meio da Semsa, funcionam em hor\u00e1rio ampliado na cidade.\" \/>\n<meta property=\"og:url\" content=\"https:\/\/www.manaus.am.gov.br\/semcom\/54-unidades-saude-horario-ampliado\/\" \/>\n<meta property=\"og:site_name\" content=\"SEMCOM\" \/>\n<meta property=\"article:published_time\" content=\"2026-04-27T19:04:43+00:00\" \/>\n<meta property=\"og:image\" content=\"https:\/\/www.manaus.am.gov.br\/semcom\/wp-content\/uploads\/sites\/5\/2026\/04\/SEMSA-MANAUS-Unidades-Horario-Ampliado-1.jpeg\" \/>\n\t<meta property=\"og:image:width\" content=\"1600\" \/>\n\t<meta property=\"og:image:height\" content=\"1066\" \/>\n\t<meta property=\"og:image:type\" content=\"image\/jpeg\" \/>\n<meta name=\"author\" content=\"Bruna Greco\" \/>\n<meta name=\"twitter:card\" content=\"summary_large_image\" \/>\n<meta name=\"twitter:label1\" content=\"Written by\" \/>\n\t<meta name=\"twitter:data1\" content=\"Bruna Greco\" \/>\n\t<meta name=\"twitter:label2\" content=\"Est. reading time\" \/>\n\t<meta name=\"twitter:data2\" content=\"11 minutos\" \/>\n<script type=\"application\/ld+json\" class=\"yoast-schema-graph\">{\"@context\":\"https:\/\/schema.org\",\"@graph\":[{\"@type\":\"WebPage\",\"@id\":\"https:\/\/www.manaus.am.gov.br\/semcom\/54-unidades-saude-horario-ampliado\/\",\"url\":\"https:\/\/www.manaus.am.gov.br\/semcom\/54-unidades-saude-horario-ampliado\/\",\"name\":\"Mais de 50 unidades de sa\u00fade funcionam em hor\u00e1rio ampliado\",\"isPartOf\":{\"@id\":\"https:\/\/www.manaus.am.gov.br\/semcom\/#website\"},\"primaryImageOfPage\":{\"@id\":\"https:\/\/www.manaus.am.gov.br\/semcom\/54-unidades-saude-horario-ampliado\/#primaryimage\"},\"image\":{\"@id\":\"https:\/\/www.manaus.am.gov.br\/semcom\/54-unidades-saude-horario-ampliado\/#primaryimage\"},\"thumbnailUrl\":\"https:\/\/www.manaus.am.gov.br\/semcom\/wp-content\/uploads\/sites\/5\/2026\/04\/SEMSA-MANAUS-Unidades-Horario-Ampliado-1.jpeg\",\"datePublished\":\"2026-04-27T19:04:43+00:00\",\"dateModified\":\"2026-04-27T19:04:43+00:00\",\"author\":{\"@id\":\"https:\/\/www.manaus.am.gov.br\/semcom\/#\/schema\/person\/05d223aea2bf115f9883a6ff3683d81b\"},\"description\":\"Mais de 50 unidades de sa\u00fade da Prefeitura de Manaus, por meio da Semsa, funcionam em hor\u00e1rio ampliado na cidade.\",\"inLanguage\":\"pt-BR\",\"potentialAction\":[{\"@type\":\"ReadAction\",\"target\":[\"https:\/\/www.manaus.am.gov.br\/semcom\/54-unidades-saude-horario-ampliado\/\"]}]},{\"@type\":\"ImageObject\",\"inLanguage\":\"pt-BR\",\"@id\":\"https:\/\/www.manaus.am.gov.br\/semcom\/54-unidades-saude-horario-ampliado\/#primaryimage\",\"url\":\"https:\/\/www.manaus.am.gov.br\/semcom\/wp-content\/uploads\/sites\/5\/2026\/04\/SEMSA-MANAUS-Unidades-Horario-Ampliado-1.jpeg\",\"contentUrl\":\"https:\/\/www.manaus.am.gov.br\/semcom\/wp-content\/uploads\/sites\/5\/2026\/04\/SEMSA-MANAUS-Unidades-Horario-Ampliado-1.jpeg\",\"width\":1600,\"height\":1066,\"caption\":\"#paratodosverem - Usu\u00e1ria de unidade de sa\u00fade da Semsa realizando consulta m\u00e9dica\"},{\"@type\":\"WebSite\",\"@id\":\"https:\/\/www.manaus.am.gov.br\/semcom\/#website\",\"url\":\"https:\/\/www.manaus.am.gov.br\/semcom\/\",\"name\":\"SEMCOM\",\"description\":\"Secretaria Municipal de Comunica\u00e7\u00e3o\",\"potentialAction\":[{\"@type\":\"SearchAction\",\"target\":{\"@type\":\"EntryPoint\",\"urlTemplate\":\"https:\/\/www.manaus.am.gov.br\/semcom\/?s={search_term_string}\"},\"query-input\":\"required name=search_term_string\"}],\"inLanguage\":\"pt-BR\"},{\"@type\":\"Person\",\"@id\":\"https:\/\/www.manaus.am.gov.br\/semcom\/#\/schema\/person\/05d223aea2bf115f9883a6ff3683d81b\",\"name\":\"Bruna Greco\",\"image\":{\"@type\":\"ImageObject\",\"inLanguage\":\"pt-BR\",\"@id\":\"https:\/\/www.manaus.am.gov.br\/semcom\/#\/schema\/person\/image\/\",\"url\":\"https:\/\/secure.gravatar.com\/avatar\/9c877d1a6adc2a055330e5c09a8653ce?s=96&d=mm&r=g\",\"contentUrl\":\"https:\/\/secure.gravatar.com\/avatar\/9c877d1a6adc2a055330e5c09a8653ce?s=96&d=mm&r=g\",\"caption\":\"Bruna Greco\"}}]}<\/script>\n<!-- \/ Yoast SEO plugin. -->","yoast_head_json":{"title":"Mais de 50 unidades de sa\u00fade funcionam em hor\u00e1rio ampliado","description":"Mais de 50 unidades de sa\u00fade da Prefeitura de Manaus, por meio da Semsa, funcionam em hor\u00e1rio ampliado na cidade.","robots":{"index":"index","follow":"follow","max-snippet":"max-snippet:-1","max-image-preview":"max-image-preview:large","max-video-preview":"max-video-preview:-1"},"canonical":"https:\/\/www.manaus.am.gov.br\/semcom\/54-unidades-saude-horario-ampliado\/","og_locale":"pt_BR","og_type":"article","og_title":"Mais de 50 unidades de sa\u00fade funcionam em hor\u00e1rio ampliado","og_description":"Mais de 50 unidades de sa\u00fade da Prefeitura de Manaus, por meio da Semsa, funcionam em hor\u00e1rio ampliado na cidade.","og_url":"https:\/\/www.manaus.am.gov.br\/semcom\/54-unidades-saude-horario-ampliado\/","og_site_name":"SEMCOM","article_published_time":"2026-04-27T19:04:43+00:00","og_image":[{"width":1600,"height":1066,"url":"https:\/\/www.manaus.am.gov.br\/semcom\/wp-content\/uploads\/sites\/5\/2026\/04\/SEMSA-MANAUS-Unidades-Horario-Ampliado-1.jpeg","type":"image\/jpeg"}],"author":"Bruna Greco","twitter_card":"summary_large_image","twitter_misc":{"Written by":"Bruna Greco","Est. reading time":"11 minutos"},"schema":{"@context":"https:\/\/schema.org","@graph":[{"@type":"WebPage","@id":"https:\/\/www.manaus.am.gov.br\/semcom\/54-unidades-saude-horario-ampliado\/","url":"https:\/\/www.manaus.am.gov.br\/semcom\/54-unidades-saude-horario-ampliado\/","name":"Mais de 50 unidades de sa\u00fade funcionam em hor\u00e1rio ampliado","isPartOf":{"@id":"https:\/\/www.manaus.am.gov.br\/semcom\/#website"},"primaryImageOfPage":{"@id":"https:\/\/www.manaus.am.gov.br\/semcom\/54-unidades-saude-horario-ampliado\/#primaryimage"},"image":{"@id":"https:\/\/www.manaus.am.gov.br\/semcom\/54-unidades-saude-horario-ampliado\/#primaryimage"},"thumbnailUrl":"https:\/\/www.manaus.am.gov.br\/semcom\/wp-content\/uploads\/sites\/5\/2026\/04\/SEMSA-MANAUS-Unidades-Horario-Ampliado-1.jpeg","datePublished":"2026-04-27T19:04:43+00:00","dateModified":"2026-04-27T19:04:43+00:00","author":{"@id":"https:\/\/www.manaus.am.gov.br\/semcom\/#\/schema\/person\/05d223aea2bf115f9883a6ff3683d81b"},"description":"Mais de 50 unidades de sa\u00fade da Prefeitura de Manaus, por meio da Semsa, funcionam em hor\u00e1rio ampliado na cidade.","inLanguage":"pt-BR","potentialAction":[{"@type":"ReadAction","target":["https:\/\/www.manaus.am.gov.br\/semcom\/54-unidades-saude-horario-ampliado\/"]}]},{"@type":"ImageObject","inLanguage":"pt-BR","@id":"https:\/\/www.manaus.am.gov.br\/semcom\/54-unidades-saude-horario-ampliado\/#primaryimage","url":"https:\/\/www.manaus.am.gov.br\/semcom\/wp-content\/uploads\/sites\/5\/2026\/04\/SEMSA-MANAUS-Unidades-Horario-Ampliado-1.jpeg","contentUrl":"https:\/\/www.manaus.am.gov.br\/semcom\/wp-content\/uploads\/sites\/5\/2026\/04\/SEMSA-MANAUS-Unidades-Horario-Ampliado-1.jpeg","width":1600,"height":1066,"caption":"#paratodosverem - Usu\u00e1ria de unidade de sa\u00fade da Semsa realizando consulta m\u00e9dica"},{"@type":"WebSite","@id":"https:\/\/www.manaus.am.gov.br\/semcom\/#website","url":"https:\/\/www.manaus.am.gov.br\/semcom\/","name":"SEMCOM","description":"Secretaria Municipal de Comunica\u00e7\u00e3o","potentialAction":[{"@type":"SearchAction","target":{"@type":"EntryPoint","urlTemplate":"https:\/\/www.manaus.am.gov.br\/semcom\/?s={search_term_string}"},"query-input":"required name=search_term_string"}],"inLanguage":"pt-BR"},{"@type":"Person","@id":"https:\/\/www.manaus.am.gov.br\/semcom\/#\/schema\/person\/05d223aea2bf115f9883a6ff3683d81b","name":"Bruna Greco","image":{"@type":"ImageObject","inLanguage":"pt-BR","@id":"https:\/\/www.manaus.am.gov.br\/semcom\/#\/schema\/person\/image\/","url":"https:\/\/secure.gravatar.com\/avatar\/9c877d1a6adc2a055330e5c09a8653ce?s=96&d=mm&r=g","contentUrl":"https:\/\/secure.gravatar.com\/avatar\/9c877d1a6adc2a055330e5c09a8653ce?s=96&d=mm&r=g","caption":"Bruna Greco"}}]}},"_links":{"self":[{"href":"https:\/\/www.manaus.am.gov.br\/semcom\/wp-json\/wp\/v2\/posts\/257418"}],"collection":[{"href":"https:\/\/www.manaus.am.gov.br\/semcom\/wp-json\/wp\/v2\/posts"}],"about":[{"href":"https:\/\/www.manaus.am.gov.br\/semcom\/wp-json\/wp\/v2\/types\/post"}],"author":[{"embeddable":true,"href":"https:\/\/www.manaus.am.gov.br\/semcom\/wp-json\/wp\/v2\/users\/39"}],"replies":[{"embeddable":true,"href":"https:\/\/www.manaus.am.gov.br\/semcom\/wp-json\/wp\/v2\/comments?post=257418"}],"version-history":[{"count":1,"href":"https:\/\/www.manaus.am.gov.br\/semcom\/wp-json\/wp\/v2\/posts\/257418\/revisions"}],"predecessor-version":[{"id":257421,"href":"https:\/\/www.manaus.am.gov.br\/semcom\/wp-json\/wp\/v2\/posts\/257418\/revisions\/257421"}],"wp:featuredmedia":[{"embeddable":true,"href":"https:\/\/www.manaus.am.gov.br\/semcom\/wp-json\/wp\/v2\/media\/257419"}],"wp:attachment":[{"href":"https:\/\/www.manaus.am.gov.br\/semcom\/wp-json\/wp\/v2\/media?parent=257418"}],"wp:term":[{"taxonomy":"category","embeddable":true,"href":"https:\/\/www.manaus.am.gov.br\/semcom\/wp-json\/wp\/v2\/categories?post=257418"},{"taxonomy":"post_tag","embeddable":true,"href":"https:\/\/www.manaus.am.gov.br\/semcom\/wp-json\/wp\/v2\/tags?post=257418"}],"curies":[{"name":"wp","href":"https:\/\/api.w.org\/{rel}","templated":true}]}}