{"id":257415,"date":"2026-04-27T15:55:16","date_gmt":"2026-04-27T18:55:16","guid":{"rendered":"https:\/\/www.manaus.am.gov.br\/semcom\/prefeito-megaoperacao-infraestruturaelimpeza\/"},"modified":"2026-04-27T17:20:42","modified_gmt":"2026-04-27T20:20:42","slug":"prefeito-renato-junior-megaoperacao-infraestruturaelimpeza","status":"publish","type":"post","link":"https:\/\/www.manaus.am.gov.br\/semcom\/prefeito-renato-junior-megaoperacao-infraestruturaelimpeza\/","title":{"rendered":"Prefeito Renato Junior anuncia\u00a0megaopera\u00e7\u00e3o\u00a0de recupera\u00e7\u00e3o de vias e limpeza p\u00fablica em Manaus"},"content":{"rendered":"\n<p>O <a href=\"https:\/\/www.manaus.am.gov.br\/prefeitura\/prefeito\/\">prefeito de Manaus<\/a>, Renato Junior, anunciou, na manh\u00e3 desta segunda-feira, 27\/4, a realiza\u00e7\u00e3o de uma\u00a0megaopera\u00e7\u00e3o\u00a0voltada \u00e0 recupera\u00e7\u00e3o asf\u00e1ltica e \u00e0 limpeza p\u00fablica na cidade. A estimativa \u00e9 de que os trabalhos sejam intensificados ap\u00f3s o per\u00edodo de fortes chuvas na capital. A declara\u00e7\u00e3o do chefe do Executivo municipal ocorreu durante entrevista concedida \u00e0 r\u00e1dio e TV Tiradentes, no programa Manh\u00e3 de Not\u00edcias.<\/p>\n\n\n\n<p>A expectativa do gestor \u00e9 iniciar os trabalhos pelas principais vias da cidade, avan\u00e7ando posteriormente para as ruas dos bairros que sofrem com o surgimento de buracos durante o per\u00edodo chuvoso. Em paralelo, a prefeitura refor\u00e7ar\u00e1 o cronograma de limpeza com a\u00e7\u00f5es voltadas \u00e0 conscientiza\u00e7\u00e3o da popula\u00e7\u00e3o sobre o descarte correto do lixo.&nbsp;<\/p>\n\n\n\n<p>\u201cDaqui a alguns dias, come\u00e7aremos uma&nbsp;megaopera\u00e7\u00e3o&nbsp;de tapa-buracos. Primeiro nos corredores principais, seguindo para as paralelas, perpendiculares e, depois, para dentro dos bairros. Entraremos a fundo com a infraestrutura, a limpeza e a\u00e7\u00f5es educativas. Precisamos marcar essa gera\u00e7\u00e3o para que a pr\u00f3xima ainda tenha rios e igarap\u00e9s limpos\u201d, declarou o gestor.<\/p>\n\n\n\n<p>Marca da gest\u00e3o<\/p>\n\n\n\n<p>Durante a entrevista, Renato Junior destacou que sua administra\u00e7\u00e3o ser\u00e1 pautada pelo trabalho de campo, colocando-se como um servidor que estar\u00e1 presente nos bairros, ouvindo os moradores para solucionar os problemas da capital gradualmente.<\/p>\n\n\n\n<p>\u201cGosto de entrar na casa das pessoas e ter esse contato direto. Quero ser lembrado como o prefeito que est\u00e1 na rua. N\u00e3o o prefeito que vai resolver todos os problemas de uma vez s\u00f3, mas como aquele que estar\u00e1 todos os dias nas ruas, sendo um para-choque para resolver os problemas um por um\u201d, enfatizou.<\/p>\n\n\n\n<p>O prefeito est\u00e1 pr\u00f3ximo de completar 30 dias no comando do Executivo municipal, e h\u00e1 expectativa de acelera\u00e7\u00e3o das obras por toda a capital com a proximidade do fim do inverno amaz\u00f4nico.<\/p>\n\n\n\n<p>&#8212; &#8212; &#8212;<\/p>\n\n\n\n<p><strong>Texto<\/strong> \u2013 Geraldo Farias\/Semcom<\/p>\n\n\n\n<p><strong>Fotos<\/strong> \u2013 Carlos Oliveira\/Assessoria Prefeito, Cl\u00f3vis Miranda\/Semcom (limpeza) e M\u00e1rcio Melo\/Seminf (infraestrutura)<\/p>\n","protected":false},"excerpt":{"rendered":"","protected":false},"author":23,"featured_media":257416,"comment_status":"closed","ping_status":"closed","sticky":false,"template":"","format":"standard","meta":{"footnotes":""},"categories":[72],"tags":[29,118,13256,20135,20531,20532],"acf":[],"yoast_head":"<!-- This site is optimized with the Yoast SEO plugin v23.0 - https:\/\/yoast.com\/wordpress\/plugins\/seo\/ -->\n<title>Prefeito Renato Junior anuncia megaopera\u00e7\u00e3o de recupera\u00e7\u00e3o de vias e limpeza p\u00fablica em Manaus<\/title>\n<meta name=\"description\" content=\"O prefeito de Manaus, Renato Junior, anunciou, na manh\u00e3 desta segunda-feira, 27\/4, a realiza\u00e7\u00e3o de uma megaopera\u00e7\u00e3o voltada \u00e0 recupera\u00e7\u00e3o asf\u00e1ltica e \u00e0 limpeza p\u00fablica na cidade.\" \/>\n<meta name=\"robots\" content=\"index, follow, max-snippet:-1, max-image-preview:large, max-video-preview:-1\" \/>\n<link rel=\"canonical\" href=\"https:\/\/www.manaus.am.gov.br\/semcom\/prefeito-megaoperacao-infraestruturaelimpeza\/\" \/>\n<meta property=\"og:locale\" content=\"pt_BR\" \/>\n<meta property=\"og:type\" content=\"article\" \/>\n<meta property=\"og:title\" content=\"Prefeito Renato Junior anuncia megaopera\u00e7\u00e3o de recupera\u00e7\u00e3o de vias e limpeza p\u00fablica em Manaus\" \/>\n<meta property=\"og:description\" content=\"O prefeito de Manaus, Renato Junior, anunciou, na manh\u00e3 desta segunda-feira, 27\/4, a realiza\u00e7\u00e3o de uma megaopera\u00e7\u00e3o voltada \u00e0 recupera\u00e7\u00e3o asf\u00e1ltica e \u00e0 limpeza p\u00fablica na cidade.\" \/>\n<meta property=\"og:url\" content=\"https:\/\/www.manaus.am.gov.br\/semcom\/prefeito-megaoperacao-infraestruturaelimpeza\/\" \/>\n<meta property=\"og:site_name\" content=\"SEMCOM\" \/>\n<meta property=\"article:published_time\" content=\"2026-04-27T18:55:16+00:00\" \/>\n<meta property=\"article:modified_time\" content=\"2026-04-27T20:20:42+00:00\" \/>\n<meta property=\"og:image\" content=\"https:\/\/www.manaus.am.gov.br\/semcom\/wp-content\/uploads\/sites\/5\/2026\/04\/WhatsApp-Image-2026-04-27-at-14.46.58.jpeg\" \/>\n\t<meta property=\"og:image:width\" content=\"1280\" \/>\n\t<meta property=\"og:image:height\" content=\"854\" \/>\n\t<meta property=\"og:image:type\" content=\"image\/jpeg\" \/>\n<meta name=\"author\" content=\"Adriana Costa\" \/>\n<meta name=\"twitter:card\" content=\"summary_large_image\" \/>\n<meta name=\"twitter:label1\" content=\"Written by\" \/>\n\t<meta name=\"twitter:data1\" content=\"Adriana Costa\" \/>\n\t<meta name=\"twitter:label2\" content=\"Est. reading time\" \/>\n\t<meta name=\"twitter:data2\" content=\"2 minutos\" \/>\n<script type=\"application\/ld+json\" class=\"yoast-schema-graph\">{\"@context\":\"https:\/\/schema.org\",\"@graph\":[{\"@type\":\"WebPage\",\"@id\":\"https:\/\/www.manaus.am.gov.br\/semcom\/prefeito-megaoperacao-infraestruturaelimpeza\/\",\"url\":\"https:\/\/www.manaus.am.gov.br\/semcom\/prefeito-megaoperacao-infraestruturaelimpeza\/\",\"name\":\"Prefeito Renato Junior anuncia megaopera\u00e7\u00e3o de recupera\u00e7\u00e3o de vias e limpeza p\u00fablica em Manaus\",\"isPartOf\":{\"@id\":\"https:\/\/www.manaus.am.gov.br\/semcom\/#website\"},\"primaryImageOfPage\":{\"@id\":\"https:\/\/www.manaus.am.gov.br\/semcom\/prefeito-megaoperacao-infraestruturaelimpeza\/#primaryimage\"},\"image\":{\"@id\":\"https:\/\/www.manaus.am.gov.br\/semcom\/prefeito-megaoperacao-infraestruturaelimpeza\/#primaryimage\"},\"thumbnailUrl\":\"https:\/\/www.manaus.am.gov.br\/semcom\/wp-content\/uploads\/sites\/5\/2026\/04\/WhatsApp-Image-2026-04-27-at-14.46.58.jpeg\",\"datePublished\":\"2026-04-27T18:55:16+00:00\",\"dateModified\":\"2026-04-27T20:20:42+00:00\",\"author\":{\"@id\":\"https:\/\/www.manaus.am.gov.br\/semcom\/#\/schema\/person\/4e49f4e267757a06ca072ec61b2b9968\"},\"description\":\"O prefeito de Manaus, Renato Junior, anunciou, na manh\u00e3 desta segunda-feira, 27\/4, a realiza\u00e7\u00e3o de uma megaopera\u00e7\u00e3o voltada \u00e0 recupera\u00e7\u00e3o asf\u00e1ltica e \u00e0 limpeza p\u00fablica na cidade.\",\"inLanguage\":\"pt-BR\",\"potentialAction\":[{\"@type\":\"ReadAction\",\"target\":[\"https:\/\/www.manaus.am.gov.br\/semcom\/prefeito-megaoperacao-infraestruturaelimpeza\/\"]}]},{\"@type\":\"ImageObject\",\"inLanguage\":\"pt-BR\",\"@id\":\"https:\/\/www.manaus.am.gov.br\/semcom\/prefeito-megaoperacao-infraestruturaelimpeza\/#primaryimage\",\"url\":\"https:\/\/www.manaus.am.gov.br\/semcom\/wp-content\/uploads\/sites\/5\/2026\/04\/WhatsApp-Image-2026-04-27-at-14.46.58.jpeg\",\"contentUrl\":\"https:\/\/www.manaus.am.gov.br\/semcom\/wp-content\/uploads\/sites\/5\/2026\/04\/WhatsApp-Image-2026-04-27-at-14.46.58.jpeg\",\"width\":1280,\"height\":854,\"caption\":\"#paratodosverem - Prefeito Renato Junior concede entrevista \u00e0 r\u00e1dio e TV Tiradentes, quando anuncia megaopera\u00e7\u00e3o de infraestrutura e limpeza para Manaus\"},{\"@type\":\"WebSite\",\"@id\":\"https:\/\/www.manaus.am.gov.br\/semcom\/#website\",\"url\":\"https:\/\/www.manaus.am.gov.br\/semcom\/\",\"name\":\"SEMCOM\",\"description\":\"Secretaria Municipal de Comunica\u00e7\u00e3o\",\"potentialAction\":[{\"@type\":\"SearchAction\",\"target\":{\"@type\":\"EntryPoint\",\"urlTemplate\":\"https:\/\/www.manaus.am.gov.br\/semcom\/?s={search_term_string}\"},\"query-input\":\"required name=search_term_string\"}],\"inLanguage\":\"pt-BR\"},{\"@type\":\"Person\",\"@id\":\"https:\/\/www.manaus.am.gov.br\/semcom\/#\/schema\/person\/4e49f4e267757a06ca072ec61b2b9968\",\"name\":\"Adriana Costa\",\"image\":{\"@type\":\"ImageObject\",\"inLanguage\":\"pt-BR\",\"@id\":\"https:\/\/www.manaus.am.gov.br\/semcom\/#\/schema\/person\/image\/\",\"url\":\"https:\/\/secure.gravatar.com\/avatar\/576258617ef7194f718179e766d57bd4?s=96&d=mm&r=g\",\"contentUrl\":\"https:\/\/secure.gravatar.com\/avatar\/576258617ef7194f718179e766d57bd4?s=96&d=mm&r=g\",\"caption\":\"Adriana Costa\"}}]}<\/script>\n<!-- \/ Yoast SEO plugin. -->","yoast_head_json":{"title":"Prefeito Renato Junior anuncia megaopera\u00e7\u00e3o de recupera\u00e7\u00e3o de vias e limpeza p\u00fablica em Manaus","description":"O prefeito de Manaus, Renato Junior, anunciou, na manh\u00e3 desta segunda-feira, 27\/4, a realiza\u00e7\u00e3o de uma megaopera\u00e7\u00e3o voltada \u00e0 recupera\u00e7\u00e3o asf\u00e1ltica e \u00e0 limpeza p\u00fablica na cidade.","robots":{"index":"index","follow":"follow","max-snippet":"max-snippet:-1","max-image-preview":"max-image-preview:large","max-video-preview":"max-video-preview:-1"},"canonical":"https:\/\/www.manaus.am.gov.br\/semcom\/prefeito-megaoperacao-infraestruturaelimpeza\/","og_locale":"pt_BR","og_type":"article","og_title":"Prefeito Renato Junior anuncia megaopera\u00e7\u00e3o de recupera\u00e7\u00e3o de vias e limpeza p\u00fablica em Manaus","og_description":"O prefeito de Manaus, Renato Junior, anunciou, na manh\u00e3 desta segunda-feira, 27\/4, a realiza\u00e7\u00e3o de uma megaopera\u00e7\u00e3o voltada \u00e0 recupera\u00e7\u00e3o asf\u00e1ltica e \u00e0 limpeza p\u00fablica na cidade.","og_url":"https:\/\/www.manaus.am.gov.br\/semcom\/prefeito-megaoperacao-infraestruturaelimpeza\/","og_site_name":"SEMCOM","article_published_time":"2026-04-27T18:55:16+00:00","article_modified_time":"2026-04-27T20:20:42+00:00","og_image":[{"width":1280,"height":854,"url":"https:\/\/www.manaus.am.gov.br\/semcom\/wp-content\/uploads\/sites\/5\/2026\/04\/WhatsApp-Image-2026-04-27-at-14.46.58.jpeg","type":"image\/jpeg"}],"author":"Adriana Costa","twitter_card":"summary_large_image","twitter_misc":{"Written by":"Adriana Costa","Est. reading time":"2 minutos"},"schema":{"@context":"https:\/\/schema.org","@graph":[{"@type":"WebPage","@id":"https:\/\/www.manaus.am.gov.br\/semcom\/prefeito-megaoperacao-infraestruturaelimpeza\/","url":"https:\/\/www.manaus.am.gov.br\/semcom\/prefeito-megaoperacao-infraestruturaelimpeza\/","name":"Prefeito Renato Junior anuncia megaopera\u00e7\u00e3o de recupera\u00e7\u00e3o de vias e limpeza p\u00fablica em Manaus","isPartOf":{"@id":"https:\/\/www.manaus.am.gov.br\/semcom\/#website"},"primaryImageOfPage":{"@id":"https:\/\/www.manaus.am.gov.br\/semcom\/prefeito-megaoperacao-infraestruturaelimpeza\/#primaryimage"},"image":{"@id":"https:\/\/www.manaus.am.gov.br\/semcom\/prefeito-megaoperacao-infraestruturaelimpeza\/#primaryimage"},"thumbnailUrl":"https:\/\/www.manaus.am.gov.br\/semcom\/wp-content\/uploads\/sites\/5\/2026\/04\/WhatsApp-Image-2026-04-27-at-14.46.58.jpeg","datePublished":"2026-04-27T18:55:16+00:00","dateModified":"2026-04-27T20:20:42+00:00","author":{"@id":"https:\/\/www.manaus.am.gov.br\/semcom\/#\/schema\/person\/4e49f4e267757a06ca072ec61b2b9968"},"description":"O prefeito de Manaus, Renato Junior, anunciou, na manh\u00e3 desta segunda-feira, 27\/4, a realiza\u00e7\u00e3o de uma megaopera\u00e7\u00e3o voltada \u00e0 recupera\u00e7\u00e3o asf\u00e1ltica e \u00e0 limpeza p\u00fablica na cidade.","inLanguage":"pt-BR","potentialAction":[{"@type":"ReadAction","target":["https:\/\/www.manaus.am.gov.br\/semcom\/prefeito-megaoperacao-infraestruturaelimpeza\/"]}]},{"@type":"ImageObject","inLanguage":"pt-BR","@id":"https:\/\/www.manaus.am.gov.br\/semcom\/prefeito-megaoperacao-infraestruturaelimpeza\/#primaryimage","url":"https:\/\/www.manaus.am.gov.br\/semcom\/wp-content\/uploads\/sites\/5\/2026\/04\/WhatsApp-Image-2026-04-27-at-14.46.58.jpeg","contentUrl":"https:\/\/www.manaus.am.gov.br\/semcom\/wp-content\/uploads\/sites\/5\/2026\/04\/WhatsApp-Image-2026-04-27-at-14.46.58.jpeg","width":1280,"height":854,"caption":"#paratodosverem - Prefeito Renato Junior concede entrevista \u00e0 r\u00e1dio e TV Tiradentes, quando anuncia megaopera\u00e7\u00e3o de infraestrutura e limpeza para Manaus"},{"@type":"WebSite","@id":"https:\/\/www.manaus.am.gov.br\/semcom\/#website","url":"https:\/\/www.manaus.am.gov.br\/semcom\/","name":"SEMCOM","description":"Secretaria Municipal de Comunica\u00e7\u00e3o","potentialAction":[{"@type":"SearchAction","target":{"@type":"EntryPoint","urlTemplate":"https:\/\/www.manaus.am.gov.br\/semcom\/?s={search_term_string}"},"query-input":"required name=search_term_string"}],"inLanguage":"pt-BR"},{"@type":"Person","@id":"https:\/\/www.manaus.am.gov.br\/semcom\/#\/schema\/person\/4e49f4e267757a06ca072ec61b2b9968","name":"Adriana Costa","image":{"@type":"ImageObject","inLanguage":"pt-BR","@id":"https:\/\/www.manaus.am.gov.br\/semcom\/#\/schema\/person\/image\/","url":"https:\/\/secure.gravatar.com\/avatar\/576258617ef7194f718179e766d57bd4?s=96&d=mm&r=g","contentUrl":"https:\/\/secure.gravatar.com\/avatar\/576258617ef7194f718179e766d57bd4?s=96&d=mm&r=g","caption":"Adriana Costa"}}]}},"_links":{"self":[{"href":"https:\/\/www.manaus.am.gov.br\/semcom\/wp-json\/wp\/v2\/posts\/257415"}],"collection":[{"href":"https:\/\/www.manaus.am.gov.br\/semcom\/wp-json\/wp\/v2\/posts"}],"about":[{"href":"https:\/\/www.manaus.am.gov.br\/semcom\/wp-json\/wp\/v2\/types\/post"}],"author":[{"embeddable":true,"href":"https:\/\/www.manaus.am.gov.br\/semcom\/wp-json\/wp\/v2\/users\/23"}],"replies":[{"embeddable":true,"href":"https:\/\/www.manaus.am.gov.br\/semcom\/wp-json\/wp\/v2\/comments?post=257415"}],"version-history":[{"count":2,"href":"https:\/\/www.manaus.am.gov.br\/semcom\/wp-json\/wp\/v2\/posts\/257415\/revisions"}],"predecessor-version":[{"id":257472,"href":"https:\/\/www.manaus.am.gov.br\/semcom\/wp-json\/wp\/v2\/posts\/257415\/revisions\/257472"}],"wp:featuredmedia":[{"embeddable":true,"href":"https:\/\/www.manaus.am.gov.br\/semcom\/wp-json\/wp\/v2\/media\/257416"}],"wp:attachment":[{"href":"https:\/\/www.manaus.am.gov.br\/semcom\/wp-json\/wp\/v2\/media?parent=257415"}],"wp:term":[{"taxonomy":"category","embeddable":true,"href":"https:\/\/www.manaus.am.gov.br\/semcom\/wp-json\/wp\/v2\/categories?post=257415"},{"taxonomy":"post_tag","embeddable":true,"href":"https:\/\/www.manaus.am.gov.br\/semcom\/wp-json\/wp\/v2\/tags?post=257415"}],"curies":[{"name":"wp","href":"https:\/\/api.w.org\/{rel}","templated":true}]}}