{"id":257412,"date":"2026-04-27T15:32:56","date_gmt":"2026-04-27T18:32:56","guid":{"rendered":"https:\/\/www.manaus.am.gov.br\/semcom\/prefeitura-semed-desafiosaudavel\/"},"modified":"2026-04-27T17:19:06","modified_gmt":"2026-04-27T20:19:06","slug":"prefeitura-semed-desafio-saudavel","status":"publish","type":"post","link":"https:\/\/www.manaus.am.gov.br\/semcom\/prefeitura-semed-desafio-saudavel\/","title":{"rendered":"Servidores da rede municipal de Educa\u00e7\u00e3o participam da 4\u00aa edi\u00e7\u00e3o do projeto \u2018Desafio Saud\u00e1vel\u2019"},"content":{"rendered":"\n<p>Um dia dedicado \u00e0 sa\u00fade marcou esta segunda-feira, 27\/4, para os servidores da <a href=\"https:\/\/www.instagram.com\/semedmanaus\/\">Secretaria Municipal de Educa\u00e7\u00e3o<\/a> (Semed), da <a href=\"https:\/\/www.manaus.am.gov.br\/\">Prefeitura de Manaus<\/a>, durante a 4\u00aa edi\u00e7\u00e3o do projeto \u201cDesafio Saud\u00e1vel\u201d. A programa\u00e7\u00e3o ocorreu, simultaneamente, no audit\u00f3rio e no\u00a0<em>hall<\/em>\u00a0da sede da secretaria, no bairro Parque 10 de Novembro, zona Centro-Sul da capital, reunindo diversas atividades voltadas ao bem-estar.<\/p>\n\n\n\n<p>A iniciativa, coordenada pela Divis\u00e3o de Apoio \u00e0 Gest\u00e3o Escolar (Dage) e Ger\u00eancia de Atividades Complementares e Programas Especiais (Gacpe), da&nbsp;Semed, em parceria com a Secretaria Municipal de Sa\u00fade (Semsa), busca promover a integra\u00e7\u00e3o entre os servidores, incentivar h\u00e1bitos saud\u00e1veis e fortalecer o bem-estar f\u00edsico e mental por meio de pr\u00e1ticas integrativas e complementares em sa\u00fade, contribuindo para melhorar a qualidade de vida no ambiente de trabalho.&nbsp;&nbsp;<\/p>\n\n\n\n<p>Entre as atividades oferecidas est\u00e3o palestras, aulas de&nbsp;pilates&nbsp;solo, aulas de ritmo e dan\u00e7a, gincana educativa, al\u00e9m de momentos de apura\u00e7\u00e3o de resultados e premia\u00e7\u00e3o. No per\u00edodo da manh\u00e3, a programa\u00e7\u00e3o contemplou palestras e a atua\u00e7\u00e3o de uma equipe da&nbsp;Semsa, com servi\u00e7os de vacina\u00e7\u00e3o contra tr\u00edplice viral, influenza, hepatite B, antitet\u00e2nica e febre amarela, al\u00e9m de aferi\u00e7\u00e3o de press\u00e3o arterial. \u00c0 tarde, a programa\u00e7\u00e3o seguiu com atividades recreativas e encerramento do evento. &nbsp;&nbsp;<\/p>\n\n\n\n<p>O diretor do&nbsp;Dage, Luiz Oliveira, destacou que o \u201cDesafio Saud\u00e1vel\u201d \u00e9 um projeto inserido no programa \u201cMinha Escola Saud\u00e1vel\u201d, criado em 2021 e em expans\u00e3o em toda a rede municipal.&nbsp;&nbsp;<\/p>\n\n\n\n<p>\u201cO desafio acontece ao longo de todo o m\u00eas de abril nas escolas, com a realiza\u00e7\u00e3o de atividades espec\u00edficas voltadas \u00e0 promo\u00e7\u00e3o da sa\u00fade e ao incentivo \u00e0 pr\u00e1tica de atividades f\u00edsicas. A iniciativa contempla estudantes, servidores e toda a comunidade escolar. Hoje, realizamos uma atividade espec\u00edfica direcionada aos servidores da&nbsp;Semed&nbsp;e aos representantes das Divis\u00f5es Distritais Zonais (DDZs)\u201d, ressaltou.&nbsp;&nbsp;<\/p>\n\n\n\n<p>Uma das palestrantes, a m\u00e9dica de fam\u00edlia e comunidade,&nbsp;Zahilla&nbsp;Maia, enfatizou que compartilhar conhecimentos sobre sa\u00fade \u00e9 de suma import\u00e2ncia, pois \u00e9 essencial compreender a necessidade de cuidar do corpo e da mente.&nbsp;&nbsp;<\/p>\n\n\n\n<p>\u201c\u00c9 fundamental compartilhar conhecimentos sobre sa\u00fade, para que as pessoas compreendam como cuidar do corpo e da mente. Sa\u00fade n\u00e3o \u00e9 apenas a aus\u00eancia de doen\u00e7as, mas o equil\u00edbrio do organismo. Quando entendemos isso, conseguimos viver de forma mais plena\u201d, destacou.<\/p>\n\n\n\n<p>A servidora da&nbsp;Semed,&nbsp;Deivila&nbsp;Alves, ressaltou que promover atividades e palestras voltadas \u00e0 sa\u00fade para os servidores da sede \u00e9 essencial.&nbsp;&nbsp;&nbsp;<\/p>\n\n\n\n<p>\u201c\u00c9 muito importante ter a\u00e7\u00f5es como o \u2018Desafio Saud\u00e1vel\u2019, que incentivam o servidor a cuidar de si. Quando o servidor se cuida, ele consegue se desenvolver melhor em todas as \u00e1reas da vida, pois a sa\u00fade \u00e9 fundamental. A partir de orienta\u00e7\u00f5es sobre alimenta\u00e7\u00e3o e qualidade de vida, passamos a cuidar melhor do corpo e da mente. Al\u00e9m disso, h\u00e1 o aspecto l\u00fadico, com atividades f\u00edsicas, dan\u00e7a e a gincana educativa, que tamb\u00e9m promovem a integra\u00e7\u00e3o entre os participantes. Essa uni\u00e3o torna o desafio ainda mais positivo para os servidores\u201d, concluiu.&nbsp;&nbsp;<\/p>\n\n\n\n<p>&#8212; &#8212; &#8212;<\/p>\n\n\n\n<p><strong>Texto<\/strong> &#8211;&nbsp;Jorgiane&nbsp;Castinares\/&nbsp;Semed&nbsp;&nbsp;<\/p>\n\n\n\n<p><strong>Foto<\/strong> &#8211; Divulga\u00e7\u00e3o\/&nbsp;Semed&nbsp;<\/p>\n","protected":false},"excerpt":{"rendered":"","protected":false},"author":23,"featured_media":257413,"comment_status":"closed","ping_status":"closed","sticky":false,"template":"","format":"standard","meta":{"footnotes":""},"categories":[4850],"tags":[11195,77,2425,453,62],"acf":[],"yoast_head":"<!-- This site is optimized with the Yoast SEO plugin v23.0 - https:\/\/yoast.com\/wordpress\/plugins\/seo\/ -->\n<title>Servidores da rede municipal de Educa\u00e7\u00e3o participam da 4\u00aa edi\u00e7\u00e3o do projeto \u2018Desafio Saud\u00e1vel\u2019<\/title>\n<meta name=\"description\" content=\"Um dia dedicado \u00e0 sa\u00fade marcou esta segunda-feira, 27\/4, para os servidores da Secretaria Municipal de Educa\u00e7\u00e3o (Semed), da Prefeitura de Manaus, durante a 4\u00aa edi\u00e7\u00e3o do projeto \u201cDesafio Saud\u00e1vel\u201d.\" \/>\n<meta name=\"robots\" content=\"index, follow, max-snippet:-1, max-image-preview:large, max-video-preview:-1\" \/>\n<link rel=\"canonical\" href=\"https:\/\/www.manaus.am.gov.br\/semcom\/prefeitura-semed-desafiosaudavel\/\" \/>\n<meta property=\"og:locale\" content=\"pt_BR\" \/>\n<meta property=\"og:type\" content=\"article\" \/>\n<meta property=\"og:title\" content=\"Servidores da rede municipal de Educa\u00e7\u00e3o participam da 4\u00aa edi\u00e7\u00e3o do projeto \u2018Desafio Saud\u00e1vel\u2019\" \/>\n<meta property=\"og:description\" content=\"Um dia dedicado \u00e0 sa\u00fade marcou esta segunda-feira, 27\/4, para os servidores da Secretaria Municipal de Educa\u00e7\u00e3o (Semed), da Prefeitura de Manaus, durante a 4\u00aa edi\u00e7\u00e3o do projeto \u201cDesafio Saud\u00e1vel\u201d.\" \/>\n<meta property=\"og:url\" content=\"https:\/\/www.manaus.am.gov.br\/semcom\/prefeitura-semed-desafiosaudavel\/\" \/>\n<meta property=\"og:site_name\" content=\"SEMCOM\" \/>\n<meta property=\"article:published_time\" content=\"2026-04-27T18:32:56+00:00\" \/>\n<meta property=\"article:modified_time\" content=\"2026-04-27T20:19:06+00:00\" \/>\n<meta property=\"og:image\" content=\"https:\/\/www.manaus.am.gov.br\/semcom\/wp-content\/uploads\/sites\/5\/2026\/04\/WhatsApp-Image-2026-04-27-at-11.06.53-1.jpeg\" \/>\n\t<meta property=\"og:image:width\" content=\"1280\" \/>\n\t<meta property=\"og:image:height\" content=\"960\" \/>\n\t<meta property=\"og:image:type\" content=\"image\/jpeg\" \/>\n<meta name=\"author\" content=\"Adriana Costa\" \/>\n<meta name=\"twitter:card\" content=\"summary_large_image\" \/>\n<meta name=\"twitter:label1\" content=\"Written by\" \/>\n\t<meta name=\"twitter:data1\" content=\"Adriana Costa\" \/>\n\t<meta name=\"twitter:label2\" content=\"Est. reading time\" \/>\n\t<meta name=\"twitter:data2\" content=\"3 minutos\" \/>\n<script type=\"application\/ld+json\" class=\"yoast-schema-graph\">{\"@context\":\"https:\/\/schema.org\",\"@graph\":[{\"@type\":\"WebPage\",\"@id\":\"https:\/\/www.manaus.am.gov.br\/semcom\/prefeitura-semed-desafiosaudavel\/\",\"url\":\"https:\/\/www.manaus.am.gov.br\/semcom\/prefeitura-semed-desafiosaudavel\/\",\"name\":\"Servidores da rede municipal de Educa\u00e7\u00e3o participam da 4\u00aa edi\u00e7\u00e3o do projeto \u2018Desafio Saud\u00e1vel\u2019\",\"isPartOf\":{\"@id\":\"https:\/\/www.manaus.am.gov.br\/semcom\/#website\"},\"primaryImageOfPage\":{\"@id\":\"https:\/\/www.manaus.am.gov.br\/semcom\/prefeitura-semed-desafiosaudavel\/#primaryimage\"},\"image\":{\"@id\":\"https:\/\/www.manaus.am.gov.br\/semcom\/prefeitura-semed-desafiosaudavel\/#primaryimage\"},\"thumbnailUrl\":\"https:\/\/www.manaus.am.gov.br\/semcom\/wp-content\/uploads\/sites\/5\/2026\/04\/WhatsApp-Image-2026-04-27-at-11.06.53-1.jpeg\",\"datePublished\":\"2026-04-27T18:32:56+00:00\",\"dateModified\":\"2026-04-27T20:19:06+00:00\",\"author\":{\"@id\":\"https:\/\/www.manaus.am.gov.br\/semcom\/#\/schema\/person\/4e49f4e267757a06ca072ec61b2b9968\"},\"description\":\"Um dia dedicado \u00e0 sa\u00fade marcou esta segunda-feira, 27\/4, para os servidores da Secretaria Municipal de Educa\u00e7\u00e3o (Semed), da Prefeitura de Manaus, durante a 4\u00aa edi\u00e7\u00e3o do projeto \u201cDesafio Saud\u00e1vel\u201d.\",\"inLanguage\":\"pt-BR\",\"potentialAction\":[{\"@type\":\"ReadAction\",\"target\":[\"https:\/\/www.manaus.am.gov.br\/semcom\/prefeitura-semed-desafiosaudavel\/\"]}]},{\"@type\":\"ImageObject\",\"inLanguage\":\"pt-BR\",\"@id\":\"https:\/\/www.manaus.am.gov.br\/semcom\/prefeitura-semed-desafiosaudavel\/#primaryimage\",\"url\":\"https:\/\/www.manaus.am.gov.br\/semcom\/wp-content\/uploads\/sites\/5\/2026\/04\/WhatsApp-Image-2026-04-27-at-11.06.53-1.jpeg\",\"contentUrl\":\"https:\/\/www.manaus.am.gov.br\/semcom\/wp-content\/uploads\/sites\/5\/2026\/04\/WhatsApp-Image-2026-04-27-at-11.06.53-1.jpeg\",\"width\":1280,\"height\":960,\"caption\":\"#paratodosverem - Servidoras da Educa\u00e7\u00e3o recebem atendimento em pr\u00e1ticas integrativas durante evento do projeto \\\"Desafio Saud\u00e1vel\\\"\"},{\"@type\":\"WebSite\",\"@id\":\"https:\/\/www.manaus.am.gov.br\/semcom\/#website\",\"url\":\"https:\/\/www.manaus.am.gov.br\/semcom\/\",\"name\":\"SEMCOM\",\"description\":\"Secretaria Municipal de Comunica\u00e7\u00e3o\",\"potentialAction\":[{\"@type\":\"SearchAction\",\"target\":{\"@type\":\"EntryPoint\",\"urlTemplate\":\"https:\/\/www.manaus.am.gov.br\/semcom\/?s={search_term_string}\"},\"query-input\":\"required name=search_term_string\"}],\"inLanguage\":\"pt-BR\"},{\"@type\":\"Person\",\"@id\":\"https:\/\/www.manaus.am.gov.br\/semcom\/#\/schema\/person\/4e49f4e267757a06ca072ec61b2b9968\",\"name\":\"Adriana Costa\",\"image\":{\"@type\":\"ImageObject\",\"inLanguage\":\"pt-BR\",\"@id\":\"https:\/\/www.manaus.am.gov.br\/semcom\/#\/schema\/person\/image\/\",\"url\":\"https:\/\/secure.gravatar.com\/avatar\/576258617ef7194f718179e766d57bd4?s=96&d=mm&r=g\",\"contentUrl\":\"https:\/\/secure.gravatar.com\/avatar\/576258617ef7194f718179e766d57bd4?s=96&d=mm&r=g\",\"caption\":\"Adriana Costa\"}}]}<\/script>\n<!-- \/ Yoast SEO plugin. -->","yoast_head_json":{"title":"Servidores da rede municipal de Educa\u00e7\u00e3o participam da 4\u00aa edi\u00e7\u00e3o do projeto \u2018Desafio Saud\u00e1vel\u2019","description":"Um dia dedicado \u00e0 sa\u00fade marcou esta segunda-feira, 27\/4, para os servidores da Secretaria Municipal de Educa\u00e7\u00e3o (Semed), da Prefeitura de Manaus, durante a 4\u00aa edi\u00e7\u00e3o do projeto \u201cDesafio Saud\u00e1vel\u201d.","robots":{"index":"index","follow":"follow","max-snippet":"max-snippet:-1","max-image-preview":"max-image-preview:large","max-video-preview":"max-video-preview:-1"},"canonical":"https:\/\/www.manaus.am.gov.br\/semcom\/prefeitura-semed-desafiosaudavel\/","og_locale":"pt_BR","og_type":"article","og_title":"Servidores da rede municipal de Educa\u00e7\u00e3o participam da 4\u00aa edi\u00e7\u00e3o do projeto \u2018Desafio Saud\u00e1vel\u2019","og_description":"Um dia dedicado \u00e0 sa\u00fade marcou esta segunda-feira, 27\/4, para os servidores da Secretaria Municipal de Educa\u00e7\u00e3o (Semed), da Prefeitura de Manaus, durante a 4\u00aa edi\u00e7\u00e3o do projeto \u201cDesafio Saud\u00e1vel\u201d.","og_url":"https:\/\/www.manaus.am.gov.br\/semcom\/prefeitura-semed-desafiosaudavel\/","og_site_name":"SEMCOM","article_published_time":"2026-04-27T18:32:56+00:00","article_modified_time":"2026-04-27T20:19:06+00:00","og_image":[{"width":1280,"height":960,"url":"https:\/\/www.manaus.am.gov.br\/semcom\/wp-content\/uploads\/sites\/5\/2026\/04\/WhatsApp-Image-2026-04-27-at-11.06.53-1.jpeg","type":"image\/jpeg"}],"author":"Adriana Costa","twitter_card":"summary_large_image","twitter_misc":{"Written by":"Adriana Costa","Est. reading time":"3 minutos"},"schema":{"@context":"https:\/\/schema.org","@graph":[{"@type":"WebPage","@id":"https:\/\/www.manaus.am.gov.br\/semcom\/prefeitura-semed-desafiosaudavel\/","url":"https:\/\/www.manaus.am.gov.br\/semcom\/prefeitura-semed-desafiosaudavel\/","name":"Servidores da rede municipal de Educa\u00e7\u00e3o participam da 4\u00aa edi\u00e7\u00e3o do projeto \u2018Desafio Saud\u00e1vel\u2019","isPartOf":{"@id":"https:\/\/www.manaus.am.gov.br\/semcom\/#website"},"primaryImageOfPage":{"@id":"https:\/\/www.manaus.am.gov.br\/semcom\/prefeitura-semed-desafiosaudavel\/#primaryimage"},"image":{"@id":"https:\/\/www.manaus.am.gov.br\/semcom\/prefeitura-semed-desafiosaudavel\/#primaryimage"},"thumbnailUrl":"https:\/\/www.manaus.am.gov.br\/semcom\/wp-content\/uploads\/sites\/5\/2026\/04\/WhatsApp-Image-2026-04-27-at-11.06.53-1.jpeg","datePublished":"2026-04-27T18:32:56+00:00","dateModified":"2026-04-27T20:19:06+00:00","author":{"@id":"https:\/\/www.manaus.am.gov.br\/semcom\/#\/schema\/person\/4e49f4e267757a06ca072ec61b2b9968"},"description":"Um dia dedicado \u00e0 sa\u00fade marcou esta segunda-feira, 27\/4, para os servidores da Secretaria Municipal de Educa\u00e7\u00e3o (Semed), da Prefeitura de Manaus, durante a 4\u00aa edi\u00e7\u00e3o do projeto \u201cDesafio Saud\u00e1vel\u201d.","inLanguage":"pt-BR","potentialAction":[{"@type":"ReadAction","target":["https:\/\/www.manaus.am.gov.br\/semcom\/prefeitura-semed-desafiosaudavel\/"]}]},{"@type":"ImageObject","inLanguage":"pt-BR","@id":"https:\/\/www.manaus.am.gov.br\/semcom\/prefeitura-semed-desafiosaudavel\/#primaryimage","url":"https:\/\/www.manaus.am.gov.br\/semcom\/wp-content\/uploads\/sites\/5\/2026\/04\/WhatsApp-Image-2026-04-27-at-11.06.53-1.jpeg","contentUrl":"https:\/\/www.manaus.am.gov.br\/semcom\/wp-content\/uploads\/sites\/5\/2026\/04\/WhatsApp-Image-2026-04-27-at-11.06.53-1.jpeg","width":1280,"height":960,"caption":"#paratodosverem - Servidoras da Educa\u00e7\u00e3o recebem atendimento em pr\u00e1ticas integrativas durante evento do projeto \"Desafio Saud\u00e1vel\""},{"@type":"WebSite","@id":"https:\/\/www.manaus.am.gov.br\/semcom\/#website","url":"https:\/\/www.manaus.am.gov.br\/semcom\/","name":"SEMCOM","description":"Secretaria Municipal de Comunica\u00e7\u00e3o","potentialAction":[{"@type":"SearchAction","target":{"@type":"EntryPoint","urlTemplate":"https:\/\/www.manaus.am.gov.br\/semcom\/?s={search_term_string}"},"query-input":"required name=search_term_string"}],"inLanguage":"pt-BR"},{"@type":"Person","@id":"https:\/\/www.manaus.am.gov.br\/semcom\/#\/schema\/person\/4e49f4e267757a06ca072ec61b2b9968","name":"Adriana Costa","image":{"@type":"ImageObject","inLanguage":"pt-BR","@id":"https:\/\/www.manaus.am.gov.br\/semcom\/#\/schema\/person\/image\/","url":"https:\/\/secure.gravatar.com\/avatar\/576258617ef7194f718179e766d57bd4?s=96&d=mm&r=g","contentUrl":"https:\/\/secure.gravatar.com\/avatar\/576258617ef7194f718179e766d57bd4?s=96&d=mm&r=g","caption":"Adriana Costa"}}]}},"_links":{"self":[{"href":"https:\/\/www.manaus.am.gov.br\/semcom\/wp-json\/wp\/v2\/posts\/257412"}],"collection":[{"href":"https:\/\/www.manaus.am.gov.br\/semcom\/wp-json\/wp\/v2\/posts"}],"about":[{"href":"https:\/\/www.manaus.am.gov.br\/semcom\/wp-json\/wp\/v2\/types\/post"}],"author":[{"embeddable":true,"href":"https:\/\/www.manaus.am.gov.br\/semcom\/wp-json\/wp\/v2\/users\/23"}],"replies":[{"embeddable":true,"href":"https:\/\/www.manaus.am.gov.br\/semcom\/wp-json\/wp\/v2\/comments?post=257412"}],"version-history":[{"count":2,"href":"https:\/\/www.manaus.am.gov.br\/semcom\/wp-json\/wp\/v2\/posts\/257412\/revisions"}],"predecessor-version":[{"id":257466,"href":"https:\/\/www.manaus.am.gov.br\/semcom\/wp-json\/wp\/v2\/posts\/257412\/revisions\/257466"}],"wp:featuredmedia":[{"embeddable":true,"href":"https:\/\/www.manaus.am.gov.br\/semcom\/wp-json\/wp\/v2\/media\/257413"}],"wp:attachment":[{"href":"https:\/\/www.manaus.am.gov.br\/semcom\/wp-json\/wp\/v2\/media?parent=257412"}],"wp:term":[{"taxonomy":"category","embeddable":true,"href":"https:\/\/www.manaus.am.gov.br\/semcom\/wp-json\/wp\/v2\/categories?post=257412"},{"taxonomy":"post_tag","embeddable":true,"href":"https:\/\/www.manaus.am.gov.br\/semcom\/wp-json\/wp\/v2\/tags?post=257412"}],"curies":[{"name":"wp","href":"https:\/\/api.w.org\/{rel}","templated":true}]}}