{"id":257405,"date":"2026-04-27T13:41:25","date_gmt":"2026-04-27T17:41:25","guid":{"rendered":"https:\/\/www.manaus.am.gov.br\/semcom\/operacao-sucata-zonas-centro-oeste-e-norte\/"},"modified":"2026-04-27T15:07:53","modified_gmt":"2026-04-27T18:07:53","slug":"operacao-sucata-zonas-centro-oeste-e-norte","status":"publish","type":"post","link":"https:\/\/www.manaus.am.gov.br\/semcom\/operacao-sucata-zonas-centro-oeste-e-norte\/","title":{"rendered":"Prefeitura de Manaus realiza opera\u00e7\u00e3o &#8216;Sucata&#8217; e remove ve\u00edculos abandonados nas zonas Centro-Oeste e Norte"},"content":{"rendered":"\n<p>A <a href=\"https:\/\/www.manaus.am.gov.br\/\">Prefeitura de Manaus<\/a>, por meio do <a href=\"https:\/\/www.instagram.com\/immu_manaus\/\">Instituto Municipal de Mobilidade Urbana<\/a> (IMMU), realizou, nesta segunda-feira, 27\/4, mais uma etapa da Opera\u00e7\u00e3o Sucata, com a\u00e7\u00f5es simult\u00e2neas nas zonas Centro-Oeste e Norte da capital. A iniciativa resultou na remo\u00e7\u00e3o de dois ve\u00edculos abandonados em vias p\u00fablicas, sem condi\u00e7\u00f5es de circula\u00e7\u00e3o e classificados como sucatas. Os ve\u00edculos foram encaminhados ao parqueamento do \u00f3rg\u00e3o.<\/p>\n\n\n\n<p>Um dos ve\u00edculos foi removido na rua Pancr\u00e1cio Nobre, no bairro Planalto, e o outro na rua Itaquara, no bairro Novo Aleixo. Os autom\u00f3veis estavam sem uso e em estado avan\u00e7ado de deteriora\u00e7\u00e3o, o que representava riscos \u00e0 seguran\u00e7a vi\u00e1ria e \u00e0 sa\u00fade p\u00fablica, al\u00e9m de contribuir para a ocupa\u00e7\u00e3o indevida do espa\u00e7o urbano.<\/p>\n\n\n\n<p>&#8220;Nosso principal objetivo \u00e9 desobstruir as vias da cidade, garantindo a seguran\u00e7a no tr\u00e2nsito e eliminando potenciais focos de prolifera\u00e7\u00e3o de doen\u00e7as. \u00c9 um trabalho essencial de ordenamento urbano que depende tamb\u00e9m da colabora\u00e7\u00e3o da popula\u00e7\u00e3o&#8221;, destacou o diretor de Opera\u00e7\u00f5es do IMMU, Stanley Ventilari.<\/p>\n\n\n\n<p>A opera\u00e7\u00e3o integra o plano de mobilidade da administra\u00e7\u00e3o municipal para assegurar a fluidez do tr\u00e1fego e a conserva\u00e7\u00e3o da limpeza p\u00fablica que ocorre em outras zonas da cidade.<\/p>\n\n\n\n<figure class=\"wp-block-image size-large\"><img loading=\"lazy\" decoding=\"async\" width=\"1024\" height=\"576\" src=\"https:\/\/www.manaus.am.gov.br\/semcom\/wp-content\/uploads\/sites\/5\/2026\/04\/Operacao-2-1-1024x576.jpeg\" alt=\"\" class=\"wp-image-257410\" srcset=\"https:\/\/www.manaus.am.gov.br\/semcom\/wp-content\/uploads\/sites\/5\/2026\/04\/Operacao-2-1-1024x576.jpeg 1024w, https:\/\/www.manaus.am.gov.br\/semcom\/wp-content\/uploads\/sites\/5\/2026\/04\/Operacao-2-1-300x169.jpeg 300w, https:\/\/www.manaus.am.gov.br\/semcom\/wp-content\/uploads\/sites\/5\/2026\/04\/Operacao-2-1-768x432.jpeg 768w, https:\/\/www.manaus.am.gov.br\/semcom\/wp-content\/uploads\/sites\/5\/2026\/04\/Operacao-2-1-1536x864.jpeg 1536w, https:\/\/www.manaus.am.gov.br\/semcom\/wp-content\/uploads\/sites\/5\/2026\/04\/Operacao-2-1.jpeg 1599w\" sizes=\"(max-width: 1024px) 100vw, 1024px\" \/><figcaption class=\"wp-element-caption\">#paratodosverem &#8211; Ve\u00edculo removido<\/figcaption><\/figure>\n\n\n\n<p>&#8212; &#8212; &#8212;<\/p>\n\n\n\n<p><strong>Texto&nbsp;<\/strong>\u2013 \u00c1lisson Castro\/IMMU<\/p>\n\n\n\n<p><strong>Fotos<\/strong> \u2013 Divulga\u00e7\u00e3o\/IMMU<\/p>\n","protected":false},"excerpt":{"rendered":"","protected":false},"author":39,"featured_media":257406,"comment_status":"closed","ping_status":"closed","sticky":false,"template":"","format":"standard","meta":{"footnotes":""},"categories":[72],"tags":[12,5955,77,5614,20528],"acf":[],"yoast_head":"<!-- This site is optimized with the Yoast SEO plugin v23.0 - https:\/\/yoast.com\/wordpress\/plugins\/seo\/ -->\n<title>Opera\u00e7\u00e3o Sucata nas zonas Centro-Oeste e Norte<\/title>\n<meta name=\"description\" content=\"Prefeitura de Manaus realiza Opera\u00e7\u00e3o Sucata e remove ve\u00edculos abandonados nas zonas Centro-Oeste e Norte.\" \/>\n<meta name=\"robots\" content=\"index, follow, max-snippet:-1, max-image-preview:large, max-video-preview:-1\" \/>\n<link rel=\"canonical\" href=\"https:\/\/www.manaus.am.gov.br\/semcom\/operacao-sucata-zonas-centro-oeste-e-norte\/\" \/>\n<meta property=\"og:locale\" content=\"pt_BR\" \/>\n<meta property=\"og:type\" content=\"article\" \/>\n<meta property=\"og:title\" content=\"Opera\u00e7\u00e3o Sucata nas zonas Centro-Oeste e Norte\" \/>\n<meta property=\"og:description\" content=\"Prefeitura de Manaus realiza Opera\u00e7\u00e3o Sucata e remove ve\u00edculos abandonados nas zonas Centro-Oeste e Norte.\" \/>\n<meta property=\"og:url\" content=\"https:\/\/www.manaus.am.gov.br\/semcom\/operacao-sucata-zonas-centro-oeste-e-norte\/\" \/>\n<meta property=\"og:site_name\" content=\"SEMCOM\" \/>\n<meta property=\"article:published_time\" content=\"2026-04-27T17:41:25+00:00\" \/>\n<meta property=\"article:modified_time\" content=\"2026-04-27T18:07:53+00:00\" \/>\n<meta property=\"og:image\" content=\"https:\/\/www.manaus.am.gov.br\/semcom\/wp-content\/uploads\/sites\/5\/2026\/04\/WhatsApp-Image-2026-04-27-at-10.52.53-rotated-e1777311559949.jpeg\" \/>\n\t<meta property=\"og:image:width\" content=\"1600\" \/>\n\t<meta property=\"og:image:height\" content=\"1200\" \/>\n\t<meta property=\"og:image:type\" content=\"image\/jpeg\" \/>\n<meta name=\"author\" content=\"Bruna Greco\" \/>\n<meta name=\"twitter:card\" content=\"summary_large_image\" \/>\n<meta name=\"twitter:label1\" content=\"Written by\" \/>\n\t<meta name=\"twitter:data1\" content=\"Bruna Greco\" \/>\n\t<meta name=\"twitter:label2\" content=\"Est. reading time\" \/>\n\t<meta name=\"twitter:data2\" content=\"2 minutos\" \/>\n<script type=\"application\/ld+json\" class=\"yoast-schema-graph\">{\"@context\":\"https:\/\/schema.org\",\"@graph\":[{\"@type\":\"WebPage\",\"@id\":\"https:\/\/www.manaus.am.gov.br\/semcom\/operacao-sucata-zonas-centro-oeste-e-norte\/\",\"url\":\"https:\/\/www.manaus.am.gov.br\/semcom\/operacao-sucata-zonas-centro-oeste-e-norte\/\",\"name\":\"Opera\u00e7\u00e3o Sucata nas zonas Centro-Oeste e Norte\",\"isPartOf\":{\"@id\":\"https:\/\/www.manaus.am.gov.br\/semcom\/#website\"},\"primaryImageOfPage\":{\"@id\":\"https:\/\/www.manaus.am.gov.br\/semcom\/operacao-sucata-zonas-centro-oeste-e-norte\/#primaryimage\"},\"image\":{\"@id\":\"https:\/\/www.manaus.am.gov.br\/semcom\/operacao-sucata-zonas-centro-oeste-e-norte\/#primaryimage\"},\"thumbnailUrl\":\"https:\/\/www.manaus.am.gov.br\/semcom\/wp-content\/uploads\/sites\/5\/2026\/04\/WhatsApp-Image-2026-04-27-at-10.52.53-rotated-e1777311559949.jpeg\",\"datePublished\":\"2026-04-27T17:41:25+00:00\",\"dateModified\":\"2026-04-27T18:07:53+00:00\",\"author\":{\"@id\":\"https:\/\/www.manaus.am.gov.br\/semcom\/#\/schema\/person\/05d223aea2bf115f9883a6ff3683d81b\"},\"description\":\"Prefeitura de Manaus realiza Opera\u00e7\u00e3o Sucata e remove ve\u00edculos abandonados nas zonas Centro-Oeste e Norte.\",\"inLanguage\":\"pt-BR\",\"potentialAction\":[{\"@type\":\"ReadAction\",\"target\":[\"https:\/\/www.manaus.am.gov.br\/semcom\/operacao-sucata-zonas-centro-oeste-e-norte\/\"]}]},{\"@type\":\"ImageObject\",\"inLanguage\":\"pt-BR\",\"@id\":\"https:\/\/www.manaus.am.gov.br\/semcom\/operacao-sucata-zonas-centro-oeste-e-norte\/#primaryimage\",\"url\":\"https:\/\/www.manaus.am.gov.br\/semcom\/wp-content\/uploads\/sites\/5\/2026\/04\/WhatsApp-Image-2026-04-27-at-10.52.53-rotated-e1777311559949.jpeg\",\"contentUrl\":\"https:\/\/www.manaus.am.gov.br\/semcom\/wp-content\/uploads\/sites\/5\/2026\/04\/WhatsApp-Image-2026-04-27-at-10.52.53-rotated-e1777311559949.jpeg\",\"width\":1600,\"height\":1200,\"caption\":\"#paratodosverem - Carro abandonado sendo removido pelo IMMU durante a opera\u00e7\u00e3o \\\"Sucata\\\"\"},{\"@type\":\"WebSite\",\"@id\":\"https:\/\/www.manaus.am.gov.br\/semcom\/#website\",\"url\":\"https:\/\/www.manaus.am.gov.br\/semcom\/\",\"name\":\"SEMCOM\",\"description\":\"Secretaria Municipal de Comunica\u00e7\u00e3o\",\"potentialAction\":[{\"@type\":\"SearchAction\",\"target\":{\"@type\":\"EntryPoint\",\"urlTemplate\":\"https:\/\/www.manaus.am.gov.br\/semcom\/?s={search_term_string}\"},\"query-input\":\"required name=search_term_string\"}],\"inLanguage\":\"pt-BR\"},{\"@type\":\"Person\",\"@id\":\"https:\/\/www.manaus.am.gov.br\/semcom\/#\/schema\/person\/05d223aea2bf115f9883a6ff3683d81b\",\"name\":\"Bruna Greco\",\"image\":{\"@type\":\"ImageObject\",\"inLanguage\":\"pt-BR\",\"@id\":\"https:\/\/www.manaus.am.gov.br\/semcom\/#\/schema\/person\/image\/\",\"url\":\"https:\/\/secure.gravatar.com\/avatar\/9c877d1a6adc2a055330e5c09a8653ce?s=96&d=mm&r=g\",\"contentUrl\":\"https:\/\/secure.gravatar.com\/avatar\/9c877d1a6adc2a055330e5c09a8653ce?s=96&d=mm&r=g\",\"caption\":\"Bruna Greco\"}}]}<\/script>\n<!-- \/ Yoast SEO plugin. -->","yoast_head_json":{"title":"Opera\u00e7\u00e3o Sucata nas zonas Centro-Oeste e Norte","description":"Prefeitura de Manaus realiza Opera\u00e7\u00e3o Sucata e remove ve\u00edculos abandonados nas zonas Centro-Oeste e Norte.","robots":{"index":"index","follow":"follow","max-snippet":"max-snippet:-1","max-image-preview":"max-image-preview:large","max-video-preview":"max-video-preview:-1"},"canonical":"https:\/\/www.manaus.am.gov.br\/semcom\/operacao-sucata-zonas-centro-oeste-e-norte\/","og_locale":"pt_BR","og_type":"article","og_title":"Opera\u00e7\u00e3o Sucata nas zonas Centro-Oeste e Norte","og_description":"Prefeitura de Manaus realiza Opera\u00e7\u00e3o Sucata e remove ve\u00edculos abandonados nas zonas Centro-Oeste e Norte.","og_url":"https:\/\/www.manaus.am.gov.br\/semcom\/operacao-sucata-zonas-centro-oeste-e-norte\/","og_site_name":"SEMCOM","article_published_time":"2026-04-27T17:41:25+00:00","article_modified_time":"2026-04-27T18:07:53+00:00","og_image":[{"width":1600,"height":1200,"url":"https:\/\/www.manaus.am.gov.br\/semcom\/wp-content\/uploads\/sites\/5\/2026\/04\/WhatsApp-Image-2026-04-27-at-10.52.53-rotated-e1777311559949.jpeg","type":"image\/jpeg"}],"author":"Bruna Greco","twitter_card":"summary_large_image","twitter_misc":{"Written by":"Bruna Greco","Est. reading time":"2 minutos"},"schema":{"@context":"https:\/\/schema.org","@graph":[{"@type":"WebPage","@id":"https:\/\/www.manaus.am.gov.br\/semcom\/operacao-sucata-zonas-centro-oeste-e-norte\/","url":"https:\/\/www.manaus.am.gov.br\/semcom\/operacao-sucata-zonas-centro-oeste-e-norte\/","name":"Opera\u00e7\u00e3o Sucata nas zonas Centro-Oeste e Norte","isPartOf":{"@id":"https:\/\/www.manaus.am.gov.br\/semcom\/#website"},"primaryImageOfPage":{"@id":"https:\/\/www.manaus.am.gov.br\/semcom\/operacao-sucata-zonas-centro-oeste-e-norte\/#primaryimage"},"image":{"@id":"https:\/\/www.manaus.am.gov.br\/semcom\/operacao-sucata-zonas-centro-oeste-e-norte\/#primaryimage"},"thumbnailUrl":"https:\/\/www.manaus.am.gov.br\/semcom\/wp-content\/uploads\/sites\/5\/2026\/04\/WhatsApp-Image-2026-04-27-at-10.52.53-rotated-e1777311559949.jpeg","datePublished":"2026-04-27T17:41:25+00:00","dateModified":"2026-04-27T18:07:53+00:00","author":{"@id":"https:\/\/www.manaus.am.gov.br\/semcom\/#\/schema\/person\/05d223aea2bf115f9883a6ff3683d81b"},"description":"Prefeitura de Manaus realiza Opera\u00e7\u00e3o Sucata e remove ve\u00edculos abandonados nas zonas Centro-Oeste e Norte.","inLanguage":"pt-BR","potentialAction":[{"@type":"ReadAction","target":["https:\/\/www.manaus.am.gov.br\/semcom\/operacao-sucata-zonas-centro-oeste-e-norte\/"]}]},{"@type":"ImageObject","inLanguage":"pt-BR","@id":"https:\/\/www.manaus.am.gov.br\/semcom\/operacao-sucata-zonas-centro-oeste-e-norte\/#primaryimage","url":"https:\/\/www.manaus.am.gov.br\/semcom\/wp-content\/uploads\/sites\/5\/2026\/04\/WhatsApp-Image-2026-04-27-at-10.52.53-rotated-e1777311559949.jpeg","contentUrl":"https:\/\/www.manaus.am.gov.br\/semcom\/wp-content\/uploads\/sites\/5\/2026\/04\/WhatsApp-Image-2026-04-27-at-10.52.53-rotated-e1777311559949.jpeg","width":1600,"height":1200,"caption":"#paratodosverem - Carro abandonado sendo removido pelo IMMU durante a opera\u00e7\u00e3o \"Sucata\""},{"@type":"WebSite","@id":"https:\/\/www.manaus.am.gov.br\/semcom\/#website","url":"https:\/\/www.manaus.am.gov.br\/semcom\/","name":"SEMCOM","description":"Secretaria Municipal de Comunica\u00e7\u00e3o","potentialAction":[{"@type":"SearchAction","target":{"@type":"EntryPoint","urlTemplate":"https:\/\/www.manaus.am.gov.br\/semcom\/?s={search_term_string}"},"query-input":"required name=search_term_string"}],"inLanguage":"pt-BR"},{"@type":"Person","@id":"https:\/\/www.manaus.am.gov.br\/semcom\/#\/schema\/person\/05d223aea2bf115f9883a6ff3683d81b","name":"Bruna Greco","image":{"@type":"ImageObject","inLanguage":"pt-BR","@id":"https:\/\/www.manaus.am.gov.br\/semcom\/#\/schema\/person\/image\/","url":"https:\/\/secure.gravatar.com\/avatar\/9c877d1a6adc2a055330e5c09a8653ce?s=96&d=mm&r=g","contentUrl":"https:\/\/secure.gravatar.com\/avatar\/9c877d1a6adc2a055330e5c09a8653ce?s=96&d=mm&r=g","caption":"Bruna Greco"}}]}},"_links":{"self":[{"href":"https:\/\/www.manaus.am.gov.br\/semcom\/wp-json\/wp\/v2\/posts\/257405"}],"collection":[{"href":"https:\/\/www.manaus.am.gov.br\/semcom\/wp-json\/wp\/v2\/posts"}],"about":[{"href":"https:\/\/www.manaus.am.gov.br\/semcom\/wp-json\/wp\/v2\/types\/post"}],"author":[{"embeddable":true,"href":"https:\/\/www.manaus.am.gov.br\/semcom\/wp-json\/wp\/v2\/users\/39"}],"replies":[{"embeddable":true,"href":"https:\/\/www.manaus.am.gov.br\/semcom\/wp-json\/wp\/v2\/comments?post=257405"}],"version-history":[{"count":3,"href":"https:\/\/www.manaus.am.gov.br\/semcom\/wp-json\/wp\/v2\/posts\/257405\/revisions"}],"predecessor-version":[{"id":257411,"href":"https:\/\/www.manaus.am.gov.br\/semcom\/wp-json\/wp\/v2\/posts\/257405\/revisions\/257411"}],"wp:featuredmedia":[{"embeddable":true,"href":"https:\/\/www.manaus.am.gov.br\/semcom\/wp-json\/wp\/v2\/media\/257406"}],"wp:attachment":[{"href":"https:\/\/www.manaus.am.gov.br\/semcom\/wp-json\/wp\/v2\/media?parent=257405"}],"wp:term":[{"taxonomy":"category","embeddable":true,"href":"https:\/\/www.manaus.am.gov.br\/semcom\/wp-json\/wp\/v2\/categories?post=257405"},{"taxonomy":"post_tag","embeddable":true,"href":"https:\/\/www.manaus.am.gov.br\/semcom\/wp-json\/wp\/v2\/tags?post=257405"}],"curies":[{"name":"wp","href":"https:\/\/api.w.org\/{rel}","templated":true}]}}