{"id":257360,"date":"2026-04-24T18:15:02","date_gmt":"2026-04-24T21:15:02","guid":{"rendered":"https:\/\/www.manaus.am.gov.br\/semcom\/acoes-governanca-disparidades-sociorraciais\/"},"modified":"2026-04-27T13:56:06","modified_gmt":"2026-04-27T16:56:06","slug":"acoes-governanca-disparidades-sociorraciais","status":"publish","type":"post","link":"https:\/\/www.manaus.am.gov.br\/semcom\/acoes-governanca-disparidades-sociorraciais\/","title":{"rendered":"Prefeitura de Manaus intensifica a\u00e7\u00f5es de governan\u00e7a para reduzir disparidades sociorraciais"},"content":{"rendered":"\n<p>Com o objetivo de promover a equidade e fortalecer a justi\u00e7a social, a <a href=\"https:\/\/www.manaus.am.gov.br\/\">Prefeitura de Manaus<\/a>, por meio da Secretaria Municipal de Rela\u00e7\u00f5es Institucionais e de Promo\u00e7\u00e3o da Igualdade Racial (Semuripir), est\u00e1 executando um projeto estrat\u00e9gico de governan\u00e7a voltado para a redu\u00e7\u00e3o de discrep\u00e2ncias sociorraciais. A iniciativa aposta na transversalidade entre as pastas municipais para garantir que pol\u00edticas p\u00fablicas alcancem as comunidades de forma mais eficaz.<\/p>\n\n\n\n<p>Como parte do cronograma de implementa\u00e7\u00e3o, assessores t\u00e9cnicos da Semuripir estiveram reunidos, nessa quinta-feira, 23\/4, com representantes de entidades civis. O encontro serviu para apresentar a iniciativa e alinhar as demandas dos movimentos sociais com as diretrizes do projeto, assegurando que a constru\u00e7\u00e3o das pol\u00edticas seja feita de forma participativa.<\/p>\n\n\n\n<p>A reuni\u00e3o contou com a presen\u00e7a de conselheiros da Promo\u00e7\u00e3o da Igualdade Racial, representantes do movimento negro, representantes da capoeira, representantes de religi\u00f5es de matriz africana, movimento de mulheres negras, representantes do movimento pardo mesti\u00e7os, ind\u00edgenas e juventude negra, representantes da cultura.<\/p>\n\n\n\n<p>Segundo o titular da Semuripir, Walfran Torres, o papel do \u00f3rg\u00e3o \u00e9 fundamental para construir &#8220;pontes&#8221; entre o poder p\u00fablico e a sociedade civil, consolidando espa\u00e7os de di\u00e1logo qualificado e promovendo a transforma\u00e7\u00e3o social por meio da educa\u00e7\u00e3o e da gest\u00e3o p\u00fablica eficiente.<\/p>\n\n\n\n<p>\u201cNosso compromisso \u00e9 fortalecer o di\u00e1logo e garantir a\u00e7\u00f5es concretas que promovam a equidade racial no munic\u00edpio. A governan\u00e7a transversal \u00e9 a ferramenta que nos permite levar dignidade e oportunidades reais para quem mais precisa\u201d, declarou.<\/p>\n\n\n\n<p>O projeto busca ampliar a articula\u00e7\u00e3o institucional, permitindo que o di\u00e1logo com diferentes secretarias resulte em a\u00e7\u00f5es integradas. A iniciativa faz parte das diretrizes da gest\u00e3o municipal para modernizar a administra\u00e7\u00e3o p\u00fablica e tornar Manaus uma capital mais justa e inclusiva.<\/p>\n\n\n\n<p>&#8212; &#8212; &#8212;<\/p>\n\n\n\n<p><strong>Texto e foto \u2013<\/strong>&nbsp;Divulga\u00e7\u00e3o\/Semcom<\/p>\n\n\n\n<p> <\/p>\n","protected":false},"excerpt":{"rendered":"","protected":false},"author":39,"featured_media":257361,"comment_status":"closed","ping_status":"closed","sticky":false,"template":"","format":"standard","meta":{"footnotes":""},"categories":[530],"tags":[20521,20522,77,15913],"acf":[],"yoast_head":"<!-- This site is optimized with the Yoast SEO plugin v23.0 - https:\/\/yoast.com\/wordpress\/plugins\/seo\/ -->\n<title>A\u00e7\u00f5es de governan\u00e7a para reduzir disparidades sociorraciais<\/title>\n<meta name=\"description\" content=\"Prefeitura de Manaus, por meio da Semuripir, intensifica a\u00e7\u00f5es de governan\u00e7a para reduzir disparidades sociorraciais.\" \/>\n<meta name=\"robots\" content=\"index, follow, max-snippet:-1, max-image-preview:large, max-video-preview:-1\" \/>\n<link rel=\"canonical\" href=\"https:\/\/www.manaus.am.gov.br\/semcom\/acoes-governanca-disparidades-sociorraciais\/\" \/>\n<meta property=\"og:locale\" content=\"pt_BR\" \/>\n<meta property=\"og:type\" content=\"article\" \/>\n<meta property=\"og:title\" content=\"A\u00e7\u00f5es de governan\u00e7a para reduzir disparidades sociorraciais\" \/>\n<meta property=\"og:description\" content=\"Prefeitura de Manaus, por meio da Semuripir, intensifica a\u00e7\u00f5es de governan\u00e7a para reduzir disparidades sociorraciais.\" \/>\n<meta property=\"og:url\" content=\"https:\/\/www.manaus.am.gov.br\/semcom\/acoes-governanca-disparidades-sociorraciais\/\" \/>\n<meta property=\"og:site_name\" content=\"SEMCOM\" \/>\n<meta property=\"article:published_time\" content=\"2026-04-24T21:15:02+00:00\" \/>\n<meta property=\"article:modified_time\" content=\"2026-04-27T16:56:06+00:00\" \/>\n<meta property=\"og:image\" content=\"https:\/\/www.manaus.am.gov.br\/semcom\/wp-content\/uploads\/sites\/5\/2026\/04\/WhatsApp-Image-2026-04-24-at-16.03.30.jpeg\" \/>\n\t<meta property=\"og:image:width\" content=\"1600\" \/>\n\t<meta property=\"og:image:height\" content=\"1200\" \/>\n\t<meta property=\"og:image:type\" content=\"image\/jpeg\" \/>\n<meta name=\"author\" content=\"Bruna Greco\" \/>\n<meta name=\"twitter:card\" content=\"summary_large_image\" \/>\n<meta name=\"twitter:label1\" content=\"Written by\" \/>\n\t<meta name=\"twitter:data1\" content=\"Bruna Greco\" \/>\n\t<meta name=\"twitter:label2\" content=\"Est. reading time\" \/>\n\t<meta name=\"twitter:data2\" content=\"2 minutos\" \/>\n<script type=\"application\/ld+json\" class=\"yoast-schema-graph\">{\"@context\":\"https:\/\/schema.org\",\"@graph\":[{\"@type\":\"WebPage\",\"@id\":\"https:\/\/www.manaus.am.gov.br\/semcom\/acoes-governanca-disparidades-sociorraciais\/\",\"url\":\"https:\/\/www.manaus.am.gov.br\/semcom\/acoes-governanca-disparidades-sociorraciais\/\",\"name\":\"A\u00e7\u00f5es de governan\u00e7a para reduzir disparidades sociorraciais\",\"isPartOf\":{\"@id\":\"https:\/\/www.manaus.am.gov.br\/semcom\/#website\"},\"primaryImageOfPage\":{\"@id\":\"https:\/\/www.manaus.am.gov.br\/semcom\/acoes-governanca-disparidades-sociorraciais\/#primaryimage\"},\"image\":{\"@id\":\"https:\/\/www.manaus.am.gov.br\/semcom\/acoes-governanca-disparidades-sociorraciais\/#primaryimage\"},\"thumbnailUrl\":\"https:\/\/www.manaus.am.gov.br\/semcom\/wp-content\/uploads\/sites\/5\/2026\/04\/WhatsApp-Image-2026-04-24-at-16.03.30.jpeg\",\"datePublished\":\"2026-04-24T21:15:02+00:00\",\"dateModified\":\"2026-04-27T16:56:06+00:00\",\"author\":{\"@id\":\"https:\/\/www.manaus.am.gov.br\/semcom\/#\/schema\/person\/05d223aea2bf115f9883a6ff3683d81b\"},\"description\":\"Prefeitura de Manaus, por meio da Semuripir, intensifica a\u00e7\u00f5es de governan\u00e7a para reduzir disparidades sociorraciais.\",\"inLanguage\":\"pt-BR\",\"potentialAction\":[{\"@type\":\"ReadAction\",\"target\":[\"https:\/\/www.manaus.am.gov.br\/semcom\/acoes-governanca-disparidades-sociorraciais\/\"]}]},{\"@type\":\"ImageObject\",\"inLanguage\":\"pt-BR\",\"@id\":\"https:\/\/www.manaus.am.gov.br\/semcom\/acoes-governanca-disparidades-sociorraciais\/#primaryimage\",\"url\":\"https:\/\/www.manaus.am.gov.br\/semcom\/wp-content\/uploads\/sites\/5\/2026\/04\/WhatsApp-Image-2026-04-24-at-16.03.30.jpeg\",\"contentUrl\":\"https:\/\/www.manaus.am.gov.br\/semcom\/wp-content\/uploads\/sites\/5\/2026\/04\/WhatsApp-Image-2026-04-24-at-16.03.30.jpeg\",\"width\":1600,\"height\":1200,\"caption\":\"#paratodosverem - Equipe da Semuripir e conselheiros e representantes de movimentos durante reuni\u00e3o de alinhamento para projeto estrat\u00e9gico de governan\u00e7a voltado para a redu\u00e7\u00e3o de discrep\u00e2ncias sociorraciais\"},{\"@type\":\"WebSite\",\"@id\":\"https:\/\/www.manaus.am.gov.br\/semcom\/#website\",\"url\":\"https:\/\/www.manaus.am.gov.br\/semcom\/\",\"name\":\"SEMCOM\",\"description\":\"Secretaria Municipal de Comunica\u00e7\u00e3o\",\"potentialAction\":[{\"@type\":\"SearchAction\",\"target\":{\"@type\":\"EntryPoint\",\"urlTemplate\":\"https:\/\/www.manaus.am.gov.br\/semcom\/?s={search_term_string}\"},\"query-input\":\"required name=search_term_string\"}],\"inLanguage\":\"pt-BR\"},{\"@type\":\"Person\",\"@id\":\"https:\/\/www.manaus.am.gov.br\/semcom\/#\/schema\/person\/05d223aea2bf115f9883a6ff3683d81b\",\"name\":\"Bruna Greco\",\"image\":{\"@type\":\"ImageObject\",\"inLanguage\":\"pt-BR\",\"@id\":\"https:\/\/www.manaus.am.gov.br\/semcom\/#\/schema\/person\/image\/\",\"url\":\"https:\/\/secure.gravatar.com\/avatar\/9c877d1a6adc2a055330e5c09a8653ce?s=96&d=mm&r=g\",\"contentUrl\":\"https:\/\/secure.gravatar.com\/avatar\/9c877d1a6adc2a055330e5c09a8653ce?s=96&d=mm&r=g\",\"caption\":\"Bruna Greco\"}}]}<\/script>\n<!-- \/ Yoast SEO plugin. -->","yoast_head_json":{"title":"A\u00e7\u00f5es de governan\u00e7a para reduzir disparidades sociorraciais","description":"Prefeitura de Manaus, por meio da Semuripir, intensifica a\u00e7\u00f5es de governan\u00e7a para reduzir disparidades sociorraciais.","robots":{"index":"index","follow":"follow","max-snippet":"max-snippet:-1","max-image-preview":"max-image-preview:large","max-video-preview":"max-video-preview:-1"},"canonical":"https:\/\/www.manaus.am.gov.br\/semcom\/acoes-governanca-disparidades-sociorraciais\/","og_locale":"pt_BR","og_type":"article","og_title":"A\u00e7\u00f5es de governan\u00e7a para reduzir disparidades sociorraciais","og_description":"Prefeitura de Manaus, por meio da Semuripir, intensifica a\u00e7\u00f5es de governan\u00e7a para reduzir disparidades sociorraciais.","og_url":"https:\/\/www.manaus.am.gov.br\/semcom\/acoes-governanca-disparidades-sociorraciais\/","og_site_name":"SEMCOM","article_published_time":"2026-04-24T21:15:02+00:00","article_modified_time":"2026-04-27T16:56:06+00:00","og_image":[{"width":1600,"height":1200,"url":"https:\/\/www.manaus.am.gov.br\/semcom\/wp-content\/uploads\/sites\/5\/2026\/04\/WhatsApp-Image-2026-04-24-at-16.03.30.jpeg","type":"image\/jpeg"}],"author":"Bruna Greco","twitter_card":"summary_large_image","twitter_misc":{"Written by":"Bruna Greco","Est. reading time":"2 minutos"},"schema":{"@context":"https:\/\/schema.org","@graph":[{"@type":"WebPage","@id":"https:\/\/www.manaus.am.gov.br\/semcom\/acoes-governanca-disparidades-sociorraciais\/","url":"https:\/\/www.manaus.am.gov.br\/semcom\/acoes-governanca-disparidades-sociorraciais\/","name":"A\u00e7\u00f5es de governan\u00e7a para reduzir disparidades sociorraciais","isPartOf":{"@id":"https:\/\/www.manaus.am.gov.br\/semcom\/#website"},"primaryImageOfPage":{"@id":"https:\/\/www.manaus.am.gov.br\/semcom\/acoes-governanca-disparidades-sociorraciais\/#primaryimage"},"image":{"@id":"https:\/\/www.manaus.am.gov.br\/semcom\/acoes-governanca-disparidades-sociorraciais\/#primaryimage"},"thumbnailUrl":"https:\/\/www.manaus.am.gov.br\/semcom\/wp-content\/uploads\/sites\/5\/2026\/04\/WhatsApp-Image-2026-04-24-at-16.03.30.jpeg","datePublished":"2026-04-24T21:15:02+00:00","dateModified":"2026-04-27T16:56:06+00:00","author":{"@id":"https:\/\/www.manaus.am.gov.br\/semcom\/#\/schema\/person\/05d223aea2bf115f9883a6ff3683d81b"},"description":"Prefeitura de Manaus, por meio da Semuripir, intensifica a\u00e7\u00f5es de governan\u00e7a para reduzir disparidades sociorraciais.","inLanguage":"pt-BR","potentialAction":[{"@type":"ReadAction","target":["https:\/\/www.manaus.am.gov.br\/semcom\/acoes-governanca-disparidades-sociorraciais\/"]}]},{"@type":"ImageObject","inLanguage":"pt-BR","@id":"https:\/\/www.manaus.am.gov.br\/semcom\/acoes-governanca-disparidades-sociorraciais\/#primaryimage","url":"https:\/\/www.manaus.am.gov.br\/semcom\/wp-content\/uploads\/sites\/5\/2026\/04\/WhatsApp-Image-2026-04-24-at-16.03.30.jpeg","contentUrl":"https:\/\/www.manaus.am.gov.br\/semcom\/wp-content\/uploads\/sites\/5\/2026\/04\/WhatsApp-Image-2026-04-24-at-16.03.30.jpeg","width":1600,"height":1200,"caption":"#paratodosverem - Equipe da Semuripir e conselheiros e representantes de movimentos durante reuni\u00e3o de alinhamento para projeto estrat\u00e9gico de governan\u00e7a voltado para a redu\u00e7\u00e3o de discrep\u00e2ncias sociorraciais"},{"@type":"WebSite","@id":"https:\/\/www.manaus.am.gov.br\/semcom\/#website","url":"https:\/\/www.manaus.am.gov.br\/semcom\/","name":"SEMCOM","description":"Secretaria Municipal de Comunica\u00e7\u00e3o","potentialAction":[{"@type":"SearchAction","target":{"@type":"EntryPoint","urlTemplate":"https:\/\/www.manaus.am.gov.br\/semcom\/?s={search_term_string}"},"query-input":"required name=search_term_string"}],"inLanguage":"pt-BR"},{"@type":"Person","@id":"https:\/\/www.manaus.am.gov.br\/semcom\/#\/schema\/person\/05d223aea2bf115f9883a6ff3683d81b","name":"Bruna Greco","image":{"@type":"ImageObject","inLanguage":"pt-BR","@id":"https:\/\/www.manaus.am.gov.br\/semcom\/#\/schema\/person\/image\/","url":"https:\/\/secure.gravatar.com\/avatar\/9c877d1a6adc2a055330e5c09a8653ce?s=96&d=mm&r=g","contentUrl":"https:\/\/secure.gravatar.com\/avatar\/9c877d1a6adc2a055330e5c09a8653ce?s=96&d=mm&r=g","caption":"Bruna Greco"}}]}},"_links":{"self":[{"href":"https:\/\/www.manaus.am.gov.br\/semcom\/wp-json\/wp\/v2\/posts\/257360"}],"collection":[{"href":"https:\/\/www.manaus.am.gov.br\/semcom\/wp-json\/wp\/v2\/posts"}],"about":[{"href":"https:\/\/www.manaus.am.gov.br\/semcom\/wp-json\/wp\/v2\/types\/post"}],"author":[{"embeddable":true,"href":"https:\/\/www.manaus.am.gov.br\/semcom\/wp-json\/wp\/v2\/users\/39"}],"replies":[{"embeddable":true,"href":"https:\/\/www.manaus.am.gov.br\/semcom\/wp-json\/wp\/v2\/comments?post=257360"}],"version-history":[{"count":1,"href":"https:\/\/www.manaus.am.gov.br\/semcom\/wp-json\/wp\/v2\/posts\/257360\/revisions"}],"predecessor-version":[{"id":257395,"href":"https:\/\/www.manaus.am.gov.br\/semcom\/wp-json\/wp\/v2\/posts\/257360\/revisions\/257395"}],"wp:featuredmedia":[{"embeddable":true,"href":"https:\/\/www.manaus.am.gov.br\/semcom\/wp-json\/wp\/v2\/media\/257361"}],"wp:attachment":[{"href":"https:\/\/www.manaus.am.gov.br\/semcom\/wp-json\/wp\/v2\/media?parent=257360"}],"wp:term":[{"taxonomy":"category","embeddable":true,"href":"https:\/\/www.manaus.am.gov.br\/semcom\/wp-json\/wp\/v2\/categories?post=257360"},{"taxonomy":"post_tag","embeddable":true,"href":"https:\/\/www.manaus.am.gov.br\/semcom\/wp-json\/wp\/v2\/tags?post=257360"}],"curies":[{"name":"wp","href":"https:\/\/api.w.org\/{rel}","templated":true}]}}