{"id":257349,"date":"2026-04-24T16:37:15","date_gmt":"2026-04-24T20:37:15","guid":{"rendered":"https:\/\/www.manaus.am.gov.br\/semcom\/melhorias-infraestrutura-centro\/"},"modified":"2026-04-27T13:52:26","modified_gmt":"2026-04-27T16:52:26","slug":"melhorias-infraestrutura-centro","status":"publish","type":"post","link":"https:\/\/www.manaus.am.gov.br\/semcom\/melhorias-infraestrutura-centro\/","title":{"rendered":"Prefeitura intensifica melhorias de infraestrutura no Centro e refor\u00e7a atua\u00e7\u00e3o em todas as zonas de Manaus"},"content":{"rendered":"\n<p>A <a href=\"https:\/\/www.manaus.am.gov.br\/\">Prefeitura de Manaus<\/a>, por meio da <a href=\"https:\/\/www.instagram.com\/seminf.manaus\/\">Secretaria Municipal de Infraestrutura<\/a> (Seminf), segue avan\u00e7ando com servi\u00e7os estrat\u00e9gicos de manuten\u00e7\u00e3o e reestrutura\u00e7\u00e3o urbana em todas as zonas da cidade. Nesta sexta-feira, 24\/4, as equipes atuaram na rua Lima Bacuri e na avenida Leonardo Malcher, dois pontos importantes do Centro, atendendo solicita\u00e7\u00f5es de comerciantes e refor\u00e7ando o compromisso da gest\u00e3o com a mobilidade, seguran\u00e7a e o pleno funcionamento da \u00e1rea central.<\/p>\n\n\n\n<p>As interven\u00e7\u00f5es fazem parte de um trabalho cont\u00ednuo que vem sendo executado em toda a capital, com foco na recupera\u00e7\u00e3o de sistemas de drenagem, preven\u00e7\u00e3o de alagamentos e melhoria das condi\u00e7\u00f5es de circula\u00e7\u00e3o em \u00e1reas de grande fluxo.<\/p>\n\n\n\n<p>O secret\u00e1rio municipal de Infraestrutura, Madson Rodrigues, destacou que as a\u00e7\u00f5es no Centro refletem um esfor\u00e7o permanente que acontece em toda Manaus, alcan\u00e7ando bairros de todas as zonas com servi\u00e7os que impactam diretamente a vida da popula\u00e7\u00e3o.<\/p>\n\n\n\n<p>\u201cEsse \u00e9 um trabalho que n\u00e3o se limita ao Centro. Estamos presentes em todas as zonas da cidade, levando infraestrutura onde a popula\u00e7\u00e3o mais precisa. O prefeito Renato Junior tem nos orientado a atuar com sensibilidade e responsabilidade, entendendo que cada interven\u00e7\u00e3o, por menor que pare\u00e7a, transforma o dia a dia de quem vive e trabalha nesses locais. Aqui no Centro, por exemplo, sabemos o quanto essas melhorias fazem diferen\u00e7a para os comerciantes, que dependem de um espa\u00e7o seguro e estruturado para manter suas atividades\u201d, afirmou.<\/p>\n\n\n\n<p>Na rua Lima Bacuri, a equipe realizou a limpeza completa de uma caixa coletora frequentemente obstru\u00edda por res\u00edduos s\u00f3lidos, al\u00e9m da implanta\u00e7\u00e3o de 16 metros de nova tubula\u00e7\u00e3o, substituindo estruturas antigas e comprometidas. A a\u00e7\u00e3o garante mais efici\u00eancia no escoamento das \u00e1guas pluviais, reduzindo riscos de alagamentos e transtornos para comerciantes e pedestres.<\/p>\n\n\n\n<p>Durante os servi\u00e7os, tamb\u00e9m foram identificadas liga\u00e7\u00f5es irregulares conectadas \u00e0 rede de drenagem, uma situa\u00e7\u00e3o recorrente que compromete o funcionamento adequado do sistema e exige interven\u00e7\u00e3o t\u00e9cnica para corre\u00e7\u00e3o.<\/p>\n\n\n\n<p>Simultaneamente na avenida Leonardo Malcher, as equipes atuaram na conten\u00e7\u00e3o de um trecho onde a cal\u00e7ada havia cedido. Foi executada a t\u00e9cnica de rip-rap, com a forma\u00e7\u00e3o de um pared\u00e3o de conten\u00e7\u00e3o que assegura a estabilidade do solo. Atualmente, os trabalhos seguem com a fase de aterro, e na sequ\u00eancia ser\u00e3o realizados o dissipador, a reconstru\u00e7\u00e3o da cal\u00e7ada e a sarjeta, devolvendo seguran\u00e7a e acessibilidade ao local.<\/p>\n\n\n\n<p>As a\u00e7\u00f5es refor\u00e7am o compromisso da Prefeitura de Manaus com a valoriza\u00e7\u00e3o da \u00e1rea central, ao mesmo tempo em que evidenciam uma gest\u00e3o que atua de forma ampla, integrada e cont\u00ednua em toda a cidade, promovendo infraestrutura de qualidade, desenvolvimento urbano e mais dignidade para a popula\u00e7\u00e3o.<\/p>\n\n\n\n<figure class=\"wp-block-image size-large\"><img loading=\"lazy\" decoding=\"async\" width=\"1024\" height=\"768\" src=\"https:\/\/www.manaus.am.gov.br\/semcom\/wp-content\/uploads\/sites\/5\/2026\/04\/WhatsApp-Image-2026-04-24-at-16.30.17-13-1024x768.jpeg\" alt=\"\" class=\"wp-image-257351\" srcset=\"https:\/\/www.manaus.am.gov.br\/semcom\/wp-content\/uploads\/sites\/5\/2026\/04\/WhatsApp-Image-2026-04-24-at-16.30.17-13-1024x768.jpeg 1024w, https:\/\/www.manaus.am.gov.br\/semcom\/wp-content\/uploads\/sites\/5\/2026\/04\/WhatsApp-Image-2026-04-24-at-16.30.17-13-300x225.jpeg 300w, https:\/\/www.manaus.am.gov.br\/semcom\/wp-content\/uploads\/sites\/5\/2026\/04\/WhatsApp-Image-2026-04-24-at-16.30.17-13-768x576.jpeg 768w, https:\/\/www.manaus.am.gov.br\/semcom\/wp-content\/uploads\/sites\/5\/2026\/04\/WhatsApp-Image-2026-04-24-at-16.30.17-13-1536x1152.jpeg 1536w, https:\/\/www.manaus.am.gov.br\/semcom\/wp-content\/uploads\/sites\/5\/2026\/04\/WhatsApp-Image-2026-04-24-at-16.30.17-13.jpeg 1600w\" sizes=\"(max-width: 1024px) 100vw, 1024px\" \/><figcaption class=\"wp-element-caption\">#paratodosverem &#8211; Servi\u00e7o<\/figcaption><\/figure>\n\n\n\n<p>&#8212; &#8212; &#8212;<\/p>\n\n\n\n<p><strong>Texto&nbsp;<\/strong>&#8211; Rayana Coutinho\/Seminf&nbsp;<\/p>\n\n\n\n<p><strong>Fotos <\/strong>&#8211; Luiz Felipe\/Seminf&nbsp;<\/p>\n","protected":false},"excerpt":{"rendered":"","protected":false},"author":39,"featured_media":257350,"comment_status":"closed","ping_status":"closed","sticky":false,"template":"","format":"standard","meta":{"footnotes":""},"categories":[1013],"tags":[20516,414,17597,77,33],"acf":[],"yoast_head":"<!-- This site is optimized with the Yoast SEO plugin v23.0 - https:\/\/yoast.com\/wordpress\/plugins\/seo\/ -->\n<title>Prefeitura intensifica melhorias de infraestrutura no Centro e refor\u00e7a atua\u00e7\u00e3o em todas as zonas de Manaus<\/title>\n<meta name=\"description\" content=\"Prefeitura intensifica melhorias de infraestrutura no Centro e refor\u00e7a atua\u00e7\u00e3o em todas as zonas de Manaus.\" \/>\n<meta name=\"robots\" content=\"index, follow, max-snippet:-1, max-image-preview:large, max-video-preview:-1\" \/>\n<link rel=\"canonical\" href=\"https:\/\/www.manaus.am.gov.br\/semcom\/melhorias-infraestrutura-centro\/\" \/>\n<meta property=\"og:locale\" content=\"pt_BR\" \/>\n<meta property=\"og:type\" content=\"article\" \/>\n<meta property=\"og:title\" content=\"Prefeitura intensifica melhorias de infraestrutura no Centro e refor\u00e7a atua\u00e7\u00e3o em todas as zonas de Manaus\" \/>\n<meta property=\"og:description\" content=\"Prefeitura intensifica melhorias de infraestrutura no Centro e refor\u00e7a atua\u00e7\u00e3o em todas as zonas de Manaus.\" \/>\n<meta property=\"og:url\" content=\"https:\/\/www.manaus.am.gov.br\/semcom\/melhorias-infraestrutura-centro\/\" \/>\n<meta property=\"og:site_name\" content=\"SEMCOM\" \/>\n<meta property=\"article:published_time\" content=\"2026-04-24T20:37:15+00:00\" \/>\n<meta property=\"article:modified_time\" content=\"2026-04-27T16:52:26+00:00\" \/>\n<meta property=\"og:image\" content=\"https:\/\/www.manaus.am.gov.br\/semcom\/wp-content\/uploads\/sites\/5\/2026\/04\/WhatsApp-Image-2026-04-24-at-16.30.17-8.jpeg\" \/>\n\t<meta property=\"og:image:width\" content=\"1600\" \/>\n\t<meta property=\"og:image:height\" content=\"1200\" \/>\n\t<meta property=\"og:image:type\" content=\"image\/jpeg\" \/>\n<meta name=\"author\" content=\"Bruna Greco\" \/>\n<meta name=\"twitter:card\" content=\"summary_large_image\" \/>\n<meta name=\"twitter:label1\" content=\"Written by\" \/>\n\t<meta name=\"twitter:data1\" content=\"Bruna Greco\" \/>\n\t<meta name=\"twitter:label2\" content=\"Est. reading time\" \/>\n\t<meta name=\"twitter:data2\" content=\"3 minutos\" \/>\n<script type=\"application\/ld+json\" class=\"yoast-schema-graph\">{\"@context\":\"https:\/\/schema.org\",\"@graph\":[{\"@type\":\"WebPage\",\"@id\":\"https:\/\/www.manaus.am.gov.br\/semcom\/melhorias-infraestrutura-centro\/\",\"url\":\"https:\/\/www.manaus.am.gov.br\/semcom\/melhorias-infraestrutura-centro\/\",\"name\":\"Prefeitura intensifica melhorias de infraestrutura no Centro e refor\u00e7a atua\u00e7\u00e3o em todas as zonas de Manaus\",\"isPartOf\":{\"@id\":\"https:\/\/www.manaus.am.gov.br\/semcom\/#website\"},\"primaryImageOfPage\":{\"@id\":\"https:\/\/www.manaus.am.gov.br\/semcom\/melhorias-infraestrutura-centro\/#primaryimage\"},\"image\":{\"@id\":\"https:\/\/www.manaus.am.gov.br\/semcom\/melhorias-infraestrutura-centro\/#primaryimage\"},\"thumbnailUrl\":\"https:\/\/www.manaus.am.gov.br\/semcom\/wp-content\/uploads\/sites\/5\/2026\/04\/WhatsApp-Image-2026-04-24-at-16.30.17-8.jpeg\",\"datePublished\":\"2026-04-24T20:37:15+00:00\",\"dateModified\":\"2026-04-27T16:52:26+00:00\",\"author\":{\"@id\":\"https:\/\/www.manaus.am.gov.br\/semcom\/#\/schema\/person\/05d223aea2bf115f9883a6ff3683d81b\"},\"description\":\"Prefeitura intensifica melhorias de infraestrutura no Centro e refor\u00e7a atua\u00e7\u00e3o em todas as zonas de Manaus.\",\"inLanguage\":\"pt-BR\",\"potentialAction\":[{\"@type\":\"ReadAction\",\"target\":[\"https:\/\/www.manaus.am.gov.br\/semcom\/melhorias-infraestrutura-centro\/\"]}]},{\"@type\":\"ImageObject\",\"inLanguage\":\"pt-BR\",\"@id\":\"https:\/\/www.manaus.am.gov.br\/semcom\/melhorias-infraestrutura-centro\/#primaryimage\",\"url\":\"https:\/\/www.manaus.am.gov.br\/semcom\/wp-content\/uploads\/sites\/5\/2026\/04\/WhatsApp-Image-2026-04-24-at-16.30.17-8.jpeg\",\"contentUrl\":\"https:\/\/www.manaus.am.gov.br\/semcom\/wp-content\/uploads\/sites\/5\/2026\/04\/WhatsApp-Image-2026-04-24-at-16.30.17-8.jpeg\",\"width\":1600,\"height\":1200,\"caption\":\"#paratodosverem - Equipe da Seminf realizando servi\u00e7os de infraestrutura em via do centro da cidade\"},{\"@type\":\"WebSite\",\"@id\":\"https:\/\/www.manaus.am.gov.br\/semcom\/#website\",\"url\":\"https:\/\/www.manaus.am.gov.br\/semcom\/\",\"name\":\"SEMCOM\",\"description\":\"Secretaria Municipal de Comunica\u00e7\u00e3o\",\"potentialAction\":[{\"@type\":\"SearchAction\",\"target\":{\"@type\":\"EntryPoint\",\"urlTemplate\":\"https:\/\/www.manaus.am.gov.br\/semcom\/?s={search_term_string}\"},\"query-input\":\"required name=search_term_string\"}],\"inLanguage\":\"pt-BR\"},{\"@type\":\"Person\",\"@id\":\"https:\/\/www.manaus.am.gov.br\/semcom\/#\/schema\/person\/05d223aea2bf115f9883a6ff3683d81b\",\"name\":\"Bruna Greco\",\"image\":{\"@type\":\"ImageObject\",\"inLanguage\":\"pt-BR\",\"@id\":\"https:\/\/www.manaus.am.gov.br\/semcom\/#\/schema\/person\/image\/\",\"url\":\"https:\/\/secure.gravatar.com\/avatar\/9c877d1a6adc2a055330e5c09a8653ce?s=96&d=mm&r=g\",\"contentUrl\":\"https:\/\/secure.gravatar.com\/avatar\/9c877d1a6adc2a055330e5c09a8653ce?s=96&d=mm&r=g\",\"caption\":\"Bruna Greco\"}}]}<\/script>\n<!-- \/ Yoast SEO plugin. -->","yoast_head_json":{"title":"Prefeitura intensifica melhorias de infraestrutura no Centro e refor\u00e7a atua\u00e7\u00e3o em todas as zonas de Manaus","description":"Prefeitura intensifica melhorias de infraestrutura no Centro e refor\u00e7a atua\u00e7\u00e3o em todas as zonas de Manaus.","robots":{"index":"index","follow":"follow","max-snippet":"max-snippet:-1","max-image-preview":"max-image-preview:large","max-video-preview":"max-video-preview:-1"},"canonical":"https:\/\/www.manaus.am.gov.br\/semcom\/melhorias-infraestrutura-centro\/","og_locale":"pt_BR","og_type":"article","og_title":"Prefeitura intensifica melhorias de infraestrutura no Centro e refor\u00e7a atua\u00e7\u00e3o em todas as zonas de Manaus","og_description":"Prefeitura intensifica melhorias de infraestrutura no Centro e refor\u00e7a atua\u00e7\u00e3o em todas as zonas de Manaus.","og_url":"https:\/\/www.manaus.am.gov.br\/semcom\/melhorias-infraestrutura-centro\/","og_site_name":"SEMCOM","article_published_time":"2026-04-24T20:37:15+00:00","article_modified_time":"2026-04-27T16:52:26+00:00","og_image":[{"width":1600,"height":1200,"url":"https:\/\/www.manaus.am.gov.br\/semcom\/wp-content\/uploads\/sites\/5\/2026\/04\/WhatsApp-Image-2026-04-24-at-16.30.17-8.jpeg","type":"image\/jpeg"}],"author":"Bruna Greco","twitter_card":"summary_large_image","twitter_misc":{"Written by":"Bruna Greco","Est. reading time":"3 minutos"},"schema":{"@context":"https:\/\/schema.org","@graph":[{"@type":"WebPage","@id":"https:\/\/www.manaus.am.gov.br\/semcom\/melhorias-infraestrutura-centro\/","url":"https:\/\/www.manaus.am.gov.br\/semcom\/melhorias-infraestrutura-centro\/","name":"Prefeitura intensifica melhorias de infraestrutura no Centro e refor\u00e7a atua\u00e7\u00e3o em todas as zonas de Manaus","isPartOf":{"@id":"https:\/\/www.manaus.am.gov.br\/semcom\/#website"},"primaryImageOfPage":{"@id":"https:\/\/www.manaus.am.gov.br\/semcom\/melhorias-infraestrutura-centro\/#primaryimage"},"image":{"@id":"https:\/\/www.manaus.am.gov.br\/semcom\/melhorias-infraestrutura-centro\/#primaryimage"},"thumbnailUrl":"https:\/\/www.manaus.am.gov.br\/semcom\/wp-content\/uploads\/sites\/5\/2026\/04\/WhatsApp-Image-2026-04-24-at-16.30.17-8.jpeg","datePublished":"2026-04-24T20:37:15+00:00","dateModified":"2026-04-27T16:52:26+00:00","author":{"@id":"https:\/\/www.manaus.am.gov.br\/semcom\/#\/schema\/person\/05d223aea2bf115f9883a6ff3683d81b"},"description":"Prefeitura intensifica melhorias de infraestrutura no Centro e refor\u00e7a atua\u00e7\u00e3o em todas as zonas de Manaus.","inLanguage":"pt-BR","potentialAction":[{"@type":"ReadAction","target":["https:\/\/www.manaus.am.gov.br\/semcom\/melhorias-infraestrutura-centro\/"]}]},{"@type":"ImageObject","inLanguage":"pt-BR","@id":"https:\/\/www.manaus.am.gov.br\/semcom\/melhorias-infraestrutura-centro\/#primaryimage","url":"https:\/\/www.manaus.am.gov.br\/semcom\/wp-content\/uploads\/sites\/5\/2026\/04\/WhatsApp-Image-2026-04-24-at-16.30.17-8.jpeg","contentUrl":"https:\/\/www.manaus.am.gov.br\/semcom\/wp-content\/uploads\/sites\/5\/2026\/04\/WhatsApp-Image-2026-04-24-at-16.30.17-8.jpeg","width":1600,"height":1200,"caption":"#paratodosverem - Equipe da Seminf realizando servi\u00e7os de infraestrutura em via do centro da cidade"},{"@type":"WebSite","@id":"https:\/\/www.manaus.am.gov.br\/semcom\/#website","url":"https:\/\/www.manaus.am.gov.br\/semcom\/","name":"SEMCOM","description":"Secretaria Municipal de Comunica\u00e7\u00e3o","potentialAction":[{"@type":"SearchAction","target":{"@type":"EntryPoint","urlTemplate":"https:\/\/www.manaus.am.gov.br\/semcom\/?s={search_term_string}"},"query-input":"required name=search_term_string"}],"inLanguage":"pt-BR"},{"@type":"Person","@id":"https:\/\/www.manaus.am.gov.br\/semcom\/#\/schema\/person\/05d223aea2bf115f9883a6ff3683d81b","name":"Bruna Greco","image":{"@type":"ImageObject","inLanguage":"pt-BR","@id":"https:\/\/www.manaus.am.gov.br\/semcom\/#\/schema\/person\/image\/","url":"https:\/\/secure.gravatar.com\/avatar\/9c877d1a6adc2a055330e5c09a8653ce?s=96&d=mm&r=g","contentUrl":"https:\/\/secure.gravatar.com\/avatar\/9c877d1a6adc2a055330e5c09a8653ce?s=96&d=mm&r=g","caption":"Bruna Greco"}}]}},"_links":{"self":[{"href":"https:\/\/www.manaus.am.gov.br\/semcom\/wp-json\/wp\/v2\/posts\/257349"}],"collection":[{"href":"https:\/\/www.manaus.am.gov.br\/semcom\/wp-json\/wp\/v2\/posts"}],"about":[{"href":"https:\/\/www.manaus.am.gov.br\/semcom\/wp-json\/wp\/v2\/types\/post"}],"author":[{"embeddable":true,"href":"https:\/\/www.manaus.am.gov.br\/semcom\/wp-json\/wp\/v2\/users\/39"}],"replies":[{"embeddable":true,"href":"https:\/\/www.manaus.am.gov.br\/semcom\/wp-json\/wp\/v2\/comments?post=257349"}],"version-history":[{"count":3,"href":"https:\/\/www.manaus.am.gov.br\/semcom\/wp-json\/wp\/v2\/posts\/257349\/revisions"}],"predecessor-version":[{"id":257392,"href":"https:\/\/www.manaus.am.gov.br\/semcom\/wp-json\/wp\/v2\/posts\/257349\/revisions\/257392"}],"wp:featuredmedia":[{"embeddable":true,"href":"https:\/\/www.manaus.am.gov.br\/semcom\/wp-json\/wp\/v2\/media\/257350"}],"wp:attachment":[{"href":"https:\/\/www.manaus.am.gov.br\/semcom\/wp-json\/wp\/v2\/media?parent=257349"}],"wp:term":[{"taxonomy":"category","embeddable":true,"href":"https:\/\/www.manaus.am.gov.br\/semcom\/wp-json\/wp\/v2\/categories?post=257349"},{"taxonomy":"post_tag","embeddable":true,"href":"https:\/\/www.manaus.am.gov.br\/semcom\/wp-json\/wp\/v2\/tags?post=257349"}],"curies":[{"name":"wp","href":"https:\/\/api.w.org\/{rel}","templated":true}]}}