{"id":257259,"date":"2026-04-23T20:07:30","date_gmt":"2026-04-23T23:07:30","guid":{"rendered":"https:\/\/www.manaus.am.gov.br\/semcom\/novo-mobiliario-unidade-de-ensino\/"},"modified":"2026-04-24T14:36:00","modified_gmt":"2026-04-24T17:36:00","slug":"novo-mobiliario-de-unidade-de-ensino","status":"publish","type":"post","link":"https:\/\/www.manaus.am.gov.br\/semcom\/novo-mobiliario-de-unidade-de-ensino\/","title":{"rendered":"Prefeitura renova mobili\u00e1rio de unidade de ensino e beneficia 477 alunos na zona Norte de Manaus\u00a0"},"content":{"rendered":"\n<p>A <a href=\"https:\/\/www.manaus.am.gov.br\/\">Prefeitura de Manaus<\/a>, por meio da <a href=\"https:\/\/www.instagram.com\/semedmanaus\/\">Secretaria Municipal de Educa\u00e7\u00e3o<\/a> (Semed), entregou, nesta quinta-feira, 23\/4, novo mobili\u00e1rio escolar \u00e0 escola municipal S\u00e3o Benedito, localizada na rua Nossa Senhora de F\u00e1tima, s\/n\u00ba, bairro Cidade de Deus, zona Norte da capital. Ao todo, foram entregues 300 conjuntos de mesas e cadeiras.<\/p>\n\n\n\n<p>O mobili\u00e1rio segue as recomenda\u00e7\u00f5es do Fundo Nacional de Desenvolvimento da Educa\u00e7\u00e3o (FNDE) e est\u00e1 em conformidade com as especifica\u00e7\u00f5es t\u00e9cnicas de conforto, ergonomia e durabilidade.<\/p>\n\n\n\n<p>A a\u00e7\u00e3o vai beneficiar aproximadamente 477 alunos do 6\u00ba ao 9\u00ba ano. Esta \u00e9 a primeira aquisi\u00e7\u00e3o da secretaria voltada para esse segmento, j\u00e1 que, anteriormente, o atendimento contemplava apenas estudantes do 1\u00ba ao 5\u00ba ano.<\/p>\n\n\n\n<p>O novo material contribui para a organiza\u00e7\u00e3o do espa\u00e7o escolar, proporciona mais conforto e postura adequada aos alunos, reduz desconfortos durante as atividades, facilita a mobilidade em sala de aula e favorece a reorganiza\u00e7\u00e3o do ambiente, al\u00e9m de incentivar o cuidado com o patrim\u00f4nio e fortalecer o processo de ensino-aprendizagem.<\/p>\n\n\n\n<p>Presente na solenidade de entrega, o secret\u00e1rio da Semed, Arone Bentes, afirmou que o poder p\u00fablico busca sempre atender as necessidades das unidades de ensino para a melhoria no processo de ensino-aprendizagem.<\/p>\n\n\n\n<p>\u201cA Prefeitura de Manaus, a administra\u00e7\u00e3o do prefeito Renato Junior, tem uma preocupa\u00e7\u00e3o intensa com a qualidade dos servi\u00e7os. A entrega desse mobili\u00e1rio, com mesas e cadeiras ergonomicamente adequadas \u00e0 din\u00e2mica de ensino e aprendizagem, faz parte desse compromisso. E n\u00f3s estamos aqui obedecendo a uma determina\u00e7\u00e3o dele, cumprindo algo maravilhoso para todos n\u00f3s que gostamos da educa\u00e7\u00e3o. A comunidade recebe esse material com alegria, com o desejo de que seja um material muito bem usado pela garotada\u201d, comentou.<\/p>\n\n\n\n<p>A diretora da escola, Adriana Silveira, disse que \u00e9 um momento muito especial e importante para todos da unidade escolar.<\/p>\n\n\n\n<p>\u201c\u00c9 um momento muito especial para todos n\u00f3s. Esse era um pedido antigo da escola e, agora, foi atendido. Os alunos ganham mais conforto, e isso impacta diretamente no aprendizado. Um ambiente organizado e adequado faz toda a diferen\u00e7a. Estamos muito agradecidos \u00e0 Semed, ao prefeito e a todos que contribu\u00edram para essa conquista da nossa comunidade\u201d, disse.<\/p>\n\n\n\n<p>Aluna finalista do 9\u00ba ano, Thafny Kaway Alves, 14, comemorou a chegada do novo mobili\u00e1rio e destacou os impactos na rotina escolar.<\/p>\n\n\n\n<p>\u201cComo aluno, a gente agradece muito. Agora, com as novas mesas e cadeiras, ficou muito melhor para estudar. Isso ajuda no nosso aprendizado. A gente agradece muito \u00e0 Semed por essa melhoria para a escola\u201d, concluiu.<\/p>\n\n\n\n<p>\u2014&#8211; \u2014&#8211; \u2014&#8211;&nbsp;<br><strong>Texto &#8211;<\/strong> Paulo Rog\u00e9rio\/Semed<br><strong>Fotos &#8211;<\/strong> Ulisson Santos\/Semed<\/p>\n","protected":false},"excerpt":{"rendered":"","protected":false},"author":68,"featured_media":257260,"comment_status":"closed","ping_status":"closed","sticky":false,"template":"","format":"standard","meta":{"footnotes":""},"categories":[49],"tags":[20482,20483,20484,77,62],"acf":[],"yoast_head":"<!-- This site is optimized with the Yoast SEO plugin v23.0 - https:\/\/yoast.com\/wordpress\/plugins\/seo\/ -->\n<title>Prefeitura renova mobili\u00e1rio de unidade de ensino<\/title>\n<meta name=\"description\" content=\"A Prefeitura de Manaus, entregou, nesta quinta-feira, 23\/4, novo mobili\u00e1rio escolar \u00e0 escola municipal S\u00e3o Benedito.\" \/>\n<meta name=\"robots\" content=\"index, follow, max-snippet:-1, max-image-preview:large, max-video-preview:-1\" \/>\n<link rel=\"canonical\" href=\"https:\/\/www.manaus.am.gov.br\/semcom\/novo-mobiliario-unidade-de-ensino\/\" \/>\n<meta property=\"og:locale\" content=\"pt_BR\" \/>\n<meta property=\"og:type\" content=\"article\" \/>\n<meta property=\"og:title\" content=\"Prefeitura renova mobili\u00e1rio de unidade de ensino\" \/>\n<meta property=\"og:description\" content=\"A Prefeitura de Manaus, entregou, nesta quinta-feira, 23\/4, novo mobili\u00e1rio escolar \u00e0 escola municipal S\u00e3o Benedito.\" \/>\n<meta property=\"og:url\" content=\"https:\/\/www.manaus.am.gov.br\/semcom\/novo-mobiliario-unidade-de-ensino\/\" \/>\n<meta property=\"og:site_name\" content=\"SEMCOM\" \/>\n<meta property=\"article:published_time\" content=\"2026-04-23T23:07:30+00:00\" \/>\n<meta property=\"article:modified_time\" content=\"2026-04-24T17:36:00+00:00\" \/>\n<meta property=\"og:image\" content=\"https:\/\/www.manaus.am.gov.br\/semcom\/wp-content\/uploads\/sites\/5\/2026\/04\/55225375647_a12e8d2660_c.jpg\" \/>\n\t<meta property=\"og:image:width\" content=\"799\" \/>\n\t<meta property=\"og:image:height\" content=\"533\" \/>\n\t<meta property=\"og:image:type\" content=\"image\/jpeg\" \/>\n<meta name=\"author\" content=\"bvalente\" \/>\n<meta name=\"twitter:card\" content=\"summary_large_image\" \/>\n<meta name=\"twitter:label1\" content=\"Written by\" \/>\n\t<meta name=\"twitter:data1\" content=\"bvalente\" \/>\n\t<meta name=\"twitter:label2\" content=\"Est. reading time\" \/>\n\t<meta name=\"twitter:data2\" content=\"3 minutos\" \/>\n<script type=\"application\/ld+json\" class=\"yoast-schema-graph\">{\"@context\":\"https:\/\/schema.org\",\"@graph\":[{\"@type\":\"WebPage\",\"@id\":\"https:\/\/www.manaus.am.gov.br\/semcom\/novo-mobiliario-unidade-de-ensino\/\",\"url\":\"https:\/\/www.manaus.am.gov.br\/semcom\/novo-mobiliario-unidade-de-ensino\/\",\"name\":\"Prefeitura renova mobili\u00e1rio de unidade de ensino\",\"isPartOf\":{\"@id\":\"https:\/\/www.manaus.am.gov.br\/semcom\/#website\"},\"primaryImageOfPage\":{\"@id\":\"https:\/\/www.manaus.am.gov.br\/semcom\/novo-mobiliario-unidade-de-ensino\/#primaryimage\"},\"image\":{\"@id\":\"https:\/\/www.manaus.am.gov.br\/semcom\/novo-mobiliario-unidade-de-ensino\/#primaryimage\"},\"thumbnailUrl\":\"https:\/\/www.manaus.am.gov.br\/semcom\/wp-content\/uploads\/sites\/5\/2026\/04\/55225375647_a12e8d2660_c.jpg\",\"datePublished\":\"2026-04-23T23:07:30+00:00\",\"dateModified\":\"2026-04-24T17:36:00+00:00\",\"author\":{\"@id\":\"https:\/\/www.manaus.am.gov.br\/semcom\/#\/schema\/person\/466a0e03ae4b6062809046bd560ac955\"},\"description\":\"A Prefeitura de Manaus, entregou, nesta quinta-feira, 23\/4, novo mobili\u00e1rio escolar \u00e0 escola municipal S\u00e3o Benedito.\",\"inLanguage\":\"pt-BR\",\"potentialAction\":[{\"@type\":\"ReadAction\",\"target\":[\"https:\/\/www.manaus.am.gov.br\/semcom\/novo-mobiliario-unidade-de-ensino\/\"]}]},{\"@type\":\"ImageObject\",\"inLanguage\":\"pt-BR\",\"@id\":\"https:\/\/www.manaus.am.gov.br\/semcom\/novo-mobiliario-unidade-de-ensino\/#primaryimage\",\"url\":\"https:\/\/www.manaus.am.gov.br\/semcom\/wp-content\/uploads\/sites\/5\/2026\/04\/55225375647_a12e8d2660_c.jpg\",\"contentUrl\":\"https:\/\/www.manaus.am.gov.br\/semcom\/wp-content\/uploads\/sites\/5\/2026\/04\/55225375647_a12e8d2660_c.jpg\",\"width\":799,\"height\":533,\"caption\":\"#paratodosverem - Secret\u00e1rio da Semed, Arone Bentes e equipe durante entrega de novo mobili\u00e1rio escolar\"},{\"@type\":\"WebSite\",\"@id\":\"https:\/\/www.manaus.am.gov.br\/semcom\/#website\",\"url\":\"https:\/\/www.manaus.am.gov.br\/semcom\/\",\"name\":\"SEMCOM\",\"description\":\"Secretaria Municipal de Comunica\u00e7\u00e3o\",\"potentialAction\":[{\"@type\":\"SearchAction\",\"target\":{\"@type\":\"EntryPoint\",\"urlTemplate\":\"https:\/\/www.manaus.am.gov.br\/semcom\/?s={search_term_string}\"},\"query-input\":\"required name=search_term_string\"}],\"inLanguage\":\"pt-BR\"},{\"@type\":\"Person\",\"@id\":\"https:\/\/www.manaus.am.gov.br\/semcom\/#\/schema\/person\/466a0e03ae4b6062809046bd560ac955\",\"name\":\"bvalente\",\"image\":{\"@type\":\"ImageObject\",\"inLanguage\":\"pt-BR\",\"@id\":\"https:\/\/www.manaus.am.gov.br\/semcom\/#\/schema\/person\/image\/\",\"url\":\"https:\/\/secure.gravatar.com\/avatar\/3e69bc2b014bdad41adfec3a39de07d2?s=96&d=mm&r=g\",\"contentUrl\":\"https:\/\/secure.gravatar.com\/avatar\/3e69bc2b014bdad41adfec3a39de07d2?s=96&d=mm&r=g\",\"caption\":\"bvalente\"}}]}<\/script>\n<!-- \/ Yoast SEO plugin. -->","yoast_head_json":{"title":"Prefeitura renova mobili\u00e1rio de unidade de ensino","description":"A Prefeitura de Manaus, entregou, nesta quinta-feira, 23\/4, novo mobili\u00e1rio escolar \u00e0 escola municipal S\u00e3o Benedito.","robots":{"index":"index","follow":"follow","max-snippet":"max-snippet:-1","max-image-preview":"max-image-preview:large","max-video-preview":"max-video-preview:-1"},"canonical":"https:\/\/www.manaus.am.gov.br\/semcom\/novo-mobiliario-unidade-de-ensino\/","og_locale":"pt_BR","og_type":"article","og_title":"Prefeitura renova mobili\u00e1rio de unidade de ensino","og_description":"A Prefeitura de Manaus, entregou, nesta quinta-feira, 23\/4, novo mobili\u00e1rio escolar \u00e0 escola municipal S\u00e3o Benedito.","og_url":"https:\/\/www.manaus.am.gov.br\/semcom\/novo-mobiliario-unidade-de-ensino\/","og_site_name":"SEMCOM","article_published_time":"2026-04-23T23:07:30+00:00","article_modified_time":"2026-04-24T17:36:00+00:00","og_image":[{"width":799,"height":533,"url":"https:\/\/www.manaus.am.gov.br\/semcom\/wp-content\/uploads\/sites\/5\/2026\/04\/55225375647_a12e8d2660_c.jpg","type":"image\/jpeg"}],"author":"bvalente","twitter_card":"summary_large_image","twitter_misc":{"Written by":"bvalente","Est. reading time":"3 minutos"},"schema":{"@context":"https:\/\/schema.org","@graph":[{"@type":"WebPage","@id":"https:\/\/www.manaus.am.gov.br\/semcom\/novo-mobiliario-unidade-de-ensino\/","url":"https:\/\/www.manaus.am.gov.br\/semcom\/novo-mobiliario-unidade-de-ensino\/","name":"Prefeitura renova mobili\u00e1rio de unidade de ensino","isPartOf":{"@id":"https:\/\/www.manaus.am.gov.br\/semcom\/#website"},"primaryImageOfPage":{"@id":"https:\/\/www.manaus.am.gov.br\/semcom\/novo-mobiliario-unidade-de-ensino\/#primaryimage"},"image":{"@id":"https:\/\/www.manaus.am.gov.br\/semcom\/novo-mobiliario-unidade-de-ensino\/#primaryimage"},"thumbnailUrl":"https:\/\/www.manaus.am.gov.br\/semcom\/wp-content\/uploads\/sites\/5\/2026\/04\/55225375647_a12e8d2660_c.jpg","datePublished":"2026-04-23T23:07:30+00:00","dateModified":"2026-04-24T17:36:00+00:00","author":{"@id":"https:\/\/www.manaus.am.gov.br\/semcom\/#\/schema\/person\/466a0e03ae4b6062809046bd560ac955"},"description":"A Prefeitura de Manaus, entregou, nesta quinta-feira, 23\/4, novo mobili\u00e1rio escolar \u00e0 escola municipal S\u00e3o Benedito.","inLanguage":"pt-BR","potentialAction":[{"@type":"ReadAction","target":["https:\/\/www.manaus.am.gov.br\/semcom\/novo-mobiliario-unidade-de-ensino\/"]}]},{"@type":"ImageObject","inLanguage":"pt-BR","@id":"https:\/\/www.manaus.am.gov.br\/semcom\/novo-mobiliario-unidade-de-ensino\/#primaryimage","url":"https:\/\/www.manaus.am.gov.br\/semcom\/wp-content\/uploads\/sites\/5\/2026\/04\/55225375647_a12e8d2660_c.jpg","contentUrl":"https:\/\/www.manaus.am.gov.br\/semcom\/wp-content\/uploads\/sites\/5\/2026\/04\/55225375647_a12e8d2660_c.jpg","width":799,"height":533,"caption":"#paratodosverem - Secret\u00e1rio da Semed, Arone Bentes e equipe durante entrega de novo mobili\u00e1rio escolar"},{"@type":"WebSite","@id":"https:\/\/www.manaus.am.gov.br\/semcom\/#website","url":"https:\/\/www.manaus.am.gov.br\/semcom\/","name":"SEMCOM","description":"Secretaria Municipal de Comunica\u00e7\u00e3o","potentialAction":[{"@type":"SearchAction","target":{"@type":"EntryPoint","urlTemplate":"https:\/\/www.manaus.am.gov.br\/semcom\/?s={search_term_string}"},"query-input":"required name=search_term_string"}],"inLanguage":"pt-BR"},{"@type":"Person","@id":"https:\/\/www.manaus.am.gov.br\/semcom\/#\/schema\/person\/466a0e03ae4b6062809046bd560ac955","name":"bvalente","image":{"@type":"ImageObject","inLanguage":"pt-BR","@id":"https:\/\/www.manaus.am.gov.br\/semcom\/#\/schema\/person\/image\/","url":"https:\/\/secure.gravatar.com\/avatar\/3e69bc2b014bdad41adfec3a39de07d2?s=96&d=mm&r=g","contentUrl":"https:\/\/secure.gravatar.com\/avatar\/3e69bc2b014bdad41adfec3a39de07d2?s=96&d=mm&r=g","caption":"bvalente"}}]}},"_links":{"self":[{"href":"https:\/\/www.manaus.am.gov.br\/semcom\/wp-json\/wp\/v2\/posts\/257259"}],"collection":[{"href":"https:\/\/www.manaus.am.gov.br\/semcom\/wp-json\/wp\/v2\/posts"}],"about":[{"href":"https:\/\/www.manaus.am.gov.br\/semcom\/wp-json\/wp\/v2\/types\/post"}],"author":[{"embeddable":true,"href":"https:\/\/www.manaus.am.gov.br\/semcom\/wp-json\/wp\/v2\/users\/68"}],"replies":[{"embeddable":true,"href":"https:\/\/www.manaus.am.gov.br\/semcom\/wp-json\/wp\/v2\/comments?post=257259"}],"version-history":[{"count":1,"href":"https:\/\/www.manaus.am.gov.br\/semcom\/wp-json\/wp\/v2\/posts\/257259\/revisions"}],"predecessor-version":[{"id":257320,"href":"https:\/\/www.manaus.am.gov.br\/semcom\/wp-json\/wp\/v2\/posts\/257259\/revisions\/257320"}],"wp:featuredmedia":[{"embeddable":true,"href":"https:\/\/www.manaus.am.gov.br\/semcom\/wp-json\/wp\/v2\/media\/257260"}],"wp:attachment":[{"href":"https:\/\/www.manaus.am.gov.br\/semcom\/wp-json\/wp\/v2\/media?parent=257259"}],"wp:term":[{"taxonomy":"category","embeddable":true,"href":"https:\/\/www.manaus.am.gov.br\/semcom\/wp-json\/wp\/v2\/categories?post=257259"},{"taxonomy":"post_tag","embeddable":true,"href":"https:\/\/www.manaus.am.gov.br\/semcom\/wp-json\/wp\/v2\/tags?post=257259"}],"curies":[{"name":"wp","href":"https:\/\/api.w.org\/{rel}","templated":true}]}}