{"id":257239,"date":"2026-04-23T17:25:17","date_gmt":"2026-04-23T21:25:17","guid":{"rendered":"https:\/\/www.manaus.am.gov.br\/semcom\/semsa-premiada-18a-expoepi-brasilia\/"},"modified":"2026-04-24T13:50:01","modified_gmt":"2026-04-24T16:50:01","slug":"semsa-premiada-18a-expoepi-brasilia","status":"publish","type":"post","link":"https:\/\/www.manaus.am.gov.br\/semcom\/semsa-premiada-18a-expoepi-brasilia\/","title":{"rendered":"Semsa Manaus \u00e9 premiada em mostra de experi\u00eancias exitosas na sa\u00fade em Bras\u00edlia"},"content":{"rendered":"\n<p>A <a href=\"https:\/\/www.instagram.com\/semsamanaus\/\">Secretaria Municipal de Sa\u00fade<\/a> (Semsa), da <a href=\"https:\/\/www.manaus.am.gov.br\/\">Prefeitura de Manaus<\/a>, teve dois trabalhos premiados na 18\u00aa Mostra Nacional de Experi\u00eancias Bem-Sucedidas em Epidemiologia, Preven\u00e7\u00e3o e Controle de Doen\u00e7as (ExpoEpi), em Bras\u00edlia. O evento do Minist\u00e9rio da Sa\u00fade ocorreu de 14 a 17\/4, no Centro Internacional de Conven\u00e7\u00f5es do Brasil (CICB), na capital federal, reconhecendo iniciativas e experi\u00eancias voltadas ao aprimoramento do Sistema \u00danico de Sa\u00fade (SUS).<\/p>\n\n\n\n<p>Dois trabalhos produzidos por profissionais da Diretoria de Intelig\u00eancia de Dados (DID) da Semsa, na modalidade Relato de Experi\u00eancia, foram premiados. Um deles foi \u201cEvid\u00eancias para decis\u00f5es em sa\u00fade: fortalecimento da informa\u00e7\u00e3o em sa\u00fade p\u00fablica a partir da experi\u00eancia da Secretaria Municipal de Sa\u00fade de Manaus\/AM na elabora\u00e7\u00e3o da An\u00e1lise de Situa\u00e7\u00e3o em Sa\u00fade\u201d, que ficou em 3\u00ba lugar na \u00e1rea Iniciativas para o Enfrentamento \u00e0 Desinforma\u00e7\u00e3o em Sa\u00fade P\u00fablica.<\/p>\n\n\n\n<p>Outro contemplado na Mostra Competitiva do evento foi \u201cSistema \u00c1guia: integra\u00e7\u00e3o de dados para qualifica\u00e7\u00e3o do cadastro e fortalecimento da vigil\u00e2ncia de \u00f3bitos na APS de Manaus\u201d, premiado em 3\u00ba lugar na \u00e1rea Sistemas de Informa\u00e7\u00e3o, Transforma\u00e7\u00e3o Digital e Melhoria da Qualidade das Informa\u00e7\u00f5es em Sa\u00fade.<\/p>\n\n\n\n<p>Para a titular do DID, Sanay Pedrosa, a premia\u00e7\u00e3o dos trabalhos \u00e9 um reconhecimento importante, dando valida\u00e7\u00e3o a iniciativas inovadoras desenvolvidas pela Semsa Manaus e posicionando a secretaria em n\u00edvel nacional no tocante \u00e0 qualidade dos trabalhos e dos servi\u00e7os de sa\u00fade.<\/p>\n\n\n\n<p>\u201c\u00c9 gratificante trazer pr\u00eamios para a secretaria, pois n\u00f3s trabalhamos incansavelmente para ofertar bons servi\u00e7os, que contribuam para o SUS na \u00e1rea da ci\u00eancia, da inova\u00e7\u00e3o, da tecnologia, e que possam ser conhecidos e aplicados nos servi\u00e7os da sa\u00fade em outros munic\u00edpios e estados\u201d, celebra a diretora.<\/p>\n\n\n\n<p>A chefe da Divis\u00e3o de Intelig\u00eancia Epidemiol\u00f3gica da DID, Gleina Assis, recebeu a premia\u00e7\u00e3o da ExpoEpi pelo 3\u00ba lugar na \u00e1rea Iniciativas para o Enfrentamento \u00e0 Desinforma\u00e7\u00e3o em Sa\u00fade P\u00fablica. Em seu relato, ela destacou a constru\u00e7\u00e3o da An\u00e1lise da Situa\u00e7\u00e3o da Sa\u00fade da Semsa, que envolveu t\u00e9cnicos e gestores de toda a secretaria, no ano passado, na elabora\u00e7\u00e3o de um amplo levantamento sobre a sa\u00fade no munic\u00edpio.<\/p>\n\n\n\n<p>Gleina conta que foram selecionados tr\u00eas trabalhos em cada uma das dez \u00e1reas tem\u00e1ticas da Mostra Competitiva da ExpoEpi, totalizando 30 concorrentes. \u201cDesses, dois foram da DID, e isso para n\u00f3s j\u00e1 foi motivo de comemora\u00e7\u00e3o. E participar do evento \u00e9 uma experi\u00eancia muito rica, pois al\u00e9m de se apresentar, voc\u00ea conhece experi\u00eancias do Brasil todo, de diversas localidades, da gest\u00e3o ao trabalho de ponta na sa\u00fade\u201d, diz.<\/p>\n\n\n\n<p>Tamb\u00e9m premiado na ExpoEpi, o programador de computador da Ger\u00eancia de Intelig\u00eancia de Dados da DID, Gustavo Henrique da Silva e Silva, destacou em sua apresenta\u00e7\u00e3o os resultados positivos obtidos pela Semsa na \u00e1rea da Vigil\u00e2ncia de \u00d3bitos, por meio do Sistema \u00c1guia. O sistema desenvolvido pela DID permite a corre\u00e7\u00e3o de inconsist\u00eancias nos registros do Sistema de Informa\u00e7\u00e3o sobre Mortalidade (SIM) e no Prontu\u00e1rio Eletr\u00f4nico do Cidad\u00e3o (e-SUS PEC), do Minist\u00e9rio da Sa\u00fade.<\/p>\n\n\n\n<p>Gustavo relata que participar da ExpoEpi foi marcante, tendo sido sua primeira vez na apresenta\u00e7\u00e3o de um trabalho num grande evento. \u201cFoi tudo novo para mim, gostei bastante da experi\u00eancia. Apresentar para uma grande plateia, ao lado de doutores, mestres, pessoas talvez com mais tempo de trabalho do que eu tenho de idade, foi muito incr\u00edvel. Terminamos em terceiro lugar, mas apenas ter ido ao evento para mim foi uma vit\u00f3ria\u201d, declara.<\/p>\n\n\n\n<p>Al\u00e9m da certifica\u00e7\u00e3o para os servidores, a Semsa ser\u00e1 contemplada no valor de R$ 40 mil, sendo R$ 20 mil referente a cada trabalho premiado em 3\u00ba lugar na Mostra Competitiva da ExpoEpi, na modalidade Relato de Experi\u00eancia.<\/p>\n\n\n\n<p>A Semsa teve mais dois Relatos de Experi\u00eancia selecionados na Mostra Competitiva da 18\u00aa ExpoEpi, sendo eles \u201cO monitoramento da situa\u00e7\u00e3o de sa\u00fade em \u00e1reas ind\u00edgenas de dif\u00edcil acesso durante a estiagem amaz\u00f4nica de 2024\u201d, apresentado pela enfermeira Anny Beatriz Andrade, do Distrito de Sa\u00fade Rural da Semsa; e \u201cSurto de mal\u00e1ria por&nbsp;<em>plasmodium falciparum<\/em>&nbsp;na comunidade ribeirinha Costa do Jatuarana, Rio Amazonas, na zona rural de Manaus\u201d, defendido pela&nbsp;enfermeira Patr\u00edcia Cabral e Silva, da Diretoria de Vigil\u00e2ncia Epidemiol\u00f3gica, Ambiental, Zoonoses e da Sa\u00fade do Trabalhador (Dvae).<\/p>\n\n\n\n<p><strong>Evento<\/strong><\/p>\n\n\n\n<p>A ExpoEpi \u00e9 realizada pela Secretaria de Vigil\u00e2ncia em Sa\u00fade e Ambiente do Minist\u00e9rio da Sa\u00fade (SVSA\/MS), com o objetivo de valorizar as iniciativas que contribuem para o aprimoramento das pol\u00edticas p\u00fablicas e para o fortalecimento de uma vigil\u00e2ncia em sa\u00fade mais responsiva, equitativa e resiliente.<\/p>\n\n\n\n<p>Em sua 18\u00aa edi\u00e7\u00e3o, a mostra trouxe na programa\u00e7\u00e3o reuni\u00f5es, oficinas, mesas-redondas, mostras e compartilhamento de experi\u00eancias. O evento prestou ainda homenagem a 19 personalidades e institui\u00e7\u00f5es de destaque no campo da sa\u00fade p\u00fablica, dentre elas a Funda\u00e7\u00e3o de Medicina Tropical Dr. Heitor Vieira Dourado (FMT-HVD).<\/p>\n\n\n\n<p>Al\u00e9m dos Relatos de Experi\u00eancia, a Mostra Competitiva do evento teve trabalhos em outras tr\u00eas modalidades: Trabalhos T\u00e9cnico-Cient\u00edficos, para monografias, disserta\u00e7\u00f5es, teses e trabalhos de resid\u00eancia em sa\u00fade coletiva e \u00e1reas afins; Relatos de Interven\u00e7\u00e3o Social, para movimentos sociais com atua\u00e7\u00e3o na \u00e1rea da sa\u00fade; e Pesquisas Cient\u00edficas (Mais Ci\u00eancia para o SUS), para pesquisadores vinculados a institui\u00e7\u00f5es de ensino ou pesquisa sem fins lucrativos.<\/p>\n\n\n\n<figure class=\"wp-block-image size-large\"><img loading=\"lazy\" decoding=\"async\" width=\"1024\" height=\"995\" src=\"https:\/\/www.manaus.am.gov.br\/semcom\/wp-content\/uploads\/sites\/5\/2026\/04\/SEMSA-MANAUS-Premiacao-Semsa-Expoepi-SEMSA-1-1024x995.jpeg\" alt=\"\" class=\"wp-image-257241\" srcset=\"https:\/\/www.manaus.am.gov.br\/semcom\/wp-content\/uploads\/sites\/5\/2026\/04\/SEMSA-MANAUS-Premiacao-Semsa-Expoepi-SEMSA-1-1024x995.jpeg 1024w, https:\/\/www.manaus.am.gov.br\/semcom\/wp-content\/uploads\/sites\/5\/2026\/04\/SEMSA-MANAUS-Premiacao-Semsa-Expoepi-SEMSA-1-300x292.jpeg 300w, https:\/\/www.manaus.am.gov.br\/semcom\/wp-content\/uploads\/sites\/5\/2026\/04\/SEMSA-MANAUS-Premiacao-Semsa-Expoepi-SEMSA-1-768x746.jpeg 768w, https:\/\/www.manaus.am.gov.br\/semcom\/wp-content\/uploads\/sites\/5\/2026\/04\/SEMSA-MANAUS-Premiacao-Semsa-Expoepi-SEMSA-1.jpeg 1200w\" sizes=\"(max-width: 1024px) 100vw, 1024px\" \/><figcaption class=\"wp-element-caption\">#paratodosverem &#8211; Equipe da Semsa<\/figcaption><\/figure>\n\n\n\n<p>&#8212; &#8212; &#8212;&nbsp;<\/p>\n\n\n\n<p><strong>Texto &#8211;&nbsp;<\/strong>Jony Clay Borges\/Semsa<\/p>\n\n\n\n<p><strong>Fotos &#8211;&nbsp;<\/strong>Divulga\u00e7\u00e3o\/Semsa e Laudemiro Bezerra e Zeca Miranda\/SVSA-MS<\/p>\n","protected":false},"excerpt":{"rendered":"","protected":false},"author":39,"featured_media":257240,"comment_status":"closed","ping_status":"closed","sticky":false,"template":"","format":"standard","meta":{"footnotes":""},"categories":[166],"tags":[20473,1544,9026,77,162],"acf":[],"yoast_head":"<!-- This site is optimized with the Yoast SEO plugin v23.0 - https:\/\/yoast.com\/wordpress\/plugins\/seo\/ -->\n<title>Semsa Manaus \u00e9 premiada na 18\u00aa ExpoEpi em Bras\u00edlia<\/title>\n<meta name=\"description\" content=\"Semsa \u00e9 premiada na 18\u00aa Mostra Nacional de Experi\u00eancias Bem-Sucedidas em Epidemiologia, Preven\u00e7\u00e3o e Controle de Doen\u00e7as (ExpoEpi) em Bras\u00edlia.\" \/>\n<meta name=\"robots\" content=\"index, follow, max-snippet:-1, max-image-preview:large, max-video-preview:-1\" \/>\n<link rel=\"canonical\" href=\"https:\/\/www.manaus.am.gov.br\/semcom\/semsa-premiada-18a-expoepi-brasilia\/\" \/>\n<meta property=\"og:locale\" content=\"pt_BR\" \/>\n<meta property=\"og:type\" content=\"article\" \/>\n<meta property=\"og:title\" content=\"Semsa Manaus \u00e9 premiada na 18\u00aa ExpoEpi em Bras\u00edlia\" \/>\n<meta property=\"og:description\" content=\"Semsa \u00e9 premiada na 18\u00aa Mostra Nacional de Experi\u00eancias Bem-Sucedidas em Epidemiologia, Preven\u00e7\u00e3o e Controle de Doen\u00e7as (ExpoEpi) em Bras\u00edlia.\" \/>\n<meta property=\"og:url\" content=\"https:\/\/www.manaus.am.gov.br\/semcom\/semsa-premiada-18a-expoepi-brasilia\/\" \/>\n<meta property=\"og:site_name\" content=\"SEMCOM\" \/>\n<meta property=\"article:published_time\" content=\"2026-04-23T21:25:17+00:00\" \/>\n<meta property=\"article:modified_time\" content=\"2026-04-24T16:50:01+00:00\" \/>\n<meta property=\"og:image\" content=\"https:\/\/www.manaus.am.gov.br\/semcom\/wp-content\/uploads\/sites\/5\/2026\/04\/SEMSA-MANAUS-Premiacao-Semsa-Expoepi-SEMSA-2.jpeg\" \/>\n\t<meta property=\"og:image:width\" content=\"1064\" \/>\n\t<meta property=\"og:image:height\" content=\"814\" \/>\n\t<meta property=\"og:image:type\" content=\"image\/jpeg\" \/>\n<meta name=\"author\" content=\"Bruna Greco\" \/>\n<meta name=\"twitter:card\" content=\"summary_large_image\" \/>\n<meta name=\"twitter:label1\" content=\"Written by\" \/>\n\t<meta name=\"twitter:data1\" content=\"Bruna Greco\" \/>\n\t<meta name=\"twitter:label2\" content=\"Est. reading time\" \/>\n\t<meta name=\"twitter:data2\" content=\"6 minutos\" \/>\n<script type=\"application\/ld+json\" class=\"yoast-schema-graph\">{\"@context\":\"https:\/\/schema.org\",\"@graph\":[{\"@type\":\"WebPage\",\"@id\":\"https:\/\/www.manaus.am.gov.br\/semcom\/semsa-premiada-18a-expoepi-brasilia\/\",\"url\":\"https:\/\/www.manaus.am.gov.br\/semcom\/semsa-premiada-18a-expoepi-brasilia\/\",\"name\":\"Semsa Manaus \u00e9 premiada na 18\u00aa ExpoEpi em Bras\u00edlia\",\"isPartOf\":{\"@id\":\"https:\/\/www.manaus.am.gov.br\/semcom\/#website\"},\"primaryImageOfPage\":{\"@id\":\"https:\/\/www.manaus.am.gov.br\/semcom\/semsa-premiada-18a-expoepi-brasilia\/#primaryimage\"},\"image\":{\"@id\":\"https:\/\/www.manaus.am.gov.br\/semcom\/semsa-premiada-18a-expoepi-brasilia\/#primaryimage\"},\"thumbnailUrl\":\"https:\/\/www.manaus.am.gov.br\/semcom\/wp-content\/uploads\/sites\/5\/2026\/04\/SEMSA-MANAUS-Premiacao-Semsa-Expoepi-SEMSA-2.jpeg\",\"datePublished\":\"2026-04-23T21:25:17+00:00\",\"dateModified\":\"2026-04-24T16:50:01+00:00\",\"author\":{\"@id\":\"https:\/\/www.manaus.am.gov.br\/semcom\/#\/schema\/person\/05d223aea2bf115f9883a6ff3683d81b\"},\"description\":\"Semsa \u00e9 premiada na 18\u00aa Mostra Nacional de Experi\u00eancias Bem-Sucedidas em Epidemiologia, Preven\u00e7\u00e3o e Controle de Doen\u00e7as (ExpoEpi) em Bras\u00edlia.\",\"inLanguage\":\"pt-BR\",\"potentialAction\":[{\"@type\":\"ReadAction\",\"target\":[\"https:\/\/www.manaus.am.gov.br\/semcom\/semsa-premiada-18a-expoepi-brasilia\/\"]}]},{\"@type\":\"ImageObject\",\"inLanguage\":\"pt-BR\",\"@id\":\"https:\/\/www.manaus.am.gov.br\/semcom\/semsa-premiada-18a-expoepi-brasilia\/#primaryimage\",\"url\":\"https:\/\/www.manaus.am.gov.br\/semcom\/wp-content\/uploads\/sites\/5\/2026\/04\/SEMSA-MANAUS-Premiacao-Semsa-Expoepi-SEMSA-2.jpeg\",\"contentUrl\":\"https:\/\/www.manaus.am.gov.br\/semcom\/wp-content\/uploads\/sites\/5\/2026\/04\/SEMSA-MANAUS-Premiacao-Semsa-Expoepi-SEMSA-2.jpeg\",\"width\":1064,\"height\":814,\"caption\":\"#paratodosverem - Representantes da Semsa premiados durante a 18\u00aa ExpoEpi em Bras\u00edlia\"},{\"@type\":\"WebSite\",\"@id\":\"https:\/\/www.manaus.am.gov.br\/semcom\/#website\",\"url\":\"https:\/\/www.manaus.am.gov.br\/semcom\/\",\"name\":\"SEMCOM\",\"description\":\"Secretaria Municipal de Comunica\u00e7\u00e3o\",\"potentialAction\":[{\"@type\":\"SearchAction\",\"target\":{\"@type\":\"EntryPoint\",\"urlTemplate\":\"https:\/\/www.manaus.am.gov.br\/semcom\/?s={search_term_string}\"},\"query-input\":\"required name=search_term_string\"}],\"inLanguage\":\"pt-BR\"},{\"@type\":\"Person\",\"@id\":\"https:\/\/www.manaus.am.gov.br\/semcom\/#\/schema\/person\/05d223aea2bf115f9883a6ff3683d81b\",\"name\":\"Bruna Greco\",\"image\":{\"@type\":\"ImageObject\",\"inLanguage\":\"pt-BR\",\"@id\":\"https:\/\/www.manaus.am.gov.br\/semcom\/#\/schema\/person\/image\/\",\"url\":\"https:\/\/secure.gravatar.com\/avatar\/9c877d1a6adc2a055330e5c09a8653ce?s=96&d=mm&r=g\",\"contentUrl\":\"https:\/\/secure.gravatar.com\/avatar\/9c877d1a6adc2a055330e5c09a8653ce?s=96&d=mm&r=g\",\"caption\":\"Bruna Greco\"}}]}<\/script>\n<!-- \/ Yoast SEO plugin. -->","yoast_head_json":{"title":"Semsa Manaus \u00e9 premiada na 18\u00aa ExpoEpi em Bras\u00edlia","description":"Semsa \u00e9 premiada na 18\u00aa Mostra Nacional de Experi\u00eancias Bem-Sucedidas em Epidemiologia, Preven\u00e7\u00e3o e Controle de Doen\u00e7as (ExpoEpi) em Bras\u00edlia.","robots":{"index":"index","follow":"follow","max-snippet":"max-snippet:-1","max-image-preview":"max-image-preview:large","max-video-preview":"max-video-preview:-1"},"canonical":"https:\/\/www.manaus.am.gov.br\/semcom\/semsa-premiada-18a-expoepi-brasilia\/","og_locale":"pt_BR","og_type":"article","og_title":"Semsa Manaus \u00e9 premiada na 18\u00aa ExpoEpi em Bras\u00edlia","og_description":"Semsa \u00e9 premiada na 18\u00aa Mostra Nacional de Experi\u00eancias Bem-Sucedidas em Epidemiologia, Preven\u00e7\u00e3o e Controle de Doen\u00e7as (ExpoEpi) em Bras\u00edlia.","og_url":"https:\/\/www.manaus.am.gov.br\/semcom\/semsa-premiada-18a-expoepi-brasilia\/","og_site_name":"SEMCOM","article_published_time":"2026-04-23T21:25:17+00:00","article_modified_time":"2026-04-24T16:50:01+00:00","og_image":[{"width":1064,"height":814,"url":"https:\/\/www.manaus.am.gov.br\/semcom\/wp-content\/uploads\/sites\/5\/2026\/04\/SEMSA-MANAUS-Premiacao-Semsa-Expoepi-SEMSA-2.jpeg","type":"image\/jpeg"}],"author":"Bruna Greco","twitter_card":"summary_large_image","twitter_misc":{"Written by":"Bruna Greco","Est. reading time":"6 minutos"},"schema":{"@context":"https:\/\/schema.org","@graph":[{"@type":"WebPage","@id":"https:\/\/www.manaus.am.gov.br\/semcom\/semsa-premiada-18a-expoepi-brasilia\/","url":"https:\/\/www.manaus.am.gov.br\/semcom\/semsa-premiada-18a-expoepi-brasilia\/","name":"Semsa Manaus \u00e9 premiada na 18\u00aa ExpoEpi em Bras\u00edlia","isPartOf":{"@id":"https:\/\/www.manaus.am.gov.br\/semcom\/#website"},"primaryImageOfPage":{"@id":"https:\/\/www.manaus.am.gov.br\/semcom\/semsa-premiada-18a-expoepi-brasilia\/#primaryimage"},"image":{"@id":"https:\/\/www.manaus.am.gov.br\/semcom\/semsa-premiada-18a-expoepi-brasilia\/#primaryimage"},"thumbnailUrl":"https:\/\/www.manaus.am.gov.br\/semcom\/wp-content\/uploads\/sites\/5\/2026\/04\/SEMSA-MANAUS-Premiacao-Semsa-Expoepi-SEMSA-2.jpeg","datePublished":"2026-04-23T21:25:17+00:00","dateModified":"2026-04-24T16:50:01+00:00","author":{"@id":"https:\/\/www.manaus.am.gov.br\/semcom\/#\/schema\/person\/05d223aea2bf115f9883a6ff3683d81b"},"description":"Semsa \u00e9 premiada na 18\u00aa Mostra Nacional de Experi\u00eancias Bem-Sucedidas em Epidemiologia, Preven\u00e7\u00e3o e Controle de Doen\u00e7as (ExpoEpi) em Bras\u00edlia.","inLanguage":"pt-BR","potentialAction":[{"@type":"ReadAction","target":["https:\/\/www.manaus.am.gov.br\/semcom\/semsa-premiada-18a-expoepi-brasilia\/"]}]},{"@type":"ImageObject","inLanguage":"pt-BR","@id":"https:\/\/www.manaus.am.gov.br\/semcom\/semsa-premiada-18a-expoepi-brasilia\/#primaryimage","url":"https:\/\/www.manaus.am.gov.br\/semcom\/wp-content\/uploads\/sites\/5\/2026\/04\/SEMSA-MANAUS-Premiacao-Semsa-Expoepi-SEMSA-2.jpeg","contentUrl":"https:\/\/www.manaus.am.gov.br\/semcom\/wp-content\/uploads\/sites\/5\/2026\/04\/SEMSA-MANAUS-Premiacao-Semsa-Expoepi-SEMSA-2.jpeg","width":1064,"height":814,"caption":"#paratodosverem - Representantes da Semsa premiados durante a 18\u00aa ExpoEpi em Bras\u00edlia"},{"@type":"WebSite","@id":"https:\/\/www.manaus.am.gov.br\/semcom\/#website","url":"https:\/\/www.manaus.am.gov.br\/semcom\/","name":"SEMCOM","description":"Secretaria Municipal de Comunica\u00e7\u00e3o","potentialAction":[{"@type":"SearchAction","target":{"@type":"EntryPoint","urlTemplate":"https:\/\/www.manaus.am.gov.br\/semcom\/?s={search_term_string}"},"query-input":"required name=search_term_string"}],"inLanguage":"pt-BR"},{"@type":"Person","@id":"https:\/\/www.manaus.am.gov.br\/semcom\/#\/schema\/person\/05d223aea2bf115f9883a6ff3683d81b","name":"Bruna Greco","image":{"@type":"ImageObject","inLanguage":"pt-BR","@id":"https:\/\/www.manaus.am.gov.br\/semcom\/#\/schema\/person\/image\/","url":"https:\/\/secure.gravatar.com\/avatar\/9c877d1a6adc2a055330e5c09a8653ce?s=96&d=mm&r=g","contentUrl":"https:\/\/secure.gravatar.com\/avatar\/9c877d1a6adc2a055330e5c09a8653ce?s=96&d=mm&r=g","caption":"Bruna Greco"}}]}},"_links":{"self":[{"href":"https:\/\/www.manaus.am.gov.br\/semcom\/wp-json\/wp\/v2\/posts\/257239"}],"collection":[{"href":"https:\/\/www.manaus.am.gov.br\/semcom\/wp-json\/wp\/v2\/posts"}],"about":[{"href":"https:\/\/www.manaus.am.gov.br\/semcom\/wp-json\/wp\/v2\/types\/post"}],"author":[{"embeddable":true,"href":"https:\/\/www.manaus.am.gov.br\/semcom\/wp-json\/wp\/v2\/users\/39"}],"replies":[{"embeddable":true,"href":"https:\/\/www.manaus.am.gov.br\/semcom\/wp-json\/wp\/v2\/comments?post=257239"}],"version-history":[{"count":3,"href":"https:\/\/www.manaus.am.gov.br\/semcom\/wp-json\/wp\/v2\/posts\/257239\/revisions"}],"predecessor-version":[{"id":257303,"href":"https:\/\/www.manaus.am.gov.br\/semcom\/wp-json\/wp\/v2\/posts\/257239\/revisions\/257303"}],"wp:featuredmedia":[{"embeddable":true,"href":"https:\/\/www.manaus.am.gov.br\/semcom\/wp-json\/wp\/v2\/media\/257240"}],"wp:attachment":[{"href":"https:\/\/www.manaus.am.gov.br\/semcom\/wp-json\/wp\/v2\/media?parent=257239"}],"wp:term":[{"taxonomy":"category","embeddable":true,"href":"https:\/\/www.manaus.am.gov.br\/semcom\/wp-json\/wp\/v2\/categories?post=257239"},{"taxonomy":"post_tag","embeddable":true,"href":"https:\/\/www.manaus.am.gov.br\/semcom\/wp-json\/wp\/v2\/tags?post=257239"}],"curies":[{"name":"wp","href":"https:\/\/api.w.org\/{rel}","templated":true}]}}