{"id":257237,"date":"2026-04-23T18:13:29","date_gmt":"2026-04-23T21:13:29","guid":{"rendered":"https:\/\/www.manaus.am.gov.br\/semcom\/parceria-com-grupo-de-escoteiros-do-brasil\/"},"modified":"2026-04-24T13:48:03","modified_gmt":"2026-04-24T16:48:03","slug":"parceria-com-grupo-de-escoteiros-do-brasil","status":"publish","type":"post","link":"https:\/\/www.manaus.am.gov.br\/semcom\/parceria-com-grupo-de-escoteiros-do-brasil\/","title":{"rendered":"Prefeitura de Manaus firma parceria com Grupo de Escoteiros do Brasil para atua\u00e7\u00e3o no parque do Mindu"},"content":{"rendered":"\n<p>A <a href=\"https:\/\/www.manaus.am.gov.br\/\">Prefeitura de Manaus<\/a>, por meio da <a href=\"https:\/\/www.instagram.com\/semmas.manaus\/\">Secretaria Municipal de Meio Ambiente e Sustentabilidade<\/a> (Semmas), firmou, nesta quinta-feira, 23\/4, Dia do Escoteiro, um acordo de coopera\u00e7\u00e3o t\u00e9cnica com a Uni\u00e3o dos Escoteiros do Brasil &#8211; Regi\u00e3o Escoteira do Amazonas, para a pr\u00e1tica de atividades de educa\u00e7\u00e3o ambiental pelo Grupo de Escoteiros \u00c1gape, no parque do Mindu, localizado no bairro Parque 10 de Novembro, zona Centro-Sul da capital.\u00a0<\/p>\n\n\n\n<p>A iniciativa visa a promo\u00e7\u00e3o de atividades l\u00fadicas que permitam a sensibiliza\u00e7\u00e3o para a prote\u00e7\u00e3o de esp\u00e9cies nativas, como o Sauim-de-Coleira, transformando os participantes em agentes ativos na preserva\u00e7\u00e3o do ecossistema urbano de Manaus.<\/p>\n\n\n\n<p>&#8220;A Prefeitura de Manaus, na gest\u00e3o do prefeito Renato Junior, vem lan\u00e7ando projetos in\u00e9ditos na cidade, como a Escola da Natureza, que est\u00e1 sendo implantada no parque do Mindu, onde teremos um espa\u00e7o imersivo, com uso de tecnologias, envolvendo os visitantes na tem\u00e1tica da preserva\u00e7\u00e3o ambiental. Contar com o escotismo em nossas atividades s\u00f3 agrega ao nosso prop\u00f3sito de zelar pelo meio ambiente&#8221;, destacou o secret\u00e1rio da Semmas, Fransu\u00e1 Matos.<\/p>\n\n\n\n<p>O Grupo Escoteiro \u00c1gape \u00e9 composto por 70 integrantes, entre crian\u00e7as e adultos, que j\u00e1 participam da agenda ambiental da Prefeitura de Manaus. Com a formaliza\u00e7\u00e3o, as atividades ser\u00e3o ampliadas.<\/p>\n\n\n\n<p>&#8220;O parque do Mindu \u00e9 um ambiente fant\u00e1stico para o nosso trabalho com as crian\u00e7as. Estamos muito felizes por essa parceria e vamos ampliar nossas a\u00e7\u00f5es, com os mutir\u00f5es e atividades para estimular a consci\u00eancia ambiental&#8221;, afirmou o diretor administrativo do Grupo de Escoteiros \u00c1gape, Yves Mavignier.<\/p>\n\n\n\n<p>\u2014&#8211; \u2014&#8211; \u2014-&nbsp;<br><strong>Texto \u2013 <\/strong>Taianna Castro \/ Semmas<br><strong>Fotos \u2013<\/strong> Linconl Fontenelle e Taianna Castro \/ Semmas&nbsp;<\/p>\n","protected":false},"excerpt":{"rendered":"","protected":false},"author":68,"featured_media":257238,"comment_status":"closed","ping_status":"closed","sticky":false,"template":"","format":"standard","meta":{"footnotes":""},"categories":[2466],"tags":[20471,20472,77,7385,19],"acf":[],"yoast_head":"<!-- This site is optimized with the Yoast SEO plugin v23.0 - https:\/\/yoast.com\/wordpress\/plugins\/seo\/ -->\n<title>Prefeitura firma parceria com Grupo de Escoteiros do Brasil<\/title>\n<meta name=\"description\" content=\"A Prefeitura de Manaus, firmou, nesta quinta-feira, Dia do Escoteiro, um acordo de coopera\u00e7\u00e3o t\u00e9cnica com a Uni\u00e3o dos Escoteiros do Brasil.\" \/>\n<meta name=\"robots\" content=\"index, follow, max-snippet:-1, max-image-preview:large, max-video-preview:-1\" \/>\n<link rel=\"canonical\" href=\"https:\/\/www.manaus.am.gov.br\/semcom\/parceria-com-grupo-de-escoteiros-do-brasil\/\" \/>\n<meta property=\"og:locale\" content=\"pt_BR\" \/>\n<meta property=\"og:type\" content=\"article\" \/>\n<meta property=\"og:title\" content=\"Prefeitura firma parceria com Grupo de Escoteiros do Brasil\" \/>\n<meta property=\"og:description\" content=\"A Prefeitura de Manaus, firmou, nesta quinta-feira, Dia do Escoteiro, um acordo de coopera\u00e7\u00e3o t\u00e9cnica com a Uni\u00e3o dos Escoteiros do Brasil.\" \/>\n<meta property=\"og:url\" content=\"https:\/\/www.manaus.am.gov.br\/semcom\/parceria-com-grupo-de-escoteiros-do-brasil\/\" \/>\n<meta property=\"og:site_name\" content=\"SEMCOM\" \/>\n<meta property=\"article:published_time\" content=\"2026-04-23T21:13:29+00:00\" \/>\n<meta property=\"article:modified_time\" content=\"2026-04-24T16:48:03+00:00\" \/>\n<meta property=\"og:image\" content=\"https:\/\/www.manaus.am.gov.br\/semcom\/wp-content\/uploads\/sites\/5\/2026\/04\/Prefeitura-de-Manaus-firma-parceria-com-Grupo-de-Escoteiros-do-Brasil-para-atuacao-no-Parque-do-Mindu-3-rotated.jpg\" \/>\n\t<meta property=\"og:image:width\" content=\"1600\" \/>\n\t<meta property=\"og:image:height\" content=\"1200\" \/>\n\t<meta property=\"og:image:type\" content=\"image\/jpeg\" \/>\n<meta name=\"author\" content=\"bvalente\" \/>\n<meta name=\"twitter:card\" content=\"summary_large_image\" \/>\n<meta name=\"twitter:label1\" content=\"Written by\" \/>\n\t<meta name=\"twitter:data1\" content=\"bvalente\" \/>\n\t<meta name=\"twitter:label2\" content=\"Est. reading time\" \/>\n\t<meta name=\"twitter:data2\" content=\"2 minutos\" \/>\n<script type=\"application\/ld+json\" class=\"yoast-schema-graph\">{\"@context\":\"https:\/\/schema.org\",\"@graph\":[{\"@type\":\"WebPage\",\"@id\":\"https:\/\/www.manaus.am.gov.br\/semcom\/parceria-com-grupo-de-escoteiros-do-brasil\/\",\"url\":\"https:\/\/www.manaus.am.gov.br\/semcom\/parceria-com-grupo-de-escoteiros-do-brasil\/\",\"name\":\"Prefeitura firma parceria com Grupo de Escoteiros do Brasil\",\"isPartOf\":{\"@id\":\"https:\/\/www.manaus.am.gov.br\/semcom\/#website\"},\"primaryImageOfPage\":{\"@id\":\"https:\/\/www.manaus.am.gov.br\/semcom\/parceria-com-grupo-de-escoteiros-do-brasil\/#primaryimage\"},\"image\":{\"@id\":\"https:\/\/www.manaus.am.gov.br\/semcom\/parceria-com-grupo-de-escoteiros-do-brasil\/#primaryimage\"},\"thumbnailUrl\":\"https:\/\/www.manaus.am.gov.br\/semcom\/wp-content\/uploads\/sites\/5\/2026\/04\/Prefeitura-de-Manaus-firma-parceria-com-Grupo-de-Escoteiros-do-Brasil-para-atuacao-no-Parque-do-Mindu-3-rotated.jpg\",\"datePublished\":\"2026-04-23T21:13:29+00:00\",\"dateModified\":\"2026-04-24T16:48:03+00:00\",\"author\":{\"@id\":\"https:\/\/www.manaus.am.gov.br\/semcom\/#\/schema\/person\/466a0e03ae4b6062809046bd560ac955\"},\"description\":\"A Prefeitura de Manaus, firmou, nesta quinta-feira, Dia do Escoteiro, um acordo de coopera\u00e7\u00e3o t\u00e9cnica com a Uni\u00e3o dos Escoteiros do Brasil.\",\"inLanguage\":\"pt-BR\",\"potentialAction\":[{\"@type\":\"ReadAction\",\"target\":[\"https:\/\/www.manaus.am.gov.br\/semcom\/parceria-com-grupo-de-escoteiros-do-brasil\/\"]}]},{\"@type\":\"ImageObject\",\"inLanguage\":\"pt-BR\",\"@id\":\"https:\/\/www.manaus.am.gov.br\/semcom\/parceria-com-grupo-de-escoteiros-do-brasil\/#primaryimage\",\"url\":\"https:\/\/www.manaus.am.gov.br\/semcom\/wp-content\/uploads\/sites\/5\/2026\/04\/Prefeitura-de-Manaus-firma-parceria-com-Grupo-de-Escoteiros-do-Brasil-para-atuacao-no-Parque-do-Mindu-3-rotated.jpg\",\"contentUrl\":\"https:\/\/www.manaus.am.gov.br\/semcom\/wp-content\/uploads\/sites\/5\/2026\/04\/Prefeitura-de-Manaus-firma-parceria-com-Grupo-de-Escoteiros-do-Brasil-para-atuacao-no-Parque-do-Mindu-3-rotated.jpg\",\"width\":1600,\"height\":1200,\"caption\":\"#paratodosverem - Membros do Grupo de Escoteiros \u00c1gape\"},{\"@type\":\"WebSite\",\"@id\":\"https:\/\/www.manaus.am.gov.br\/semcom\/#website\",\"url\":\"https:\/\/www.manaus.am.gov.br\/semcom\/\",\"name\":\"SEMCOM\",\"description\":\"Secretaria Municipal de Comunica\u00e7\u00e3o\",\"potentialAction\":[{\"@type\":\"SearchAction\",\"target\":{\"@type\":\"EntryPoint\",\"urlTemplate\":\"https:\/\/www.manaus.am.gov.br\/semcom\/?s={search_term_string}\"},\"query-input\":\"required name=search_term_string\"}],\"inLanguage\":\"pt-BR\"},{\"@type\":\"Person\",\"@id\":\"https:\/\/www.manaus.am.gov.br\/semcom\/#\/schema\/person\/466a0e03ae4b6062809046bd560ac955\",\"name\":\"bvalente\",\"image\":{\"@type\":\"ImageObject\",\"inLanguage\":\"pt-BR\",\"@id\":\"https:\/\/www.manaus.am.gov.br\/semcom\/#\/schema\/person\/image\/\",\"url\":\"https:\/\/secure.gravatar.com\/avatar\/3e69bc2b014bdad41adfec3a39de07d2?s=96&d=mm&r=g\",\"contentUrl\":\"https:\/\/secure.gravatar.com\/avatar\/3e69bc2b014bdad41adfec3a39de07d2?s=96&d=mm&r=g\",\"caption\":\"bvalente\"}}]}<\/script>\n<!-- \/ Yoast SEO plugin. -->","yoast_head_json":{"title":"Prefeitura firma parceria com Grupo de Escoteiros do Brasil","description":"A Prefeitura de Manaus, firmou, nesta quinta-feira, Dia do Escoteiro, um acordo de coopera\u00e7\u00e3o t\u00e9cnica com a Uni\u00e3o dos Escoteiros do Brasil.","robots":{"index":"index","follow":"follow","max-snippet":"max-snippet:-1","max-image-preview":"max-image-preview:large","max-video-preview":"max-video-preview:-1"},"canonical":"https:\/\/www.manaus.am.gov.br\/semcom\/parceria-com-grupo-de-escoteiros-do-brasil\/","og_locale":"pt_BR","og_type":"article","og_title":"Prefeitura firma parceria com Grupo de Escoteiros do Brasil","og_description":"A Prefeitura de Manaus, firmou, nesta quinta-feira, Dia do Escoteiro, um acordo de coopera\u00e7\u00e3o t\u00e9cnica com a Uni\u00e3o dos Escoteiros do Brasil.","og_url":"https:\/\/www.manaus.am.gov.br\/semcom\/parceria-com-grupo-de-escoteiros-do-brasil\/","og_site_name":"SEMCOM","article_published_time":"2026-04-23T21:13:29+00:00","article_modified_time":"2026-04-24T16:48:03+00:00","og_image":[{"width":1600,"height":1200,"url":"https:\/\/www.manaus.am.gov.br\/semcom\/wp-content\/uploads\/sites\/5\/2026\/04\/Prefeitura-de-Manaus-firma-parceria-com-Grupo-de-Escoteiros-do-Brasil-para-atuacao-no-Parque-do-Mindu-3-rotated.jpg","type":"image\/jpeg"}],"author":"bvalente","twitter_card":"summary_large_image","twitter_misc":{"Written by":"bvalente","Est. reading time":"2 minutos"},"schema":{"@context":"https:\/\/schema.org","@graph":[{"@type":"WebPage","@id":"https:\/\/www.manaus.am.gov.br\/semcom\/parceria-com-grupo-de-escoteiros-do-brasil\/","url":"https:\/\/www.manaus.am.gov.br\/semcom\/parceria-com-grupo-de-escoteiros-do-brasil\/","name":"Prefeitura firma parceria com Grupo de Escoteiros do Brasil","isPartOf":{"@id":"https:\/\/www.manaus.am.gov.br\/semcom\/#website"},"primaryImageOfPage":{"@id":"https:\/\/www.manaus.am.gov.br\/semcom\/parceria-com-grupo-de-escoteiros-do-brasil\/#primaryimage"},"image":{"@id":"https:\/\/www.manaus.am.gov.br\/semcom\/parceria-com-grupo-de-escoteiros-do-brasil\/#primaryimage"},"thumbnailUrl":"https:\/\/www.manaus.am.gov.br\/semcom\/wp-content\/uploads\/sites\/5\/2026\/04\/Prefeitura-de-Manaus-firma-parceria-com-Grupo-de-Escoteiros-do-Brasil-para-atuacao-no-Parque-do-Mindu-3-rotated.jpg","datePublished":"2026-04-23T21:13:29+00:00","dateModified":"2026-04-24T16:48:03+00:00","author":{"@id":"https:\/\/www.manaus.am.gov.br\/semcom\/#\/schema\/person\/466a0e03ae4b6062809046bd560ac955"},"description":"A Prefeitura de Manaus, firmou, nesta quinta-feira, Dia do Escoteiro, um acordo de coopera\u00e7\u00e3o t\u00e9cnica com a Uni\u00e3o dos Escoteiros do Brasil.","inLanguage":"pt-BR","potentialAction":[{"@type":"ReadAction","target":["https:\/\/www.manaus.am.gov.br\/semcom\/parceria-com-grupo-de-escoteiros-do-brasil\/"]}]},{"@type":"ImageObject","inLanguage":"pt-BR","@id":"https:\/\/www.manaus.am.gov.br\/semcom\/parceria-com-grupo-de-escoteiros-do-brasil\/#primaryimage","url":"https:\/\/www.manaus.am.gov.br\/semcom\/wp-content\/uploads\/sites\/5\/2026\/04\/Prefeitura-de-Manaus-firma-parceria-com-Grupo-de-Escoteiros-do-Brasil-para-atuacao-no-Parque-do-Mindu-3-rotated.jpg","contentUrl":"https:\/\/www.manaus.am.gov.br\/semcom\/wp-content\/uploads\/sites\/5\/2026\/04\/Prefeitura-de-Manaus-firma-parceria-com-Grupo-de-Escoteiros-do-Brasil-para-atuacao-no-Parque-do-Mindu-3-rotated.jpg","width":1600,"height":1200,"caption":"#paratodosverem - Membros do Grupo de Escoteiros \u00c1gape"},{"@type":"WebSite","@id":"https:\/\/www.manaus.am.gov.br\/semcom\/#website","url":"https:\/\/www.manaus.am.gov.br\/semcom\/","name":"SEMCOM","description":"Secretaria Municipal de Comunica\u00e7\u00e3o","potentialAction":[{"@type":"SearchAction","target":{"@type":"EntryPoint","urlTemplate":"https:\/\/www.manaus.am.gov.br\/semcom\/?s={search_term_string}"},"query-input":"required name=search_term_string"}],"inLanguage":"pt-BR"},{"@type":"Person","@id":"https:\/\/www.manaus.am.gov.br\/semcom\/#\/schema\/person\/466a0e03ae4b6062809046bd560ac955","name":"bvalente","image":{"@type":"ImageObject","inLanguage":"pt-BR","@id":"https:\/\/www.manaus.am.gov.br\/semcom\/#\/schema\/person\/image\/","url":"https:\/\/secure.gravatar.com\/avatar\/3e69bc2b014bdad41adfec3a39de07d2?s=96&d=mm&r=g","contentUrl":"https:\/\/secure.gravatar.com\/avatar\/3e69bc2b014bdad41adfec3a39de07d2?s=96&d=mm&r=g","caption":"bvalente"}}]}},"_links":{"self":[{"href":"https:\/\/www.manaus.am.gov.br\/semcom\/wp-json\/wp\/v2\/posts\/257237"}],"collection":[{"href":"https:\/\/www.manaus.am.gov.br\/semcom\/wp-json\/wp\/v2\/posts"}],"about":[{"href":"https:\/\/www.manaus.am.gov.br\/semcom\/wp-json\/wp\/v2\/types\/post"}],"author":[{"embeddable":true,"href":"https:\/\/www.manaus.am.gov.br\/semcom\/wp-json\/wp\/v2\/users\/68"}],"replies":[{"embeddable":true,"href":"https:\/\/www.manaus.am.gov.br\/semcom\/wp-json\/wp\/v2\/comments?post=257237"}],"version-history":[{"count":1,"href":"https:\/\/www.manaus.am.gov.br\/semcom\/wp-json\/wp\/v2\/posts\/257237\/revisions"}],"predecessor-version":[{"id":257301,"href":"https:\/\/www.manaus.am.gov.br\/semcom\/wp-json\/wp\/v2\/posts\/257237\/revisions\/257301"}],"wp:featuredmedia":[{"embeddable":true,"href":"https:\/\/www.manaus.am.gov.br\/semcom\/wp-json\/wp\/v2\/media\/257238"}],"wp:attachment":[{"href":"https:\/\/www.manaus.am.gov.br\/semcom\/wp-json\/wp\/v2\/media?parent=257237"}],"wp:term":[{"taxonomy":"category","embeddable":true,"href":"https:\/\/www.manaus.am.gov.br\/semcom\/wp-json\/wp\/v2\/categories?post=257237"},{"taxonomy":"post_tag","embeddable":true,"href":"https:\/\/www.manaus.am.gov.br\/semcom\/wp-json\/wp\/v2\/tags?post=257237"}],"curies":[{"name":"wp","href":"https:\/\/api.w.org\/{rel}","templated":true}]}}