{"id":257211,"date":"2026-04-23T15:48:54","date_gmt":"2026-04-23T18:48:54","guid":{"rendered":"https:\/\/www.manaus.am.gov.br\/semcom\/prefeitura-semasc-aulasnopop\/"},"modified":"2026-04-23T16:59:17","modified_gmt":"2026-04-23T19:59:17","slug":"prefeitura-semasc-eja-aulasnopop","status":"publish","type":"post","link":"https:\/\/www.manaus.am.gov.br\/semcom\/prefeitura-semasc-eja-aulasnopop\/","title":{"rendered":"Prefeitura de Manaus fortalece inclus\u00e3o\u00a0social\u00a0com aulas da EJA no complexo POP"},"content":{"rendered":"\n<p>Com o objetivo de promover novos conhecimentos, qualifica\u00e7\u00e3o e dignidade \u00e0 popula\u00e7\u00e3o em situa\u00e7\u00e3o de rua e em extrema vulnerabilidade social, a <a href=\"https:\/\/www.manaus.am.gov.br\/\">Prefeitura de Manaus<\/a>, por meio da <a href=\"https:\/\/www.instagram.com\/semasc_manaus\/\">Secretaria Municipal da Mulher, Assist\u00eancia Social e Cidadania<\/a> (Semasc), oferece, no complexo Pop, acesso \u00e0 Educa\u00e7\u00e3o de Jovens e Adultos (EJA).<\/p>\n\n\n\n<p>O espa\u00e7o \u00e9 composto pelo Centro Pop, Centro de Atendimento e Desenvolvimento Social (Cads) e pela Casa de Passagem Padre Orlando Barbosa, localizado na avenida Joaquim Nabuco, no centro de Manaus.<\/p>\n\n\n\n<p>Como forma de contribuir para a retomada das hist\u00f3rias de vida dos acolhidos, o retorno \u00e0 sala de aula, por meio da EJA, contempla o ensino do 1\u00ba ao 5\u00ba ano, com abordagem did\u00e1tica voltada \u00e0 leitura e \u00e0 escrita. A iniciativa integra o conjunto de a\u00e7\u00f5es voltadas \u00e0 sa\u00edda das ruas e \u00e0 reinser\u00e7\u00e3o social.<\/p>\n\n\n\n<p>Durante visita t\u00e9cnica realizada na manh\u00e3 desta quinta-feira, 23\/4, o secret\u00e1rio da Semasc, Wanderson Costa, acompanhou de perto as atividades desenvolvidas no local e destacou a import\u00e2ncia da iniciativa.<\/p>\n\n\n\n<p>\u201cA educa\u00e7\u00e3o \u00e9 uma ferramenta essencial para transformar realidades e reconstruir trajet\u00f3rias. A oferta da EJA no complexo Pop vai al\u00e9m do ensino: representa dignidade, oportunidade e um novo come\u00e7o para pessoas em situa\u00e7\u00e3o de vulnerabilidade. Seguimos trabalhando de forma humanizada, por determina\u00e7\u00e3o do prefeito Renato Junior, fortalecendo parcerias e ampliando projetos que contribuam diretamente para a reinser\u00e7\u00e3o social e o desenvolvimento dos nossos acolhidos\u201d.<\/p>\n\n\n\n<p>A coordenadora do Cads, N\u00edvia Abrah\u00e3o, destacou o papel das atividades de ensino-aprendizagem no processo de reintegra\u00e7\u00e3o social desenvolvido na unidade. \u201cA import\u00e2ncia da EJA para a popula\u00e7\u00e3o em situa\u00e7\u00e3o de rua \u00e9 possibilitar a retomada de uma trajet\u00f3ria que foi interrompida e, com isso, abrir caminhos para novas oportunidades de emprego, continuidade dos estudos e at\u00e9 mesmo o fortalecimento da autoconfian\u00e7a\u201d, afirmou.<\/p>\n\n\n\n<p>Professora da Secretaria Municipal de Educa\u00e7\u00e3o (Semed), com mais de 20 anos de atua\u00e7\u00e3o na EJA e, atualmente, no complexo POP, Daniele Mafra ressalta os desafios e a import\u00e2ncia do trabalho desenvolvido com os acolhidos.<\/p>\n\n\n\n<p>\u201cEncaro esse desafio com muita honra e aprendo todos os dias com meus alunos, ao mesmo tempo em que contribuo com suas viv\u00eancias. Eles est\u00e3o prontos para aprender nessa nova etapa, e esse projeto certamente ter\u00e1 um impacto significativo em suas vidas\u201d, destacou.<\/p>\n\n\n\n<p>O acolhido L.A.P. comenta que a oportunidade de participar das aulas representa um passo importante para a reconstru\u00e7\u00e3o de sua trajet\u00f3ria, contribuindo diretamente para seu desenvolvimento pessoal e ampliando suas perspectivas de futuro. \u201cAqui, temos v\u00e1rias oportunidades, inclusive para concluir nossos estudos. Isso tem nos ajudado a aprender a ler e escrever, e ficamos muito felizes com isso\u201d, finalizou.<\/p>\n\n\n\n<p>Dessa forma, a Prefeitura de Manaus segue atuando junto \u00e0 popula\u00e7\u00e3o em situa\u00e7\u00e3o de rua e em vulnerabilidade social na capital amazonense, promovendo a transforma\u00e7\u00e3o de realidades por meio de capacita\u00e7\u00e3o, encaminhamentos e acolhimento.<\/p>\n\n\n\n<p>&#8212; &#8212; &#8212;<\/p>\n\n\n\n<p><strong>Texto<\/strong> &#8211;&nbsp;Lucas Batista \/ Semasc<\/p>\n\n\n\n<p><strong>Fotos<\/strong> &#8211;&nbsp;Diego Lima \/ Semasc<\/p>\n","protected":false},"excerpt":{"rendered":"","protected":false},"author":23,"featured_media":257212,"comment_status":"closed","ping_status":"closed","sticky":false,"template":"","format":"standard","meta":{"footnotes":""},"categories":[1147],"tags":[1149,5907,168,77],"acf":[],"yoast_head":"<!-- This site is optimized with the Yoast SEO plugin v23.0 - https:\/\/yoast.com\/wordpress\/plugins\/seo\/ -->\n<title>Prefeitura de Manaus fortalece inclus\u00e3o social com aulas da EJA no complexo POP<\/title>\n<meta name=\"robots\" content=\"index, follow, max-snippet:-1, max-image-preview:large, max-video-preview:-1\" \/>\n<link rel=\"canonical\" href=\"https:\/\/www.manaus.am.gov.br\/semcom\/prefeitura-semasc-aulasnopop\/\" \/>\n<meta property=\"og:locale\" content=\"pt_BR\" \/>\n<meta property=\"og:type\" content=\"article\" \/>\n<meta property=\"og:title\" content=\"Prefeitura de Manaus fortalece inclus\u00e3o social com aulas da EJA no complexo POP\" \/>\n<meta property=\"og:url\" content=\"https:\/\/www.manaus.am.gov.br\/semcom\/prefeitura-semasc-aulasnopop\/\" \/>\n<meta property=\"og:site_name\" content=\"SEMCOM\" \/>\n<meta property=\"article:published_time\" content=\"2026-04-23T18:48:54+00:00\" \/>\n<meta property=\"article:modified_time\" content=\"2026-04-23T19:59:17+00:00\" \/>\n<meta property=\"og:image\" content=\"https:\/\/www.manaus.am.gov.br\/semcom\/wp-content\/uploads\/sites\/5\/2026\/04\/WhatsApp-Image-2026-04-23-at-14.44.54.jpeg\" \/>\n\t<meta property=\"og:image:width\" content=\"1600\" \/>\n\t<meta property=\"og:image:height\" content=\"1066\" \/>\n\t<meta property=\"og:image:type\" content=\"image\/jpeg\" \/>\n<meta name=\"author\" content=\"Adriana Costa\" \/>\n<meta name=\"twitter:card\" content=\"summary_large_image\" \/>\n<meta name=\"twitter:label1\" content=\"Written by\" \/>\n\t<meta name=\"twitter:data1\" content=\"Adriana Costa\" \/>\n\t<meta name=\"twitter:label2\" content=\"Est. reading time\" \/>\n\t<meta name=\"twitter:data2\" content=\"3 minutos\" \/>\n<script type=\"application\/ld+json\" class=\"yoast-schema-graph\">{\"@context\":\"https:\/\/schema.org\",\"@graph\":[{\"@type\":\"WebPage\",\"@id\":\"https:\/\/www.manaus.am.gov.br\/semcom\/prefeitura-semasc-aulasnopop\/\",\"url\":\"https:\/\/www.manaus.am.gov.br\/semcom\/prefeitura-semasc-aulasnopop\/\",\"name\":\"Prefeitura de Manaus fortalece inclus\u00e3o social com aulas da EJA no complexo POP\",\"isPartOf\":{\"@id\":\"https:\/\/www.manaus.am.gov.br\/semcom\/#website\"},\"primaryImageOfPage\":{\"@id\":\"https:\/\/www.manaus.am.gov.br\/semcom\/prefeitura-semasc-aulasnopop\/#primaryimage\"},\"image\":{\"@id\":\"https:\/\/www.manaus.am.gov.br\/semcom\/prefeitura-semasc-aulasnopop\/#primaryimage\"},\"thumbnailUrl\":\"https:\/\/www.manaus.am.gov.br\/semcom\/wp-content\/uploads\/sites\/5\/2026\/04\/WhatsApp-Image-2026-04-23-at-14.44.54.jpeg\",\"datePublished\":\"2026-04-23T18:48:54+00:00\",\"dateModified\":\"2026-04-23T19:59:17+00:00\",\"author\":{\"@id\":\"https:\/\/www.manaus.am.gov.br\/semcom\/#\/schema\/person\/4e49f4e267757a06ca072ec61b2b9968\"},\"inLanguage\":\"pt-BR\",\"potentialAction\":[{\"@type\":\"ReadAction\",\"target\":[\"https:\/\/www.manaus.am.gov.br\/semcom\/prefeitura-semasc-aulasnopop\/\"]}]},{\"@type\":\"ImageObject\",\"inLanguage\":\"pt-BR\",\"@id\":\"https:\/\/www.manaus.am.gov.br\/semcom\/prefeitura-semasc-aulasnopop\/#primaryimage\",\"url\":\"https:\/\/www.manaus.am.gov.br\/semcom\/wp-content\/uploads\/sites\/5\/2026\/04\/WhatsApp-Image-2026-04-23-at-14.44.54.jpeg\",\"contentUrl\":\"https:\/\/www.manaus.am.gov.br\/semcom\/wp-content\/uploads\/sites\/5\/2026\/04\/WhatsApp-Image-2026-04-23-at-14.44.54.jpeg\",\"width\":1600,\"height\":1066,\"caption\":\"#paratodosverem - Sala de aula com professora e aluno (perfil), no complexo Pop\"},{\"@type\":\"WebSite\",\"@id\":\"https:\/\/www.manaus.am.gov.br\/semcom\/#website\",\"url\":\"https:\/\/www.manaus.am.gov.br\/semcom\/\",\"name\":\"SEMCOM\",\"description\":\"Secretaria Municipal de Comunica\u00e7\u00e3o\",\"potentialAction\":[{\"@type\":\"SearchAction\",\"target\":{\"@type\":\"EntryPoint\",\"urlTemplate\":\"https:\/\/www.manaus.am.gov.br\/semcom\/?s={search_term_string}\"},\"query-input\":\"required name=search_term_string\"}],\"inLanguage\":\"pt-BR\"},{\"@type\":\"Person\",\"@id\":\"https:\/\/www.manaus.am.gov.br\/semcom\/#\/schema\/person\/4e49f4e267757a06ca072ec61b2b9968\",\"name\":\"Adriana Costa\",\"image\":{\"@type\":\"ImageObject\",\"inLanguage\":\"pt-BR\",\"@id\":\"https:\/\/www.manaus.am.gov.br\/semcom\/#\/schema\/person\/image\/\",\"url\":\"https:\/\/secure.gravatar.com\/avatar\/576258617ef7194f718179e766d57bd4?s=96&d=mm&r=g\",\"contentUrl\":\"https:\/\/secure.gravatar.com\/avatar\/576258617ef7194f718179e766d57bd4?s=96&d=mm&r=g\",\"caption\":\"Adriana Costa\"}}]}<\/script>\n<!-- \/ Yoast SEO plugin. -->","yoast_head_json":{"title":"Prefeitura de Manaus fortalece inclus\u00e3o social com aulas da EJA no complexo POP","robots":{"index":"index","follow":"follow","max-snippet":"max-snippet:-1","max-image-preview":"max-image-preview:large","max-video-preview":"max-video-preview:-1"},"canonical":"https:\/\/www.manaus.am.gov.br\/semcom\/prefeitura-semasc-aulasnopop\/","og_locale":"pt_BR","og_type":"article","og_title":"Prefeitura de Manaus fortalece inclus\u00e3o social com aulas da EJA no complexo POP","og_url":"https:\/\/www.manaus.am.gov.br\/semcom\/prefeitura-semasc-aulasnopop\/","og_site_name":"SEMCOM","article_published_time":"2026-04-23T18:48:54+00:00","article_modified_time":"2026-04-23T19:59:17+00:00","og_image":[{"width":1600,"height":1066,"url":"https:\/\/www.manaus.am.gov.br\/semcom\/wp-content\/uploads\/sites\/5\/2026\/04\/WhatsApp-Image-2026-04-23-at-14.44.54.jpeg","type":"image\/jpeg"}],"author":"Adriana Costa","twitter_card":"summary_large_image","twitter_misc":{"Written by":"Adriana Costa","Est. reading time":"3 minutos"},"schema":{"@context":"https:\/\/schema.org","@graph":[{"@type":"WebPage","@id":"https:\/\/www.manaus.am.gov.br\/semcom\/prefeitura-semasc-aulasnopop\/","url":"https:\/\/www.manaus.am.gov.br\/semcom\/prefeitura-semasc-aulasnopop\/","name":"Prefeitura de Manaus fortalece inclus\u00e3o social com aulas da EJA no complexo POP","isPartOf":{"@id":"https:\/\/www.manaus.am.gov.br\/semcom\/#website"},"primaryImageOfPage":{"@id":"https:\/\/www.manaus.am.gov.br\/semcom\/prefeitura-semasc-aulasnopop\/#primaryimage"},"image":{"@id":"https:\/\/www.manaus.am.gov.br\/semcom\/prefeitura-semasc-aulasnopop\/#primaryimage"},"thumbnailUrl":"https:\/\/www.manaus.am.gov.br\/semcom\/wp-content\/uploads\/sites\/5\/2026\/04\/WhatsApp-Image-2026-04-23-at-14.44.54.jpeg","datePublished":"2026-04-23T18:48:54+00:00","dateModified":"2026-04-23T19:59:17+00:00","author":{"@id":"https:\/\/www.manaus.am.gov.br\/semcom\/#\/schema\/person\/4e49f4e267757a06ca072ec61b2b9968"},"inLanguage":"pt-BR","potentialAction":[{"@type":"ReadAction","target":["https:\/\/www.manaus.am.gov.br\/semcom\/prefeitura-semasc-aulasnopop\/"]}]},{"@type":"ImageObject","inLanguage":"pt-BR","@id":"https:\/\/www.manaus.am.gov.br\/semcom\/prefeitura-semasc-aulasnopop\/#primaryimage","url":"https:\/\/www.manaus.am.gov.br\/semcom\/wp-content\/uploads\/sites\/5\/2026\/04\/WhatsApp-Image-2026-04-23-at-14.44.54.jpeg","contentUrl":"https:\/\/www.manaus.am.gov.br\/semcom\/wp-content\/uploads\/sites\/5\/2026\/04\/WhatsApp-Image-2026-04-23-at-14.44.54.jpeg","width":1600,"height":1066,"caption":"#paratodosverem - Sala de aula com professora e aluno (perfil), no complexo Pop"},{"@type":"WebSite","@id":"https:\/\/www.manaus.am.gov.br\/semcom\/#website","url":"https:\/\/www.manaus.am.gov.br\/semcom\/","name":"SEMCOM","description":"Secretaria Municipal de Comunica\u00e7\u00e3o","potentialAction":[{"@type":"SearchAction","target":{"@type":"EntryPoint","urlTemplate":"https:\/\/www.manaus.am.gov.br\/semcom\/?s={search_term_string}"},"query-input":"required name=search_term_string"}],"inLanguage":"pt-BR"},{"@type":"Person","@id":"https:\/\/www.manaus.am.gov.br\/semcom\/#\/schema\/person\/4e49f4e267757a06ca072ec61b2b9968","name":"Adriana Costa","image":{"@type":"ImageObject","inLanguage":"pt-BR","@id":"https:\/\/www.manaus.am.gov.br\/semcom\/#\/schema\/person\/image\/","url":"https:\/\/secure.gravatar.com\/avatar\/576258617ef7194f718179e766d57bd4?s=96&d=mm&r=g","contentUrl":"https:\/\/secure.gravatar.com\/avatar\/576258617ef7194f718179e766d57bd4?s=96&d=mm&r=g","caption":"Adriana Costa"}}]}},"_links":{"self":[{"href":"https:\/\/www.manaus.am.gov.br\/semcom\/wp-json\/wp\/v2\/posts\/257211"}],"collection":[{"href":"https:\/\/www.manaus.am.gov.br\/semcom\/wp-json\/wp\/v2\/posts"}],"about":[{"href":"https:\/\/www.manaus.am.gov.br\/semcom\/wp-json\/wp\/v2\/types\/post"}],"author":[{"embeddable":true,"href":"https:\/\/www.manaus.am.gov.br\/semcom\/wp-json\/wp\/v2\/users\/23"}],"replies":[{"embeddable":true,"href":"https:\/\/www.manaus.am.gov.br\/semcom\/wp-json\/wp\/v2\/comments?post=257211"}],"version-history":[{"count":1,"href":"https:\/\/www.manaus.am.gov.br\/semcom\/wp-json\/wp\/v2\/posts\/257211\/revisions"}],"predecessor-version":[{"id":257228,"href":"https:\/\/www.manaus.am.gov.br\/semcom\/wp-json\/wp\/v2\/posts\/257211\/revisions\/257228"}],"wp:featuredmedia":[{"embeddable":true,"href":"https:\/\/www.manaus.am.gov.br\/semcom\/wp-json\/wp\/v2\/media\/257212"}],"wp:attachment":[{"href":"https:\/\/www.manaus.am.gov.br\/semcom\/wp-json\/wp\/v2\/media?parent=257211"}],"wp:term":[{"taxonomy":"category","embeddable":true,"href":"https:\/\/www.manaus.am.gov.br\/semcom\/wp-json\/wp\/v2\/categories?post=257211"},{"taxonomy":"post_tag","embeddable":true,"href":"https:\/\/www.manaus.am.gov.br\/semcom\/wp-json\/wp\/v2\/tags?post=257211"}],"curies":[{"name":"wp","href":"https:\/\/api.w.org\/{rel}","templated":true}]}}