{"id":257177,"date":"2026-04-23T12:01:09","date_gmt":"2026-04-23T16:01:09","guid":{"rendered":"https:\/\/www.manaus.am.gov.br\/semcom\/lista-selecionado-curso-pacote-office\/"},"modified":"2026-04-23T13:45:03","modified_gmt":"2026-04-23T16:45:03","slug":"lista-selecionado-curso-pacote-office","status":"publish","type":"post","link":"https:\/\/www.manaus.am.gov.br\/semcom\/lista-selecionado-curso-pacote-office\/","title":{"rendered":"Prefeitura de Manaus divulga lista de selecionados para curso de Pacote Office com foco em rotinas administrativas"},"content":{"rendered":"\n<p>A <a href=\"https:\/\/www.manaus.am.gov.br\/\">Prefeitura de Manaus<\/a>, por meio da <a href=\"https:\/\/www.instagram.com\/semtepimanaus\/\">Secretaria Municipal do Trabalho, Empreendedorismo e Inova\u00e7\u00e3o<\/a> (Semtepi), divulga, nesta quinta-feira, 23\/4, a lista dos 50 selecionados para o curso \u201cPacote Office com \u00eanfase em Rotinas Administrativas\u201d, realizado em parceria com a Innovatech. A capacita\u00e7\u00e3o ser\u00e1 realizada entre os dias 27 e 30\/4, das 8h30 \u00e0s 11h30, no Casar\u00e3o da Inova\u00e7\u00e3o Cassina, localizado na rua Bernardo Ramos, n\u00ba 295, no Centro, zona Sul da capital.<\/p>\n\n\n\n<p>A capacita\u00e7\u00e3o busca preparar os participantes para atuar com mais seguran\u00e7a nas atividades administrativas, desenvolvendo habilidades pr\u00e1ticas exigidas pelo mercado. O conte\u00fado inclui o uso de ferramentas como Word, Excel e PowerPoint, al\u00e9m de no\u00e7\u00f5es de organiza\u00e7\u00e3o de documentos, e-mails corporativos e rotinas de escrit\u00f3rio.<\/p>\n\n\n\n<p>\u201cSeguimos ampliando o acesso \u00e0 qualifica\u00e7\u00e3o profissional com cursos alinhados \u00e0s demandas do mercado. O conhecimento em ferramentas do Pacote Office \u00e9 um diferencial importante para quem atua ou deseja atuar na \u00e1rea administrativa. A proposta \u00e9 fortalecer as habilidades dos participantes e aumentar suas chances de inser\u00e7\u00e3o e crescimento profissional\u201d, afirmou o secret\u00e1rio da Semtepi, Alonso Oliveira.<\/p>\n\n\n\n<p>Os candidatos devem estar cientes das diretrizes de vestimenta estabelecidas pelo \u00f3rg\u00e3o, as quais incluem a proibi\u00e7\u00e3o de bermudas, shorts, minissaias, camisetas regatas e chinelos durante a entrada.<\/p>\n\n\n\n<p><strong><a href=\"https:\/\/www.manaus.am.gov.br\/semcom\/wp-content\/uploads\/sites\/5\/2026\/04\/LISTA-DE-SELECIONADOS-22.04.2026.pdf\">Confira a lista completa dos selecionados<\/a><\/strong><\/p>\n\n\n\n<figure class=\"wp-block-image size-large\"><img loading=\"lazy\" decoding=\"async\" width=\"1024\" height=\"684\" src=\"https:\/\/www.manaus.am.gov.br\/semcom\/wp-content\/uploads\/sites\/5\/2026\/04\/Capacitacao-1-1-1024x684.jpeg\" alt=\"\" class=\"wp-image-257179\" srcset=\"https:\/\/www.manaus.am.gov.br\/semcom\/wp-content\/uploads\/sites\/5\/2026\/04\/Capacitacao-1-1-1024x684.jpeg 1024w, https:\/\/www.manaus.am.gov.br\/semcom\/wp-content\/uploads\/sites\/5\/2026\/04\/Capacitacao-1-1-300x201.jpeg 300w, https:\/\/www.manaus.am.gov.br\/semcom\/wp-content\/uploads\/sites\/5\/2026\/04\/Capacitacao-1-1-768x513.jpeg 768w, https:\/\/www.manaus.am.gov.br\/semcom\/wp-content\/uploads\/sites\/5\/2026\/04\/Capacitacao-1-1.jpeg 1496w\" sizes=\"(max-width: 1024px) 100vw, 1024px\" \/><figcaption class=\"wp-element-caption\">#paratodosverem &#8211; Aluna com certificado nas m\u00e3os<\/figcaption><\/figure>\n\n\n\n<p><strong>&#8212; &#8212; &#8212;<\/strong><\/p>\n\n\n\n<p><strong>Texto e fotos&nbsp;<\/strong>\u2013 Divulga\u00e7\u00e3o\/Semtepi<\/p>\n","protected":false},"excerpt":{"rendered":"","protected":false},"author":39,"featured_media":257178,"comment_status":"closed","ping_status":"closed","sticky":false,"template":"","format":"standard","meta":{"footnotes":""},"categories":[40],"tags":[20368,1488,77,20458,22],"acf":[],"yoast_head":"<!-- This site is optimized with the Yoast SEO plugin v23.0 - https:\/\/yoast.com\/wordpress\/plugins\/seo\/ -->\n<title>Lista de selecionados para curso de Pacote Office<\/title>\n<meta name=\"description\" content=\"Prefeitura de Manaus divulga lista de selecionados para curso de Pacote Office com foco em rotinas administrativas.\" \/>\n<meta name=\"robots\" content=\"index, follow, max-snippet:-1, max-image-preview:large, max-video-preview:-1\" \/>\n<link rel=\"canonical\" href=\"https:\/\/www.manaus.am.gov.br\/semcom\/lista-selecionado-curso-pacote-office\/\" \/>\n<meta property=\"og:locale\" content=\"pt_BR\" \/>\n<meta property=\"og:type\" content=\"article\" \/>\n<meta property=\"og:title\" content=\"Lista de selecionados para curso de Pacote Office\" \/>\n<meta property=\"og:description\" content=\"Prefeitura de Manaus divulga lista de selecionados para curso de Pacote Office com foco em rotinas administrativas.\" \/>\n<meta property=\"og:url\" content=\"https:\/\/www.manaus.am.gov.br\/semcom\/lista-selecionado-curso-pacote-office\/\" \/>\n<meta property=\"og:site_name\" content=\"SEMCOM\" \/>\n<meta property=\"article:published_time\" content=\"2026-04-23T16:01:09+00:00\" \/>\n<meta property=\"article:modified_time\" content=\"2026-04-23T16:45:03+00:00\" \/>\n<meta property=\"og:image\" content=\"https:\/\/www.manaus.am.gov.br\/semcom\/wp-content\/uploads\/sites\/5\/2026\/04\/Capacitacao-3-1.jpeg\" \/>\n\t<meta property=\"og:image:width\" content=\"1496\" \/>\n\t<meta property=\"og:image:height\" content=\"1000\" \/>\n\t<meta property=\"og:image:type\" content=\"image\/jpeg\" \/>\n<meta name=\"author\" content=\"Bruna Greco\" \/>\n<meta name=\"twitter:card\" content=\"summary_large_image\" \/>\n<meta name=\"twitter:label1\" content=\"Written by\" \/>\n\t<meta name=\"twitter:data1\" content=\"Bruna Greco\" \/>\n\t<meta name=\"twitter:label2\" content=\"Est. reading time\" \/>\n\t<meta name=\"twitter:data2\" content=\"2 minutos\" \/>\n<script type=\"application\/ld+json\" class=\"yoast-schema-graph\">{\"@context\":\"https:\/\/schema.org\",\"@graph\":[{\"@type\":\"WebPage\",\"@id\":\"https:\/\/www.manaus.am.gov.br\/semcom\/lista-selecionado-curso-pacote-office\/\",\"url\":\"https:\/\/www.manaus.am.gov.br\/semcom\/lista-selecionado-curso-pacote-office\/\",\"name\":\"Lista de selecionados para curso de Pacote Office\",\"isPartOf\":{\"@id\":\"https:\/\/www.manaus.am.gov.br\/semcom\/#website\"},\"primaryImageOfPage\":{\"@id\":\"https:\/\/www.manaus.am.gov.br\/semcom\/lista-selecionado-curso-pacote-office\/#primaryimage\"},\"image\":{\"@id\":\"https:\/\/www.manaus.am.gov.br\/semcom\/lista-selecionado-curso-pacote-office\/#primaryimage\"},\"thumbnailUrl\":\"https:\/\/www.manaus.am.gov.br\/semcom\/wp-content\/uploads\/sites\/5\/2026\/04\/Capacitacao-3-1.jpeg\",\"datePublished\":\"2026-04-23T16:01:09+00:00\",\"dateModified\":\"2026-04-23T16:45:03+00:00\",\"author\":{\"@id\":\"https:\/\/www.manaus.am.gov.br\/semcom\/#\/schema\/person\/05d223aea2bf115f9883a6ff3683d81b\"},\"description\":\"Prefeitura de Manaus divulga lista de selecionados para curso de Pacote Office com foco em rotinas administrativas.\",\"inLanguage\":\"pt-BR\",\"potentialAction\":[{\"@type\":\"ReadAction\",\"target\":[\"https:\/\/www.manaus.am.gov.br\/semcom\/lista-selecionado-curso-pacote-office\/\"]}]},{\"@type\":\"ImageObject\",\"inLanguage\":\"pt-BR\",\"@id\":\"https:\/\/www.manaus.am.gov.br\/semcom\/lista-selecionado-curso-pacote-office\/#primaryimage\",\"url\":\"https:\/\/www.manaus.am.gov.br\/semcom\/wp-content\/uploads\/sites\/5\/2026\/04\/Capacitacao-3-1.jpeg\",\"contentUrl\":\"https:\/\/www.manaus.am.gov.br\/semcom\/wp-content\/uploads\/sites\/5\/2026\/04\/Capacitacao-3-1.jpeg\",\"width\":1496,\"height\":1000,\"caption\":\"#paratodosverem - Candidatas realizando curso de capacita\u00e7\u00e3o promovido pela Semtepi\"},{\"@type\":\"WebSite\",\"@id\":\"https:\/\/www.manaus.am.gov.br\/semcom\/#website\",\"url\":\"https:\/\/www.manaus.am.gov.br\/semcom\/\",\"name\":\"SEMCOM\",\"description\":\"Secretaria Municipal de Comunica\u00e7\u00e3o\",\"potentialAction\":[{\"@type\":\"SearchAction\",\"target\":{\"@type\":\"EntryPoint\",\"urlTemplate\":\"https:\/\/www.manaus.am.gov.br\/semcom\/?s={search_term_string}\"},\"query-input\":\"required name=search_term_string\"}],\"inLanguage\":\"pt-BR\"},{\"@type\":\"Person\",\"@id\":\"https:\/\/www.manaus.am.gov.br\/semcom\/#\/schema\/person\/05d223aea2bf115f9883a6ff3683d81b\",\"name\":\"Bruna Greco\",\"image\":{\"@type\":\"ImageObject\",\"inLanguage\":\"pt-BR\",\"@id\":\"https:\/\/www.manaus.am.gov.br\/semcom\/#\/schema\/person\/image\/\",\"url\":\"https:\/\/secure.gravatar.com\/avatar\/9c877d1a6adc2a055330e5c09a8653ce?s=96&d=mm&r=g\",\"contentUrl\":\"https:\/\/secure.gravatar.com\/avatar\/9c877d1a6adc2a055330e5c09a8653ce?s=96&d=mm&r=g\",\"caption\":\"Bruna Greco\"}}]}<\/script>\n<!-- \/ Yoast SEO plugin. -->","yoast_head_json":{"title":"Lista de selecionados para curso de Pacote Office","description":"Prefeitura de Manaus divulga lista de selecionados para curso de Pacote Office com foco em rotinas administrativas.","robots":{"index":"index","follow":"follow","max-snippet":"max-snippet:-1","max-image-preview":"max-image-preview:large","max-video-preview":"max-video-preview:-1"},"canonical":"https:\/\/www.manaus.am.gov.br\/semcom\/lista-selecionado-curso-pacote-office\/","og_locale":"pt_BR","og_type":"article","og_title":"Lista de selecionados para curso de Pacote Office","og_description":"Prefeitura de Manaus divulga lista de selecionados para curso de Pacote Office com foco em rotinas administrativas.","og_url":"https:\/\/www.manaus.am.gov.br\/semcom\/lista-selecionado-curso-pacote-office\/","og_site_name":"SEMCOM","article_published_time":"2026-04-23T16:01:09+00:00","article_modified_time":"2026-04-23T16:45:03+00:00","og_image":[{"width":1496,"height":1000,"url":"https:\/\/www.manaus.am.gov.br\/semcom\/wp-content\/uploads\/sites\/5\/2026\/04\/Capacitacao-3-1.jpeg","type":"image\/jpeg"}],"author":"Bruna Greco","twitter_card":"summary_large_image","twitter_misc":{"Written by":"Bruna Greco","Est. reading time":"2 minutos"},"schema":{"@context":"https:\/\/schema.org","@graph":[{"@type":"WebPage","@id":"https:\/\/www.manaus.am.gov.br\/semcom\/lista-selecionado-curso-pacote-office\/","url":"https:\/\/www.manaus.am.gov.br\/semcom\/lista-selecionado-curso-pacote-office\/","name":"Lista de selecionados para curso de Pacote Office","isPartOf":{"@id":"https:\/\/www.manaus.am.gov.br\/semcom\/#website"},"primaryImageOfPage":{"@id":"https:\/\/www.manaus.am.gov.br\/semcom\/lista-selecionado-curso-pacote-office\/#primaryimage"},"image":{"@id":"https:\/\/www.manaus.am.gov.br\/semcom\/lista-selecionado-curso-pacote-office\/#primaryimage"},"thumbnailUrl":"https:\/\/www.manaus.am.gov.br\/semcom\/wp-content\/uploads\/sites\/5\/2026\/04\/Capacitacao-3-1.jpeg","datePublished":"2026-04-23T16:01:09+00:00","dateModified":"2026-04-23T16:45:03+00:00","author":{"@id":"https:\/\/www.manaus.am.gov.br\/semcom\/#\/schema\/person\/05d223aea2bf115f9883a6ff3683d81b"},"description":"Prefeitura de Manaus divulga lista de selecionados para curso de Pacote Office com foco em rotinas administrativas.","inLanguage":"pt-BR","potentialAction":[{"@type":"ReadAction","target":["https:\/\/www.manaus.am.gov.br\/semcom\/lista-selecionado-curso-pacote-office\/"]}]},{"@type":"ImageObject","inLanguage":"pt-BR","@id":"https:\/\/www.manaus.am.gov.br\/semcom\/lista-selecionado-curso-pacote-office\/#primaryimage","url":"https:\/\/www.manaus.am.gov.br\/semcom\/wp-content\/uploads\/sites\/5\/2026\/04\/Capacitacao-3-1.jpeg","contentUrl":"https:\/\/www.manaus.am.gov.br\/semcom\/wp-content\/uploads\/sites\/5\/2026\/04\/Capacitacao-3-1.jpeg","width":1496,"height":1000,"caption":"#paratodosverem - Candidatas realizando curso de capacita\u00e7\u00e3o promovido pela Semtepi"},{"@type":"WebSite","@id":"https:\/\/www.manaus.am.gov.br\/semcom\/#website","url":"https:\/\/www.manaus.am.gov.br\/semcom\/","name":"SEMCOM","description":"Secretaria Municipal de Comunica\u00e7\u00e3o","potentialAction":[{"@type":"SearchAction","target":{"@type":"EntryPoint","urlTemplate":"https:\/\/www.manaus.am.gov.br\/semcom\/?s={search_term_string}"},"query-input":"required name=search_term_string"}],"inLanguage":"pt-BR"},{"@type":"Person","@id":"https:\/\/www.manaus.am.gov.br\/semcom\/#\/schema\/person\/05d223aea2bf115f9883a6ff3683d81b","name":"Bruna Greco","image":{"@type":"ImageObject","inLanguage":"pt-BR","@id":"https:\/\/www.manaus.am.gov.br\/semcom\/#\/schema\/person\/image\/","url":"https:\/\/secure.gravatar.com\/avatar\/9c877d1a6adc2a055330e5c09a8653ce?s=96&d=mm&r=g","contentUrl":"https:\/\/secure.gravatar.com\/avatar\/9c877d1a6adc2a055330e5c09a8653ce?s=96&d=mm&r=g","caption":"Bruna Greco"}}]}},"_links":{"self":[{"href":"https:\/\/www.manaus.am.gov.br\/semcom\/wp-json\/wp\/v2\/posts\/257177"}],"collection":[{"href":"https:\/\/www.manaus.am.gov.br\/semcom\/wp-json\/wp\/v2\/posts"}],"about":[{"href":"https:\/\/www.manaus.am.gov.br\/semcom\/wp-json\/wp\/v2\/types\/post"}],"author":[{"embeddable":true,"href":"https:\/\/www.manaus.am.gov.br\/semcom\/wp-json\/wp\/v2\/users\/39"}],"replies":[{"embeddable":true,"href":"https:\/\/www.manaus.am.gov.br\/semcom\/wp-json\/wp\/v2\/comments?post=257177"}],"version-history":[{"count":3,"href":"https:\/\/www.manaus.am.gov.br\/semcom\/wp-json\/wp\/v2\/posts\/257177\/revisions"}],"predecessor-version":[{"id":257192,"href":"https:\/\/www.manaus.am.gov.br\/semcom\/wp-json\/wp\/v2\/posts\/257177\/revisions\/257192"}],"wp:featuredmedia":[{"embeddable":true,"href":"https:\/\/www.manaus.am.gov.br\/semcom\/wp-json\/wp\/v2\/media\/257178"}],"wp:attachment":[{"href":"https:\/\/www.manaus.am.gov.br\/semcom\/wp-json\/wp\/v2\/media?parent=257177"}],"wp:term":[{"taxonomy":"category","embeddable":true,"href":"https:\/\/www.manaus.am.gov.br\/semcom\/wp-json\/wp\/v2\/categories?post=257177"},{"taxonomy":"post_tag","embeddable":true,"href":"https:\/\/www.manaus.am.gov.br\/semcom\/wp-json\/wp\/v2\/tags?post=257177"}],"curies":[{"name":"wp","href":"https:\/\/api.w.org\/{rel}","templated":true}]}}