{"id":257153,"date":"2026-04-22T18:00:21","date_gmt":"2026-04-22T22:00:21","guid":{"rendered":"https:\/\/www.manaus.am.gov.br\/semcom\/recuperacao-rede-drenagem-profunda-bairro-japiim\/"},"modified":"2026-04-23T13:28:10","modified_gmt":"2026-04-23T16:28:10","slug":"recuperacao-rede-drenagem-profunda-bairro-japiim","status":"publish","type":"post","link":"https:\/\/www.manaus.am.gov.br\/semcom\/recuperacao-rede-drenagem-profunda-bairro-japiim\/","title":{"rendered":"Prefeitura de Manaus recupera rede de drenagem profunda no bairro Japiim e devolve seguran\u00e7a aos moradores"},"content":{"rendered":"\n<p>A <a href=\"https:\/\/www.manaus.am.gov.br\/\">Prefeitura de Manaus<\/a>, por meio da <a href=\"https:\/\/www.instagram.com\/seminf.manaus\/\">Secretaria Municipal de Infraestrutura<\/a> (Seminf), atua, nesta quarta-feira, 22\/4, na rua 56, localizada no bairro Japiim, zona Sul da cidade, com servi\u00e7os de manuten\u00e7\u00e3o da rede de drenagem profunda. A interven\u00e7\u00e3o se faz necess\u00e1ria ap\u00f3s o rompimento da galeria devido \u00e0 press\u00e3o das fortes chuvas dos \u00faltimos dias.\u00a0<\/p>\n\n\n\n<p>O secret\u00e1rio de Infraestrutura, Madson Rodrigues, afirma que servi\u00e7os de manuten\u00e7\u00e3o em galerias subterr\u00e2neas devem ser executados de forma cont\u00ednua para garantir seguran\u00e7a da popula\u00e7\u00e3o.<\/p>\n\n\n\n<p>\u201cEstamos passando por um per\u00edodo de chuvas intensas, com isso, algumas redes de drenagem podem sofrer desanelamentos com o grande fluxo de \u00e1gua. Dessa forma, nossas equipes se mant\u00eam atentas para realizar as manuten\u00e7\u00f5es no menor tempo poss\u00edvel para garantir o escoamento correto das \u00e1guas e evitar transtornos \u00e0 popula\u00e7\u00e3o, assim como determinar nosso prefeito Renato Junior\u201d, afirma.<\/p>\n\n\n\n<p>A a\u00e7\u00e3o consiste na manuten\u00e7\u00e3o da linha de drenagem, atuando com a substitui\u00e7\u00e3o dos tubos deteriorados e anelamento da rede. Com o suporte de uma retroescavadeira, oper\u00e1rios atuam na implanta\u00e7\u00e3o das novas manilhas de concreto armado, material que garantir\u00e1 melhor funcionalidade ao sistema de drenagem profunda da via, pois conta com ferro em sua composi\u00e7\u00e3o.<\/p>\n\n\n\n<p>Servi\u00e7os como o da rua 56 fazem parte do cronograma constante da secretaria de Obras, onde vem executando diariamente trabalhos que transformam significativamente a vida da popula\u00e7\u00e3o em diferentes zonas da cidade.<\/p>\n\n\n\n<figure class=\"wp-block-image size-large\"><img loading=\"lazy\" decoding=\"async\" width=\"1024\" height=\"576\" src=\"https:\/\/www.manaus.am.gov.br\/semcom\/wp-content\/uploads\/sites\/5\/2026\/04\/Intervencao-2-1-1024x576.jpeg\" alt=\"\" class=\"wp-image-257155\" srcset=\"https:\/\/www.manaus.am.gov.br\/semcom\/wp-content\/uploads\/sites\/5\/2026\/04\/Intervencao-2-1-1024x576.jpeg 1024w, https:\/\/www.manaus.am.gov.br\/semcom\/wp-content\/uploads\/sites\/5\/2026\/04\/Intervencao-2-1-300x169.jpeg 300w, https:\/\/www.manaus.am.gov.br\/semcom\/wp-content\/uploads\/sites\/5\/2026\/04\/Intervencao-2-1-768x432.jpeg 768w, https:\/\/www.manaus.am.gov.br\/semcom\/wp-content\/uploads\/sites\/5\/2026\/04\/Intervencao-2-1.jpeg 1280w\" sizes=\"(max-width: 1024px) 100vw, 1024px\" \/><figcaption class=\"wp-element-caption\">#paratodosverem &#8211; Interven\u00e7\u00e3o<\/figcaption><\/figure>\n\n\n\n<p>&#8212; &#8212; &#8212;<\/p>\n\n\n\n<p><strong>Texto&nbsp;<\/strong>&#8211; Eduarda Lira\/Seminf<\/p>\n\n\n\n<p><strong>Fotos <\/strong>&#8211; Divulga\u00e7\u00e3o\/Seminf<\/p>\n","protected":false},"excerpt":{"rendered":"","protected":false},"author":39,"featured_media":257154,"comment_status":"closed","ping_status":"closed","sticky":false,"template":"","format":"standard","meta":{"footnotes":""},"categories":[1013],"tags":[245,77,3512,20453,33],"acf":[],"yoast_head":"<!-- This site is optimized with the Yoast SEO plugin v23.0 - https:\/\/yoast.com\/wordpress\/plugins\/seo\/ -->\n<title>Prefeitura recupera rede de drenagem profunda no bairro Japiim<\/title>\n<meta name=\"description\" content=\"Prefeitura de Manaus recupera rede de drenagem profunda no bairro Japiim e devolve seguran\u00e7a aos moradores.\" \/>\n<meta name=\"robots\" content=\"index, follow, max-snippet:-1, max-image-preview:large, max-video-preview:-1\" \/>\n<link rel=\"canonical\" href=\"https:\/\/www.manaus.am.gov.br\/semcom\/recuperacao-rede-drenagem-profunda-bairro-japiim\/\" \/>\n<meta property=\"og:locale\" content=\"pt_BR\" \/>\n<meta property=\"og:type\" content=\"article\" \/>\n<meta property=\"og:title\" content=\"Prefeitura recupera rede de drenagem profunda no bairro Japiim\" \/>\n<meta property=\"og:description\" content=\"Prefeitura de Manaus recupera rede de drenagem profunda no bairro Japiim e devolve seguran\u00e7a aos moradores.\" \/>\n<meta property=\"og:url\" content=\"https:\/\/www.manaus.am.gov.br\/semcom\/recuperacao-rede-drenagem-profunda-bairro-japiim\/\" \/>\n<meta property=\"og:site_name\" content=\"SEMCOM\" \/>\n<meta property=\"article:published_time\" content=\"2026-04-22T22:00:21+00:00\" \/>\n<meta property=\"article:modified_time\" content=\"2026-04-23T16:28:10+00:00\" \/>\n<meta property=\"og:image\" content=\"https:\/\/www.manaus.am.gov.br\/semcom\/wp-content\/uploads\/sites\/5\/2026\/04\/Intervencao-3-2.jpeg\" \/>\n\t<meta property=\"og:image:width\" content=\"1600\" \/>\n\t<meta property=\"og:image:height\" content=\"900\" \/>\n\t<meta property=\"og:image:type\" content=\"image\/jpeg\" \/>\n<meta name=\"author\" content=\"Bruna Greco\" \/>\n<meta name=\"twitter:card\" content=\"summary_large_image\" \/>\n<meta name=\"twitter:label1\" content=\"Written by\" \/>\n\t<meta name=\"twitter:data1\" content=\"Bruna Greco\" \/>\n\t<meta name=\"twitter:label2\" content=\"Est. reading time\" \/>\n\t<meta name=\"twitter:data2\" content=\"2 minutos\" \/>\n<script type=\"application\/ld+json\" class=\"yoast-schema-graph\">{\"@context\":\"https:\/\/schema.org\",\"@graph\":[{\"@type\":\"WebPage\",\"@id\":\"https:\/\/www.manaus.am.gov.br\/semcom\/recuperacao-rede-drenagem-profunda-bairro-japiim\/\",\"url\":\"https:\/\/www.manaus.am.gov.br\/semcom\/recuperacao-rede-drenagem-profunda-bairro-japiim\/\",\"name\":\"Prefeitura recupera rede de drenagem profunda no bairro Japiim\",\"isPartOf\":{\"@id\":\"https:\/\/www.manaus.am.gov.br\/semcom\/#website\"},\"primaryImageOfPage\":{\"@id\":\"https:\/\/www.manaus.am.gov.br\/semcom\/recuperacao-rede-drenagem-profunda-bairro-japiim\/#primaryimage\"},\"image\":{\"@id\":\"https:\/\/www.manaus.am.gov.br\/semcom\/recuperacao-rede-drenagem-profunda-bairro-japiim\/#primaryimage\"},\"thumbnailUrl\":\"https:\/\/www.manaus.am.gov.br\/semcom\/wp-content\/uploads\/sites\/5\/2026\/04\/Intervencao-3-2.jpeg\",\"datePublished\":\"2026-04-22T22:00:21+00:00\",\"dateModified\":\"2026-04-23T16:28:10+00:00\",\"author\":{\"@id\":\"https:\/\/www.manaus.am.gov.br\/semcom\/#\/schema\/person\/05d223aea2bf115f9883a6ff3683d81b\"},\"description\":\"Prefeitura de Manaus recupera rede de drenagem profunda no bairro Japiim e devolve seguran\u00e7a aos moradores.\",\"inLanguage\":\"pt-BR\",\"potentialAction\":[{\"@type\":\"ReadAction\",\"target\":[\"https:\/\/www.manaus.am.gov.br\/semcom\/recuperacao-rede-drenagem-profunda-bairro-japiim\/\"]}]},{\"@type\":\"ImageObject\",\"inLanguage\":\"pt-BR\",\"@id\":\"https:\/\/www.manaus.am.gov.br\/semcom\/recuperacao-rede-drenagem-profunda-bairro-japiim\/#primaryimage\",\"url\":\"https:\/\/www.manaus.am.gov.br\/semcom\/wp-content\/uploads\/sites\/5\/2026\/04\/Intervencao-3-2.jpeg\",\"contentUrl\":\"https:\/\/www.manaus.am.gov.br\/semcom\/wp-content\/uploads\/sites\/5\/2026\/04\/Intervencao-3-2.jpeg\",\"width\":1600,\"height\":900,\"caption\":\"#paratodosverem - Equipe da Seminf executando a recupera\u00e7\u00e3o da rede de drenagem na rua 56, no bairro Japiim\"},{\"@type\":\"WebSite\",\"@id\":\"https:\/\/www.manaus.am.gov.br\/semcom\/#website\",\"url\":\"https:\/\/www.manaus.am.gov.br\/semcom\/\",\"name\":\"SEMCOM\",\"description\":\"Secretaria Municipal de Comunica\u00e7\u00e3o\",\"potentialAction\":[{\"@type\":\"SearchAction\",\"target\":{\"@type\":\"EntryPoint\",\"urlTemplate\":\"https:\/\/www.manaus.am.gov.br\/semcom\/?s={search_term_string}\"},\"query-input\":\"required name=search_term_string\"}],\"inLanguage\":\"pt-BR\"},{\"@type\":\"Person\",\"@id\":\"https:\/\/www.manaus.am.gov.br\/semcom\/#\/schema\/person\/05d223aea2bf115f9883a6ff3683d81b\",\"name\":\"Bruna Greco\",\"image\":{\"@type\":\"ImageObject\",\"inLanguage\":\"pt-BR\",\"@id\":\"https:\/\/www.manaus.am.gov.br\/semcom\/#\/schema\/person\/image\/\",\"url\":\"https:\/\/secure.gravatar.com\/avatar\/9c877d1a6adc2a055330e5c09a8653ce?s=96&d=mm&r=g\",\"contentUrl\":\"https:\/\/secure.gravatar.com\/avatar\/9c877d1a6adc2a055330e5c09a8653ce?s=96&d=mm&r=g\",\"caption\":\"Bruna Greco\"}}]}<\/script>\n<!-- \/ Yoast SEO plugin. -->","yoast_head_json":{"title":"Prefeitura recupera rede de drenagem profunda no bairro Japiim","description":"Prefeitura de Manaus recupera rede de drenagem profunda no bairro Japiim e devolve seguran\u00e7a aos moradores.","robots":{"index":"index","follow":"follow","max-snippet":"max-snippet:-1","max-image-preview":"max-image-preview:large","max-video-preview":"max-video-preview:-1"},"canonical":"https:\/\/www.manaus.am.gov.br\/semcom\/recuperacao-rede-drenagem-profunda-bairro-japiim\/","og_locale":"pt_BR","og_type":"article","og_title":"Prefeitura recupera rede de drenagem profunda no bairro Japiim","og_description":"Prefeitura de Manaus recupera rede de drenagem profunda no bairro Japiim e devolve seguran\u00e7a aos moradores.","og_url":"https:\/\/www.manaus.am.gov.br\/semcom\/recuperacao-rede-drenagem-profunda-bairro-japiim\/","og_site_name":"SEMCOM","article_published_time":"2026-04-22T22:00:21+00:00","article_modified_time":"2026-04-23T16:28:10+00:00","og_image":[{"width":1600,"height":900,"url":"https:\/\/www.manaus.am.gov.br\/semcom\/wp-content\/uploads\/sites\/5\/2026\/04\/Intervencao-3-2.jpeg","type":"image\/jpeg"}],"author":"Bruna Greco","twitter_card":"summary_large_image","twitter_misc":{"Written by":"Bruna Greco","Est. reading time":"2 minutos"},"schema":{"@context":"https:\/\/schema.org","@graph":[{"@type":"WebPage","@id":"https:\/\/www.manaus.am.gov.br\/semcom\/recuperacao-rede-drenagem-profunda-bairro-japiim\/","url":"https:\/\/www.manaus.am.gov.br\/semcom\/recuperacao-rede-drenagem-profunda-bairro-japiim\/","name":"Prefeitura recupera rede de drenagem profunda no bairro Japiim","isPartOf":{"@id":"https:\/\/www.manaus.am.gov.br\/semcom\/#website"},"primaryImageOfPage":{"@id":"https:\/\/www.manaus.am.gov.br\/semcom\/recuperacao-rede-drenagem-profunda-bairro-japiim\/#primaryimage"},"image":{"@id":"https:\/\/www.manaus.am.gov.br\/semcom\/recuperacao-rede-drenagem-profunda-bairro-japiim\/#primaryimage"},"thumbnailUrl":"https:\/\/www.manaus.am.gov.br\/semcom\/wp-content\/uploads\/sites\/5\/2026\/04\/Intervencao-3-2.jpeg","datePublished":"2026-04-22T22:00:21+00:00","dateModified":"2026-04-23T16:28:10+00:00","author":{"@id":"https:\/\/www.manaus.am.gov.br\/semcom\/#\/schema\/person\/05d223aea2bf115f9883a6ff3683d81b"},"description":"Prefeitura de Manaus recupera rede de drenagem profunda no bairro Japiim e devolve seguran\u00e7a aos moradores.","inLanguage":"pt-BR","potentialAction":[{"@type":"ReadAction","target":["https:\/\/www.manaus.am.gov.br\/semcom\/recuperacao-rede-drenagem-profunda-bairro-japiim\/"]}]},{"@type":"ImageObject","inLanguage":"pt-BR","@id":"https:\/\/www.manaus.am.gov.br\/semcom\/recuperacao-rede-drenagem-profunda-bairro-japiim\/#primaryimage","url":"https:\/\/www.manaus.am.gov.br\/semcom\/wp-content\/uploads\/sites\/5\/2026\/04\/Intervencao-3-2.jpeg","contentUrl":"https:\/\/www.manaus.am.gov.br\/semcom\/wp-content\/uploads\/sites\/5\/2026\/04\/Intervencao-3-2.jpeg","width":1600,"height":900,"caption":"#paratodosverem - Equipe da Seminf executando a recupera\u00e7\u00e3o da rede de drenagem na rua 56, no bairro Japiim"},{"@type":"WebSite","@id":"https:\/\/www.manaus.am.gov.br\/semcom\/#website","url":"https:\/\/www.manaus.am.gov.br\/semcom\/","name":"SEMCOM","description":"Secretaria Municipal de Comunica\u00e7\u00e3o","potentialAction":[{"@type":"SearchAction","target":{"@type":"EntryPoint","urlTemplate":"https:\/\/www.manaus.am.gov.br\/semcom\/?s={search_term_string}"},"query-input":"required name=search_term_string"}],"inLanguage":"pt-BR"},{"@type":"Person","@id":"https:\/\/www.manaus.am.gov.br\/semcom\/#\/schema\/person\/05d223aea2bf115f9883a6ff3683d81b","name":"Bruna Greco","image":{"@type":"ImageObject","inLanguage":"pt-BR","@id":"https:\/\/www.manaus.am.gov.br\/semcom\/#\/schema\/person\/image\/","url":"https:\/\/secure.gravatar.com\/avatar\/9c877d1a6adc2a055330e5c09a8653ce?s=96&d=mm&r=g","contentUrl":"https:\/\/secure.gravatar.com\/avatar\/9c877d1a6adc2a055330e5c09a8653ce?s=96&d=mm&r=g","caption":"Bruna Greco"}}]}},"_links":{"self":[{"href":"https:\/\/www.manaus.am.gov.br\/semcom\/wp-json\/wp\/v2\/posts\/257153"}],"collection":[{"href":"https:\/\/www.manaus.am.gov.br\/semcom\/wp-json\/wp\/v2\/posts"}],"about":[{"href":"https:\/\/www.manaus.am.gov.br\/semcom\/wp-json\/wp\/v2\/types\/post"}],"author":[{"embeddable":true,"href":"https:\/\/www.manaus.am.gov.br\/semcom\/wp-json\/wp\/v2\/users\/39"}],"replies":[{"embeddable":true,"href":"https:\/\/www.manaus.am.gov.br\/semcom\/wp-json\/wp\/v2\/comments?post=257153"}],"version-history":[{"count":3,"href":"https:\/\/www.manaus.am.gov.br\/semcom\/wp-json\/wp\/v2\/posts\/257153\/revisions"}],"predecessor-version":[{"id":257183,"href":"https:\/\/www.manaus.am.gov.br\/semcom\/wp-json\/wp\/v2\/posts\/257153\/revisions\/257183"}],"wp:featuredmedia":[{"embeddable":true,"href":"https:\/\/www.manaus.am.gov.br\/semcom\/wp-json\/wp\/v2\/media\/257154"}],"wp:attachment":[{"href":"https:\/\/www.manaus.am.gov.br\/semcom\/wp-json\/wp\/v2\/media?parent=257153"}],"wp:term":[{"taxonomy":"category","embeddable":true,"href":"https:\/\/www.manaus.am.gov.br\/semcom\/wp-json\/wp\/v2\/categories?post=257153"},{"taxonomy":"post_tag","embeddable":true,"href":"https:\/\/www.manaus.am.gov.br\/semcom\/wp-json\/wp\/v2\/tags?post=257153"}],"curies":[{"name":"wp","href":"https:\/\/api.w.org\/{rel}","templated":true}]}}