{"id":257149,"date":"2026-04-22T17:04:33","date_gmt":"2026-04-22T20:04:33","guid":{"rendered":"https:\/\/www.manaus.am.gov.br\/semcom\/feirinha-da-manausprev\/"},"modified":"2026-04-22T17:12:45","modified_gmt":"2026-04-22T20:12:45","slug":"feirinha-da-manausprev","status":"publish","type":"post","link":"https:\/\/www.manaus.am.gov.br\/semcom\/feirinha-da-manausprev\/","title":{"rendered":"\u2018Feirinha da Manausprev\u2019 ter\u00e1 emiss\u00e3o de credencial de estacionamento e acesso \u00e0 tarifa social de \u00e1gua"},"content":{"rendered":"\n<p>A <a href=\"https:\/\/www.manaus.am.gov.br\/\">Prefeitura de Manaus<\/a>, por meio da <a href=\"https:\/\/www.instagram.com\/manausprevidencia\/\">Manaus Previd\u00eancia<\/a> (Manausprev), realiza, na pr\u00f3xima segunda-feira, 27\/4, a edi\u00e7\u00e3o turbinada da \u201cFeirinha da Manausprev&#8221;, com a oferta de servi\u00e7os essenciais aos aposentados e pensionistas. Al\u00e9m da comercializa\u00e7\u00e3o de produtos da economia solid\u00e1ria, como hortifruti, artesanato e comidinhas, a a\u00e7\u00e3o contar\u00e1 com emiss\u00e3o de credencial especial de estacionamento para pessoas idosas e com defici\u00eancia, inclus\u00e3o na tarifa social de \u00e1gua e esgoto, entre outros servi\u00e7os de \u00e1gua.<\/p>\n\n\n\n<p>Nesta edi\u00e7\u00e3o, a feirinha conta com a parceria do Instituto Municipal de Mobilidade Urbana (IMMU) e da concession\u00e1ria \u00c1guas de Manaus, que levar\u00e3o atendimento diretamente ao p\u00fablico que comparecer \u00e0 sede da Manausprev, das 8h \u00e0s 13h, na avenida Constantino Nery, bairro Chapada, zona Centro-Sul.<\/p>\n\n\n\n<p>\u201cNosso objetivo \u00e9 aproximar esses servi\u00e7os aos nossos benefici\u00e1rios, mas tamb\u00e9m aos demais cidad\u00e3os, garantindo mais comodidade, inclus\u00e3o e acesso facilitado. Ao reunir diferentes atendimentos em um s\u00f3 espa\u00e7o, conseguimos ofertar uma experi\u00eancia mais \u00e1gil, especialmente para o p\u00fablico idoso e pessoas com defici\u00eancia\u201d, destaca a diretora-presidente da autarquia, Daniela Benayon.<\/p>\n\n\n\n<p><strong>Servi\u00e7os do IMMU<\/strong><\/p>\n\n\n\n<p>Para emiss\u00e3o da credencial de estacionamento, a pessoa idosa deve ter a partir de 60 anos e apresentar RG, CPF ou CNH e comprovante de resid\u00eancia. Em caso de renova\u00e7\u00e3o, \u00e9 necess\u00e1rio tamb\u00e9m apresentar a credencial anterior.<\/p>\n\n\n\n<p>Pessoas com Defici\u00eancia (PcDs) devem apresentar, al\u00e9m de RG, CPF ou CNH e comprovante de resid\u00eancia, o laudo m\u00e9dico com CID, carimbo e assinatura do profissional de sa\u00fade.<\/p>\n\n\n\n<p><strong>Servi\u00e7os oferecidos pela \u00c1guas de Manaus<\/strong><\/p>\n\n\n\n<p>A concession\u00e1ria disponibilizar\u00e1 inclus\u00e3o na tarifa social, negocia\u00e7\u00e3o de d\u00e9bitos, atualiza\u00e7\u00e3o cadastral, emiss\u00e3o de segunda via de faturas, solicita\u00e7\u00e3o de nova liga\u00e7\u00e3o, religa\u00e7\u00e3o e troca de titularidade, entre outros servi\u00e7os da empresa.<\/p>\n\n\n\n<p>Para atendimento, \u00e9 necess\u00e1rio apresentar documento oficial com foto (RG e CPF) e uma conta de \u00e1gua.<\/p>\n\n\n\n<p>&#8212; &#8212; &#8212;<br><strong>Texto &#8211;<\/strong> Renata Felix \/ Manaus Previd\u00eancia<br><strong>Fotos<\/strong> &#8211; Divulga\u00e7\u00e3o \/ Manaus Previd\u00eancia<\/p>\n","protected":false},"excerpt":{"rendered":"","protected":false},"author":68,"featured_media":257150,"comment_status":"closed","ping_status":"closed","sticky":false,"template":"","format":"standard","meta":{"footnotes":""},"categories":[213],"tags":[388,20452,9383,77],"acf":[],"yoast_head":"<!-- This site is optimized with the Yoast SEO plugin v23.0 - https:\/\/yoast.com\/wordpress\/plugins\/seo\/ -->\n<title>\u2018Feirinha da Manausprev\u2019 ter\u00e1 emiss\u00e3o de credencial de estacionamento<\/title>\n<meta name=\"description\" content=\"A Prefeitura de Manaus, realiza, na pr\u00f3xima segunda-feira, 27\/4, a edi\u00e7\u00e3o turbinada da \u201cFeirinha da Manausprev&quot;.\" \/>\n<meta name=\"robots\" content=\"index, follow, max-snippet:-1, max-image-preview:large, max-video-preview:-1\" \/>\n<link rel=\"canonical\" href=\"https:\/\/www.manaus.am.gov.br\/semcom\/feirinha-da-manausprev\/\" \/>\n<meta property=\"og:locale\" content=\"pt_BR\" \/>\n<meta property=\"og:type\" content=\"article\" \/>\n<meta property=\"og:title\" content=\"\u2018Feirinha da Manausprev\u2019 ter\u00e1 emiss\u00e3o de credencial de estacionamento\" \/>\n<meta property=\"og:description\" content=\"A Prefeitura de Manaus, realiza, na pr\u00f3xima segunda-feira, 27\/4, a edi\u00e7\u00e3o turbinada da \u201cFeirinha da Manausprev&quot;.\" \/>\n<meta property=\"og:url\" content=\"https:\/\/www.manaus.am.gov.br\/semcom\/feirinha-da-manausprev\/\" \/>\n<meta property=\"og:site_name\" content=\"SEMCOM\" \/>\n<meta property=\"article:published_time\" content=\"2026-04-22T20:04:33+00:00\" \/>\n<meta property=\"article:modified_time\" content=\"2026-04-22T20:12:45+00:00\" \/>\n<meta property=\"og:image\" content=\"https:\/\/www.manaus.am.gov.br\/semcom\/wp-content\/uploads\/sites\/5\/2026\/04\/Feirinha-2-1-1024x768.jpg\" \/>\n\t<meta property=\"og:image:width\" content=\"1024\" \/>\n\t<meta property=\"og:image:height\" content=\"768\" \/>\n\t<meta property=\"og:image:type\" content=\"image\/jpeg\" \/>\n<meta name=\"author\" content=\"bvalente\" \/>\n<meta name=\"twitter:card\" content=\"summary_large_image\" \/>\n<meta name=\"twitter:label1\" content=\"Written by\" \/>\n\t<meta name=\"twitter:data1\" content=\"bvalente\" \/>\n\t<meta name=\"twitter:label2\" content=\"Est. reading time\" \/>\n\t<meta name=\"twitter:data2\" content=\"2 minutos\" \/>\n<script type=\"application\/ld+json\" class=\"yoast-schema-graph\">{\"@context\":\"https:\/\/schema.org\",\"@graph\":[{\"@type\":\"WebPage\",\"@id\":\"https:\/\/www.manaus.am.gov.br\/semcom\/feirinha-da-manausprev\/\",\"url\":\"https:\/\/www.manaus.am.gov.br\/semcom\/feirinha-da-manausprev\/\",\"name\":\"\u2018Feirinha da Manausprev\u2019 ter\u00e1 emiss\u00e3o de credencial de estacionamento\",\"isPartOf\":{\"@id\":\"https:\/\/www.manaus.am.gov.br\/semcom\/#website\"},\"primaryImageOfPage\":{\"@id\":\"https:\/\/www.manaus.am.gov.br\/semcom\/feirinha-da-manausprev\/#primaryimage\"},\"image\":{\"@id\":\"https:\/\/www.manaus.am.gov.br\/semcom\/feirinha-da-manausprev\/#primaryimage\"},\"thumbnailUrl\":\"https:\/\/www.manaus.am.gov.br\/semcom\/wp-content\/uploads\/sites\/5\/2026\/04\/Feirinha-2-1.jpg\",\"datePublished\":\"2026-04-22T20:04:33+00:00\",\"dateModified\":\"2026-04-22T20:12:45+00:00\",\"author\":{\"@id\":\"https:\/\/www.manaus.am.gov.br\/semcom\/#\/schema\/person\/466a0e03ae4b6062809046bd560ac955\"},\"description\":\"A Prefeitura de Manaus, realiza, na pr\u00f3xima segunda-feira, 27\/4, a edi\u00e7\u00e3o turbinada da \u201cFeirinha da Manausprev\\\".\",\"inLanguage\":\"pt-BR\",\"potentialAction\":[{\"@type\":\"ReadAction\",\"target\":[\"https:\/\/www.manaus.am.gov.br\/semcom\/feirinha-da-manausprev\/\"]}]},{\"@type\":\"ImageObject\",\"inLanguage\":\"pt-BR\",\"@id\":\"https:\/\/www.manaus.am.gov.br\/semcom\/feirinha-da-manausprev\/#primaryimage\",\"url\":\"https:\/\/www.manaus.am.gov.br\/semcom\/wp-content\/uploads\/sites\/5\/2026\/04\/Feirinha-2-1.jpg\",\"contentUrl\":\"https:\/\/www.manaus.am.gov.br\/semcom\/wp-content\/uploads\/sites\/5\/2026\/04\/Feirinha-2-1.jpg\",\"width\":4000,\"height\":3000,\"caption\":\"#paratodosverem - Idosos durante edi\u00e7\u00e3o da \u201cFeirinha da Manausprev\\\"\"},{\"@type\":\"WebSite\",\"@id\":\"https:\/\/www.manaus.am.gov.br\/semcom\/#website\",\"url\":\"https:\/\/www.manaus.am.gov.br\/semcom\/\",\"name\":\"SEMCOM\",\"description\":\"Secretaria Municipal de Comunica\u00e7\u00e3o\",\"potentialAction\":[{\"@type\":\"SearchAction\",\"target\":{\"@type\":\"EntryPoint\",\"urlTemplate\":\"https:\/\/www.manaus.am.gov.br\/semcom\/?s={search_term_string}\"},\"query-input\":\"required name=search_term_string\"}],\"inLanguage\":\"pt-BR\"},{\"@type\":\"Person\",\"@id\":\"https:\/\/www.manaus.am.gov.br\/semcom\/#\/schema\/person\/466a0e03ae4b6062809046bd560ac955\",\"name\":\"bvalente\",\"image\":{\"@type\":\"ImageObject\",\"inLanguage\":\"pt-BR\",\"@id\":\"https:\/\/www.manaus.am.gov.br\/semcom\/#\/schema\/person\/image\/\",\"url\":\"https:\/\/secure.gravatar.com\/avatar\/3e69bc2b014bdad41adfec3a39de07d2?s=96&d=mm&r=g\",\"contentUrl\":\"https:\/\/secure.gravatar.com\/avatar\/3e69bc2b014bdad41adfec3a39de07d2?s=96&d=mm&r=g\",\"caption\":\"bvalente\"}}]}<\/script>\n<!-- \/ Yoast SEO plugin. -->","yoast_head_json":{"title":"\u2018Feirinha da Manausprev\u2019 ter\u00e1 emiss\u00e3o de credencial de estacionamento","description":"A Prefeitura de Manaus, realiza, na pr\u00f3xima segunda-feira, 27\/4, a edi\u00e7\u00e3o turbinada da \u201cFeirinha da Manausprev\".","robots":{"index":"index","follow":"follow","max-snippet":"max-snippet:-1","max-image-preview":"max-image-preview:large","max-video-preview":"max-video-preview:-1"},"canonical":"https:\/\/www.manaus.am.gov.br\/semcom\/feirinha-da-manausprev\/","og_locale":"pt_BR","og_type":"article","og_title":"\u2018Feirinha da Manausprev\u2019 ter\u00e1 emiss\u00e3o de credencial de estacionamento","og_description":"A Prefeitura de Manaus, realiza, na pr\u00f3xima segunda-feira, 27\/4, a edi\u00e7\u00e3o turbinada da \u201cFeirinha da Manausprev\".","og_url":"https:\/\/www.manaus.am.gov.br\/semcom\/feirinha-da-manausprev\/","og_site_name":"SEMCOM","article_published_time":"2026-04-22T20:04:33+00:00","article_modified_time":"2026-04-22T20:12:45+00:00","og_image":[{"width":1024,"height":768,"url":"https:\/\/www.manaus.am.gov.br\/semcom\/wp-content\/uploads\/sites\/5\/2026\/04\/Feirinha-2-1-1024x768.jpg","type":"image\/jpeg"}],"author":"bvalente","twitter_card":"summary_large_image","twitter_misc":{"Written by":"bvalente","Est. reading time":"2 minutos"},"schema":{"@context":"https:\/\/schema.org","@graph":[{"@type":"WebPage","@id":"https:\/\/www.manaus.am.gov.br\/semcom\/feirinha-da-manausprev\/","url":"https:\/\/www.manaus.am.gov.br\/semcom\/feirinha-da-manausprev\/","name":"\u2018Feirinha da Manausprev\u2019 ter\u00e1 emiss\u00e3o de credencial de estacionamento","isPartOf":{"@id":"https:\/\/www.manaus.am.gov.br\/semcom\/#website"},"primaryImageOfPage":{"@id":"https:\/\/www.manaus.am.gov.br\/semcom\/feirinha-da-manausprev\/#primaryimage"},"image":{"@id":"https:\/\/www.manaus.am.gov.br\/semcom\/feirinha-da-manausprev\/#primaryimage"},"thumbnailUrl":"https:\/\/www.manaus.am.gov.br\/semcom\/wp-content\/uploads\/sites\/5\/2026\/04\/Feirinha-2-1.jpg","datePublished":"2026-04-22T20:04:33+00:00","dateModified":"2026-04-22T20:12:45+00:00","author":{"@id":"https:\/\/www.manaus.am.gov.br\/semcom\/#\/schema\/person\/466a0e03ae4b6062809046bd560ac955"},"description":"A Prefeitura de Manaus, realiza, na pr\u00f3xima segunda-feira, 27\/4, a edi\u00e7\u00e3o turbinada da \u201cFeirinha da Manausprev\".","inLanguage":"pt-BR","potentialAction":[{"@type":"ReadAction","target":["https:\/\/www.manaus.am.gov.br\/semcom\/feirinha-da-manausprev\/"]}]},{"@type":"ImageObject","inLanguage":"pt-BR","@id":"https:\/\/www.manaus.am.gov.br\/semcom\/feirinha-da-manausprev\/#primaryimage","url":"https:\/\/www.manaus.am.gov.br\/semcom\/wp-content\/uploads\/sites\/5\/2026\/04\/Feirinha-2-1.jpg","contentUrl":"https:\/\/www.manaus.am.gov.br\/semcom\/wp-content\/uploads\/sites\/5\/2026\/04\/Feirinha-2-1.jpg","width":4000,"height":3000,"caption":"#paratodosverem - Idosos durante edi\u00e7\u00e3o da \u201cFeirinha da Manausprev\""},{"@type":"WebSite","@id":"https:\/\/www.manaus.am.gov.br\/semcom\/#website","url":"https:\/\/www.manaus.am.gov.br\/semcom\/","name":"SEMCOM","description":"Secretaria Municipal de Comunica\u00e7\u00e3o","potentialAction":[{"@type":"SearchAction","target":{"@type":"EntryPoint","urlTemplate":"https:\/\/www.manaus.am.gov.br\/semcom\/?s={search_term_string}"},"query-input":"required name=search_term_string"}],"inLanguage":"pt-BR"},{"@type":"Person","@id":"https:\/\/www.manaus.am.gov.br\/semcom\/#\/schema\/person\/466a0e03ae4b6062809046bd560ac955","name":"bvalente","image":{"@type":"ImageObject","inLanguage":"pt-BR","@id":"https:\/\/www.manaus.am.gov.br\/semcom\/#\/schema\/person\/image\/","url":"https:\/\/secure.gravatar.com\/avatar\/3e69bc2b014bdad41adfec3a39de07d2?s=96&d=mm&r=g","contentUrl":"https:\/\/secure.gravatar.com\/avatar\/3e69bc2b014bdad41adfec3a39de07d2?s=96&d=mm&r=g","caption":"bvalente"}}]}},"_links":{"self":[{"href":"https:\/\/www.manaus.am.gov.br\/semcom\/wp-json\/wp\/v2\/posts\/257149"}],"collection":[{"href":"https:\/\/www.manaus.am.gov.br\/semcom\/wp-json\/wp\/v2\/posts"}],"about":[{"href":"https:\/\/www.manaus.am.gov.br\/semcom\/wp-json\/wp\/v2\/types\/post"}],"author":[{"embeddable":true,"href":"https:\/\/www.manaus.am.gov.br\/semcom\/wp-json\/wp\/v2\/users\/68"}],"replies":[{"embeddable":true,"href":"https:\/\/www.manaus.am.gov.br\/semcom\/wp-json\/wp\/v2\/comments?post=257149"}],"version-history":[{"count":2,"href":"https:\/\/www.manaus.am.gov.br\/semcom\/wp-json\/wp\/v2\/posts\/257149\/revisions"}],"predecessor-version":[{"id":257152,"href":"https:\/\/www.manaus.am.gov.br\/semcom\/wp-json\/wp\/v2\/posts\/257149\/revisions\/257152"}],"wp:featuredmedia":[{"embeddable":true,"href":"https:\/\/www.manaus.am.gov.br\/semcom\/wp-json\/wp\/v2\/media\/257150"}],"wp:attachment":[{"href":"https:\/\/www.manaus.am.gov.br\/semcom\/wp-json\/wp\/v2\/media?parent=257149"}],"wp:term":[{"taxonomy":"category","embeddable":true,"href":"https:\/\/www.manaus.am.gov.br\/semcom\/wp-json\/wp\/v2\/categories?post=257149"},{"taxonomy":"post_tag","embeddable":true,"href":"https:\/\/www.manaus.am.gov.br\/semcom\/wp-json\/wp\/v2\/tags?post=257149"}],"curies":[{"name":"wp","href":"https:\/\/api.w.org\/{rel}","templated":true}]}}