{"id":257144,"date":"2026-04-22T16:44:55","date_gmt":"2026-04-22T19:44:55","guid":{"rendered":"https:\/\/www.manaus.am.gov.br\/semcom\/reformas-no-saicamp\/"},"modified":"2026-04-22T16:49:21","modified_gmt":"2026-04-22T19:49:21","slug":"reformas-no-saicamp","status":"publish","type":"post","link":"https:\/\/www.manaus.am.gov.br\/semcom\/reformas-no-saicamp\/","title":{"rendered":"Prefeitura de Manaus inicia reformas no Saicamp para fortalecer acolhimento de crian\u00e7as e adolescentes"},"content":{"rendered":"\n<p>A <a href=\"https:\/\/www.manaus.am.gov.br\/\">Prefeitura de Manaus<\/a>, por meio da <a href=\"https:\/\/www.instagram.com\/semasc_manaus\/\">Secretaria Municipal da Mulher, Assist\u00eancia Social e Cidadania <\/a>(Semasc), intensifica, nesta quarta-feira, 22\/4, uma s\u00e9rie de reformas no Servi\u00e7o de Acolhimento Institucional para Crian\u00e7as e Adolescentes sob Medida Protetiva (Saicamp). As melhorias na estrutura, como gradis, pintura e ilumina\u00e7\u00e3o, t\u00eam como objetivo garantir mais dignidade, seguran\u00e7a e cuidado aos acolhidos.<\/p>\n\n\n\n<p>Gerenciado pela Semasc, o Saicamp oferece acolhimento provis\u00f3rio a crian\u00e7as e adolescentes afastados do conv\u00edvio familiar por meio de medidas protetivas de abrigo, conforme o artigo 101 do Estatuto da Crian\u00e7a e do Adolescente (ECA). Os afastamentos ocorrem em situa\u00e7\u00f5es de abandono ou quando as fam\u00edlias ou respons\u00e1veis se encontram, temporariamente, impossibilitados de exercer sua fun\u00e7\u00e3o de cuidado e prote\u00e7\u00e3o.<\/p>\n\n\n\n<p>O secret\u00e1rio da Semasc, Wanderson Costa, destaca que as reformas promovem bem-estar tanto para os acolhidos quanto para os servidores da unidade. \u201cCuidar desses espa\u00e7os \u00e9 tamb\u00e9m cuidar das pessoas. Ao investir na estrutura do Saicamp, estamos fortalecendo o acolhimento e oferecendo mais conforto, seguran\u00e7a e dignidade para crian\u00e7as, adolescentes e para os nossos colaboradores que precisam desse suporte. O prefeito Renato J\u00fanior nos orienta a trabalhar com sensibilidade, como se fosse para nossa pr\u00f3pria fam\u00edlia. Essa \u00e9 a nossa miss\u00e3o: acolher com o cora\u00e7\u00e3o e gerir com responsabilidade, compromisso e dedica\u00e7\u00e3o\u201d, afirmou o secret\u00e1rio.<\/p>\n\n\n\n<p>A unidade conta com atendimento multidisciplinar voltado \u00e0 prote\u00e7\u00e3o social, assegurando suporte \u00e0s crian\u00e7as e adolescentes por meio de atividades pedag\u00f3gicas e acompanhamento psicossocial. A diretora de Prote\u00e7\u00e3o Social Especial (DPSE), Helane Moreira, ressalta a import\u00e2ncia das melhorias realizadas no espa\u00e7o.<\/p>\n\n\n\n<p>\u201cA reforma do Saicamp representa um avan\u00e7o fundamental na garantia da prote\u00e7\u00e3o integral de crian\u00e7as e adolescentes com direitos violados. Mais do que uma reforma estrutural, estamos qualificando o ambiente de acolhimento, tornando-o mais seguro, digno e adequado ao desenvolvimento integral desses usu\u00e1rios\u201d, destacou.<\/p>\n\n\n\n<p>Com isso, a Semasc atua de forma cont\u00ednua no fortalecimento da rede de prote\u00e7\u00e3o social especial, assegurando que os servi\u00e7os estejam alinhados \u00e0s normativas do Sistema \u00danico de Assist\u00eancia Social (Suas) e \u00e0s necessidades das crian\u00e7as e adolescentes acolhidos.<br><\/p>\n\n\n\n<p>&#8212; &#8212; &#8212;<br><strong>Texto &#8211;<\/strong> Lucas Batista\/Semasc<br><strong>Fotos &#8211; <\/strong>Divulga\u00e7\u00e3o \/Semasc<\/p>\n","protected":false},"excerpt":{"rendered":"","protected":false},"author":68,"featured_media":257145,"comment_status":"closed","ping_status":"closed","sticky":false,"template":"","format":"standard","meta":{"footnotes":""},"categories":[4003],"tags":[77,96,20450,153,20451,897],"acf":[],"yoast_head":"<!-- This site is optimized with the Yoast SEO plugin v23.0 - https:\/\/yoast.com\/wordpress\/plugins\/seo\/ -->\n<title>Prefeitura de Manaus inicia reformas no Saicamp<\/title>\n<meta name=\"description\" content=\"A Prefeitura intensifica uma s\u00e9rie de reformas no Servi\u00e7o de Acolhimento Institucional para Crian\u00e7as e Adolescentes sob Medida Protetiva.\" \/>\n<meta name=\"robots\" content=\"index, follow, max-snippet:-1, max-image-preview:large, max-video-preview:-1\" \/>\n<link rel=\"canonical\" href=\"https:\/\/www.manaus.am.gov.br\/semcom\/reformas-no-saicamp\/\" \/>\n<meta property=\"og:locale\" content=\"pt_BR\" \/>\n<meta property=\"og:type\" content=\"article\" \/>\n<meta property=\"og:title\" content=\"Prefeitura de Manaus inicia reformas no Saicamp\" \/>\n<meta property=\"og:description\" content=\"A Prefeitura intensifica uma s\u00e9rie de reformas no Servi\u00e7o de Acolhimento Institucional para Crian\u00e7as e Adolescentes sob Medida Protetiva.\" \/>\n<meta property=\"og:url\" content=\"https:\/\/www.manaus.am.gov.br\/semcom\/reformas-no-saicamp\/\" \/>\n<meta property=\"og:site_name\" content=\"SEMCOM\" \/>\n<meta property=\"article:published_time\" content=\"2026-04-22T19:44:55+00:00\" \/>\n<meta property=\"article:modified_time\" content=\"2026-04-22T19:49:21+00:00\" \/>\n<meta property=\"og:image\" content=\"https:\/\/www.manaus.am.gov.br\/semcom\/wp-content\/uploads\/sites\/5\/2026\/04\/Prefeitura-de-Manaus-inicia-reformas-no-Saicamp-para-fortalecer-acolhimento-de-criancas-e-adolescentes-3.jpeg\" \/>\n\t<meta property=\"og:image:width\" content=\"1320\" \/>\n\t<meta property=\"og:image:height\" content=\"725\" \/>\n\t<meta property=\"og:image:type\" content=\"image\/jpeg\" \/>\n<meta name=\"author\" content=\"bvalente\" \/>\n<meta name=\"twitter:card\" content=\"summary_large_image\" \/>\n<meta name=\"twitter:label1\" content=\"Written by\" \/>\n\t<meta name=\"twitter:data1\" content=\"bvalente\" \/>\n\t<meta name=\"twitter:label2\" content=\"Est. reading time\" \/>\n\t<meta name=\"twitter:data2\" content=\"3 minutos\" \/>\n<script type=\"application\/ld+json\" class=\"yoast-schema-graph\">{\"@context\":\"https:\/\/schema.org\",\"@graph\":[{\"@type\":\"WebPage\",\"@id\":\"https:\/\/www.manaus.am.gov.br\/semcom\/reformas-no-saicamp\/\",\"url\":\"https:\/\/www.manaus.am.gov.br\/semcom\/reformas-no-saicamp\/\",\"name\":\"Prefeitura de Manaus inicia reformas no Saicamp\",\"isPartOf\":{\"@id\":\"https:\/\/www.manaus.am.gov.br\/semcom\/#website\"},\"primaryImageOfPage\":{\"@id\":\"https:\/\/www.manaus.am.gov.br\/semcom\/reformas-no-saicamp\/#primaryimage\"},\"image\":{\"@id\":\"https:\/\/www.manaus.am.gov.br\/semcom\/reformas-no-saicamp\/#primaryimage\"},\"thumbnailUrl\":\"https:\/\/www.manaus.am.gov.br\/semcom\/wp-content\/uploads\/sites\/5\/2026\/04\/Prefeitura-de-Manaus-inicia-reformas-no-Saicamp-para-fortalecer-acolhimento-de-criancas-e-adolescentes-3.jpeg\",\"datePublished\":\"2026-04-22T19:44:55+00:00\",\"dateModified\":\"2026-04-22T19:49:21+00:00\",\"author\":{\"@id\":\"https:\/\/www.manaus.am.gov.br\/semcom\/#\/schema\/person\/466a0e03ae4b6062809046bd560ac955\"},\"description\":\"A Prefeitura intensifica uma s\u00e9rie de reformas no Servi\u00e7o de Acolhimento Institucional para Crian\u00e7as e Adolescentes sob Medida Protetiva.\",\"inLanguage\":\"pt-BR\",\"potentialAction\":[{\"@type\":\"ReadAction\",\"target\":[\"https:\/\/www.manaus.am.gov.br\/semcom\/reformas-no-saicamp\/\"]}]},{\"@type\":\"ImageObject\",\"inLanguage\":\"pt-BR\",\"@id\":\"https:\/\/www.manaus.am.gov.br\/semcom\/reformas-no-saicamp\/#primaryimage\",\"url\":\"https:\/\/www.manaus.am.gov.br\/semcom\/wp-content\/uploads\/sites\/5\/2026\/04\/Prefeitura-de-Manaus-inicia-reformas-no-Saicamp-para-fortalecer-acolhimento-de-criancas-e-adolescentes-3.jpeg\",\"contentUrl\":\"https:\/\/www.manaus.am.gov.br\/semcom\/wp-content\/uploads\/sites\/5\/2026\/04\/Prefeitura-de-Manaus-inicia-reformas-no-Saicamp-para-fortalecer-acolhimento-de-criancas-e-adolescentes-3.jpeg\",\"width\":1320,\"height\":725,\"caption\":\"#paratodosverem - Estrutura do Servi\u00e7o de Acolhimento Institucional para Crian\u00e7as e Adolescentes sob Medida Protetiva (Saicamp) que receber\u00e1 reforma\"},{\"@type\":\"WebSite\",\"@id\":\"https:\/\/www.manaus.am.gov.br\/semcom\/#website\",\"url\":\"https:\/\/www.manaus.am.gov.br\/semcom\/\",\"name\":\"SEMCOM\",\"description\":\"Secretaria Municipal de Comunica\u00e7\u00e3o\",\"potentialAction\":[{\"@type\":\"SearchAction\",\"target\":{\"@type\":\"EntryPoint\",\"urlTemplate\":\"https:\/\/www.manaus.am.gov.br\/semcom\/?s={search_term_string}\"},\"query-input\":\"required name=search_term_string\"}],\"inLanguage\":\"pt-BR\"},{\"@type\":\"Person\",\"@id\":\"https:\/\/www.manaus.am.gov.br\/semcom\/#\/schema\/person\/466a0e03ae4b6062809046bd560ac955\",\"name\":\"bvalente\",\"image\":{\"@type\":\"ImageObject\",\"inLanguage\":\"pt-BR\",\"@id\":\"https:\/\/www.manaus.am.gov.br\/semcom\/#\/schema\/person\/image\/\",\"url\":\"https:\/\/secure.gravatar.com\/avatar\/3e69bc2b014bdad41adfec3a39de07d2?s=96&d=mm&r=g\",\"contentUrl\":\"https:\/\/secure.gravatar.com\/avatar\/3e69bc2b014bdad41adfec3a39de07d2?s=96&d=mm&r=g\",\"caption\":\"bvalente\"}}]}<\/script>\n<!-- \/ Yoast SEO plugin. -->","yoast_head_json":{"title":"Prefeitura de Manaus inicia reformas no Saicamp","description":"A Prefeitura intensifica uma s\u00e9rie de reformas no Servi\u00e7o de Acolhimento Institucional para Crian\u00e7as e Adolescentes sob Medida Protetiva.","robots":{"index":"index","follow":"follow","max-snippet":"max-snippet:-1","max-image-preview":"max-image-preview:large","max-video-preview":"max-video-preview:-1"},"canonical":"https:\/\/www.manaus.am.gov.br\/semcom\/reformas-no-saicamp\/","og_locale":"pt_BR","og_type":"article","og_title":"Prefeitura de Manaus inicia reformas no Saicamp","og_description":"A Prefeitura intensifica uma s\u00e9rie de reformas no Servi\u00e7o de Acolhimento Institucional para Crian\u00e7as e Adolescentes sob Medida Protetiva.","og_url":"https:\/\/www.manaus.am.gov.br\/semcom\/reformas-no-saicamp\/","og_site_name":"SEMCOM","article_published_time":"2026-04-22T19:44:55+00:00","article_modified_time":"2026-04-22T19:49:21+00:00","og_image":[{"width":1320,"height":725,"url":"https:\/\/www.manaus.am.gov.br\/semcom\/wp-content\/uploads\/sites\/5\/2026\/04\/Prefeitura-de-Manaus-inicia-reformas-no-Saicamp-para-fortalecer-acolhimento-de-criancas-e-adolescentes-3.jpeg","type":"image\/jpeg"}],"author":"bvalente","twitter_card":"summary_large_image","twitter_misc":{"Written by":"bvalente","Est. reading time":"3 minutos"},"schema":{"@context":"https:\/\/schema.org","@graph":[{"@type":"WebPage","@id":"https:\/\/www.manaus.am.gov.br\/semcom\/reformas-no-saicamp\/","url":"https:\/\/www.manaus.am.gov.br\/semcom\/reformas-no-saicamp\/","name":"Prefeitura de Manaus inicia reformas no Saicamp","isPartOf":{"@id":"https:\/\/www.manaus.am.gov.br\/semcom\/#website"},"primaryImageOfPage":{"@id":"https:\/\/www.manaus.am.gov.br\/semcom\/reformas-no-saicamp\/#primaryimage"},"image":{"@id":"https:\/\/www.manaus.am.gov.br\/semcom\/reformas-no-saicamp\/#primaryimage"},"thumbnailUrl":"https:\/\/www.manaus.am.gov.br\/semcom\/wp-content\/uploads\/sites\/5\/2026\/04\/Prefeitura-de-Manaus-inicia-reformas-no-Saicamp-para-fortalecer-acolhimento-de-criancas-e-adolescentes-3.jpeg","datePublished":"2026-04-22T19:44:55+00:00","dateModified":"2026-04-22T19:49:21+00:00","author":{"@id":"https:\/\/www.manaus.am.gov.br\/semcom\/#\/schema\/person\/466a0e03ae4b6062809046bd560ac955"},"description":"A Prefeitura intensifica uma s\u00e9rie de reformas no Servi\u00e7o de Acolhimento Institucional para Crian\u00e7as e Adolescentes sob Medida Protetiva.","inLanguage":"pt-BR","potentialAction":[{"@type":"ReadAction","target":["https:\/\/www.manaus.am.gov.br\/semcom\/reformas-no-saicamp\/"]}]},{"@type":"ImageObject","inLanguage":"pt-BR","@id":"https:\/\/www.manaus.am.gov.br\/semcom\/reformas-no-saicamp\/#primaryimage","url":"https:\/\/www.manaus.am.gov.br\/semcom\/wp-content\/uploads\/sites\/5\/2026\/04\/Prefeitura-de-Manaus-inicia-reformas-no-Saicamp-para-fortalecer-acolhimento-de-criancas-e-adolescentes-3.jpeg","contentUrl":"https:\/\/www.manaus.am.gov.br\/semcom\/wp-content\/uploads\/sites\/5\/2026\/04\/Prefeitura-de-Manaus-inicia-reformas-no-Saicamp-para-fortalecer-acolhimento-de-criancas-e-adolescentes-3.jpeg","width":1320,"height":725,"caption":"#paratodosverem - Estrutura do Servi\u00e7o de Acolhimento Institucional para Crian\u00e7as e Adolescentes sob Medida Protetiva (Saicamp) que receber\u00e1 reforma"},{"@type":"WebSite","@id":"https:\/\/www.manaus.am.gov.br\/semcom\/#website","url":"https:\/\/www.manaus.am.gov.br\/semcom\/","name":"SEMCOM","description":"Secretaria Municipal de Comunica\u00e7\u00e3o","potentialAction":[{"@type":"SearchAction","target":{"@type":"EntryPoint","urlTemplate":"https:\/\/www.manaus.am.gov.br\/semcom\/?s={search_term_string}"},"query-input":"required name=search_term_string"}],"inLanguage":"pt-BR"},{"@type":"Person","@id":"https:\/\/www.manaus.am.gov.br\/semcom\/#\/schema\/person\/466a0e03ae4b6062809046bd560ac955","name":"bvalente","image":{"@type":"ImageObject","inLanguage":"pt-BR","@id":"https:\/\/www.manaus.am.gov.br\/semcom\/#\/schema\/person\/image\/","url":"https:\/\/secure.gravatar.com\/avatar\/3e69bc2b014bdad41adfec3a39de07d2?s=96&d=mm&r=g","contentUrl":"https:\/\/secure.gravatar.com\/avatar\/3e69bc2b014bdad41adfec3a39de07d2?s=96&d=mm&r=g","caption":"bvalente"}}]}},"_links":{"self":[{"href":"https:\/\/www.manaus.am.gov.br\/semcom\/wp-json\/wp\/v2\/posts\/257144"}],"collection":[{"href":"https:\/\/www.manaus.am.gov.br\/semcom\/wp-json\/wp\/v2\/posts"}],"about":[{"href":"https:\/\/www.manaus.am.gov.br\/semcom\/wp-json\/wp\/v2\/types\/post"}],"author":[{"embeddable":true,"href":"https:\/\/www.manaus.am.gov.br\/semcom\/wp-json\/wp\/v2\/users\/68"}],"replies":[{"embeddable":true,"href":"https:\/\/www.manaus.am.gov.br\/semcom\/wp-json\/wp\/v2\/comments?post=257144"}],"version-history":[{"count":1,"href":"https:\/\/www.manaus.am.gov.br\/semcom\/wp-json\/wp\/v2\/posts\/257144\/revisions"}],"predecessor-version":[{"id":257146,"href":"https:\/\/www.manaus.am.gov.br\/semcom\/wp-json\/wp\/v2\/posts\/257144\/revisions\/257146"}],"wp:featuredmedia":[{"embeddable":true,"href":"https:\/\/www.manaus.am.gov.br\/semcom\/wp-json\/wp\/v2\/media\/257145"}],"wp:attachment":[{"href":"https:\/\/www.manaus.am.gov.br\/semcom\/wp-json\/wp\/v2\/media?parent=257144"}],"wp:term":[{"taxonomy":"category","embeddable":true,"href":"https:\/\/www.manaus.am.gov.br\/semcom\/wp-json\/wp\/v2\/categories?post=257144"},{"taxonomy":"post_tag","embeddable":true,"href":"https:\/\/www.manaus.am.gov.br\/semcom\/wp-json\/wp\/v2\/tags?post=257144"}],"curies":[{"name":"wp","href":"https:\/\/api.w.org\/{rel}","templated":true}]}}