{"id":257087,"date":"2026-04-22T13:25:07","date_gmt":"2026-04-22T16:25:07","guid":{"rendered":"https:\/\/www.manaus.am.gov.br\/semcom\/manutencao-eta-mauazinho\/"},"modified":"2026-04-22T13:25:08","modified_gmt":"2026-04-22T16:25:08","slug":"manutencao-eta-mauazinho","status":"publish","type":"post","link":"https:\/\/www.manaus.am.gov.br\/semcom\/manutencao-eta-mauazinho\/","title":{"rendered":"Ageman\u00a0acompanhar\u00e1\u00a0manuten\u00e7\u00e3o na ETA Mauazinho para minimizar impactos no abastecimento de \u00e1gua"},"content":{"rendered":"\n<p>A Ag\u00eancia Reguladora dos Servi\u00e7os P\u00fablicos Delegados do Munic\u00edpio de Manaus (Ageman) ir\u00e1 acompanhar de forma direta a manuten\u00e7\u00e3o el\u00e9trica preventiva programada pela concession\u00e1ria \u00c1guas de Manaus na Esta\u00e7\u00e3o de Tratamento de \u00c1gua (ETA) Mauazinho, prevista para esta quinta-feira, 23\/4. A interven\u00e7\u00e3o deve ocorrer das 6h \u00e0s 8h e exigir\u00e1 o desligamento tempor\u00e1rio da unidade, o que poder\u00e1 ocasionar a interrup\u00e7\u00e3o no abastecimento de \u00e1gua em \u00e1reas atendidas pela esta\u00e7\u00e3o.<\/p>\n\n\n\n<p>Diante da programa\u00e7\u00e3o, a Ageman refor\u00e7ar\u00e1 o monitoramento operacional junto \u00e0 concession\u00e1ria, com o objetivo de garantir que o servi\u00e7o seja executado dentro do prazo estabelecido e que a retomada do sistema ocorra com a maior agilidade poss\u00edvel.<\/p>\n\n\n\n<p>\u201cA Ageman atuar\u00e1 no acompanhamento dessa manuten\u00e7\u00e3o, garantindo que todas as medidas necess\u00e1rias sejam adotadas pela concession\u00e1ria para reduzir os impactos \u00e0 popula\u00e7\u00e3o e assegurar a r\u00e1pida normaliza\u00e7\u00e3o do abastecimento\u201d, destacou a diretora executiva de Regula\u00e7\u00e3o e Fiscaliza\u00e7\u00e3o dos Servi\u00e7os de Abastecimento de \u00c1gua e Esgotamento Sanit\u00e1rio, Suzy Tavares.<\/p>\n\n\n\n<p>A atua\u00e7\u00e3o da ag\u00eancia incluir\u00e1 o acompanhamento em tempo real da execu\u00e7\u00e3o dos servi\u00e7os, a verifica\u00e7\u00e3o das medidas adotadas para reduzir impactos \u00e0 popula\u00e7\u00e3o e a fiscaliza\u00e7\u00e3o da assist\u00eancia prestada \u00e0s \u00e1reas mais sens\u00edveis.<\/p>\n\n\n\n<p>As \u00e1reas a serem impactadas pela interrup\u00e7\u00e3o s\u00e3o as seguintes: comunidade Bom Jardim, conjunto Ac\u00e1cias, conjunto At\u00edlio Andreazza, conjunto Eliza Miranda, conjunto Nova Rep\u00fablica, Distrito Industrial, Mauazinho, Parque Mau\u00e1, Vila Buriti e Vila Felicidade.<\/p>\n\n\n\n<p>Ap\u00f3s a conclus\u00e3o da manuten\u00e7\u00e3o, o sistema ser\u00e1 religado, com previs\u00e3o de normaliza\u00e7\u00e3o gradual do abastecimento ao longo da tarde do mesmo dia.<\/p>\n\n\n\n<p>Como medida preventiva, a Ageman orienta os moradores das \u00e1reas afetadas a utilizarem a \u00e1gua de forma consciente e, se poss\u00edvel, a reservarem \u00e1gua tratada com anteced\u00eancia. A concession\u00e1ria disponibilizar\u00e1 carros-pipa para atendimento priorit\u00e1rio a unidades essenciais, como hospitais, Unidades B\u00e1sicas de Sa\u00fade (UBSs) e escolas, caso haja necessidade.<\/p>\n\n\n\n<p>A Ageman disponibiliza seus canais oficiais de atendimento da Ouvidoria para que os usu\u00e1rios registrem suas ocorr\u00eancias. O contato pode ser feito pelo Whatsapp (92) 98842-2919 e 98410-3247, pelo site&nbsp;<a href=\"http:\/\/www.ageman.manaus.am.gov.br\/Ouvidoria\" target=\"_blank\" rel=\"noreferrer noopener\">www.ageman.manaus.am.gov.br\/Ouvidoria<\/a>&nbsp;ou, ainda, por meio das redes sociais oficiais da ag\u00eancia.<\/p>\n\n\n\n<p>&#8212; &#8212; &#8212;<\/p>\n\n\n\n<p><strong>Texto &#8211;<\/strong>&nbsp;Tereza Te\u00f3filo\/Ageman<\/p>\n\n\n\n<p><strong>Foto \u2013<\/strong> Divulga\u00e7\u00e3o\/\u00c1guas de Manaus<\/p>\n","protected":false},"excerpt":{"rendered":"","protected":false},"author":39,"featured_media":257088,"comment_status":"closed","ping_status":"closed","sticky":false,"template":"","format":"standard","meta":{"footnotes":""},"categories":[144],"tags":[214,215,12651,20443,910,77],"acf":[],"yoast_head":"<!-- This site is optimized with the Yoast SEO plugin v23.0 - https:\/\/yoast.com\/wordpress\/plugins\/seo\/ -->\n<title>Ageman acompanhar\u00e1 manuten\u00e7\u00e3o na ETA Mauazinho<\/title>\n<meta name=\"description\" content=\"Ageman acompanhar\u00e1 manuten\u00e7\u00e3o na ETA Mauazinho prevista para esta quinta-feira, 23\/4, para minimizar impactos no abastecimento de \u00e1gua.\" \/>\n<meta name=\"robots\" content=\"index, follow, max-snippet:-1, max-image-preview:large, max-video-preview:-1\" \/>\n<link rel=\"canonical\" href=\"https:\/\/www.manaus.am.gov.br\/semcom\/manutencao-eta-mauazinho\/\" \/>\n<meta property=\"og:locale\" content=\"pt_BR\" \/>\n<meta property=\"og:type\" content=\"article\" \/>\n<meta property=\"og:title\" content=\"Ageman acompanhar\u00e1 manuten\u00e7\u00e3o na ETA Mauazinho\" \/>\n<meta property=\"og:description\" content=\"Ageman acompanhar\u00e1 manuten\u00e7\u00e3o na ETA Mauazinho prevista para esta quinta-feira, 23\/4, para minimizar impactos no abastecimento de \u00e1gua.\" \/>\n<meta property=\"og:url\" content=\"https:\/\/www.manaus.am.gov.br\/semcom\/manutencao-eta-mauazinho\/\" \/>\n<meta property=\"og:site_name\" content=\"SEMCOM\" \/>\n<meta property=\"article:published_time\" content=\"2026-04-22T16:25:07+00:00\" \/>\n<meta property=\"article:modified_time\" content=\"2026-04-22T16:25:08+00:00\" \/>\n<meta property=\"og:image\" content=\"https:\/\/www.manaus.am.gov.br\/semcom\/wp-content\/uploads\/sites\/5\/2026\/04\/WhatsApp-Image-2026-04-22-at-11.29.10.jpeg\" \/>\n\t<meta property=\"og:image:width\" content=\"1600\" \/>\n\t<meta property=\"og:image:height\" content=\"1200\" \/>\n\t<meta property=\"og:image:type\" content=\"image\/jpeg\" \/>\n<meta name=\"author\" content=\"Bruna Greco\" \/>\n<meta name=\"twitter:card\" content=\"summary_large_image\" \/>\n<meta name=\"twitter:label1\" content=\"Written by\" \/>\n\t<meta name=\"twitter:data1\" content=\"Bruna Greco\" \/>\n\t<meta name=\"twitter:label2\" content=\"Est. reading time\" \/>\n\t<meta name=\"twitter:data2\" content=\"3 minutos\" \/>\n<script type=\"application\/ld+json\" class=\"yoast-schema-graph\">{\"@context\":\"https:\/\/schema.org\",\"@graph\":[{\"@type\":\"WebPage\",\"@id\":\"https:\/\/www.manaus.am.gov.br\/semcom\/manutencao-eta-mauazinho\/\",\"url\":\"https:\/\/www.manaus.am.gov.br\/semcom\/manutencao-eta-mauazinho\/\",\"name\":\"Ageman acompanhar\u00e1 manuten\u00e7\u00e3o na ETA Mauazinho\",\"isPartOf\":{\"@id\":\"https:\/\/www.manaus.am.gov.br\/semcom\/#website\"},\"primaryImageOfPage\":{\"@id\":\"https:\/\/www.manaus.am.gov.br\/semcom\/manutencao-eta-mauazinho\/#primaryimage\"},\"image\":{\"@id\":\"https:\/\/www.manaus.am.gov.br\/semcom\/manutencao-eta-mauazinho\/#primaryimage\"},\"thumbnailUrl\":\"https:\/\/www.manaus.am.gov.br\/semcom\/wp-content\/uploads\/sites\/5\/2026\/04\/WhatsApp-Image-2026-04-22-at-11.29.10.jpeg\",\"datePublished\":\"2026-04-22T16:25:07+00:00\",\"dateModified\":\"2026-04-22T16:25:08+00:00\",\"author\":{\"@id\":\"https:\/\/www.manaus.am.gov.br\/semcom\/#\/schema\/person\/05d223aea2bf115f9883a6ff3683d81b\"},\"description\":\"Ageman acompanhar\u00e1 manuten\u00e7\u00e3o na ETA Mauazinho prevista para esta quinta-feira, 23\/4, para minimizar impactos no abastecimento de \u00e1gua.\",\"inLanguage\":\"pt-BR\",\"potentialAction\":[{\"@type\":\"ReadAction\",\"target\":[\"https:\/\/www.manaus.am.gov.br\/semcom\/manutencao-eta-mauazinho\/\"]}]},{\"@type\":\"ImageObject\",\"inLanguage\":\"pt-BR\",\"@id\":\"https:\/\/www.manaus.am.gov.br\/semcom\/manutencao-eta-mauazinho\/#primaryimage\",\"url\":\"https:\/\/www.manaus.am.gov.br\/semcom\/wp-content\/uploads\/sites\/5\/2026\/04\/WhatsApp-Image-2026-04-22-at-11.29.10.jpeg\",\"contentUrl\":\"https:\/\/www.manaus.am.gov.br\/semcom\/wp-content\/uploads\/sites\/5\/2026\/04\/WhatsApp-Image-2026-04-22-at-11.29.10.jpeg\",\"width\":1600,\"height\":1200,\"caption\":\"#paratodosverem - Esta\u00e7\u00e3o de Tratamento de \u00c1gua (ETA) Mauazinho\"},{\"@type\":\"WebSite\",\"@id\":\"https:\/\/www.manaus.am.gov.br\/semcom\/#website\",\"url\":\"https:\/\/www.manaus.am.gov.br\/semcom\/\",\"name\":\"SEMCOM\",\"description\":\"Secretaria Municipal de Comunica\u00e7\u00e3o\",\"potentialAction\":[{\"@type\":\"SearchAction\",\"target\":{\"@type\":\"EntryPoint\",\"urlTemplate\":\"https:\/\/www.manaus.am.gov.br\/semcom\/?s={search_term_string}\"},\"query-input\":\"required name=search_term_string\"}],\"inLanguage\":\"pt-BR\"},{\"@type\":\"Person\",\"@id\":\"https:\/\/www.manaus.am.gov.br\/semcom\/#\/schema\/person\/05d223aea2bf115f9883a6ff3683d81b\",\"name\":\"Bruna Greco\",\"image\":{\"@type\":\"ImageObject\",\"inLanguage\":\"pt-BR\",\"@id\":\"https:\/\/www.manaus.am.gov.br\/semcom\/#\/schema\/person\/image\/\",\"url\":\"https:\/\/secure.gravatar.com\/avatar\/9c877d1a6adc2a055330e5c09a8653ce?s=96&d=mm&r=g\",\"contentUrl\":\"https:\/\/secure.gravatar.com\/avatar\/9c877d1a6adc2a055330e5c09a8653ce?s=96&d=mm&r=g\",\"caption\":\"Bruna Greco\"}}]}<\/script>\n<!-- \/ Yoast SEO plugin. -->","yoast_head_json":{"title":"Ageman acompanhar\u00e1 manuten\u00e7\u00e3o na ETA Mauazinho","description":"Ageman acompanhar\u00e1 manuten\u00e7\u00e3o na ETA Mauazinho prevista para esta quinta-feira, 23\/4, para minimizar impactos no abastecimento de \u00e1gua.","robots":{"index":"index","follow":"follow","max-snippet":"max-snippet:-1","max-image-preview":"max-image-preview:large","max-video-preview":"max-video-preview:-1"},"canonical":"https:\/\/www.manaus.am.gov.br\/semcom\/manutencao-eta-mauazinho\/","og_locale":"pt_BR","og_type":"article","og_title":"Ageman acompanhar\u00e1 manuten\u00e7\u00e3o na ETA Mauazinho","og_description":"Ageman acompanhar\u00e1 manuten\u00e7\u00e3o na ETA Mauazinho prevista para esta quinta-feira, 23\/4, para minimizar impactos no abastecimento de \u00e1gua.","og_url":"https:\/\/www.manaus.am.gov.br\/semcom\/manutencao-eta-mauazinho\/","og_site_name":"SEMCOM","article_published_time":"2026-04-22T16:25:07+00:00","article_modified_time":"2026-04-22T16:25:08+00:00","og_image":[{"width":1600,"height":1200,"url":"https:\/\/www.manaus.am.gov.br\/semcom\/wp-content\/uploads\/sites\/5\/2026\/04\/WhatsApp-Image-2026-04-22-at-11.29.10.jpeg","type":"image\/jpeg"}],"author":"Bruna Greco","twitter_card":"summary_large_image","twitter_misc":{"Written by":"Bruna Greco","Est. reading time":"3 minutos"},"schema":{"@context":"https:\/\/schema.org","@graph":[{"@type":"WebPage","@id":"https:\/\/www.manaus.am.gov.br\/semcom\/manutencao-eta-mauazinho\/","url":"https:\/\/www.manaus.am.gov.br\/semcom\/manutencao-eta-mauazinho\/","name":"Ageman acompanhar\u00e1 manuten\u00e7\u00e3o na ETA Mauazinho","isPartOf":{"@id":"https:\/\/www.manaus.am.gov.br\/semcom\/#website"},"primaryImageOfPage":{"@id":"https:\/\/www.manaus.am.gov.br\/semcom\/manutencao-eta-mauazinho\/#primaryimage"},"image":{"@id":"https:\/\/www.manaus.am.gov.br\/semcom\/manutencao-eta-mauazinho\/#primaryimage"},"thumbnailUrl":"https:\/\/www.manaus.am.gov.br\/semcom\/wp-content\/uploads\/sites\/5\/2026\/04\/WhatsApp-Image-2026-04-22-at-11.29.10.jpeg","datePublished":"2026-04-22T16:25:07+00:00","dateModified":"2026-04-22T16:25:08+00:00","author":{"@id":"https:\/\/www.manaus.am.gov.br\/semcom\/#\/schema\/person\/05d223aea2bf115f9883a6ff3683d81b"},"description":"Ageman acompanhar\u00e1 manuten\u00e7\u00e3o na ETA Mauazinho prevista para esta quinta-feira, 23\/4, para minimizar impactos no abastecimento de \u00e1gua.","inLanguage":"pt-BR","potentialAction":[{"@type":"ReadAction","target":["https:\/\/www.manaus.am.gov.br\/semcom\/manutencao-eta-mauazinho\/"]}]},{"@type":"ImageObject","inLanguage":"pt-BR","@id":"https:\/\/www.manaus.am.gov.br\/semcom\/manutencao-eta-mauazinho\/#primaryimage","url":"https:\/\/www.manaus.am.gov.br\/semcom\/wp-content\/uploads\/sites\/5\/2026\/04\/WhatsApp-Image-2026-04-22-at-11.29.10.jpeg","contentUrl":"https:\/\/www.manaus.am.gov.br\/semcom\/wp-content\/uploads\/sites\/5\/2026\/04\/WhatsApp-Image-2026-04-22-at-11.29.10.jpeg","width":1600,"height":1200,"caption":"#paratodosverem - Esta\u00e7\u00e3o de Tratamento de \u00c1gua (ETA) Mauazinho"},{"@type":"WebSite","@id":"https:\/\/www.manaus.am.gov.br\/semcom\/#website","url":"https:\/\/www.manaus.am.gov.br\/semcom\/","name":"SEMCOM","description":"Secretaria Municipal de Comunica\u00e7\u00e3o","potentialAction":[{"@type":"SearchAction","target":{"@type":"EntryPoint","urlTemplate":"https:\/\/www.manaus.am.gov.br\/semcom\/?s={search_term_string}"},"query-input":"required name=search_term_string"}],"inLanguage":"pt-BR"},{"@type":"Person","@id":"https:\/\/www.manaus.am.gov.br\/semcom\/#\/schema\/person\/05d223aea2bf115f9883a6ff3683d81b","name":"Bruna Greco","image":{"@type":"ImageObject","inLanguage":"pt-BR","@id":"https:\/\/www.manaus.am.gov.br\/semcom\/#\/schema\/person\/image\/","url":"https:\/\/secure.gravatar.com\/avatar\/9c877d1a6adc2a055330e5c09a8653ce?s=96&d=mm&r=g","contentUrl":"https:\/\/secure.gravatar.com\/avatar\/9c877d1a6adc2a055330e5c09a8653ce?s=96&d=mm&r=g","caption":"Bruna Greco"}}]}},"_links":{"self":[{"href":"https:\/\/www.manaus.am.gov.br\/semcom\/wp-json\/wp\/v2\/posts\/257087"}],"collection":[{"href":"https:\/\/www.manaus.am.gov.br\/semcom\/wp-json\/wp\/v2\/posts"}],"about":[{"href":"https:\/\/www.manaus.am.gov.br\/semcom\/wp-json\/wp\/v2\/types\/post"}],"author":[{"embeddable":true,"href":"https:\/\/www.manaus.am.gov.br\/semcom\/wp-json\/wp\/v2\/users\/39"}],"replies":[{"embeddable":true,"href":"https:\/\/www.manaus.am.gov.br\/semcom\/wp-json\/wp\/v2\/comments?post=257087"}],"version-history":[{"count":0,"href":"https:\/\/www.manaus.am.gov.br\/semcom\/wp-json\/wp\/v2\/posts\/257087\/revisions"}],"wp:featuredmedia":[{"embeddable":true,"href":"https:\/\/www.manaus.am.gov.br\/semcom\/wp-json\/wp\/v2\/media\/257088"}],"wp:attachment":[{"href":"https:\/\/www.manaus.am.gov.br\/semcom\/wp-json\/wp\/v2\/media?parent=257087"}],"wp:term":[{"taxonomy":"category","embeddable":true,"href":"https:\/\/www.manaus.am.gov.br\/semcom\/wp-json\/wp\/v2\/categories?post=257087"},{"taxonomy":"post_tag","embeddable":true,"href":"https:\/\/www.manaus.am.gov.br\/semcom\/wp-json\/wp\/v2\/tags?post=257087"}],"curies":[{"name":"wp","href":"https:\/\/api.w.org\/{rel}","templated":true}]}}